{"id":133029,"date":"2016-01-18T18:13:56","date_gmt":"2016-01-18T16:13:56","guid":{"rendered":"https:\/\/www.welovecycling.com\/?p=133029"},"modified":"2016-01-19T12:34:02","modified_gmt":"2016-01-19T10:34:02","slug":"coolest-news-from-the-world-of-cycling-3","status":"publish","type":"post","link":"https:\/\/www.welovecycling.com\/wide\/2016\/01\/18\/coolest-news-from-the-world-of-cycling-3\/","title":{"rendered":"Coolest News From the World of Cycling"},"content":{"rendered":"<p><strong>Another Monday is here and our news from the world of cycling with it! So what did you miss in the last couple of days? Read on to find out.<\/strong><\/p>\n<p><!--more--><\/p>\n<h2><strong>Science. Cavendish style<\/strong><\/h2>\n<div class=\"embed-controller-wrapper\">\n<blockquote class=\"twitter-tweet\" data-width=\"500\" data-dnt=\"true\">\n<p lang=\"en\" dir=\"ltr\">Oh I&#39;m sooooooooo going to use this&#8230;&#8230; With absolutely no shame&#8230; <a href=\"https:\/\/t.co\/vV1OsfLp3X\">https:\/\/t.co\/vV1OsfLp3X<\/a><\/p>\n<p>&mdash; Mark Cavendish (@MarkCavendish) <a href=\"https:\/\/twitter.com\/MarkCavendish\/status\/688298551542087680?ref_src=twsrc%5Etfw\">January 16, 2016<\/a><\/p><\/blockquote>\n<p><script async data-src=\"https:\/\/platform.twitter.com\/widgets.js\" charset=\"utf-8\"><\/script><\/div>\n<p><strong>\u00a0<\/strong>The big truth finally revealed? Mark is certainly not afraid to use it!<\/p>\n<h2><strong>Life as a Journey<\/strong><\/h2>\n<div class=\"embed-controller-wrapper\">\n<div class=\"embed-wrapper\"><iframe title=\"LIFE AS A JOURNEY \/ LA VIDA COMO UN VIAJE\" data-src=\"https:\/\/player.vimeo.com\/video\/151862026?dnt=1&amp;app_id=122963\" width=\"500\" height=\"281\" frameborder=\"0\" allow=\"autoplay; fullscreen; picture-in-picture; clipboard-write\"><\/iframe><\/div>\n<\/div>\n<p>\u201cFear is a vital energy, an essential driving force but the way in which we face these fears is purely in our own hands,\u201d says Fran Camara.<\/p>\n<p>He has been cycling for eight years. 80 countries, almost 90.000 kilometers. Why do people go around the globe on a bike? Well, everybody has their own unique reason and so does Fran. He shares his in this inspiring video.<\/p>\n<h2><strong>Average Evening Ride<\/strong><\/h2>\n<p><a href=\"https:\/\/d2p6e6u75xmxt8.cloudfront.net\/2\/2016\/01\/7888.png\"><img loading=\"lazy\" decoding=\"async\" class=\"alignnone size-full wp-image-133053\" src=\"https:\/\/d2p6e6u75xmxt8.cloudfront.net\/2\/2016\/01\/7888.png\" alt=\"Average evening ride? Yeah, right!\" width=\"595\" height=\"515\" \/><\/a><\/p>\n<p>\u201cJust your average evening spin. No big deal. Also known as: the prettiest stretch of pavement I&#8217;ve ever ridden,\u201d wrote Jered Gruber as a caption to this beautiful photograph. We don`t know about you, but we`re knee deep in snow over here. So we do feel a little bit of jealousy.<\/p>\n<h2><strong>Adventure in Norh India<\/strong><\/h2>\n<div class=\"embed-controller-wrapper\">\n<div class=\"embed-wrapper\"><iframe title=\"North India\" data-src=\"https:\/\/player.vimeo.com\/video\/151868855?dnt=1&amp;app_id=122963\" width=\"500\" height=\"281\" frameborder=\"0\" allow=\"autoplay; fullscreen; picture-in-picture; clipboard-write\"><\/iframe><\/div>\n<\/div>\n<p>\u201cThis short film reflects the last few months of my epic cycling trip through North India. Life out on the road in the north has been a pure delight to\u00a0the senses and has reinforced my fascination with the open road and new horizons. I have now cycled over 1,300km amongst the great Himalayan mountain range, through forests and barren mining towns, camping in the wild as I go, tracing the river Ganga and discovering a small spiritual refuge and family in Rishikesh,\u201d says the cyclist and adventurer Jack Few about his latest video. It sure looks like a great adventure. Have you ever done a similar journey?<\/p>\n<div class=\"embed-controller-wrapper\">\n<blockquote class=\"twitter-tweet\" data-width=\"500\" data-dnt=\"true\">\n<p lang=\"en\" dir=\"ltr\">Reaching the my highest point of my ride through India was a major milestone. Here you can see K2 (Nanda Devi)<a href=\"https:\/\/twitter.com\/hashtag\/india?src=hash&amp;ref_src=twsrc%5Etfw\">#india<\/a> <a href=\"https:\/\/t.co\/OeeP9UuqTA\">pic.twitter.com\/OeeP9UuqTA<\/a><\/p>\n<p>&mdash; Jack Few (@FewJack) <a href=\"https:\/\/twitter.com\/FewJack\/status\/684990527230496769?ref_src=twsrc%5Etfw\">January 7, 2016<\/a><\/p><\/blockquote>\n<p><script async data-src=\"https:\/\/platform.twitter.com\/widgets.js\" charset=\"utf-8\"><\/script><\/div>\n<h2><strong>Riding in Style<\/strong><\/h2>\n<p><a href=\"https:\/\/d2p6e6u75xmxt8.cloudfront.net\/2\/2016\/01\/85785.png\"><img loading=\"lazy\" decoding=\"async\" class=\"alignnone size-full wp-image-133052\" src=\"https:\/\/d2p6e6u75xmxt8.cloudfront.net\/2\/2016\/01\/85785.png\" alt=\"That's what we call style!\" width=\"472\" height=\"590\" \/><\/a><\/p>\n<p>Preferred Mode publishes some of the coolest cycling portraits on its Instagram account and here you can see Alan riding the 1893 Pope bicycle captured at Grand Army Plaza, Brooklyn,New York. If you like vintage bicycles, be sure to follow our new weekly updated <a href=\"https:\/\/www.facebook.com\/hashtag\/bikearchive?source=feed_text&amp;story_id=922841514463337\">\u202a#\u200eBIKEARCHIVE<\/a> on WeLoveCycling Instagram.<\/p>\n<h2><strong>Electrified Bait Bike<\/strong><\/h2>\n<p><a href=\"https:\/\/www.youtube.com\/watch?v=4bN76TvJspY\">https:\/\/www.youtube.com\/watch?v=4bN76TvJspY<\/a><\/p>\n<p>What do you do when catching a thief thanks to a bait bike just doesn`t get your juices flowing anymore? Well, you wire up the seat and handlebars, so they can deliver a proper electric shock. Duh! The twin brothers Jeremy and Jason Holden shot an undercover video of this prank and shared it on their YouTube channel Twinz TV.<\/p>\n<h2><strong>Let the Season Begin!<\/strong><\/h2>\n<p><a href=\"https:\/\/d2p6e6u75xmxt8.cloudfront.net\/2\/2016\/01\/12486062_923519154395573_2134205074319043333_o.jpg\"><img loading=\"lazy\" decoding=\"async\" class=\"alignnone size-medium wp-image-133030\" src=\"https:\/\/d2p6e6u75xmxt8.cloudfront.net\/2\/2016\/01\/12486062_923519154395573_2134205074319043333_o-600x900.jpg\" alt=\"Sagan is getting ready to start the season!\" width=\"600\" height=\"900\" \/><\/a><\/p>\n<p>Sagan is at Tour de San Luis and makes the last preparations. Are you as excited as we are?<\/p>\n","protected":false},"excerpt":{"rendered":"<p>Another Monday is here and our news from the world of cycling with it! So what did you miss in [&hellip;]<\/p>\n","protected":false},"author":30,"featured_media":133055,"comment_status":"open","ping_status":"open","sticky":false,"template":"","format":"standard","meta":{"footnotes":""},"categories":[328,329,334,330],"tags":[],"global-categories":[],"class_list":["post-133029","post","type-post","status-publish","format-standard","has-post-thumbnail","hentry","category-outdoor-mountain","category-road-cycling","category-socialising-and-culture","category-urban-cycling"],"yoast_head":"<!-- This site is optimized with the Yoast SEO Premium plugin v25.3 (Yoast SEO v25.9) - https:\/\/yoast.com\/wordpress\/plugins\/seo\/ -->\n<title>Coolest News From the World of Cycling - \u0160koda We Love Cycling<\/title>\n<meta name=\"description\" content=\"Another Monday is here and our news from the world of cycling with it! So what did you miss in the last couple of days? Read on to find out. Science.\" \/>\n<meta name=\"robots\" content=\"index, follow, max-snippet:-1, max-image-preview:large, max-video-preview:-1\" \/>\n<link rel=\"canonical\" href=\"https:\/\/www.welovecycling.com\/wide\/2016\/01\/18\/coolest-news-from-the-world-of-cycling-3\/\" \/>\n<meta property=\"og:locale\" content=\"en_US\" \/>\n<meta property=\"og:type\" content=\"article\" \/>\n<meta property=\"og:title\" content=\"Coolest News From the World of Cycling\" \/>\n<meta property=\"og:description\" content=\"Another Monday is here and our news from the world of cycling with it! So what did you miss in the last couple of days? Read on to find out. Science.\" \/>\n<meta property=\"og:url\" content=\"https:\/\/www.welovecycling.com\/wide\/2016\/01\/18\/coolest-news-from-the-world-of-cycling-3\/\" \/>\n<meta property=\"og:site_name\" content=\"\u0160koda We Love Cycling\" \/>\n<meta property=\"article:published_time\" content=\"2016-01-18T16:13:56+00:00\" \/>\n<meta property=\"article:modified_time\" content=\"2016-01-19T10:34:02+00:00\" \/>\n<meta property=\"og:image\" content=\"https:\/\/d2p6e6u75xmxt8.cloudfront.net\/2\/2016\/01\/Main.webp\" \/>\n\t<meta property=\"og:image:width\" content=\"525\" \/>\n\t<meta property=\"og:image:height\" content=\"350\" \/>\n\t<meta property=\"og:image:type\" content=\"image\/webp\" \/>\n<meta name=\"twitter:card\" content=\"summary_large_image\" \/>\n<meta name=\"twitter:label1\" content=\"Written by\" \/>\n\t<meta name=\"twitter:data1\" content=\"Martin Mrazek\" \/>\n\t<meta name=\"twitter:label2\" content=\"Est. reading time\" \/>\n\t<meta name=\"twitter:data2\" content=\"2 minutes\" \/>\n<script type=\"application\/ld+json\" class=\"yoast-schema-graph\">{\"@context\":\"https:\/\/schema.org\",\"@graph\":[{\"@type\":\"WebPage\",\"@id\":\"https:\/\/www.welovecycling.com\/wide\/2016\/01\/18\/coolest-news-from-the-world-of-cycling-3\/\",\"url\":\"https:\/\/www.welovecycling.com\/wide\/2016\/01\/18\/coolest-news-from-the-world-of-cycling-3\/\",\"name\":\"Coolest News From the World of Cycling - \u0160koda We Love Cycling\",\"isPartOf\":{\"@id\":\"https:\/\/www.welovecycling.com\/wide\/#website\"},\"primaryImageOfPage\":{\"@id\":\"https:\/\/www.welovecycling.com\/wide\/2016\/01\/18\/coolest-news-from-the-world-of-cycling-3\/#primaryimage\"},\"image\":{\"@id\":\"https:\/\/www.welovecycling.com\/wide\/2016\/01\/18\/coolest-news-from-the-world-of-cycling-3\/#primaryimage\"},\"thumbnailUrl\":\"https:\/\/d2p6e6u75xmxt8.cloudfront.net\/2\/2016\/01\/Main.webp\",\"datePublished\":\"2016-01-18T16:13:56+00:00\",\"dateModified\":\"2016-01-19T10:34:02+00:00\",\"author\":{\"@id\":\"\"},\"description\":\"Another Monday is here and our news from the world of cycling with it! So what did you miss in the last couple of days? Read on to find out. Science.\",\"breadcrumb\":{\"@id\":\"https:\/\/www.welovecycling.com\/wide\/2016\/01\/18\/coolest-news-from-the-world-of-cycling-3\/#breadcrumb\"},\"inLanguage\":\"en-US\",\"potentialAction\":[{\"@type\":\"ReadAction\",\"target\":[\"https:\/\/www.welovecycling.com\/wide\/2016\/01\/18\/coolest-news-from-the-world-of-cycling-3\/\"]}]},{\"@type\":\"ImageObject\",\"inLanguage\":\"en-US\",\"@id\":\"https:\/\/www.welovecycling.com\/wide\/2016\/01\/18\/coolest-news-from-the-world-of-cycling-3\/#primaryimage\",\"url\":\"https:\/\/d2p6e6u75xmxt8.cloudfront.net\/2\/2016\/01\/Main.webp\",\"contentUrl\":\"https:\/\/d2p6e6u75xmxt8.cloudfront.net\/2\/2016\/01\/Main.webp\",\"width\":525,\"height\":350},{\"@type\":\"BreadcrumbList\",\"@id\":\"https:\/\/www.welovecycling.com\/wide\/2016\/01\/18\/coolest-news-from-the-world-of-cycling-3\/#breadcrumb\",\"itemListElement\":[{\"@type\":\"ListItem\",\"position\":1,\"name\":\"Home\",\"item\":\"https:\/\/www.welovecycling.com\/wide\/\"},{\"@type\":\"ListItem\",\"position\":2,\"name\":\"Coolest News From the World of Cycling\"}]},{\"@type\":\"WebSite\",\"@id\":\"https:\/\/www.welovecycling.com\/wide\/#website\",\"url\":\"https:\/\/www.welovecycling.com\/wide\/\",\"name\":\"\u0160koda We Love Cycling\",\"description\":\"\u0160koda We Love Cycling magazine\",\"alternateName\":\"\u0160koda WLC\",\"potentialAction\":[{\"@type\":\"SearchAction\",\"target\":{\"@type\":\"EntryPoint\",\"urlTemplate\":\"https:\/\/www.welovecycling.com\/wide\/?s={search_term_string}\"},\"query-input\":{\"@type\":\"PropertyValueSpecification\",\"valueRequired\":true,\"valueName\":\"search_term_string\"}}],\"inLanguage\":\"en-US\"},{\"@type\":\"Person\",\"@id\":\"\",\"url\":\"https:\/\/www.welovecycling.com\/wide\/author\/\"}]}<\/script>\n<!-- \/ Yoast SEO Premium plugin. -->","yoast_head_json":{"title":"Coolest News From the World of Cycling - \u0160koda We Love Cycling","description":"Another Monday is here and our news from the world of cycling with it! So what did you miss in the last couple of days? Read on to find out. Science.","robots":{"index":"index","follow":"follow","max-snippet":"max-snippet:-1","max-image-preview":"max-image-preview:large","max-video-preview":"max-video-preview:-1"},"canonical":"https:\/\/www.welovecycling.com\/wide\/2016\/01\/18\/coolest-news-from-the-world-of-cycling-3\/","og_locale":"en_US","og_type":"article","og_title":"Coolest News From the World of Cycling","og_description":"Another Monday is here and our news from the world of cycling with it! So what did you miss in the last couple of days? Read on to find out. Science.","og_url":"https:\/\/www.welovecycling.com\/wide\/2016\/01\/18\/coolest-news-from-the-world-of-cycling-3\/","og_site_name":"\u0160koda We Love Cycling","article_published_time":"2016-01-18T16:13:56+00:00","article_modified_time":"2016-01-19T10:34:02+00:00","og_image":[{"width":525,"height":350,"url":"https:\/\/d2p6e6u75xmxt8.cloudfront.net\/2\/2016\/01\/Main.webp","type":"image\/webp"}],"twitter_card":"summary_large_image","twitter_misc":{"Written by":"Martin Mrazek","Est. reading time":"2 minutes"},"schema":{"@context":"https:\/\/schema.org","@graph":[{"@type":"WebPage","@id":"https:\/\/www.welovecycling.com\/wide\/2016\/01\/18\/coolest-news-from-the-world-of-cycling-3\/","url":"https:\/\/www.welovecycling.com\/wide\/2016\/01\/18\/coolest-news-from-the-world-of-cycling-3\/","name":"Coolest News From the World of Cycling - \u0160koda We Love Cycling","isPartOf":{"@id":"https:\/\/www.welovecycling.com\/wide\/#website"},"primaryImageOfPage":{"@id":"https:\/\/www.welovecycling.com\/wide\/2016\/01\/18\/coolest-news-from-the-world-of-cycling-3\/#primaryimage"},"image":{"@id":"https:\/\/www.welovecycling.com\/wide\/2016\/01\/18\/coolest-news-from-the-world-of-cycling-3\/#primaryimage"},"thumbnailUrl":"https:\/\/d2p6e6u75xmxt8.cloudfront.net\/2\/2016\/01\/Main.webp","datePublished":"2016-01-18T16:13:56+00:00","dateModified":"2016-01-19T10:34:02+00:00","author":{"@id":""},"description":"Another Monday is here and our news from the world of cycling with it! So what did you miss in the last couple of days? Read on to find out. Science.","breadcrumb":{"@id":"https:\/\/www.welovecycling.com\/wide\/2016\/01\/18\/coolest-news-from-the-world-of-cycling-3\/#breadcrumb"},"inLanguage":"en-US","potentialAction":[{"@type":"ReadAction","target":["https:\/\/www.welovecycling.com\/wide\/2016\/01\/18\/coolest-news-from-the-world-of-cycling-3\/"]}]},{"@type":"ImageObject","inLanguage":"en-US","@id":"https:\/\/www.welovecycling.com\/wide\/2016\/01\/18\/coolest-news-from-the-world-of-cycling-3\/#primaryimage","url":"https:\/\/d2p6e6u75xmxt8.cloudfront.net\/2\/2016\/01\/Main.webp","contentUrl":"https:\/\/d2p6e6u75xmxt8.cloudfront.net\/2\/2016\/01\/Main.webp","width":525,"height":350},{"@type":"BreadcrumbList","@id":"https:\/\/www.welovecycling.com\/wide\/2016\/01\/18\/coolest-news-from-the-world-of-cycling-3\/#breadcrumb","itemListElement":[{"@type":"ListItem","position":1,"name":"Home","item":"https:\/\/www.welovecycling.com\/wide\/"},{"@type":"ListItem","position":2,"name":"Coolest News From the World of Cycling"}]},{"@type":"WebSite","@id":"https:\/\/www.welovecycling.com\/wide\/#website","url":"https:\/\/www.welovecycling.com\/wide\/","name":"\u0160koda We Love Cycling","description":"\u0160koda We Love Cycling magazine","alternateName":"\u0160koda WLC","potentialAction":[{"@type":"SearchAction","target":{"@type":"EntryPoint","urlTemplate":"https:\/\/www.welovecycling.com\/wide\/?s={search_term_string}"},"query-input":{"@type":"PropertyValueSpecification","valueRequired":true,"valueName":"search_term_string"}}],"inLanguage":"en-US"},{"@type":"Person","@id":"","url":"https:\/\/www.welovecycling.com\/wide\/author\/"}]}},"_links":{"self":[{"href":"https:\/\/www.welovecycling.com\/wide\/wp-json\/wp\/v2\/posts\/133029","targetHints":{"allow":["GET"]}}],"collection":[{"href":"https:\/\/www.welovecycling.com\/wide\/wp-json\/wp\/v2\/posts"}],"about":[{"href":"https:\/\/www.welovecycling.com\/wide\/wp-json\/wp\/v2\/types\/post"}],"author":[{"embeddable":true,"href":"https:\/\/www.welovecycling.com\/wide\/wp-json\/wp\/v2\/users\/30"}],"replies":[{"embeddable":true,"href":"https:\/\/www.welovecycling.com\/wide\/wp-json\/wp\/v2\/comments?post=133029"}],"version-history":[{"count":2,"href":"https:\/\/www.welovecycling.com\/wide\/wp-json\/wp\/v2\/posts\/133029\/revisions"}],"predecessor-version":[{"id":133058,"href":"https:\/\/www.welovecycling.com\/wide\/wp-json\/wp\/v2\/posts\/133029\/revisions\/133058"}],"wp:featuredmedia":[{"embeddable":true,"href":"https:\/\/www.welovecycling.com\/wide\/wp-json\/wp\/v2\/media\/133055"}],"wp:attachment":[{"href":"https:\/\/www.welovecycling.com\/wide\/wp-json\/wp\/v2\/media?parent=133029"}],"wp:term":[{"taxonomy":"category","embeddable":true,"href":"https:\/\/www.welovecycling.com\/wide\/wp-json\/wp\/v2\/categories?post=133029"},{"taxonomy":"post_tag","embeddable":true,"href":"https:\/\/www.welovecycling.com\/wide\/wp-json\/wp\/v2\/tags?post=133029"},{"taxonomy":"global-categories","embeddable":true,"href":"https:\/\/www.welovecycling.com\/wide\/wp-json\/wp\/v2\/global-categories?post=133029"}],"curies":[{"name":"wp","href":"https:\/\/api.w.org\/{rel}","templated":true}]}}