{"id":132700,"date":"2015-12-27T11:23:08","date_gmt":"2015-12-27T09:23:08","guid":{"rendered":"https:\/\/www.welovecycling.com\/?p=132700"},"modified":"2015-12-27T11:23:08","modified_gmt":"2015-12-27T09:23:08","slug":"putting-your-summer-bike-away-for-winter","status":"publish","type":"post","link":"https:\/\/www.welovecycling.com\/wide\/2015\/12\/27\/putting-your-summer-bike-away-for-winter\/","title":{"rendered":"Putting Your Summer Bike Away for Winter"},"content":{"rendered":"<p><strong>You\u2019ve greased up your winter-bike, put on a brand new set of mud guards, but wait! Have you just dumped your summer bike in the corner without preparing it properly first? Here\u2019s our checklist for storing your summer bike for winter:<\/strong><!--more--><\/p>\n<h2><strong>Give your frame a wipe<\/strong><\/h2>\n<p>While you\u2019re wiping down your frame after you\u2019ve washed your bike, keep a look out for scratches, stresses on the frame, and metal fatigue. Pro-tip: Make notes of anything you want your LBC to take a look at in the spring.<\/p>\n<h2><strong>True your wheels<\/strong><\/h2>\n<p>There\u2019s no better feeling than getting your summer bike out of storage, pumping up the tyres and being able to drop the hammer while your bike makes a b-line straight for the horizon &#8211; without a wobble.<\/p>\n<p><img loading=\"lazy\" decoding=\"async\" class=\"alignnone size-medium wp-image-132707\" src=\"https:\/\/d2p6e6u75xmxt8.cloudfront.net\/2\/2015\/12\/profimedia-0237536392-600x400.jpg\" alt=\"\" width=\"600\" height=\"400\" \/><\/p>\n<h2><strong>Pump your tyres<\/strong><\/h2>\n<p>Don\u2019t let your tyres and inner tubes bear the weight of the frame \u2013 otherwise you risk your wheel rims damaging them with undue stress.<\/p>\n<h2><strong>Lube the chain and cables<\/strong><\/h2>\n<p>Don\u2019t forget to re-lube up your bike after its wash &#8211; this will prevent rust, and keep it looking bright and clean.<\/p>\n<p><img loading=\"lazy\" decoding=\"async\" class=\"alignnone size-medium wp-image-132705\" src=\"https:\/\/d2p6e6u75xmxt8.cloudfront.net\/2\/2015\/12\/profimedia-0257608551-600x400.jpg\" alt=\"\" width=\"600\" height=\"400\" \/><\/p>\n<h2><strong>Prepare the storage space<\/strong><\/h2>\n<p>Make sure there\u2019s nothing that will fall on or lean against your bike. Take special care to keep your spokes free from objects in your storage space that might wreck the true of your wheels \u2013 try not to pile your bikes on top of each other and use bike racks where you can.<\/p>\n<h2><strong>Control the humidity<\/strong><\/h2>\n<p>Use dehumidifiers to keep moisture away and further prevent rusting. You can use electric dehumidifiers, or chemical crystal dehumidifiers, or do what my dad used to do \u2013 a bucket full of scrunched up newspaper.<\/p>\n<p><img loading=\"lazy\" decoding=\"async\" class=\"alignnone size-medium wp-image-132709\" src=\"https:\/\/d2p6e6u75xmxt8.cloudfront.net\/2\/2015\/12\/profimedia-0183847322-600x385.jpg\" alt=\"\" width=\"600\" height=\"385\" \/><\/p>\n<h2><strong>No life till leather<\/strong><\/h2>\n<p>Wipe your Brooks saddle and check your diary for the last time you applied Proofide. Make sure you read the manufacturer\u00b4s guidance on caring for your leather, you don\u2019t want cracked saddles or bar tape bringing you down in spring.<\/p>\n<h2><strong>Make a purchase list<\/strong><\/h2>\n<p>Check your brake pads \u2013 do you need to have new ones ready for the spring? When was the last time you changed your tyres? Have you got a couple of spare inner tubes? You\u2019re much more likely to get on that bike if you know the spares are ready and the tyres are brand new. When the sunshine returns, knowing you\u2019ve got a bike (or two) in top condition is all the motivation you\u2019ll need.<\/p>\n","protected":false},"excerpt":{"rendered":"<p>You\u2019ve greased up your winter-bike, put on a brand new set of mud guards, but wait! Have you just dumped [&hellip;]<\/p>\n","protected":false},"author":14,"featured_media":132703,"comment_status":"open","ping_status":"open","sticky":false,"template":"","format":"standard","meta":{"footnotes":""},"categories":[328,329,330],"tags":[],"global-categories":[],"class_list":["post-132700","post","type-post","status-publish","format-standard","has-post-thumbnail","hentry","category-outdoor-mountain","category-road-cycling","category-urban-cycling"],"yoast_head":"<!-- This site is optimized with the Yoast SEO Premium plugin v25.3 (Yoast SEO v25.9) - https:\/\/yoast.com\/wordpress\/plugins\/seo\/ -->\n<title>Putting Your Summer Bike Away for Winter - \u0160koda We Love Cycling<\/title>\n<meta name=\"description\" content=\"Have you just dumped your summer bike in the corner without preparing it properly first? Here\u2019s our checklist for storing your summer bike for winter.\" \/>\n<meta name=\"robots\" content=\"index, follow, max-snippet:-1, max-image-preview:large, max-video-preview:-1\" \/>\n<link rel=\"canonical\" href=\"https:\/\/www.welovecycling.com\/wide\/2015\/12\/27\/putting-your-summer-bike-away-for-winter\/\" \/>\n<meta property=\"og:locale\" content=\"en_US\" \/>\n<meta property=\"og:type\" content=\"article\" \/>\n<meta property=\"og:title\" content=\"Putting Your Summer Bike Away for Winter\" \/>\n<meta property=\"og:description\" content=\"Have you just dumped your summer bike in the corner without preparing it properly first? Here\u2019s our checklist for storing your summer bike for winter.\" \/>\n<meta property=\"og:url\" content=\"https:\/\/www.welovecycling.com\/wide\/2015\/12\/27\/putting-your-summer-bike-away-for-winter\/\" \/>\n<meta property=\"og:site_name\" content=\"\u0160koda We Love Cycling\" \/>\n<meta property=\"article:published_time\" content=\"2015-12-27T09:23:08+00:00\" \/>\n<meta property=\"og:image\" content=\"https:\/\/d2p6e6u75xmxt8.cloudfront.net\/2\/2015\/12\/opener23.webp\" \/>\n\t<meta property=\"og:image:width\" content=\"525\" \/>\n\t<meta property=\"og:image:height\" content=\"350\" \/>\n\t<meta property=\"og:image:type\" content=\"image\/webp\" \/>\n<meta name=\"twitter:card\" content=\"summary_large_image\" \/>\n<meta name=\"twitter:label1\" content=\"Written by\" \/>\n\t<meta name=\"twitter:data1\" content=\"Christopher Ashley\" \/>\n\t<meta name=\"twitter:label2\" content=\"Est. reading time\" \/>\n\t<meta name=\"twitter:data2\" content=\"2 minutes\" \/>\n<script type=\"application\/ld+json\" class=\"yoast-schema-graph\">{\"@context\":\"https:\/\/schema.org\",\"@graph\":[{\"@type\":\"WebPage\",\"@id\":\"https:\/\/www.welovecycling.com\/wide\/2015\/12\/27\/putting-your-summer-bike-away-for-winter\/\",\"url\":\"https:\/\/www.welovecycling.com\/wide\/2015\/12\/27\/putting-your-summer-bike-away-for-winter\/\",\"name\":\"Putting Your Summer Bike Away for Winter - \u0160koda We Love Cycling\",\"isPartOf\":{\"@id\":\"https:\/\/www.welovecycling.com\/wide\/#website\"},\"primaryImageOfPage\":{\"@id\":\"https:\/\/www.welovecycling.com\/wide\/2015\/12\/27\/putting-your-summer-bike-away-for-winter\/#primaryimage\"},\"image\":{\"@id\":\"https:\/\/www.welovecycling.com\/wide\/2015\/12\/27\/putting-your-summer-bike-away-for-winter\/#primaryimage\"},\"thumbnailUrl\":\"https:\/\/d2p6e6u75xmxt8.cloudfront.net\/2\/2015\/12\/opener23.webp\",\"datePublished\":\"2015-12-27T09:23:08+00:00\",\"author\":{\"@id\":\"\"},\"description\":\"Have you just dumped your summer bike in the corner without preparing it properly first? Here\u2019s our checklist for storing your summer bike for winter.\",\"breadcrumb\":{\"@id\":\"https:\/\/www.welovecycling.com\/wide\/2015\/12\/27\/putting-your-summer-bike-away-for-winter\/#breadcrumb\"},\"inLanguage\":\"en-US\",\"potentialAction\":[{\"@type\":\"ReadAction\",\"target\":[\"https:\/\/www.welovecycling.com\/wide\/2015\/12\/27\/putting-your-summer-bike-away-for-winter\/\"]}]},{\"@type\":\"ImageObject\",\"inLanguage\":\"en-US\",\"@id\":\"https:\/\/www.welovecycling.com\/wide\/2015\/12\/27\/putting-your-summer-bike-away-for-winter\/#primaryimage\",\"url\":\"https:\/\/d2p6e6u75xmxt8.cloudfront.net\/2\/2015\/12\/opener23.webp\",\"contentUrl\":\"https:\/\/d2p6e6u75xmxt8.cloudfront.net\/2\/2015\/12\/opener23.webp\",\"width\":525,\"height\":350},{\"@type\":\"BreadcrumbList\",\"@id\":\"https:\/\/www.welovecycling.com\/wide\/2015\/12\/27\/putting-your-summer-bike-away-for-winter\/#breadcrumb\",\"itemListElement\":[{\"@type\":\"ListItem\",\"position\":1,\"name\":\"Home\",\"item\":\"https:\/\/www.welovecycling.com\/wide\/\"},{\"@type\":\"ListItem\",\"position\":2,\"name\":\"Putting Your Summer Bike Away for Winter\"}]},{\"@type\":\"WebSite\",\"@id\":\"https:\/\/www.welovecycling.com\/wide\/#website\",\"url\":\"https:\/\/www.welovecycling.com\/wide\/\",\"name\":\"\u0160koda We Love Cycling\",\"description\":\"\u0160koda We Love Cycling magazine\",\"alternateName\":\"\u0160koda WLC\",\"potentialAction\":[{\"@type\":\"SearchAction\",\"target\":{\"@type\":\"EntryPoint\",\"urlTemplate\":\"https:\/\/www.welovecycling.com\/wide\/?s={search_term_string}\"},\"query-input\":{\"@type\":\"PropertyValueSpecification\",\"valueRequired\":true,\"valueName\":\"search_term_string\"}}],\"inLanguage\":\"en-US\"},{\"@type\":\"Person\",\"@id\":\"\",\"url\":\"https:\/\/www.welovecycling.com\/wide\/author\/\"}]}<\/script>\n<!-- \/ Yoast SEO Premium plugin. -->","yoast_head_json":{"title":"Putting Your Summer Bike Away for Winter - \u0160koda We Love Cycling","description":"Have you just dumped your summer bike in the corner without preparing it properly first? Here\u2019s our checklist for storing your summer bike for winter.","robots":{"index":"index","follow":"follow","max-snippet":"max-snippet:-1","max-image-preview":"max-image-preview:large","max-video-preview":"max-video-preview:-1"},"canonical":"https:\/\/www.welovecycling.com\/wide\/2015\/12\/27\/putting-your-summer-bike-away-for-winter\/","og_locale":"en_US","og_type":"article","og_title":"Putting Your Summer Bike Away for Winter","og_description":"Have you just dumped your summer bike in the corner without preparing it properly first? Here\u2019s our checklist for storing your summer bike for winter.","og_url":"https:\/\/www.welovecycling.com\/wide\/2015\/12\/27\/putting-your-summer-bike-away-for-winter\/","og_site_name":"\u0160koda We Love Cycling","article_published_time":"2015-12-27T09:23:08+00:00","og_image":[{"width":525,"height":350,"url":"https:\/\/d2p6e6u75xmxt8.cloudfront.net\/2\/2015\/12\/opener23.webp","type":"image\/webp"}],"twitter_card":"summary_large_image","twitter_misc":{"Written by":"Christopher Ashley","Est. reading time":"2 minutes"},"schema":{"@context":"https:\/\/schema.org","@graph":[{"@type":"WebPage","@id":"https:\/\/www.welovecycling.com\/wide\/2015\/12\/27\/putting-your-summer-bike-away-for-winter\/","url":"https:\/\/www.welovecycling.com\/wide\/2015\/12\/27\/putting-your-summer-bike-away-for-winter\/","name":"Putting Your Summer Bike Away for Winter - \u0160koda We Love Cycling","isPartOf":{"@id":"https:\/\/www.welovecycling.com\/wide\/#website"},"primaryImageOfPage":{"@id":"https:\/\/www.welovecycling.com\/wide\/2015\/12\/27\/putting-your-summer-bike-away-for-winter\/#primaryimage"},"image":{"@id":"https:\/\/www.welovecycling.com\/wide\/2015\/12\/27\/putting-your-summer-bike-away-for-winter\/#primaryimage"},"thumbnailUrl":"https:\/\/d2p6e6u75xmxt8.cloudfront.net\/2\/2015\/12\/opener23.webp","datePublished":"2015-12-27T09:23:08+00:00","author":{"@id":""},"description":"Have you just dumped your summer bike in the corner without preparing it properly first? Here\u2019s our checklist for storing your summer bike for winter.","breadcrumb":{"@id":"https:\/\/www.welovecycling.com\/wide\/2015\/12\/27\/putting-your-summer-bike-away-for-winter\/#breadcrumb"},"inLanguage":"en-US","potentialAction":[{"@type":"ReadAction","target":["https:\/\/www.welovecycling.com\/wide\/2015\/12\/27\/putting-your-summer-bike-away-for-winter\/"]}]},{"@type":"ImageObject","inLanguage":"en-US","@id":"https:\/\/www.welovecycling.com\/wide\/2015\/12\/27\/putting-your-summer-bike-away-for-winter\/#primaryimage","url":"https:\/\/d2p6e6u75xmxt8.cloudfront.net\/2\/2015\/12\/opener23.webp","contentUrl":"https:\/\/d2p6e6u75xmxt8.cloudfront.net\/2\/2015\/12\/opener23.webp","width":525,"height":350},{"@type":"BreadcrumbList","@id":"https:\/\/www.welovecycling.com\/wide\/2015\/12\/27\/putting-your-summer-bike-away-for-winter\/#breadcrumb","itemListElement":[{"@type":"ListItem","position":1,"name":"Home","item":"https:\/\/www.welovecycling.com\/wide\/"},{"@type":"ListItem","position":2,"name":"Putting Your Summer Bike Away for Winter"}]},{"@type":"WebSite","@id":"https:\/\/www.welovecycling.com\/wide\/#website","url":"https:\/\/www.welovecycling.com\/wide\/","name":"\u0160koda We Love Cycling","description":"\u0160koda We Love Cycling magazine","alternateName":"\u0160koda WLC","potentialAction":[{"@type":"SearchAction","target":{"@type":"EntryPoint","urlTemplate":"https:\/\/www.welovecycling.com\/wide\/?s={search_term_string}"},"query-input":{"@type":"PropertyValueSpecification","valueRequired":true,"valueName":"search_term_string"}}],"inLanguage":"en-US"},{"@type":"Person","@id":"","url":"https:\/\/www.welovecycling.com\/wide\/author\/"}]}},"_links":{"self":[{"href":"https:\/\/www.welovecycling.com\/wide\/wp-json\/wp\/v2\/posts\/132700","targetHints":{"allow":["GET"]}}],"collection":[{"href":"https:\/\/www.welovecycling.com\/wide\/wp-json\/wp\/v2\/posts"}],"about":[{"href":"https:\/\/www.welovecycling.com\/wide\/wp-json\/wp\/v2\/types\/post"}],"author":[{"embeddable":true,"href":"https:\/\/www.welovecycling.com\/wide\/wp-json\/wp\/v2\/users\/14"}],"replies":[{"embeddable":true,"href":"https:\/\/www.welovecycling.com\/wide\/wp-json\/wp\/v2\/comments?post=132700"}],"version-history":[{"count":2,"href":"https:\/\/www.welovecycling.com\/wide\/wp-json\/wp\/v2\/posts\/132700\/revisions"}],"predecessor-version":[{"id":132710,"href":"https:\/\/www.welovecycling.com\/wide\/wp-json\/wp\/v2\/posts\/132700\/revisions\/132710"}],"wp:featuredmedia":[{"embeddable":true,"href":"https:\/\/www.welovecycling.com\/wide\/wp-json\/wp\/v2\/media\/132703"}],"wp:attachment":[{"href":"https:\/\/www.welovecycling.com\/wide\/wp-json\/wp\/v2\/media?parent=132700"}],"wp:term":[{"taxonomy":"category","embeddable":true,"href":"https:\/\/www.welovecycling.com\/wide\/wp-json\/wp\/v2\/categories?post=132700"},{"taxonomy":"post_tag","embeddable":true,"href":"https:\/\/www.welovecycling.com\/wide\/wp-json\/wp\/v2\/tags?post=132700"},{"taxonomy":"global-categories","embeddable":true,"href":"https:\/\/www.welovecycling.com\/wide\/wp-json\/wp\/v2\/global-categories?post=132700"}],"curies":[{"name":"wp","href":"https:\/\/api.w.org\/{rel}","templated":true}]}}