{"id":132642,"date":"2015-12-21T10:13:39","date_gmt":"2015-12-21T08:13:39","guid":{"rendered":"https:\/\/www.welovecycling.com\/?p=132642"},"modified":"2015-12-21T10:13:39","modified_gmt":"2015-12-21T08:13:39","slug":"what-to-put-on-for-a-winter-ride-in-2016","status":"publish","type":"post","link":"https:\/\/www.welovecycling.com\/wide\/2015\/12\/21\/what-to-put-on-for-a-winter-ride-in-2016\/","title":{"rendered":"What to Put on for a Winter Ride in 2016"},"content":{"rendered":"<p class=\"p1\"><strong>The arrival of winter brings cold and rain, and often the desire to get on the bike in these days becomes weaker. The right selected garments and accessories will allow you to never give up on your rides, because there\u2019s a solution to every climate adversity that you\u2019ll face during the cold seasons. For you we have chosen the best technical solutions to guarantee shelter from rain, wind and cold temperatures.<\/strong><!--more--><\/p>\n<h2 class=\"p1\"><b>Santini Piuma Cycling Cap<\/b><\/h2>\n<p class=\"p1\"><img loading=\"lazy\" decoding=\"async\" class=\"alignnone size-full wp-image-132645\" src=\"https:\/\/d2p6e6u75xmxt8.cloudfront.net\/2\/2015\/12\/cap.png\" alt=\"\" width=\"473\" height=\"426\" \/><\/p>\n<p class=\"p1\">Santini\u2019s Piuma Water resistant Cycling Cap is too toasty for temperatures above 10\u00b0C, but really comes into its own when temperatures drop to single figures.<\/p>\n<h2 class=\"p1\"><b>Gore Bike Wear Element Urban<\/b><\/h2>\n<p class=\"p1\"><img loading=\"lazy\" decoding=\"async\" class=\"alignnone size-medium wp-image-132647\" src=\"https:\/\/d2p6e6u75xmxt8.cloudfront.net\/2\/2015\/12\/gorebikewear-600x600.jpeg\" alt=\"\" width=\"600\" height=\"600\" \/><\/p>\n<p class=\"p1\">Gore Bike Wear turned to specialists in the field of urban mobility and asked them to envision the cityscape of the future as a starting point for the redesign of Gore\u2019s striking Element Urban range. The garments are equipped with reflective and neon applications that may be folded or stowed away &#8211; so you can join a dinner with your friends without looking too sporty. Windstopper Soft Shell materials take care of weatherproofing. The rider can stay connected through internal routing for earphone cables and smartphone-friendly gloves.<\/p>\n<h2 class=\"p1\"><b>Santini Fenix Windproof Jacket<\/b><\/h2>\n<p class=\"p1\"><img loading=\"lazy\" decoding=\"async\" class=\"alignnone size-full wp-image-132649\" src=\"https:\/\/d2p6e6u75xmxt8.cloudfront.net\/2\/2015\/12\/fenix.jpg\" alt=\"\" width=\"580\" height=\"350\" \/><\/p>\n<p class=\"p1\">This jacket is built with the light and flexible windstopper fabric and it\u2019s ideal for the cold and provides resistance <span class=\"s1\">against<\/span> wind and rain. The anatomical cut is more elongated on the back, finished with elastic waistband with non-slip grip, allows a streamlined fit without leaving room for air infiltration. The triple back pocket allows you to bring everything you need for a long off-season training ride and the reflective tape will ensure visibility on the road in the dark.<\/p>\n<h2 class=\"p1\"><b>Vulpine\u2019s Cotton Rain Trousers<\/b><\/h2>\n<p class=\"p1\"><img loading=\"lazy\" decoding=\"async\" class=\"alignnone size-medium wp-image-132651\" src=\"https:\/\/d2p6e6u75xmxt8.cloudfront.net\/2\/2015\/12\/vulpine1-600x400.jpg\" alt=\"\" width=\"600\" height=\"400\" \/><\/p>\n<p class=\"p1\">Rain Trousers are a well made, superbly thought through pair of trousers that will keep you dry on the bike and looking stylish off it. They are available in a men<span class=\"s1\">\u00b4s<\/span> and women&#8217;s version.<\/p>\n<h2 class=\"p1\"><b>Holborn skirt and leggings<\/b><\/h2>\n<p class=\"p1\"><img loading=\"lazy\" decoding=\"async\" class=\"alignnone size-full wp-image-132652\" src=\"https:\/\/d2p6e6u75xmxt8.cloudfront.net\/2\/2015\/12\/leggins.jpg\" alt=\"\" width=\"500\" height=\"500\" \/><\/p>\n<p class=\"p1\">The Holborn skirt and leggings combo from Road Rags is one of the most comfortable <span class=\"s1\">pieces of<\/span> clothing for <span class=\"s1\">cycling<\/span> ladies. The Holborn takes the best aspects of lycra tights &#8211; stretchy, form fitting and moves with the rider &#8211; and transforms them into something that women could genuinely enter a pub in without looking like a cyclist.<\/p>\n<h2 class=\"p1\"><b>Caratti&#8217;s Deep Winter Overshoes<\/b><\/h2>\n<p class=\"p1\"><img loading=\"lazy\" decoding=\"async\" class=\"alignnone size-full wp-image-132654\" src=\"https:\/\/d2p6e6u75xmxt8.cloudfront.net\/2\/2015\/12\/caratti1.jpg\" alt=\"\" width=\"414\" height=\"386\" \/><\/p>\n<p class=\"p1\">If you suffer <span class=\"s1\">from<\/span> cold feet in the winter months, these are for you: Caratti&#8217;s Deep Winter Overshoes are among the most insulated we&#8217;ve tried. Their waterproofing and build quality is impressive too.<\/p>\n<h2 class=\"p1\"><b>Craft Storm Gloves<\/b><\/h2>\n<p class=\"p1\"><img loading=\"lazy\" decoding=\"async\" class=\"alignnone size-medium wp-image-132655\" src=\"https:\/\/d2p6e6u75xmxt8.cloudfront.net\/2\/2015\/12\/IMG_0818-e1383758781127-600x399.jpg\" alt=\"\" width=\"600\" height=\"399\" \/><\/p>\n<p class=\"p1\">When you want high quality cycle clothing for the winter, Swedish brand Craft is one company that always stands out for us. They make excellent cold weather clothing that generally fits really well and works perfectly in autumn and winter and these Storm gloves are no exception.<\/p>\n<h2 class=\"p1\"><b>Mavic Sprint Bib Thights<\/b><\/h2>\n<p class=\"p1\"><img loading=\"lazy\" decoding=\"async\" class=\"alignnone size-full wp-image-132656\" src=\"https:\/\/d2p6e6u75xmxt8.cloudfront.net\/2\/2015\/12\/bibtights.jpg\" alt=\"\" width=\"267\" height=\"592\" \/><\/p>\n<p class=\"p1\">With a comfortable insert, excellent fit and ideal insulation for cold temperatures, Mavic&#8217;s Sprint Bib Tights are good winter legwear but the price puts them at the top-end of the bib tights market.<\/p>\n","protected":false},"excerpt":{"rendered":"<p>The arrival of winter brings cold and rain, and often the desire to get on the bike in these days [&hellip;]<\/p>\n","protected":false},"author":14,"featured_media":132643,"comment_status":"open","ping_status":"open","sticky":false,"template":"","format":"standard","meta":{"footnotes":""},"categories":[328,329,330],"tags":[],"global-categories":[],"class_list":["post-132642","post","type-post","status-publish","format-standard","has-post-thumbnail","hentry","category-outdoor-mountain","category-road-cycling","category-urban-cycling"],"yoast_head":"<!-- This site is optimized with the Yoast SEO Premium plugin v25.3 (Yoast SEO v25.9) - https:\/\/yoast.com\/wordpress\/plugins\/seo\/ -->\n<title>What to Put on for a Winter Ride in 2016 - \u0160koda We Love Cycling<\/title>\n<meta name=\"description\" content=\"For you we have chosen the best technical solutions to guarantee shelter from rain, wind and cold temperatures.\" \/>\n<meta name=\"robots\" content=\"index, follow, max-snippet:-1, max-image-preview:large, max-video-preview:-1\" \/>\n<link rel=\"canonical\" href=\"https:\/\/www.welovecycling.com\/wide\/2015\/12\/21\/what-to-put-on-for-a-winter-ride-in-2016\/\" \/>\n<meta property=\"og:locale\" content=\"en_US\" \/>\n<meta property=\"og:type\" content=\"article\" \/>\n<meta property=\"og:title\" content=\"What to Put on for a Winter Ride in 2016\" \/>\n<meta property=\"og:description\" content=\"For you we have chosen the best technical solutions to guarantee shelter from rain, wind and cold temperatures.\" \/>\n<meta property=\"og:url\" content=\"https:\/\/www.welovecycling.com\/wide\/2015\/12\/21\/what-to-put-on-for-a-winter-ride-in-2016\/\" \/>\n<meta property=\"og:site_name\" content=\"\u0160koda We Love Cycling\" \/>\n<meta property=\"article:published_time\" content=\"2015-12-21T08:13:39+00:00\" \/>\n<meta property=\"og:image\" content=\"https:\/\/d2p6e6u75xmxt8.cloudfront.net\/2\/2015\/12\/WLC_950x350_ready-for-winter.webp\" \/>\n\t<meta property=\"og:image:width\" content=\"525\" \/>\n\t<meta property=\"og:image:height\" content=\"350\" \/>\n\t<meta property=\"og:image:type\" content=\"image\/webp\" \/>\n<meta name=\"twitter:card\" content=\"summary_large_image\" \/>\n<meta name=\"twitter:label1\" content=\"Written by\" \/>\n\t<meta name=\"twitter:data1\" content=\"Adam Marsal\" \/>\n\t<meta name=\"twitter:label2\" content=\"Est. reading time\" \/>\n\t<meta name=\"twitter:data2\" content=\"3 minutes\" \/>\n<script type=\"application\/ld+json\" class=\"yoast-schema-graph\">{\"@context\":\"https:\/\/schema.org\",\"@graph\":[{\"@type\":\"WebPage\",\"@id\":\"https:\/\/www.welovecycling.com\/wide\/2015\/12\/21\/what-to-put-on-for-a-winter-ride-in-2016\/\",\"url\":\"https:\/\/www.welovecycling.com\/wide\/2015\/12\/21\/what-to-put-on-for-a-winter-ride-in-2016\/\",\"name\":\"What to Put on for a Winter Ride in 2016 - \u0160koda We Love Cycling\",\"isPartOf\":{\"@id\":\"https:\/\/www.welovecycling.com\/wide\/#website\"},\"primaryImageOfPage\":{\"@id\":\"https:\/\/www.welovecycling.com\/wide\/2015\/12\/21\/what-to-put-on-for-a-winter-ride-in-2016\/#primaryimage\"},\"image\":{\"@id\":\"https:\/\/www.welovecycling.com\/wide\/2015\/12\/21\/what-to-put-on-for-a-winter-ride-in-2016\/#primaryimage\"},\"thumbnailUrl\":\"https:\/\/d2p6e6u75xmxt8.cloudfront.net\/2\/2015\/12\/WLC_950x350_ready-for-winter.webp\",\"datePublished\":\"2015-12-21T08:13:39+00:00\",\"author\":{\"@id\":\"\"},\"description\":\"For you we have chosen the best technical solutions to guarantee shelter from rain, wind and cold temperatures.\",\"breadcrumb\":{\"@id\":\"https:\/\/www.welovecycling.com\/wide\/2015\/12\/21\/what-to-put-on-for-a-winter-ride-in-2016\/#breadcrumb\"},\"inLanguage\":\"en-US\",\"potentialAction\":[{\"@type\":\"ReadAction\",\"target\":[\"https:\/\/www.welovecycling.com\/wide\/2015\/12\/21\/what-to-put-on-for-a-winter-ride-in-2016\/\"]}]},{\"@type\":\"ImageObject\",\"inLanguage\":\"en-US\",\"@id\":\"https:\/\/www.welovecycling.com\/wide\/2015\/12\/21\/what-to-put-on-for-a-winter-ride-in-2016\/#primaryimage\",\"url\":\"https:\/\/d2p6e6u75xmxt8.cloudfront.net\/2\/2015\/12\/WLC_950x350_ready-for-winter.webp\",\"contentUrl\":\"https:\/\/d2p6e6u75xmxt8.cloudfront.net\/2\/2015\/12\/WLC_950x350_ready-for-winter.webp\",\"width\":525,\"height\":350},{\"@type\":\"BreadcrumbList\",\"@id\":\"https:\/\/www.welovecycling.com\/wide\/2015\/12\/21\/what-to-put-on-for-a-winter-ride-in-2016\/#breadcrumb\",\"itemListElement\":[{\"@type\":\"ListItem\",\"position\":1,\"name\":\"Home\",\"item\":\"https:\/\/www.welovecycling.com\/wide\/\"},{\"@type\":\"ListItem\",\"position\":2,\"name\":\"What to Put on for a Winter Ride in 2016\"}]},{\"@type\":\"WebSite\",\"@id\":\"https:\/\/www.welovecycling.com\/wide\/#website\",\"url\":\"https:\/\/www.welovecycling.com\/wide\/\",\"name\":\"\u0160koda We Love Cycling\",\"description\":\"\u0160koda We Love Cycling magazine\",\"alternateName\":\"\u0160koda WLC\",\"potentialAction\":[{\"@type\":\"SearchAction\",\"target\":{\"@type\":\"EntryPoint\",\"urlTemplate\":\"https:\/\/www.welovecycling.com\/wide\/?s={search_term_string}\"},\"query-input\":{\"@type\":\"PropertyValueSpecification\",\"valueRequired\":true,\"valueName\":\"search_term_string\"}}],\"inLanguage\":\"en-US\"},{\"@type\":\"Person\",\"@id\":\"\",\"url\":\"https:\/\/www.welovecycling.com\/wide\/author\/\"}]}<\/script>\n<!-- \/ Yoast SEO Premium plugin. -->","yoast_head_json":{"title":"What to Put on for a Winter Ride in 2016 - \u0160koda We Love Cycling","description":"For you we have chosen the best technical solutions to guarantee shelter from rain, wind and cold temperatures.","robots":{"index":"index","follow":"follow","max-snippet":"max-snippet:-1","max-image-preview":"max-image-preview:large","max-video-preview":"max-video-preview:-1"},"canonical":"https:\/\/www.welovecycling.com\/wide\/2015\/12\/21\/what-to-put-on-for-a-winter-ride-in-2016\/","og_locale":"en_US","og_type":"article","og_title":"What to Put on for a Winter Ride in 2016","og_description":"For you we have chosen the best technical solutions to guarantee shelter from rain, wind and cold temperatures.","og_url":"https:\/\/www.welovecycling.com\/wide\/2015\/12\/21\/what-to-put-on-for-a-winter-ride-in-2016\/","og_site_name":"\u0160koda We Love Cycling","article_published_time":"2015-12-21T08:13:39+00:00","og_image":[{"width":525,"height":350,"url":"https:\/\/d2p6e6u75xmxt8.cloudfront.net\/2\/2015\/12\/WLC_950x350_ready-for-winter.webp","type":"image\/webp"}],"twitter_card":"summary_large_image","twitter_misc":{"Written by":"Adam Marsal","Est. reading time":"3 minutes"},"schema":{"@context":"https:\/\/schema.org","@graph":[{"@type":"WebPage","@id":"https:\/\/www.welovecycling.com\/wide\/2015\/12\/21\/what-to-put-on-for-a-winter-ride-in-2016\/","url":"https:\/\/www.welovecycling.com\/wide\/2015\/12\/21\/what-to-put-on-for-a-winter-ride-in-2016\/","name":"What to Put on for a Winter Ride in 2016 - \u0160koda We Love Cycling","isPartOf":{"@id":"https:\/\/www.welovecycling.com\/wide\/#website"},"primaryImageOfPage":{"@id":"https:\/\/www.welovecycling.com\/wide\/2015\/12\/21\/what-to-put-on-for-a-winter-ride-in-2016\/#primaryimage"},"image":{"@id":"https:\/\/www.welovecycling.com\/wide\/2015\/12\/21\/what-to-put-on-for-a-winter-ride-in-2016\/#primaryimage"},"thumbnailUrl":"https:\/\/d2p6e6u75xmxt8.cloudfront.net\/2\/2015\/12\/WLC_950x350_ready-for-winter.webp","datePublished":"2015-12-21T08:13:39+00:00","author":{"@id":""},"description":"For you we have chosen the best technical solutions to guarantee shelter from rain, wind and cold temperatures.","breadcrumb":{"@id":"https:\/\/www.welovecycling.com\/wide\/2015\/12\/21\/what-to-put-on-for-a-winter-ride-in-2016\/#breadcrumb"},"inLanguage":"en-US","potentialAction":[{"@type":"ReadAction","target":["https:\/\/www.welovecycling.com\/wide\/2015\/12\/21\/what-to-put-on-for-a-winter-ride-in-2016\/"]}]},{"@type":"ImageObject","inLanguage":"en-US","@id":"https:\/\/www.welovecycling.com\/wide\/2015\/12\/21\/what-to-put-on-for-a-winter-ride-in-2016\/#primaryimage","url":"https:\/\/d2p6e6u75xmxt8.cloudfront.net\/2\/2015\/12\/WLC_950x350_ready-for-winter.webp","contentUrl":"https:\/\/d2p6e6u75xmxt8.cloudfront.net\/2\/2015\/12\/WLC_950x350_ready-for-winter.webp","width":525,"height":350},{"@type":"BreadcrumbList","@id":"https:\/\/www.welovecycling.com\/wide\/2015\/12\/21\/what-to-put-on-for-a-winter-ride-in-2016\/#breadcrumb","itemListElement":[{"@type":"ListItem","position":1,"name":"Home","item":"https:\/\/www.welovecycling.com\/wide\/"},{"@type":"ListItem","position":2,"name":"What to Put on for a Winter Ride in 2016"}]},{"@type":"WebSite","@id":"https:\/\/www.welovecycling.com\/wide\/#website","url":"https:\/\/www.welovecycling.com\/wide\/","name":"\u0160koda We Love Cycling","description":"\u0160koda We Love Cycling magazine","alternateName":"\u0160koda WLC","potentialAction":[{"@type":"SearchAction","target":{"@type":"EntryPoint","urlTemplate":"https:\/\/www.welovecycling.com\/wide\/?s={search_term_string}"},"query-input":{"@type":"PropertyValueSpecification","valueRequired":true,"valueName":"search_term_string"}}],"inLanguage":"en-US"},{"@type":"Person","@id":"","url":"https:\/\/www.welovecycling.com\/wide\/author\/"}]}},"_links":{"self":[{"href":"https:\/\/www.welovecycling.com\/wide\/wp-json\/wp\/v2\/posts\/132642","targetHints":{"allow":["GET"]}}],"collection":[{"href":"https:\/\/www.welovecycling.com\/wide\/wp-json\/wp\/v2\/posts"}],"about":[{"href":"https:\/\/www.welovecycling.com\/wide\/wp-json\/wp\/v2\/types\/post"}],"author":[{"embeddable":true,"href":"https:\/\/www.welovecycling.com\/wide\/wp-json\/wp\/v2\/users\/14"}],"replies":[{"embeddable":true,"href":"https:\/\/www.welovecycling.com\/wide\/wp-json\/wp\/v2\/comments?post=132642"}],"version-history":[{"count":2,"href":"https:\/\/www.welovecycling.com\/wide\/wp-json\/wp\/v2\/posts\/132642\/revisions"}],"predecessor-version":[{"id":132658,"href":"https:\/\/www.welovecycling.com\/wide\/wp-json\/wp\/v2\/posts\/132642\/revisions\/132658"}],"wp:featuredmedia":[{"embeddable":true,"href":"https:\/\/www.welovecycling.com\/wide\/wp-json\/wp\/v2\/media\/132643"}],"wp:attachment":[{"href":"https:\/\/www.welovecycling.com\/wide\/wp-json\/wp\/v2\/media?parent=132642"}],"wp:term":[{"taxonomy":"category","embeddable":true,"href":"https:\/\/www.welovecycling.com\/wide\/wp-json\/wp\/v2\/categories?post=132642"},{"taxonomy":"post_tag","embeddable":true,"href":"https:\/\/www.welovecycling.com\/wide\/wp-json\/wp\/v2\/tags?post=132642"},{"taxonomy":"global-categories","embeddable":true,"href":"https:\/\/www.welovecycling.com\/wide\/wp-json\/wp\/v2\/global-categories?post=132642"}],"curies":[{"name":"wp","href":"https:\/\/api.w.org\/{rel}","templated":true}]}}