{"id":132596,"date":"2015-12-18T11:39:05","date_gmt":"2015-12-18T09:39:05","guid":{"rendered":"https:\/\/www.welovecycling.com\/?p=132596"},"modified":"2015-12-18T11:39:05","modified_gmt":"2015-12-18T09:39:05","slug":"cold-weather-cycling-with-kids","status":"publish","type":"post","link":"https:\/\/www.welovecycling.com\/wide\/2015\/12\/18\/cold-weather-cycling-with-kids\/","title":{"rendered":"Cold Weather Cycling with Kids"},"content":{"rendered":"<p><strong>The concept of cycling with children can conjure up romantic images of sunny days, warm weather and ice cream. Cycling with children doesn\u2019t have to be confined to the summer season though; even in cold, winter weather, kids can commute on their parents\u2019 bicycles. Here are a few pictures of warmly-dressed children riding with their parents.<\/strong><!--more--><\/p>\n<h2>In the Front:<\/h2>\n<p><img loading=\"lazy\" decoding=\"async\" class=\"alignnone size-medium wp-image-132597\" src=\"https:\/\/d2p6e6u75xmxt8.cloudfront.net\/2\/2015\/12\/out-for-a-family-bike-ride-600x737.jpg\" alt=\"\" width=\"600\" height=\"737\" \/><br \/>\nPhoto: <a href=\"http:\/\/www.copenhagenize.com\/2010\/01\/snow-clearing.html\" target=\"_blank\">Copenhagenize.com<\/a><\/p>\n<h2>In the Back:<\/h2>\n<p><img loading=\"lazy\" decoding=\"async\" class=\"alignnone size-full wp-image-132598\" src=\"https:\/\/d2p6e6u75xmxt8.cloudfront.net\/2\/2015\/12\/choosing_to_ride-e1330901435441-375x500.jpg\" alt=\"\" width=\"375\" height=\"500\" \/><br \/>\nPhoto: <a href=\"http:\/\/bikes-as-transportation.com\/choosing-to-ride-a-bike-in-the-winter\/\" target=\"_blank\">Bikes-as-transportation.com<\/a><\/p>\n<p><img loading=\"lazy\" decoding=\"async\" class=\"alignnone size-full wp-image-132599\" src=\"https:\/\/d2p6e6u75xmxt8.cloudfront.net\/2\/2015\/12\/MomandCoop_LizDurham_cmp.jpg\" alt=\"\" width=\"410\" height=\"336\" \/><br \/>\nPhoto: <a href=\"http:\/\/bikewinter.org\/kids\" target=\"_blank\">bikewinter.org<\/a><\/p>\n<h2>Cargo Bikes:<\/h2>\n<p><img loading=\"lazy\" decoding=\"async\" class=\"alignnone size-medium wp-image-132601\" src=\"https:\/\/d2p6e6u75xmxt8.cloudfront.net\/2\/2015\/12\/copenhagen-march-2008-058-600x450.jpg\" alt=\"\" width=\"600\" height=\"450\" \/><br \/>\nPhoto: <a href=\"https:\/\/lhoustoun.wordpress.com\/public-spaces\/chapter-11-where-bikes-rule-a-cautionary-report\/\" target=\"_blank\">lhoustoun.wordpress.com<\/a><\/p>\n<p><img loading=\"lazy\" decoding=\"async\" class=\"alignnone size-medium wp-image-132602\" src=\"https:\/\/d2p6e6u75xmxt8.cloudfront.net\/2\/2015\/12\/winter_cycling_copenhagenize_design_company-13-600x399.jpg\" alt=\"\" width=\"600\" height=\"399\" \/><br \/>\nPhoto: <a href=\"http:\/\/wintercyclingblog.org\/2014\/11\/26\/announcing-keynote-speaker-mikael-colville-andersen-of-copenhagenize-design-co\/\" target=\"_blank\">wintercyclingblog.corg<\/a><\/p>\n<h2>Bike Trailer:<\/h2>\n<p><img loading=\"lazy\" decoding=\"async\" class=\"alignnone size-medium wp-image-132603\" src=\"https:\/\/d2p6e6u75xmxt8.cloudfront.net\/2\/2015\/12\/G0026420-600x355.jpg\" alt=\"\" width=\"600\" height=\"355\" \/><br \/>\nPhoto: <a href=\"http:\/\/www.singletracks.com\/blog\/uncategorized\/how-to-fat-bike-in-the-snow-with-kiddos\/\" target=\"_blank\">singletracks.com<\/a> (check out their\u00a0amazing article about cycling in the snow with kids)<\/p>\n<p><img loading=\"lazy\" decoding=\"async\" class=\"alignnone size-full wp-image-132604\" src=\"https:\/\/d2p6e6u75xmxt8.cloudfront.net\/2\/2015\/12\/8467266771_d61c926479_z_large.jpg\" alt=\"\" width=\"480\" height=\"360\" \/><br \/>\nPhoto: <a href=\"http:\/\/rascalrides.com\/blogs\/rascal-rides-blog\/78386439-guide-to-winter-biking-with-kids\" target=\"_blank\">rascalrides.com<\/a><\/p>\n","protected":false},"excerpt":{"rendered":"<p>The concept of cycling with children can conjure up romantic images of sunny days, warm weather and ice cream. Cycling [&hellip;]<\/p>\n","protected":false},"author":14,"featured_media":132606,"comment_status":"open","ping_status":"open","sticky":false,"template":"","format":"standard","meta":{"footnotes":""},"categories":[328],"tags":[],"global-categories":[],"class_list":["post-132596","post","type-post","status-publish","format-standard","has-post-thumbnail","hentry","category-outdoor-mountain"],"yoast_head":"<!-- This site is optimized with the Yoast SEO Premium plugin v25.3 (Yoast SEO v25.9) - https:\/\/yoast.com\/wordpress\/plugins\/seo\/ -->\n<title>Cold Weather Cycling with Kids - \u0160koda We Love Cycling<\/title>\n<meta name=\"description\" content=\"Cycling with children doesn\u2019t have to be confined to the summer season though; even in cold, winter weather, kids can commute on their parents\u2019 bicycles.\" \/>\n<meta name=\"robots\" content=\"index, follow, max-snippet:-1, max-image-preview:large, max-video-preview:-1\" \/>\n<link rel=\"canonical\" href=\"https:\/\/www.welovecycling.com\/wide\/2015\/12\/18\/cold-weather-cycling-with-kids\/\" \/>\n<meta property=\"og:locale\" content=\"en_US\" \/>\n<meta property=\"og:type\" content=\"article\" \/>\n<meta property=\"og:title\" content=\"Cold Weather Cycling with Kids\" \/>\n<meta property=\"og:description\" content=\"Cycling with children doesn\u2019t have to be confined to the summer season though; even in cold, winter weather, kids can commute on their parents\u2019 bicycles.\" \/>\n<meta property=\"og:url\" content=\"https:\/\/www.welovecycling.com\/wide\/2015\/12\/18\/cold-weather-cycling-with-kids\/\" \/>\n<meta property=\"og:site_name\" content=\"\u0160koda We Love Cycling\" \/>\n<meta property=\"article:published_time\" content=\"2015-12-18T09:39:05+00:00\" \/>\n<meta property=\"og:image\" content=\"https:\/\/d2p6e6u75xmxt8.cloudfront.net\/2\/2015\/12\/opener121.webp\" \/>\n\t<meta property=\"og:image:width\" content=\"525\" \/>\n\t<meta property=\"og:image:height\" content=\"350\" \/>\n\t<meta property=\"og:image:type\" content=\"image\/webp\" \/>\n<meta name=\"twitter:card\" content=\"summary_large_image\" \/>\n<meta name=\"twitter:label1\" content=\"Written by\" \/>\n\t<meta name=\"twitter:data1\" content=\"Angie Ng\" \/>\n\t<meta name=\"twitter:label2\" content=\"Est. reading time\" \/>\n\t<meta name=\"twitter:data2\" content=\"1 minute\" \/>\n<script type=\"application\/ld+json\" class=\"yoast-schema-graph\">{\"@context\":\"https:\/\/schema.org\",\"@graph\":[{\"@type\":\"WebPage\",\"@id\":\"https:\/\/www.welovecycling.com\/wide\/2015\/12\/18\/cold-weather-cycling-with-kids\/\",\"url\":\"https:\/\/www.welovecycling.com\/wide\/2015\/12\/18\/cold-weather-cycling-with-kids\/\",\"name\":\"Cold Weather Cycling with Kids - \u0160koda We Love Cycling\",\"isPartOf\":{\"@id\":\"https:\/\/www.welovecycling.com\/wide\/#website\"},\"primaryImageOfPage\":{\"@id\":\"https:\/\/www.welovecycling.com\/wide\/2015\/12\/18\/cold-weather-cycling-with-kids\/#primaryimage\"},\"image\":{\"@id\":\"https:\/\/www.welovecycling.com\/wide\/2015\/12\/18\/cold-weather-cycling-with-kids\/#primaryimage\"},\"thumbnailUrl\":\"https:\/\/d2p6e6u75xmxt8.cloudfront.net\/2\/2015\/12\/opener121.webp\",\"datePublished\":\"2015-12-18T09:39:05+00:00\",\"author\":{\"@id\":\"\"},\"description\":\"Cycling with children doesn\u2019t have to be confined to the summer season though; even in cold, winter weather, kids can commute on their parents\u2019 bicycles.\",\"breadcrumb\":{\"@id\":\"https:\/\/www.welovecycling.com\/wide\/2015\/12\/18\/cold-weather-cycling-with-kids\/#breadcrumb\"},\"inLanguage\":\"en-US\",\"potentialAction\":[{\"@type\":\"ReadAction\",\"target\":[\"https:\/\/www.welovecycling.com\/wide\/2015\/12\/18\/cold-weather-cycling-with-kids\/\"]}]},{\"@type\":\"ImageObject\",\"inLanguage\":\"en-US\",\"@id\":\"https:\/\/www.welovecycling.com\/wide\/2015\/12\/18\/cold-weather-cycling-with-kids\/#primaryimage\",\"url\":\"https:\/\/d2p6e6u75xmxt8.cloudfront.net\/2\/2015\/12\/opener121.webp\",\"contentUrl\":\"https:\/\/d2p6e6u75xmxt8.cloudfront.net\/2\/2015\/12\/opener121.webp\",\"width\":525,\"height\":350},{\"@type\":\"BreadcrumbList\",\"@id\":\"https:\/\/www.welovecycling.com\/wide\/2015\/12\/18\/cold-weather-cycling-with-kids\/#breadcrumb\",\"itemListElement\":[{\"@type\":\"ListItem\",\"position\":1,\"name\":\"Home\",\"item\":\"https:\/\/www.welovecycling.com\/wide\/\"},{\"@type\":\"ListItem\",\"position\":2,\"name\":\"Cold Weather Cycling with Kids\"}]},{\"@type\":\"WebSite\",\"@id\":\"https:\/\/www.welovecycling.com\/wide\/#website\",\"url\":\"https:\/\/www.welovecycling.com\/wide\/\",\"name\":\"\u0160koda We Love Cycling\",\"description\":\"\u0160koda We Love Cycling magazine\",\"alternateName\":\"\u0160koda WLC\",\"potentialAction\":[{\"@type\":\"SearchAction\",\"target\":{\"@type\":\"EntryPoint\",\"urlTemplate\":\"https:\/\/www.welovecycling.com\/wide\/?s={search_term_string}\"},\"query-input\":{\"@type\":\"PropertyValueSpecification\",\"valueRequired\":true,\"valueName\":\"search_term_string\"}}],\"inLanguage\":\"en-US\"},{\"@type\":\"Person\",\"@id\":\"\",\"url\":\"https:\/\/www.welovecycling.com\/wide\/author\/\"}]}<\/script>\n<!-- \/ Yoast SEO Premium plugin. -->","yoast_head_json":{"title":"Cold Weather Cycling with Kids - \u0160koda We Love Cycling","description":"Cycling with children doesn\u2019t have to be confined to the summer season though; even in cold, winter weather, kids can commute on their parents\u2019 bicycles.","robots":{"index":"index","follow":"follow","max-snippet":"max-snippet:-1","max-image-preview":"max-image-preview:large","max-video-preview":"max-video-preview:-1"},"canonical":"https:\/\/www.welovecycling.com\/wide\/2015\/12\/18\/cold-weather-cycling-with-kids\/","og_locale":"en_US","og_type":"article","og_title":"Cold Weather Cycling with Kids","og_description":"Cycling with children doesn\u2019t have to be confined to the summer season though; even in cold, winter weather, kids can commute on their parents\u2019 bicycles.","og_url":"https:\/\/www.welovecycling.com\/wide\/2015\/12\/18\/cold-weather-cycling-with-kids\/","og_site_name":"\u0160koda We Love Cycling","article_published_time":"2015-12-18T09:39:05+00:00","og_image":[{"width":525,"height":350,"url":"https:\/\/d2p6e6u75xmxt8.cloudfront.net\/2\/2015\/12\/opener121.webp","type":"image\/webp"}],"twitter_card":"summary_large_image","twitter_misc":{"Written by":"Angie Ng","Est. reading time":"1 minute"},"schema":{"@context":"https:\/\/schema.org","@graph":[{"@type":"WebPage","@id":"https:\/\/www.welovecycling.com\/wide\/2015\/12\/18\/cold-weather-cycling-with-kids\/","url":"https:\/\/www.welovecycling.com\/wide\/2015\/12\/18\/cold-weather-cycling-with-kids\/","name":"Cold Weather Cycling with Kids - \u0160koda We Love Cycling","isPartOf":{"@id":"https:\/\/www.welovecycling.com\/wide\/#website"},"primaryImageOfPage":{"@id":"https:\/\/www.welovecycling.com\/wide\/2015\/12\/18\/cold-weather-cycling-with-kids\/#primaryimage"},"image":{"@id":"https:\/\/www.welovecycling.com\/wide\/2015\/12\/18\/cold-weather-cycling-with-kids\/#primaryimage"},"thumbnailUrl":"https:\/\/d2p6e6u75xmxt8.cloudfront.net\/2\/2015\/12\/opener121.webp","datePublished":"2015-12-18T09:39:05+00:00","author":{"@id":""},"description":"Cycling with children doesn\u2019t have to be confined to the summer season though; even in cold, winter weather, kids can commute on their parents\u2019 bicycles.","breadcrumb":{"@id":"https:\/\/www.welovecycling.com\/wide\/2015\/12\/18\/cold-weather-cycling-with-kids\/#breadcrumb"},"inLanguage":"en-US","potentialAction":[{"@type":"ReadAction","target":["https:\/\/www.welovecycling.com\/wide\/2015\/12\/18\/cold-weather-cycling-with-kids\/"]}]},{"@type":"ImageObject","inLanguage":"en-US","@id":"https:\/\/www.welovecycling.com\/wide\/2015\/12\/18\/cold-weather-cycling-with-kids\/#primaryimage","url":"https:\/\/d2p6e6u75xmxt8.cloudfront.net\/2\/2015\/12\/opener121.webp","contentUrl":"https:\/\/d2p6e6u75xmxt8.cloudfront.net\/2\/2015\/12\/opener121.webp","width":525,"height":350},{"@type":"BreadcrumbList","@id":"https:\/\/www.welovecycling.com\/wide\/2015\/12\/18\/cold-weather-cycling-with-kids\/#breadcrumb","itemListElement":[{"@type":"ListItem","position":1,"name":"Home","item":"https:\/\/www.welovecycling.com\/wide\/"},{"@type":"ListItem","position":2,"name":"Cold Weather Cycling with Kids"}]},{"@type":"WebSite","@id":"https:\/\/www.welovecycling.com\/wide\/#website","url":"https:\/\/www.welovecycling.com\/wide\/","name":"\u0160koda We Love Cycling","description":"\u0160koda We Love Cycling magazine","alternateName":"\u0160koda WLC","potentialAction":[{"@type":"SearchAction","target":{"@type":"EntryPoint","urlTemplate":"https:\/\/www.welovecycling.com\/wide\/?s={search_term_string}"},"query-input":{"@type":"PropertyValueSpecification","valueRequired":true,"valueName":"search_term_string"}}],"inLanguage":"en-US"},{"@type":"Person","@id":"","url":"https:\/\/www.welovecycling.com\/wide\/author\/"}]}},"_links":{"self":[{"href":"https:\/\/www.welovecycling.com\/wide\/wp-json\/wp\/v2\/posts\/132596","targetHints":{"allow":["GET"]}}],"collection":[{"href":"https:\/\/www.welovecycling.com\/wide\/wp-json\/wp\/v2\/posts"}],"about":[{"href":"https:\/\/www.welovecycling.com\/wide\/wp-json\/wp\/v2\/types\/post"}],"author":[{"embeddable":true,"href":"https:\/\/www.welovecycling.com\/wide\/wp-json\/wp\/v2\/users\/14"}],"replies":[{"embeddable":true,"href":"https:\/\/www.welovecycling.com\/wide\/wp-json\/wp\/v2\/comments?post=132596"}],"version-history":[{"count":2,"href":"https:\/\/www.welovecycling.com\/wide\/wp-json\/wp\/v2\/posts\/132596\/revisions"}],"predecessor-version":[{"id":132611,"href":"https:\/\/www.welovecycling.com\/wide\/wp-json\/wp\/v2\/posts\/132596\/revisions\/132611"}],"wp:featuredmedia":[{"embeddable":true,"href":"https:\/\/www.welovecycling.com\/wide\/wp-json\/wp\/v2\/media\/132606"}],"wp:attachment":[{"href":"https:\/\/www.welovecycling.com\/wide\/wp-json\/wp\/v2\/media?parent=132596"}],"wp:term":[{"taxonomy":"category","embeddable":true,"href":"https:\/\/www.welovecycling.com\/wide\/wp-json\/wp\/v2\/categories?post=132596"},{"taxonomy":"post_tag","embeddable":true,"href":"https:\/\/www.welovecycling.com\/wide\/wp-json\/wp\/v2\/tags?post=132596"},{"taxonomy":"global-categories","embeddable":true,"href":"https:\/\/www.welovecycling.com\/wide\/wp-json\/wp\/v2\/global-categories?post=132596"}],"curies":[{"name":"wp","href":"https:\/\/api.w.org\/{rel}","templated":true}]}}