{"id":132574,"date":"2015-12-17T16:44:00","date_gmt":"2015-12-17T14:44:00","guid":{"rendered":"https:\/\/www.welovecycling.com\/?p=132574"},"modified":"2015-12-17T22:20:53","modified_gmt":"2015-12-17T20:20:53","slug":"vienna-ride-with-mimi","status":"publish","type":"post","link":"https:\/\/www.welovecycling.com\/wide\/2015\/12\/17\/vienna-ride-with-mimi\/","title":{"rendered":"Vienna ride with Mimi"},"content":{"rendered":"<p class=\"p1\"><strong>Do you consider coming to Vienna with your bike? There\u2019s no one better to be your guide than Miriam Kathrein. Friends call her Mimi. She started cycling five years ago, but since then she\u2019s got a big story behind her.<\/strong><\/p>\n<p class=\"p1\"><!--more--><\/p>\n<p class=\"p1\">She\u2019s <span class=\"s1\">a<\/span> founding member of <i>Le Rouleur Lent<\/i> cycling movement, she organizes group rides (not only) for cycling women, she is <span class=\"s1\">a<\/span> Rapha Ambassador and RCC Member and she is involved in a lot of Rapha specific events. She talks about cycling in the Austrian capital city, about <span class=\"s1\">its<\/span> car drivers, road network and she gives out some very special hints for the cycling visitors.<\/p>\n<p class=\"p1\"><span class=\"s1\"><b>What if I want to come to Wien as a foreigner and I want go experience a ride with locals?<\/b><\/span><\/p>\n<p class=\"p1\">There are great people to meet and ride with in Vienna, and <span class=\"s1\">for a year now<\/span> there are a lot of possibilities to go on group rides. Vienna has great surroundings \u2013 more hills than serious mountain routes, but still beautiful landscapes.<\/p>\n<p class=\"p1\"><img loading=\"lazy\" decoding=\"async\" class=\"alignnone size-medium wp-image-132585\" src=\"https:\/\/d2p6e6u75xmxt8.cloudfront.net\/2\/2015\/12\/RAPHA_WIEN_01-600x408.jpg\" alt=\"\" width=\"600\" height=\"408\" \/><\/p>\n<p class=\"p1\">Obviously, when you are in Vienna you want to get in touch with LRL and we are happy to show you awesome routes and ride with you. But you also need to check out the regular rides of our friend Joshua Hayes, who is running the Veletage bike shop<span class=\"s1\"> &#8211; fast paced morning rides e<\/span>very Tuesday and Thursday, and his more casual SundayFunday Rides, which I also try to make as often as possible. And there is the VICC-Vienna International Cycling Club <span class=\"s1\">led<\/span> by Stuart Marven, where you can find lots and lots of possibilities to meet people who\u2019ll show you good roads in and around Vienna.<\/p>\n<p class=\"p1\"><span class=\"s1\"><b>How much popular is road cycling in Austria these days? Do you think the times are\u00a0changing? Do you see more cyclists in the streets?<\/b><\/span><\/p>\n<p class=\"p1\">Yes, it changed a lot. There are more and more people getting <span class=\"s1\">into<\/span> road-biking. It\u2019s really awesome to see that.<\/p>\n<p class=\"p1\"><img loading=\"lazy\" decoding=\"async\" class=\"alignnone size-medium wp-image-132586\" src=\"https:\/\/d2p6e6u75xmxt8.cloudfront.net\/2\/2015\/12\/DolomitePrestigeRapha-LRL-Team-600x400.jpg\" alt=\"\" width=\"600\" height=\"400\" \/><\/p>\n<p class=\"p1\"><span class=\"s1\"><b>Do you consider Vienna\u00a0as biking friendly city? Write me some details why or why not.<\/b><\/span><\/p>\n<p class=\"p1\">Vienna is a city with <span class=\"s1\">a <\/span>very good public transport. I think our politicians have the idea that if you don\u2019t own or drive a car you should use public transport rather than a bike. That\u2019s probably why the concept of commuting by bike is not understood very well.<\/p>\n<p class=\"p1\"><img loading=\"lazy\" decoding=\"async\" class=\"alignnone size-medium wp-image-132587\" src=\"https:\/\/d2p6e6u75xmxt8.cloudfront.net\/2\/2015\/12\/AG9C2146_1-600x400.jpg\" alt=\"\" width=\"600\" height=\"400\" \/><\/p>\n<p class=\"p1\">The priorities are clearly stated \u2013 car <span class=\"s1\">first<\/span>, then public transport followed by pedestrians and bikes <span class=\"s1\">have<\/span> <span class=\"s1\">the<\/span> last place. Still what changed is that the bike infrastructure is growing since the last ten years. But more often it is an <span class=\"s1\">afterthought<\/span> rather than good urban planning. That sucks but there\u2019s hope. We are definitely better off than some other cities, but we are far from being like Copenhagen or any <span class=\"s1\">Dutch<\/span> city.<\/p>\n<p class=\"p1\"><span class=\"s1\"><b>How are the Austrian drivers? Are they respectful to the cyclists?<\/b><\/span><\/p>\n<p class=\"p1\">Not really. They are quite aggressive \u2013 probably because they are mostly uneducated and have no idea about traffic rules, what cyclists are allowed to do or not, like riding next to each other in groups while out training. I experienced a lot of dangerous situations. I have the suspicion that most drivers aren\u2019t aware of the fact that they actually could kill someone. That said there are also nice ones who drive very considerately.<\/p>\n<p class=\"p1\"><span class=\"s1\"><b>Are there any other clubs in Wien? Are you cooperating or rather fighting each other?<\/b><\/span><\/p>\n<p class=\"p1\">There is a lot of competition \u2013 but it\u2019s friendly competition. We have for example<span class=\"Apple-converted-space\">\u00a0 <\/span>Format RC, Radcore, BBURD, or VICC. Each club has its niche, so you can\u2019t really compare them with each other.<\/p>\n<p class=\"p1\"><img loading=\"lazy\" decoding=\"async\" class=\"alignnone size-medium wp-image-132589\" src=\"https:\/\/d2p6e6u75xmxt8.cloudfront.net\/2\/2015\/12\/RAPHA_WIEN_70-600x393.jpg\" alt=\"\" width=\"600\" height=\"393\" \/><\/p>\n<p class=\"p2\"><span class=\"s1\"><b>Can you recommend me some special places somehow connected with Vienna\u2019s\u00a0<\/b><\/span><b>cycling community?\u00a0<\/b><\/p>\n<p class=\"p1\">Z\u00c5MM is a great coffee place owned by Max(imilian Huber), who is a designer and <span class=\"s1\">a<\/span> dedicated cyclist himself. There is <span class=\"s1\">the<\/span> Veletage, a boutique like bike shop, managed by the great Joshua Hayes. You can check out Citybiker and Roadbiker, good bike shops with friendly staff and maybe Radlager, another coffee place, where you can also find vintage road bikes.<\/p>\n","protected":false},"excerpt":{"rendered":"<p>Do you consider coming to Vienna with your bike? There\u2019s no one better to be your guide than Miriam Kathrein. [&hellip;]<\/p>\n","protected":false},"author":14,"featured_media":132575,"comment_status":"open","ping_status":"open","sticky":false,"template":"","format":"standard","meta":{"footnotes":""},"categories":[328,329,334,330],"tags":[],"global-categories":[],"class_list":["post-132574","post","type-post","status-publish","format-standard","has-post-thumbnail","hentry","category-outdoor-mountain","category-road-cycling","category-socialising-and-culture","category-urban-cycling"],"yoast_head":"<!-- This site is optimized with the Yoast SEO Premium plugin v25.3 (Yoast SEO v25.9) - https:\/\/yoast.com\/wordpress\/plugins\/seo\/ -->\n<title>Vienna ride with Mimi - \u0160koda We Love Cycling<\/title>\n<meta name=\"description\" content=\"Do you consider coming to Vienna with your bike? There\u2019s no one better to be your guide than Miriam Kathrein.\" \/>\n<meta name=\"robots\" content=\"index, follow, max-snippet:-1, max-image-preview:large, max-video-preview:-1\" \/>\n<link rel=\"canonical\" href=\"https:\/\/www.welovecycling.com\/wide\/2015\/12\/17\/vienna-ride-with-mimi\/\" \/>\n<meta property=\"og:locale\" content=\"en_US\" \/>\n<meta property=\"og:type\" content=\"article\" \/>\n<meta property=\"og:title\" content=\"Vienna ride with Mimi\" \/>\n<meta property=\"og:description\" content=\"Do you consider coming to Vienna with your bike? There\u2019s no one better to be your guide than Miriam Kathrein.\" \/>\n<meta property=\"og:url\" content=\"https:\/\/www.welovecycling.com\/wide\/2015\/12\/17\/vienna-ride-with-mimi\/\" \/>\n<meta property=\"og:site_name\" content=\"\u0160koda We Love Cycling\" \/>\n<meta property=\"article:published_time\" content=\"2015-12-17T14:44:00+00:00\" \/>\n<meta property=\"article:modified_time\" content=\"2015-12-17T20:20:53+00:00\" \/>\n<meta property=\"og:image\" content=\"https:\/\/d2p6e6u75xmxt8.cloudfront.net\/2\/2015\/12\/opener119.webp\" \/>\n\t<meta property=\"og:image:width\" content=\"525\" \/>\n\t<meta property=\"og:image:height\" content=\"350\" \/>\n\t<meta property=\"og:image:type\" content=\"image\/webp\" \/>\n<meta name=\"twitter:card\" content=\"summary_large_image\" \/>\n<meta name=\"twitter:label1\" content=\"Written by\" \/>\n\t<meta name=\"twitter:data1\" content=\"Adam Marsal\" \/>\n\t<meta name=\"twitter:label2\" content=\"Est. reading time\" \/>\n\t<meta name=\"twitter:data2\" content=\"3 minutes\" \/>\n<script type=\"application\/ld+json\" class=\"yoast-schema-graph\">{\"@context\":\"https:\/\/schema.org\",\"@graph\":[{\"@type\":\"WebPage\",\"@id\":\"https:\/\/www.welovecycling.com\/wide\/2015\/12\/17\/vienna-ride-with-mimi\/\",\"url\":\"https:\/\/www.welovecycling.com\/wide\/2015\/12\/17\/vienna-ride-with-mimi\/\",\"name\":\"Vienna ride with Mimi - \u0160koda We Love Cycling\",\"isPartOf\":{\"@id\":\"https:\/\/www.welovecycling.com\/wide\/#website\"},\"primaryImageOfPage\":{\"@id\":\"https:\/\/www.welovecycling.com\/wide\/2015\/12\/17\/vienna-ride-with-mimi\/#primaryimage\"},\"image\":{\"@id\":\"https:\/\/www.welovecycling.com\/wide\/2015\/12\/17\/vienna-ride-with-mimi\/#primaryimage\"},\"thumbnailUrl\":\"https:\/\/d2p6e6u75xmxt8.cloudfront.net\/2\/2015\/12\/opener119.webp\",\"datePublished\":\"2015-12-17T14:44:00+00:00\",\"dateModified\":\"2015-12-17T20:20:53+00:00\",\"author\":{\"@id\":\"\"},\"description\":\"Do you consider coming to Vienna with your bike? There\u2019s no one better to be your guide than Miriam Kathrein.\",\"breadcrumb\":{\"@id\":\"https:\/\/www.welovecycling.com\/wide\/2015\/12\/17\/vienna-ride-with-mimi\/#breadcrumb\"},\"inLanguage\":\"en-US\",\"potentialAction\":[{\"@type\":\"ReadAction\",\"target\":[\"https:\/\/www.welovecycling.com\/wide\/2015\/12\/17\/vienna-ride-with-mimi\/\"]}]},{\"@type\":\"ImageObject\",\"inLanguage\":\"en-US\",\"@id\":\"https:\/\/www.welovecycling.com\/wide\/2015\/12\/17\/vienna-ride-with-mimi\/#primaryimage\",\"url\":\"https:\/\/d2p6e6u75xmxt8.cloudfront.net\/2\/2015\/12\/opener119.webp\",\"contentUrl\":\"https:\/\/d2p6e6u75xmxt8.cloudfront.net\/2\/2015\/12\/opener119.webp\",\"width\":525,\"height\":350},{\"@type\":\"BreadcrumbList\",\"@id\":\"https:\/\/www.welovecycling.com\/wide\/2015\/12\/17\/vienna-ride-with-mimi\/#breadcrumb\",\"itemListElement\":[{\"@type\":\"ListItem\",\"position\":1,\"name\":\"Home\",\"item\":\"https:\/\/www.welovecycling.com\/wide\/\"},{\"@type\":\"ListItem\",\"position\":2,\"name\":\"Vienna ride with Mimi\"}]},{\"@type\":\"WebSite\",\"@id\":\"https:\/\/www.welovecycling.com\/wide\/#website\",\"url\":\"https:\/\/www.welovecycling.com\/wide\/\",\"name\":\"\u0160koda We Love Cycling\",\"description\":\"\u0160koda We Love Cycling magazine\",\"alternateName\":\"\u0160koda WLC\",\"potentialAction\":[{\"@type\":\"SearchAction\",\"target\":{\"@type\":\"EntryPoint\",\"urlTemplate\":\"https:\/\/www.welovecycling.com\/wide\/?s={search_term_string}\"},\"query-input\":{\"@type\":\"PropertyValueSpecification\",\"valueRequired\":true,\"valueName\":\"search_term_string\"}}],\"inLanguage\":\"en-US\"},{\"@type\":\"Person\",\"@id\":\"\",\"url\":\"https:\/\/www.welovecycling.com\/wide\/author\/\"}]}<\/script>\n<!-- \/ Yoast SEO Premium plugin. -->","yoast_head_json":{"title":"Vienna ride with Mimi - \u0160koda We Love Cycling","description":"Do you consider coming to Vienna with your bike? There\u2019s no one better to be your guide than Miriam Kathrein.","robots":{"index":"index","follow":"follow","max-snippet":"max-snippet:-1","max-image-preview":"max-image-preview:large","max-video-preview":"max-video-preview:-1"},"canonical":"https:\/\/www.welovecycling.com\/wide\/2015\/12\/17\/vienna-ride-with-mimi\/","og_locale":"en_US","og_type":"article","og_title":"Vienna ride with Mimi","og_description":"Do you consider coming to Vienna with your bike? There\u2019s no one better to be your guide than Miriam Kathrein.","og_url":"https:\/\/www.welovecycling.com\/wide\/2015\/12\/17\/vienna-ride-with-mimi\/","og_site_name":"\u0160koda We Love Cycling","article_published_time":"2015-12-17T14:44:00+00:00","article_modified_time":"2015-12-17T20:20:53+00:00","og_image":[{"width":525,"height":350,"url":"https:\/\/d2p6e6u75xmxt8.cloudfront.net\/2\/2015\/12\/opener119.webp","type":"image\/webp"}],"twitter_card":"summary_large_image","twitter_misc":{"Written by":"Adam Marsal","Est. reading time":"3 minutes"},"schema":{"@context":"https:\/\/schema.org","@graph":[{"@type":"WebPage","@id":"https:\/\/www.welovecycling.com\/wide\/2015\/12\/17\/vienna-ride-with-mimi\/","url":"https:\/\/www.welovecycling.com\/wide\/2015\/12\/17\/vienna-ride-with-mimi\/","name":"Vienna ride with Mimi - \u0160koda We Love Cycling","isPartOf":{"@id":"https:\/\/www.welovecycling.com\/wide\/#website"},"primaryImageOfPage":{"@id":"https:\/\/www.welovecycling.com\/wide\/2015\/12\/17\/vienna-ride-with-mimi\/#primaryimage"},"image":{"@id":"https:\/\/www.welovecycling.com\/wide\/2015\/12\/17\/vienna-ride-with-mimi\/#primaryimage"},"thumbnailUrl":"https:\/\/d2p6e6u75xmxt8.cloudfront.net\/2\/2015\/12\/opener119.webp","datePublished":"2015-12-17T14:44:00+00:00","dateModified":"2015-12-17T20:20:53+00:00","author":{"@id":""},"description":"Do you consider coming to Vienna with your bike? There\u2019s no one better to be your guide than Miriam Kathrein.","breadcrumb":{"@id":"https:\/\/www.welovecycling.com\/wide\/2015\/12\/17\/vienna-ride-with-mimi\/#breadcrumb"},"inLanguage":"en-US","potentialAction":[{"@type":"ReadAction","target":["https:\/\/www.welovecycling.com\/wide\/2015\/12\/17\/vienna-ride-with-mimi\/"]}]},{"@type":"ImageObject","inLanguage":"en-US","@id":"https:\/\/www.welovecycling.com\/wide\/2015\/12\/17\/vienna-ride-with-mimi\/#primaryimage","url":"https:\/\/d2p6e6u75xmxt8.cloudfront.net\/2\/2015\/12\/opener119.webp","contentUrl":"https:\/\/d2p6e6u75xmxt8.cloudfront.net\/2\/2015\/12\/opener119.webp","width":525,"height":350},{"@type":"BreadcrumbList","@id":"https:\/\/www.welovecycling.com\/wide\/2015\/12\/17\/vienna-ride-with-mimi\/#breadcrumb","itemListElement":[{"@type":"ListItem","position":1,"name":"Home","item":"https:\/\/www.welovecycling.com\/wide\/"},{"@type":"ListItem","position":2,"name":"Vienna ride with Mimi"}]},{"@type":"WebSite","@id":"https:\/\/www.welovecycling.com\/wide\/#website","url":"https:\/\/www.welovecycling.com\/wide\/","name":"\u0160koda We Love Cycling","description":"\u0160koda We Love Cycling magazine","alternateName":"\u0160koda WLC","potentialAction":[{"@type":"SearchAction","target":{"@type":"EntryPoint","urlTemplate":"https:\/\/www.welovecycling.com\/wide\/?s={search_term_string}"},"query-input":{"@type":"PropertyValueSpecification","valueRequired":true,"valueName":"search_term_string"}}],"inLanguage":"en-US"},{"@type":"Person","@id":"","url":"https:\/\/www.welovecycling.com\/wide\/author\/"}]}},"_links":{"self":[{"href":"https:\/\/www.welovecycling.com\/wide\/wp-json\/wp\/v2\/posts\/132574","targetHints":{"allow":["GET"]}}],"collection":[{"href":"https:\/\/www.welovecycling.com\/wide\/wp-json\/wp\/v2\/posts"}],"about":[{"href":"https:\/\/www.welovecycling.com\/wide\/wp-json\/wp\/v2\/types\/post"}],"author":[{"embeddable":true,"href":"https:\/\/www.welovecycling.com\/wide\/wp-json\/wp\/v2\/users\/14"}],"replies":[{"embeddable":true,"href":"https:\/\/www.welovecycling.com\/wide\/wp-json\/wp\/v2\/comments?post=132574"}],"version-history":[{"count":2,"href":"https:\/\/www.welovecycling.com\/wide\/wp-json\/wp\/v2\/posts\/132574\/revisions"}],"predecessor-version":[{"id":132595,"href":"https:\/\/www.welovecycling.com\/wide\/wp-json\/wp\/v2\/posts\/132574\/revisions\/132595"}],"wp:featuredmedia":[{"embeddable":true,"href":"https:\/\/www.welovecycling.com\/wide\/wp-json\/wp\/v2\/media\/132575"}],"wp:attachment":[{"href":"https:\/\/www.welovecycling.com\/wide\/wp-json\/wp\/v2\/media?parent=132574"}],"wp:term":[{"taxonomy":"category","embeddable":true,"href":"https:\/\/www.welovecycling.com\/wide\/wp-json\/wp\/v2\/categories?post=132574"},{"taxonomy":"post_tag","embeddable":true,"href":"https:\/\/www.welovecycling.com\/wide\/wp-json\/wp\/v2\/tags?post=132574"},{"taxonomy":"global-categories","embeddable":true,"href":"https:\/\/www.welovecycling.com\/wide\/wp-json\/wp\/v2\/global-categories?post=132574"}],"curies":[{"name":"wp","href":"https:\/\/api.w.org\/{rel}","templated":true}]}}