{"id":132470,"date":"2015-12-14T16:20:54","date_gmt":"2015-12-14T14:20:54","guid":{"rendered":"https:\/\/www.welovecycling.com\/?p=132470"},"modified":"2015-12-14T16:20:54","modified_gmt":"2015-12-14T14:20:54","slug":"coolest-news-from-the-world-of-cycling-2","status":"publish","type":"post","link":"https:\/\/www.welovecycling.com\/wide\/2015\/12\/14\/coolest-news-from-the-world-of-cycling-2\/","title":{"rendered":"Coolest News From the World of Cycling!"},"content":{"rendered":"<p><strong>Another Monday is here and our news from the world of cycling with it! So what do you need to know?<\/strong><!--more--><\/p>\n<h2><strong>Believe In the Unbelievable<\/strong><\/h2>\n<div class=\"embed-controller-wrapper\">\n<div class=\"embed-wrapper\"><iframe title=\"Czech Team Paralympic - Believe In Unbelievable\" data-src=\"https:\/\/player.vimeo.com\/video\/148121752?dnt=1&amp;app_id=122963\" width=\"500\" height=\"281\" frameborder=\"0\" allow=\"autoplay; fullscreen; picture-in-picture; clipboard-write\"><\/iframe><\/div>\n<\/div>\n<p>There aren&#8217;t a lot of people who can offer you more inspiration than athletes competing in the Paralympic Games. Just look at Tereza Diepoldov\u00e1. She lost her right leg at the age of 11 and didn&#8217;t believe she could ever do any sport again. &#8220;That I will soon compete in swimming? And in a few years win medals in cycling? I didn`t believe that&#8230;&#8221; she confesses. And now? The only thing she doesn&#8217;t believe is that there is something she can&#8217;t achieve.<\/p>\n<p>Support the paralympics in Rio 2016!<\/p>\n<h2><strong>Self-Inflating PumpTire<\/strong><\/h2>\n<p><img loading=\"lazy\" decoding=\"async\" class=\"alignnone size-medium wp-image-132474\" src=\"https:\/\/d2p6e6u75xmxt8.cloudfront.net\/2\/2015\/12\/12345534_10153740978750782_149775950929512254_n-600x616.jpg\" alt=\"\" width=\"600\" height=\"616\" \/><\/p>\n<p>We&#8217;ve got another interesting Kickstarter campaign for you this week with an idea that could revolutionize cycling. The new PumpTire promises you won&#8217;t ever need to check your tires before heading out of your home again. Its valve, which features a special control system, is designed to maintain a set pressure within the tube by only letting air in if the pressure drops below the desired level. Once the pressure reaches the optimum state it will automatically close again. Quite clever, right?<\/p>\n<p>If you like this idea you can support the company&#8217;s Kickstarter campaign which will be launched early in 2016.<strong>\u00a0<\/strong><\/p>\n<h2><strong>Freeriding Ukraine<\/strong><\/h2>\n<lite-youtube videoid=JpjfHOpyK_I params=\"enablejsapi=1\" style=\"background-image: url('https:\/\/i.ytimg.com\/vi_webp\/JpjfHOpyK_I\/maxresdefault.webp');\"><\/lite-youtube>\n<p>Ukraine is a country that offers beautiful nature and breathtaking sceneries. We\u2019ve paid it a visit and biked downhill its highest mountain Hoverla!<\/p>\n<h2><strong style=\"line-height: 1.5;\">Bike for Dad (Special Dad)<\/strong><\/h2>\n<lite-youtube videoid=J6qrkvdM9sA params=\"enablejsapi=1\" style=\"background-image: url('https:\/\/i.ytimg.com\/vi_webp\/J6qrkvdM9sA\/maxresdefault.webp');\"><\/lite-youtube>\n<p>Thailand&#8217;s crown prince Maha Vajiralongkorn led a 29 km bike ride around Bangkok on Friday in order to celebrate his father&#8217;s 88<sup>th<\/sup> birthday. The reports don&#8217;t say if King Bhumibol Adulyadej was pleased but the turnout of approximately 100 000 cyclists must have been amazing to watch.<\/p>\n<p><strong style=\"line-height: 1.5;\">The new Team Sky Kit<\/strong><\/p>\n<p><img loading=\"lazy\" decoding=\"async\" class=\"alignnone size-medium wp-image-132477\" src=\"https:\/\/d2p6e6u75xmxt8.cloudfront.net\/2\/2015\/12\/12298856_1535604636761276_1767569851_n-600x600.jpg\" alt=\"\" width=\"600\" height=\"600\" \/><br \/>\nPhoto: Team Sky <a href=\"https:\/\/www.instagram.com\/teamsky\/\" target=\"_blank\">Instagram<\/a><\/p>\n<p>How do you like the new Team Sky look? It&#8217;s the final kit Rapha will ever produce for the British cycling team and it definitely looks special.<strong>\u00a0<\/strong><\/p>\n<h2><strong>Cyclist&#8217;s Coffee<\/strong><\/h2>\n<p><img loading=\"lazy\" decoding=\"async\" class=\"alignnone size-medium wp-image-132480\" src=\"https:\/\/d2p6e6u75xmxt8.cloudfront.net\/2\/2015\/12\/profimedia-0078686168-600x400.jpg\" alt=\"\" width=\"600\" height=\"400\" \/><\/p>\n<p>Coffee is one of the few things you can use for performance enhancement without anyone making a fuss. So, (naturally) we use it but ordinary coffee contains between 10mg and 250 mg of caffeine and that&#8217;s why you can never be sure what kind of Hulk are you going to wake inside of you.<\/p>\n<p>&#8216;TrueStart was born from our personal experiences while training for an Ironman triathlon. Coffee became our go-to energy boost but we were both experiencing varying and unpredictable effects,&#8217; says triathlete Helena Hills.<\/p>\n<p>That&#8217;s where TrueStart come into play. They guarantee 95mg of caffeine per 2g serving plus it&#8217;s absolutely free of any additives, synthetics etc.<\/p>\n<h2><strong>Cycling in snow<\/strong><\/h2>\n<p><img loading=\"lazy\" decoding=\"async\" class=\"alignnone size-medium wp-image-132478\" src=\"https:\/\/d2p6e6u75xmxt8.cloudfront.net\/2\/2015\/12\/12317846_154239498265880_1548815920_n-600x401.jpg\" alt=\"\" width=\"600\" height=\"401\" \/><br \/>\nPhoto: We Love Cycling <a href=\"https:\/\/www.instagram.com\/wlcmagazine\/\" target=\"_blank\">Instagram<\/a><\/p>\n<p>Have you already felt the snow under your wheels this season? Let us know in the comments section!<\/p>\n","protected":false},"excerpt":{"rendered":"<p>Another Monday is here and our news from the world of cycling with it! So what do you need to [&hellip;]<\/p>\n","protected":false},"author":14,"featured_media":132482,"comment_status":"open","ping_status":"open","sticky":false,"template":"","format":"standard","meta":{"footnotes":""},"categories":[328,329,334,330],"tags":[],"global-categories":[],"class_list":["post-132470","post","type-post","status-publish","format-standard","has-post-thumbnail","hentry","category-outdoor-mountain","category-road-cycling","category-socialising-and-culture","category-urban-cycling"],"yoast_head":"<!-- This site is optimized with the Yoast SEO Premium plugin v25.3 (Yoast SEO v25.9) - https:\/\/yoast.com\/wordpress\/plugins\/seo\/ -->\n<title>Coolest News From the World of Cycling! - \u0160koda We Love Cycling<\/title>\n<meta name=\"description\" content=\"Another Monday is here and our news from the world of cycling with it! So what do you need to know?\" \/>\n<meta name=\"robots\" content=\"index, follow, max-snippet:-1, max-image-preview:large, max-video-preview:-1\" \/>\n<link rel=\"canonical\" href=\"https:\/\/www.welovecycling.com\/wide\/2015\/12\/14\/coolest-news-from-the-world-of-cycling-2\/\" \/>\n<meta property=\"og:locale\" content=\"en_US\" \/>\n<meta property=\"og:type\" content=\"article\" \/>\n<meta property=\"og:title\" content=\"Coolest News From the World of Cycling!\" \/>\n<meta property=\"og:description\" content=\"Another Monday is here and our news from the world of cycling with it! So what do you need to know?\" \/>\n<meta property=\"og:url\" content=\"https:\/\/www.welovecycling.com\/wide\/2015\/12\/14\/coolest-news-from-the-world-of-cycling-2\/\" \/>\n<meta property=\"og:site_name\" content=\"\u0160koda We Love Cycling\" \/>\n<meta property=\"article:published_time\" content=\"2015-12-14T14:20:54+00:00\" \/>\n<meta property=\"og:image\" content=\"https:\/\/d2p6e6u75xmxt8.cloudfront.net\/2\/2015\/12\/opener114.webp\" \/>\n\t<meta property=\"og:image:width\" content=\"525\" \/>\n\t<meta property=\"og:image:height\" content=\"350\" \/>\n\t<meta property=\"og:image:type\" content=\"image\/webp\" \/>\n<meta name=\"twitter:card\" content=\"summary_large_image\" \/>\n<meta name=\"twitter:label1\" content=\"Written by\" \/>\n\t<meta name=\"twitter:data1\" content=\"Martin Winter\" \/>\n\t<meta name=\"twitter:label2\" content=\"Est. reading time\" \/>\n\t<meta name=\"twitter:data2\" content=\"2 minutes\" \/>\n<script type=\"application\/ld+json\" class=\"yoast-schema-graph\">{\"@context\":\"https:\/\/schema.org\",\"@graph\":[{\"@type\":\"WebPage\",\"@id\":\"https:\/\/www.welovecycling.com\/wide\/2015\/12\/14\/coolest-news-from-the-world-of-cycling-2\/\",\"url\":\"https:\/\/www.welovecycling.com\/wide\/2015\/12\/14\/coolest-news-from-the-world-of-cycling-2\/\",\"name\":\"Coolest News From the World of Cycling! - \u0160koda We Love Cycling\",\"isPartOf\":{\"@id\":\"https:\/\/www.welovecycling.com\/wide\/#website\"},\"primaryImageOfPage\":{\"@id\":\"https:\/\/www.welovecycling.com\/wide\/2015\/12\/14\/coolest-news-from-the-world-of-cycling-2\/#primaryimage\"},\"image\":{\"@id\":\"https:\/\/www.welovecycling.com\/wide\/2015\/12\/14\/coolest-news-from-the-world-of-cycling-2\/#primaryimage\"},\"thumbnailUrl\":\"https:\/\/d2p6e6u75xmxt8.cloudfront.net\/2\/2015\/12\/opener114.webp\",\"datePublished\":\"2015-12-14T14:20:54+00:00\",\"author\":{\"@id\":\"\"},\"description\":\"Another Monday is here and our news from the world of cycling with it! So what do you need to know?\",\"breadcrumb\":{\"@id\":\"https:\/\/www.welovecycling.com\/wide\/2015\/12\/14\/coolest-news-from-the-world-of-cycling-2\/#breadcrumb\"},\"inLanguage\":\"en-US\",\"potentialAction\":[{\"@type\":\"ReadAction\",\"target\":[\"https:\/\/www.welovecycling.com\/wide\/2015\/12\/14\/coolest-news-from-the-world-of-cycling-2\/\"]}]},{\"@type\":\"ImageObject\",\"inLanguage\":\"en-US\",\"@id\":\"https:\/\/www.welovecycling.com\/wide\/2015\/12\/14\/coolest-news-from-the-world-of-cycling-2\/#primaryimage\",\"url\":\"https:\/\/d2p6e6u75xmxt8.cloudfront.net\/2\/2015\/12\/opener114.webp\",\"contentUrl\":\"https:\/\/d2p6e6u75xmxt8.cloudfront.net\/2\/2015\/12\/opener114.webp\",\"width\":525,\"height\":350},{\"@type\":\"BreadcrumbList\",\"@id\":\"https:\/\/www.welovecycling.com\/wide\/2015\/12\/14\/coolest-news-from-the-world-of-cycling-2\/#breadcrumb\",\"itemListElement\":[{\"@type\":\"ListItem\",\"position\":1,\"name\":\"Home\",\"item\":\"https:\/\/www.welovecycling.com\/wide\/\"},{\"@type\":\"ListItem\",\"position\":2,\"name\":\"Coolest News From the World of Cycling!\"}]},{\"@type\":\"WebSite\",\"@id\":\"https:\/\/www.welovecycling.com\/wide\/#website\",\"url\":\"https:\/\/www.welovecycling.com\/wide\/\",\"name\":\"\u0160koda We Love Cycling\",\"description\":\"\u0160koda We Love Cycling magazine\",\"alternateName\":\"\u0160koda WLC\",\"potentialAction\":[{\"@type\":\"SearchAction\",\"target\":{\"@type\":\"EntryPoint\",\"urlTemplate\":\"https:\/\/www.welovecycling.com\/wide\/?s={search_term_string}\"},\"query-input\":{\"@type\":\"PropertyValueSpecification\",\"valueRequired\":true,\"valueName\":\"search_term_string\"}}],\"inLanguage\":\"en-US\"},{\"@type\":\"Person\",\"@id\":\"\",\"url\":\"https:\/\/www.welovecycling.com\/wide\/author\/\"}]}<\/script>\n<!-- \/ Yoast SEO Premium plugin. -->","yoast_head_json":{"title":"Coolest News From the World of Cycling! - \u0160koda We Love Cycling","description":"Another Monday is here and our news from the world of cycling with it! So what do you need to know?","robots":{"index":"index","follow":"follow","max-snippet":"max-snippet:-1","max-image-preview":"max-image-preview:large","max-video-preview":"max-video-preview:-1"},"canonical":"https:\/\/www.welovecycling.com\/wide\/2015\/12\/14\/coolest-news-from-the-world-of-cycling-2\/","og_locale":"en_US","og_type":"article","og_title":"Coolest News From the World of Cycling!","og_description":"Another Monday is here and our news from the world of cycling with it! So what do you need to know?","og_url":"https:\/\/www.welovecycling.com\/wide\/2015\/12\/14\/coolest-news-from-the-world-of-cycling-2\/","og_site_name":"\u0160koda We Love Cycling","article_published_time":"2015-12-14T14:20:54+00:00","og_image":[{"width":525,"height":350,"url":"https:\/\/d2p6e6u75xmxt8.cloudfront.net\/2\/2015\/12\/opener114.webp","type":"image\/webp"}],"twitter_card":"summary_large_image","twitter_misc":{"Written by":"Martin Winter","Est. reading time":"2 minutes"},"schema":{"@context":"https:\/\/schema.org","@graph":[{"@type":"WebPage","@id":"https:\/\/www.welovecycling.com\/wide\/2015\/12\/14\/coolest-news-from-the-world-of-cycling-2\/","url":"https:\/\/www.welovecycling.com\/wide\/2015\/12\/14\/coolest-news-from-the-world-of-cycling-2\/","name":"Coolest News From the World of Cycling! - \u0160koda We Love Cycling","isPartOf":{"@id":"https:\/\/www.welovecycling.com\/wide\/#website"},"primaryImageOfPage":{"@id":"https:\/\/www.welovecycling.com\/wide\/2015\/12\/14\/coolest-news-from-the-world-of-cycling-2\/#primaryimage"},"image":{"@id":"https:\/\/www.welovecycling.com\/wide\/2015\/12\/14\/coolest-news-from-the-world-of-cycling-2\/#primaryimage"},"thumbnailUrl":"https:\/\/d2p6e6u75xmxt8.cloudfront.net\/2\/2015\/12\/opener114.webp","datePublished":"2015-12-14T14:20:54+00:00","author":{"@id":""},"description":"Another Monday is here and our news from the world of cycling with it! So what do you need to know?","breadcrumb":{"@id":"https:\/\/www.welovecycling.com\/wide\/2015\/12\/14\/coolest-news-from-the-world-of-cycling-2\/#breadcrumb"},"inLanguage":"en-US","potentialAction":[{"@type":"ReadAction","target":["https:\/\/www.welovecycling.com\/wide\/2015\/12\/14\/coolest-news-from-the-world-of-cycling-2\/"]}]},{"@type":"ImageObject","inLanguage":"en-US","@id":"https:\/\/www.welovecycling.com\/wide\/2015\/12\/14\/coolest-news-from-the-world-of-cycling-2\/#primaryimage","url":"https:\/\/d2p6e6u75xmxt8.cloudfront.net\/2\/2015\/12\/opener114.webp","contentUrl":"https:\/\/d2p6e6u75xmxt8.cloudfront.net\/2\/2015\/12\/opener114.webp","width":525,"height":350},{"@type":"BreadcrumbList","@id":"https:\/\/www.welovecycling.com\/wide\/2015\/12\/14\/coolest-news-from-the-world-of-cycling-2\/#breadcrumb","itemListElement":[{"@type":"ListItem","position":1,"name":"Home","item":"https:\/\/www.welovecycling.com\/wide\/"},{"@type":"ListItem","position":2,"name":"Coolest News From the World of Cycling!"}]},{"@type":"WebSite","@id":"https:\/\/www.welovecycling.com\/wide\/#website","url":"https:\/\/www.welovecycling.com\/wide\/","name":"\u0160koda We Love Cycling","description":"\u0160koda We Love Cycling magazine","alternateName":"\u0160koda WLC","potentialAction":[{"@type":"SearchAction","target":{"@type":"EntryPoint","urlTemplate":"https:\/\/www.welovecycling.com\/wide\/?s={search_term_string}"},"query-input":{"@type":"PropertyValueSpecification","valueRequired":true,"valueName":"search_term_string"}}],"inLanguage":"en-US"},{"@type":"Person","@id":"","url":"https:\/\/www.welovecycling.com\/wide\/author\/"}]}},"_links":{"self":[{"href":"https:\/\/www.welovecycling.com\/wide\/wp-json\/wp\/v2\/posts\/132470","targetHints":{"allow":["GET"]}}],"collection":[{"href":"https:\/\/www.welovecycling.com\/wide\/wp-json\/wp\/v2\/posts"}],"about":[{"href":"https:\/\/www.welovecycling.com\/wide\/wp-json\/wp\/v2\/types\/post"}],"author":[{"embeddable":true,"href":"https:\/\/www.welovecycling.com\/wide\/wp-json\/wp\/v2\/users\/14"}],"replies":[{"embeddable":true,"href":"https:\/\/www.welovecycling.com\/wide\/wp-json\/wp\/v2\/comments?post=132470"}],"version-history":[{"count":2,"href":"https:\/\/www.welovecycling.com\/wide\/wp-json\/wp\/v2\/posts\/132470\/revisions"}],"predecessor-version":[{"id":132484,"href":"https:\/\/www.welovecycling.com\/wide\/wp-json\/wp\/v2\/posts\/132470\/revisions\/132484"}],"wp:featuredmedia":[{"embeddable":true,"href":"https:\/\/www.welovecycling.com\/wide\/wp-json\/wp\/v2\/media\/132482"}],"wp:attachment":[{"href":"https:\/\/www.welovecycling.com\/wide\/wp-json\/wp\/v2\/media?parent=132470"}],"wp:term":[{"taxonomy":"category","embeddable":true,"href":"https:\/\/www.welovecycling.com\/wide\/wp-json\/wp\/v2\/categories?post=132470"},{"taxonomy":"post_tag","embeddable":true,"href":"https:\/\/www.welovecycling.com\/wide\/wp-json\/wp\/v2\/tags?post=132470"},{"taxonomy":"global-categories","embeddable":true,"href":"https:\/\/www.welovecycling.com\/wide\/wp-json\/wp\/v2\/global-categories?post=132470"}],"curies":[{"name":"wp","href":"https:\/\/api.w.org\/{rel}","templated":true}]}}