{"id":132409,"date":"2015-12-11T10:39:20","date_gmt":"2015-12-11T08:39:20","guid":{"rendered":"https:\/\/www.welovecycling.com\/?p=132409"},"modified":"2015-12-11T10:39:20","modified_gmt":"2015-12-11T08:39:20","slug":"riding-santa-doesnt-need-reindeers","status":"publish","type":"post","link":"https:\/\/www.welovecycling.com\/wide\/2015\/12\/11\/riding-santa-doesnt-need-reindeers\/","title":{"rendered":"Riding Santa doesn\u2019t need reindeers"},"content":{"rendered":"<p><strong>It\u2019s that time of the year again! No matter what this holiday season means to you, there\u2019s always a reason for wearing a costume. Of course, the most popular costumes of this season belong to Santa and his team.<\/strong><!--more--><\/p>\n<p><img loading=\"lazy\" decoding=\"async\" class=\"alignnone size-medium wp-image-132412\" src=\"https:\/\/d2p6e6u75xmxt8.cloudfront.net\/2\/2015\/12\/ae-pork-n-pine-p05-734x540-600x441.jpg\" alt=\"\" width=\"600\" height=\"441\" \/><br \/>\nPhoto: <a href=\"http:\/\/www.baltimoresun.com\" target=\"_blank\">Baltimoresun.com<\/a><\/p>\n<p>Here is Santa rocking to some serious holiday tunes while biking with two of his little helpers.<\/p>\n<p><img loading=\"lazy\" decoding=\"async\" class=\"alignnone size-full wp-image-132413\" src=\"https:\/\/d2p6e6u75xmxt8.cloudfront.net\/2\/2015\/12\/santaclaus_parade2005_deer.jpg\" alt=\"\" width=\"214\" height=\"317\" \/><br \/>\nPhoto: <a href=\"http:\/\/www.bikeforrest.com\" target=\"_blank\">Bikeforrest.com<\/a><\/p>\n<p>This reindeer just needed to take a little break\u2026. on his little bike.<\/p>\n<p><img loading=\"lazy\" decoding=\"async\" class=\"alignnone size-medium wp-image-132414\" src=\"https:\/\/d2p6e6u75xmxt8.cloudfront.net\/2\/2015\/12\/10802589_1512006965744162_1806550098_n-600x600.jpg\" alt=\"\" width=\"600\" height=\"600\" \/><br \/>\nPhoto: bikepilgrim via <a href=\"https:\/\/www.instagram.com\/p\/wuRaTTEZip\" target=\"_blank\">Instagram<\/a><\/p>\n<p>Bringing a good little girl or boy a Christmas tree while the reindeer are resting\u2026. Wait, who asked for a tree for Christmas?<\/p>\n<p><img loading=\"lazy\" decoding=\"async\" class=\"alignnone size-full wp-image-132415\" src=\"https:\/\/d2p6e6u75xmxt8.cloudfront.net\/2\/2015\/12\/2013-12-24-Bicycle-Friends-Christmas-Santa.jpg\" alt=\"\" width=\"500\" height=\"500\" \/><br \/>\nPhoto: <a href=\"http:\/\/www.bicyclefirends.com\" target=\"_blank\">bicyclefriends.com<\/a><\/p>\n<p>Here\u2019s a picture of Santa with what appears to be a sack of presents (that had better not be a sack of potatoes!).<\/p>\n<p><img loading=\"lazy\" decoding=\"async\" class=\"alignnone size-medium wp-image-132417\" src=\"https:\/\/d2p6e6u75xmxt8.cloudfront.net\/2\/2015\/12\/sinterklaas51-600x338.jpg\" alt=\"\" width=\"600\" height=\"338\" \/><br \/>\nPhoto: <a href=\"http:\/\/bicycledutch.files.wordpress.com\" target=\"_blank\">bicycledutch<\/a><\/p>\n<p>Here is one of <em>Sinterklaas\u2019<\/em> helpers getting spotted by the paparazzi in the Netherlands.<\/p>\n<p><img loading=\"lazy\" decoding=\"async\" class=\"alignnone size-medium wp-image-132418\" src=\"https:\/\/d2p6e6u75xmxt8.cloudfront.net\/2\/2015\/12\/20121215_Santa-Rampage_7509-600x473.jpg\" alt=\"\" width=\"600\" height=\"473\" \/><br \/>\nPhoto: <a href=\"http:\/\/www.wisconsinbikefed.org\" target=\"_blank\">wisconsinbikefeed<\/a><\/p>\n<p>Here are another two of Santa\u2019s helpers getting photographed. Work hard, play hard, right?<\/p>\n<p><img loading=\"lazy\" decoding=\"async\" class=\"alignnone size-medium wp-image-132420\" src=\"https:\/\/d2p6e6u75xmxt8.cloudfront.net\/2\/2015\/12\/1538369_333363580140139_2060838321_n-600x600.jpg\" alt=\"\" width=\"600\" height=\"600\" \/><br \/>\nPhoto: georgegger via <a href=\"https:\/\/www.instagram.com\/p\/iS4nBTnHjy\" target=\"_blank\">Instagram<\/a><\/p>\n<p>Here is Santa in partial costume. This is especially useful for when he\u2019s delivering presents in warmer climates.<\/p>\n<p><img loading=\"lazy\" decoding=\"async\" class=\"alignnone size-medium wp-image-132421\" src=\"https:\/\/d2p6e6u75xmxt8.cloudfront.net\/2\/2015\/12\/926154_668055966575959_1839919480_n-600x600.jpg\" alt=\"\" width=\"600\" height=\"600\" \/><br \/>\nPhoto: deckhim via <a href=\"https:\/\/www.instagram.com\/p\/nlWGNQJvyB\" target=\"_blank\">Instagram<\/a><\/p>\n<p>Here is another one of Santa\u2019s reindeer team enjoying some warm weather on a day off. I don\u2019t know which of the reindeer he is, but I\u2019m pretty sure he\u2019s not Rudolph\u2026.<\/p>\n<p><img loading=\"lazy\" decoding=\"async\" class=\"alignnone size-medium wp-image-132422\" src=\"https:\/\/d2p6e6u75xmxt8.cloudfront.net\/2\/2015\/12\/20091204-105138-600x398.jpg\" alt=\"\" width=\"600\" height=\"398\" \/><br \/>\nPhoto: <a href=\"https:\/\/www.kettenrad.ch\" target=\"_blank\">kettenrad.ch<\/a><\/p>\n<p>Here is <em>Sammichlaus <\/em>with his sidekick, <em>Schmutzli<\/em>, in Switzerland<em>. <\/em>So, are you going to get a present this year from Santa or a thrashing from the other guy? Who\u2019s been naughty this year?!<\/p>\n","protected":false},"excerpt":{"rendered":"<p>It\u2019s that time of the year again! No matter what this holiday season means to you, there\u2019s always a reason [&hellip;]<\/p>\n","protected":false},"author":14,"featured_media":132410,"comment_status":"open","ping_status":"open","sticky":false,"template":"","format":"standard","meta":{"footnotes":""},"categories":[328,334,330],"tags":[],"global-categories":[],"class_list":["post-132409","post","type-post","status-publish","format-standard","has-post-thumbnail","hentry","category-outdoor-mountain","category-socialising-and-culture","category-urban-cycling"],"yoast_head":"<!-- This site is optimized with the Yoast SEO Premium plugin v25.3 (Yoast SEO v25.9) - https:\/\/yoast.com\/wordpress\/plugins\/seo\/ -->\n<title>Riding Santa doesn\u2019t need reindeers - \u0160koda We Love Cycling<\/title>\n<meta name=\"description\" content=\"It\u2019s that time of the year again! The most popular costumes of this season belong to Santa and his team.\" \/>\n<meta name=\"robots\" content=\"index, follow, max-snippet:-1, max-image-preview:large, max-video-preview:-1\" \/>\n<link rel=\"canonical\" href=\"https:\/\/www.welovecycling.com\/wide\/2015\/12\/11\/riding-santa-doesnt-need-reindeers\/\" \/>\n<meta property=\"og:locale\" content=\"en_US\" \/>\n<meta property=\"og:type\" content=\"article\" \/>\n<meta property=\"og:title\" content=\"Riding Santa doesn\u2019t need reindeers\" \/>\n<meta property=\"og:description\" content=\"It\u2019s that time of the year again! The most popular costumes of this season belong to Santa and his team.\" \/>\n<meta property=\"og:url\" content=\"https:\/\/www.welovecycling.com\/wide\/2015\/12\/11\/riding-santa-doesnt-need-reindeers\/\" \/>\n<meta property=\"og:site_name\" content=\"\u0160koda We Love Cycling\" \/>\n<meta property=\"article:published_time\" content=\"2015-12-11T08:39:20+00:00\" \/>\n<meta property=\"og:image\" content=\"https:\/\/d2p6e6u75xmxt8.cloudfront.net\/2\/2015\/12\/opener111.webp\" \/>\n\t<meta property=\"og:image:width\" content=\"525\" \/>\n\t<meta property=\"og:image:height\" content=\"350\" \/>\n\t<meta property=\"og:image:type\" content=\"image\/webp\" \/>\n<meta name=\"twitter:card\" content=\"summary_large_image\" \/>\n<meta name=\"twitter:label1\" content=\"Written by\" \/>\n\t<meta name=\"twitter:data1\" content=\"Angie Ng\" \/>\n\t<meta name=\"twitter:label2\" content=\"Est. reading time\" \/>\n\t<meta name=\"twitter:data2\" content=\"1 minute\" \/>\n<script type=\"application\/ld+json\" class=\"yoast-schema-graph\">{\"@context\":\"https:\/\/schema.org\",\"@graph\":[{\"@type\":\"WebPage\",\"@id\":\"https:\/\/www.welovecycling.com\/wide\/2015\/12\/11\/riding-santa-doesnt-need-reindeers\/\",\"url\":\"https:\/\/www.welovecycling.com\/wide\/2015\/12\/11\/riding-santa-doesnt-need-reindeers\/\",\"name\":\"Riding Santa doesn\u2019t need reindeers - \u0160koda We Love Cycling\",\"isPartOf\":{\"@id\":\"https:\/\/www.welovecycling.com\/wide\/#website\"},\"primaryImageOfPage\":{\"@id\":\"https:\/\/www.welovecycling.com\/wide\/2015\/12\/11\/riding-santa-doesnt-need-reindeers\/#primaryimage\"},\"image\":{\"@id\":\"https:\/\/www.welovecycling.com\/wide\/2015\/12\/11\/riding-santa-doesnt-need-reindeers\/#primaryimage\"},\"thumbnailUrl\":\"https:\/\/d2p6e6u75xmxt8.cloudfront.net\/2\/2015\/12\/opener111.webp\",\"datePublished\":\"2015-12-11T08:39:20+00:00\",\"author\":{\"@id\":\"\"},\"description\":\"It\u2019s that time of the year again! The most popular costumes of this season belong to Santa and his team.\",\"breadcrumb\":{\"@id\":\"https:\/\/www.welovecycling.com\/wide\/2015\/12\/11\/riding-santa-doesnt-need-reindeers\/#breadcrumb\"},\"inLanguage\":\"en-US\",\"potentialAction\":[{\"@type\":\"ReadAction\",\"target\":[\"https:\/\/www.welovecycling.com\/wide\/2015\/12\/11\/riding-santa-doesnt-need-reindeers\/\"]}]},{\"@type\":\"ImageObject\",\"inLanguage\":\"en-US\",\"@id\":\"https:\/\/www.welovecycling.com\/wide\/2015\/12\/11\/riding-santa-doesnt-need-reindeers\/#primaryimage\",\"url\":\"https:\/\/d2p6e6u75xmxt8.cloudfront.net\/2\/2015\/12\/opener111.webp\",\"contentUrl\":\"https:\/\/d2p6e6u75xmxt8.cloudfront.net\/2\/2015\/12\/opener111.webp\",\"width\":525,\"height\":350},{\"@type\":\"BreadcrumbList\",\"@id\":\"https:\/\/www.welovecycling.com\/wide\/2015\/12\/11\/riding-santa-doesnt-need-reindeers\/#breadcrumb\",\"itemListElement\":[{\"@type\":\"ListItem\",\"position\":1,\"name\":\"Home\",\"item\":\"https:\/\/www.welovecycling.com\/wide\/\"},{\"@type\":\"ListItem\",\"position\":2,\"name\":\"Riding Santa doesn\u2019t need reindeers\"}]},{\"@type\":\"WebSite\",\"@id\":\"https:\/\/www.welovecycling.com\/wide\/#website\",\"url\":\"https:\/\/www.welovecycling.com\/wide\/\",\"name\":\"\u0160koda We Love Cycling\",\"description\":\"\u0160koda We Love Cycling magazine\",\"alternateName\":\"\u0160koda WLC\",\"potentialAction\":[{\"@type\":\"SearchAction\",\"target\":{\"@type\":\"EntryPoint\",\"urlTemplate\":\"https:\/\/www.welovecycling.com\/wide\/?s={search_term_string}\"},\"query-input\":{\"@type\":\"PropertyValueSpecification\",\"valueRequired\":true,\"valueName\":\"search_term_string\"}}],\"inLanguage\":\"en-US\"},{\"@type\":\"Person\",\"@id\":\"\",\"url\":\"https:\/\/www.welovecycling.com\/wide\/author\/\"}]}<\/script>\n<!-- \/ Yoast SEO Premium plugin. -->","yoast_head_json":{"title":"Riding Santa doesn\u2019t need reindeers - \u0160koda We Love Cycling","description":"It\u2019s that time of the year again! The most popular costumes of this season belong to Santa and his team.","robots":{"index":"index","follow":"follow","max-snippet":"max-snippet:-1","max-image-preview":"max-image-preview:large","max-video-preview":"max-video-preview:-1"},"canonical":"https:\/\/www.welovecycling.com\/wide\/2015\/12\/11\/riding-santa-doesnt-need-reindeers\/","og_locale":"en_US","og_type":"article","og_title":"Riding Santa doesn\u2019t need reindeers","og_description":"It\u2019s that time of the year again! The most popular costumes of this season belong to Santa and his team.","og_url":"https:\/\/www.welovecycling.com\/wide\/2015\/12\/11\/riding-santa-doesnt-need-reindeers\/","og_site_name":"\u0160koda We Love Cycling","article_published_time":"2015-12-11T08:39:20+00:00","og_image":[{"width":525,"height":350,"url":"https:\/\/d2p6e6u75xmxt8.cloudfront.net\/2\/2015\/12\/opener111.webp","type":"image\/webp"}],"twitter_card":"summary_large_image","twitter_misc":{"Written by":"Angie Ng","Est. reading time":"1 minute"},"schema":{"@context":"https:\/\/schema.org","@graph":[{"@type":"WebPage","@id":"https:\/\/www.welovecycling.com\/wide\/2015\/12\/11\/riding-santa-doesnt-need-reindeers\/","url":"https:\/\/www.welovecycling.com\/wide\/2015\/12\/11\/riding-santa-doesnt-need-reindeers\/","name":"Riding Santa doesn\u2019t need reindeers - \u0160koda We Love Cycling","isPartOf":{"@id":"https:\/\/www.welovecycling.com\/wide\/#website"},"primaryImageOfPage":{"@id":"https:\/\/www.welovecycling.com\/wide\/2015\/12\/11\/riding-santa-doesnt-need-reindeers\/#primaryimage"},"image":{"@id":"https:\/\/www.welovecycling.com\/wide\/2015\/12\/11\/riding-santa-doesnt-need-reindeers\/#primaryimage"},"thumbnailUrl":"https:\/\/d2p6e6u75xmxt8.cloudfront.net\/2\/2015\/12\/opener111.webp","datePublished":"2015-12-11T08:39:20+00:00","author":{"@id":""},"description":"It\u2019s that time of the year again! The most popular costumes of this season belong to Santa and his team.","breadcrumb":{"@id":"https:\/\/www.welovecycling.com\/wide\/2015\/12\/11\/riding-santa-doesnt-need-reindeers\/#breadcrumb"},"inLanguage":"en-US","potentialAction":[{"@type":"ReadAction","target":["https:\/\/www.welovecycling.com\/wide\/2015\/12\/11\/riding-santa-doesnt-need-reindeers\/"]}]},{"@type":"ImageObject","inLanguage":"en-US","@id":"https:\/\/www.welovecycling.com\/wide\/2015\/12\/11\/riding-santa-doesnt-need-reindeers\/#primaryimage","url":"https:\/\/d2p6e6u75xmxt8.cloudfront.net\/2\/2015\/12\/opener111.webp","contentUrl":"https:\/\/d2p6e6u75xmxt8.cloudfront.net\/2\/2015\/12\/opener111.webp","width":525,"height":350},{"@type":"BreadcrumbList","@id":"https:\/\/www.welovecycling.com\/wide\/2015\/12\/11\/riding-santa-doesnt-need-reindeers\/#breadcrumb","itemListElement":[{"@type":"ListItem","position":1,"name":"Home","item":"https:\/\/www.welovecycling.com\/wide\/"},{"@type":"ListItem","position":2,"name":"Riding Santa doesn\u2019t need reindeers"}]},{"@type":"WebSite","@id":"https:\/\/www.welovecycling.com\/wide\/#website","url":"https:\/\/www.welovecycling.com\/wide\/","name":"\u0160koda We Love Cycling","description":"\u0160koda We Love Cycling magazine","alternateName":"\u0160koda WLC","potentialAction":[{"@type":"SearchAction","target":{"@type":"EntryPoint","urlTemplate":"https:\/\/www.welovecycling.com\/wide\/?s={search_term_string}"},"query-input":{"@type":"PropertyValueSpecification","valueRequired":true,"valueName":"search_term_string"}}],"inLanguage":"en-US"},{"@type":"Person","@id":"","url":"https:\/\/www.welovecycling.com\/wide\/author\/"}]}},"_links":{"self":[{"href":"https:\/\/www.welovecycling.com\/wide\/wp-json\/wp\/v2\/posts\/132409","targetHints":{"allow":["GET"]}}],"collection":[{"href":"https:\/\/www.welovecycling.com\/wide\/wp-json\/wp\/v2\/posts"}],"about":[{"href":"https:\/\/www.welovecycling.com\/wide\/wp-json\/wp\/v2\/types\/post"}],"author":[{"embeddable":true,"href":"https:\/\/www.welovecycling.com\/wide\/wp-json\/wp\/v2\/users\/14"}],"replies":[{"embeddable":true,"href":"https:\/\/www.welovecycling.com\/wide\/wp-json\/wp\/v2\/comments?post=132409"}],"version-history":[{"count":2,"href":"https:\/\/www.welovecycling.com\/wide\/wp-json\/wp\/v2\/posts\/132409\/revisions"}],"predecessor-version":[{"id":132428,"href":"https:\/\/www.welovecycling.com\/wide\/wp-json\/wp\/v2\/posts\/132409\/revisions\/132428"}],"wp:featuredmedia":[{"embeddable":true,"href":"https:\/\/www.welovecycling.com\/wide\/wp-json\/wp\/v2\/media\/132410"}],"wp:attachment":[{"href":"https:\/\/www.welovecycling.com\/wide\/wp-json\/wp\/v2\/media?parent=132409"}],"wp:term":[{"taxonomy":"category","embeddable":true,"href":"https:\/\/www.welovecycling.com\/wide\/wp-json\/wp\/v2\/categories?post=132409"},{"taxonomy":"post_tag","embeddable":true,"href":"https:\/\/www.welovecycling.com\/wide\/wp-json\/wp\/v2\/tags?post=132409"},{"taxonomy":"global-categories","embeddable":true,"href":"https:\/\/www.welovecycling.com\/wide\/wp-json\/wp\/v2\/global-categories?post=132409"}],"curies":[{"name":"wp","href":"https:\/\/api.w.org\/{rel}","templated":true}]}}