{"id":132268,"date":"2015-12-04T10:16:33","date_gmt":"2015-12-04T08:16:33","guid":{"rendered":"https:\/\/www.welovecycling.com\/?p=132268"},"modified":"2015-12-04T15:11:25","modified_gmt":"2015-12-04T13:11:25","slug":"8-dogs-that-are-really-into-cycling","status":"publish","type":"post","link":"https:\/\/www.welovecycling.com\/wide\/2015\/12\/04\/8-dogs-that-are-really-into-cycling\/","title":{"rendered":"8 dogs that are really into cycling"},"content":{"rendered":"<p><strong>We\u2019ve all gotten used to seeing little dogs carried around in handbags, haven\u2019t we? Or is it just me? How about carrying our doggie friends around on our bikes though? Let\u2019s look at a few ways we can do this.<\/strong><!--more--><\/p>\n<p>One at the front:<\/p>\n<blockquote class=\"instagram-media\" style=\"background: #FFF; border: 0; border-radius: 3px; box-shadow: 0 0 1px 0 rgba(0,0,0,0.5),0 1px 10px 0 rgba(0,0,0,0.15); margin: 1px; max-width: 658px; padding: 0; width: calc(100% - 2px);\" data-instgrm-captioned=\"\" data-instgrm-version=\"6\">\n<div style=\"padding: 8px;\">\n<div style=\"background: #F8F8F8; line-height: 0; margin-top: 40px; padding: 50.0% 0; text-align: center; width: 100%;\"><\/div>\n<p style=\"margin: 8px 0 0 0; padding: 0 4px;\"><a style=\"color: #000; font-family: Arial,sans-serif; font-size: 14px; font-style: normal; font-weight: normal; line-height: 17px; text-decoration: none; word-wrap: break-word;\" href=\"https:\/\/www.instagram.com\/p\/64hWtmih9r\/\" target=\"_blank\">Onwards and Pupwards! Where you biking me to? #doginabasket #fitsjustright #dogsandbikes #lilypulitzerbike<\/a><\/p>\n<p style=\"color: #c9c8cd; font-family: Arial,sans-serif; font-size: 14px; line-height: 17px; margin-bottom: 0; margin-top: 8px; overflow: hidden; padding: 8px 0 7px; text-align: center; text-overflow: ellipsis; white-space: nowrap;\">Fotka zve\u0159ejn\u011bn\u00e1 u\u017eivatelem Perry Ryan (@adogintheapple), <time style=\"font-family: Arial,sans-serif; font-size: 14px; line-height: 17px;\" datetime=\"2015-08-27T10:16:49+00:00\">Srp 27, 2015 v 3:16 PDT<\/time><\/p>\n<\/div>\n<\/blockquote>\n<p><script src=\"\/\/platform.instagram.com\/en_US\/embeds.js\" async=\"\" defer=\"defer\"><\/script><\/p>\n<p>Oops, this basket looks a bit too small!<\/p>\n<p>One at the back: Look at that grin! \u00a0<\/p>\n<blockquote class=\"instagram-media\" style=\"background: #FFF; border: 0; border-radius: 3px; box-shadow: 0 0 1px 0 rgba(0,0,0,0.5),0 1px 10px 0 rgba(0,0,0,0.15); margin: 1px; max-width: 658px; padding: 0; width: calc(100% - 2px);\" data-instgrm-captioned=\"\" data-instgrm-version=\"6\">\n<div style=\"padding: 8px;\">\n<div style=\"background: #F8F8F8; line-height: 0; margin-top: 40px; padding: 50.0% 0; text-align: center; width: 100%;\"><\/div>\n<p><a style=\"color: #000; font-family: Arial,sans-serif; font-size: 14px; font-style: normal; font-weight: normal; line-height: 17px; text-decoration: none; word-wrap: break-word;\" href=\"https:\/\/www.instagram.com\/p\/5hh8FJh3xZ\/\" target=\"_blank\">It doesn&#8217;t get much better than #dogs on #bikes. Thanks for sharing, @bikemanforu. #TGIF<\/a><\/p>\n<p>Fotka zve\u0159ejn\u011bn\u00e1 u\u017eivatelem Brooklyn Bicycle Co. (@brooklynbikeco), <time style=\"font-family: Arial,sans-serif; font-size: 14px; line-height: 17px;\" datetime=\"2015-07-24T15:27:59+00:00\">\u010cec 24, 2015 v 8:27 PDT<\/time>\n<\/div>\n<\/blockquote>\n<p><script src=\"\/\/platform.instagram.com\/en_US\/embeds.js\" async=\"\" defer=\"defer\"><\/script><\/p>\n<p>One at the front, one at the back:<\/p>\n<p>Check out those outfits!<\/p>\n<blockquote class=\"instagram-media\" style=\"background: #FFF; border: 0; border-radius: 3px; box-shadow: 0 0 1px 0 rgba(0,0,0,0.5),0 1px 10px 0 rgba(0,0,0,0.15); margin: 1px; max-width: 658px; padding: 0; width: calc(100% - 2px);\" data-instgrm-captioned=\"\" data-instgrm-version=\"6\">\n<div style=\"padding: 8px;\">\n<div style=\"background: #F8F8F8; line-height: 0; margin-top: 40px; padding: 42.1759259259% 0; text-align: center; width: 100%;\"><\/div>\n<p style=\"margin: 8px 0 0 0; padding: 0 4px;\"><a style=\"color: #000; font-family: Arial,sans-serif; font-size: 14px; font-style: normal; font-weight: normal; line-height: 17px; text-decoration: none; word-wrap: break-word;\" href=\"https:\/\/www.instagram.com\/p\/8rtWwkGWEv\/\" target=\"_blank\">Today was Ruffin&#8217; incredible and I was totally star struck as I finally got to meet Ricochet the SURFice dog. This sweet girl does so much good and represents just how special us pooches are and the impact we can have on human&#8217;s lives. She an award winning Surf Dog, but she also teaches very special young humans to surf and inspires them to achieve the goals. She works with wounded warriors and veterans and has an amazing ability to detect emotional and physical changes in humans and help to intervene and alert them there by giving them a better quality of life and possibly saving their lives. Us dogs sense things that humans cannot comprehend, and human can do things that us dogs can&#8217;t do, thanks to you opposable thumbs, but this is why humans and dogs have such a special bond and it&#8217;s so important to protect each other. Humans can rescue us from shelters and in turn, we can save your lives. Who rescues who? Truth is, we rescue each other. So great to meet you Ricochet and I can&#8217;t wait to have you teach me to surf. You&#8217;re an inspiration. #wheresbixby #bixby #ricochet #surfdog #whorescuedwho #rescuedog #shelterdog #dogsonbicycles @surfdogricochet @dogsofficial<\/a><\/p>\n<p style=\"color: #c9c8cd; font-family: Arial,sans-serif; font-size: 14px; line-height: 17px; margin-bottom: 0; margin-top: 8px; overflow: hidden; padding: 8px 0 7px; text-align: center; text-overflow: ellipsis; white-space: nowrap;\">Fotka zve\u0159ejn\u011bn\u00e1 u\u017eivatelem @wheresbixby, <time style=\"font-family: Arial,sans-serif; font-size: 14px; line-height: 17px;\" datetime=\"2015-10-11T03:54:20+00:00\">\u0158\u00edj 10, 2015 v 8:54 PDT<\/time><\/p>\n<\/div>\n<\/blockquote>\n<p><script src=\"\/\/platform.instagram.com\/en_US\/embeds.js\" async=\"\" defer=\"defer\"><\/script>One on each side:<\/p>\n<blockquote class=\"instagram-media\" style=\"background: #FFF; border: 0; border-radius: 3px; box-shadow: 0 0 1px 0 rgba(0,0,0,0.5),0 1px 10px 0 rgba(0,0,0,0.15); margin: 1px; max-width: 658px; padding: 0; width: calc(100% - 2px);\" data-instgrm-captioned=\"\" data-instgrm-version=\"6\">\n<div style=\"padding: 8px;\">\n<div style=\"background: #F8F8F8; line-height: 0; margin-top: 40px; padding: 50.0% 0; text-align: center; width: 100%;\"><\/div>\n<p><a style=\"color: #000; font-family: Arial,sans-serif; font-size: 14px; font-style: normal; font-weight: normal; line-height: 17px; text-decoration: none; word-wrap: break-word;\" href=\"https:\/\/www.instagram.com\/p\/7UI4JAlZWR\/\" target=\"_blank\">Baskets of dogs&#8230; #dogs #cityventures #berkeley #ilovedogs #dogsinbaskets #dogsandbikes dogsofinstagram<\/a><\/p>\n<p>Fotka zve\u0159ejn\u011bn\u00e1 u\u017eivatelem BarbaRella (@o_rellz), <time style=\"font-family: Arial,sans-serif; font-size: 14px; line-height: 17px;\" datetime=\"2015-09-07T03:41:39+00:00\">Z\u00e1\u0159 6, 2015 v 8:41 PDT<\/time>\n<\/div>\n<\/blockquote>\n<p><script src=\"\/\/platform.instagram.com\/en_US\/embeds.js\" async=\"\" defer=\"defer\"><\/script><\/p>\n<p>In a separate wagon:<\/p>\n<blockquote class=\"instagram-media\" style=\"background: #FFF; border: 0; border-radius: 3px; box-shadow: 0 0 1px 0 rgba(0,0,0,0.5),0 1px 10px 0 rgba(0,0,0,0.15); margin: 1px; max-width: 658px; padding: 0; width: calc(100% - 2px);\" data-instgrm-captioned=\"\" data-instgrm-version=\"6\">\n<div style=\"padding: 8px;\">\n<div style=\"background: #F8F8F8; line-height: 0; margin-top: 40px; padding: 50.0% 0; text-align: center; width: 100%;\"><\/div>\n<p style=\"margin: 8px 0 0 0; padding: 0 4px;\"><a style=\"color: #000; font-family: Arial,sans-serif; font-size: 14px; font-style: normal; font-weight: normal; line-height: 17px; text-decoration: none; word-wrap: break-word;\" href=\"https:\/\/www.instagram.com\/p\/7OUR7-OY_K\/\" target=\"_blank\">Building confidence with a bike ride<\/a><\/p>\n<p style=\"color: #c9c8cd; font-family: Arial,sans-serif; font-size: 14px; line-height: 17px; margin-bottom: 0; margin-top: 8px; overflow: hidden; padding: 8px 0 7px; text-align: center; text-overflow: ellipsis; white-space: nowrap;\">Fotka zve\u0159ejn\u011bn\u00e1 u\u017eivatelem Ruben Montes (@kindreddogpdx), <time style=\"font-family: Arial,sans-serif; font-size: 14px; line-height: 17px;\" datetime=\"2015-09-04T21:25:51+00:00\">Z\u00e1\u0159 4, 2015 v 2:25 PDT<\/time><\/p>\n<\/div>\n<\/blockquote>\n<p><script src=\"\/\/platform.instagram.com\/en_US\/embeds.js\" async=\"\" defer=\"defer\"><\/script>With a blanket: Not only has this dog got a ride, but he\u2019s also got a blanket.<\/p>\n<blockquote class=\"instagram-media\" style=\"background: #FFF; border: 0; border-radius: 3px; box-shadow: 0 0 1px 0 rgba(0,0,0,0.5),0 1px 10px 0 rgba(0,0,0,0.15); margin: 1px; max-width: 658px; padding: 0; width: calc(100% - 2px);\" data-instgrm-captioned=\"\" data-instgrm-version=\"6\">\n<div style=\"padding: 8px;\">\n<div style=\"background: #F8F8F8; line-height: 0; margin-top: 40px; padding: 48.9100817439% 0; text-align: center; width: 100%;\"><\/div>\n<p><a style=\"color: #000; font-family: Arial,sans-serif; font-size: 14px; font-style: normal; font-weight: normal; line-height: 17px; text-decoration: none; word-wrap: break-word;\" href=\"https:\/\/www.instagram.com\/p\/8xIueemWMB\/\" target=\"_blank\">A dog will take you on the adventure of a lifetime. You just have to give them a chance. Adopt don&#8217;t shop. Wheresbixby.com #wheresbixby #bixby #adoptdontshop #rescuedog #shelterdog #dogsonbicycles #chickencharlie<\/a><\/p>\n<p>Fotka zve\u0159ejn\u011bn\u00e1 u\u017eivatelem @wheresbixby, <time style=\"font-family: Arial,sans-serif; font-size: 14px; line-height: 17px;\" datetime=\"2015-10-13T06:29:42+00:00\">\u0158\u00edj 12, 2015 v 11:29 PDT<\/time>\n<\/div>\n<\/blockquote>\n<p><script src=\"\/\/platform.instagram.com\/en_US\/embeds.js\" async=\"\" defer=\"defer\"><\/script><\/p>\n<p>In a Backpack:<\/p>\n<p>Time for a piggyback ride!<\/p>\n<blockquote class=\"instagram-media\" style=\"background: #FFF; border: 0; border-radius: 3px; box-shadow: 0 0 1px 0 rgba(0,0,0,0.5),0 1px 10px 0 rgba(0,0,0,0.15); margin: 1px; max-width: 658px; padding: 0; width: calc(100% - 2px);\" data-instgrm-captioned=\"\" data-instgrm-version=\"6\">\n<div style=\"padding: 8px;\">\n<div style=\"background: #F8F8F8; line-height: 0; margin-top: 40px; padding: 50.0% 0; text-align: center; width: 100%;\"><\/div>\n<p style=\"margin: 8px 0 0 0; padding: 0 4px;\"><a style=\"color: #000; font-family: Arial,sans-serif; font-size: 14px; font-style: normal; font-weight: normal; line-height: 17px; text-decoration: none; word-wrap: break-word;\" href=\"https:\/\/www.instagram.com\/p\/4-s5YCQ3wn\/\" target=\"_blank\">Flashback: Spotted this near the Capitol last week. I wish my cat would do this! #backpackdog #dogs #dc #dcdogs #bikes #dogsandbikes #fbf #flashbackfriday<\/a><\/p>\n<p style=\"color: #c9c8cd; font-family: Arial,sans-serif; font-size: 14px; line-height: 17px; margin-bottom: 0; margin-top: 8px; overflow: hidden; padding: 8px 0 7px; text-align: center; text-overflow: ellipsis; white-space: nowrap;\">Fotka zve\u0159ejn\u011bn\u00e1 u\u017eivatelem James A. Molnar (@thegoldknight), <time style=\"font-family: Arial,sans-serif; font-size: 14px; line-height: 17px;\" datetime=\"2015-07-11T02:50:19+00:00\">\u010cec 10, 2015 v 7:50 PDT<\/time><\/p>\n<\/div>\n<\/blockquote>\n<p><script src=\"\/\/platform.instagram.com\/en_US\/embeds.js\" async=\"\" defer=\"defer\"><\/script>Two in a Basket: The more the merrier!<\/p>\n<blockquote class=\"instagram-media\" style=\"background: #FFF; border: 0; border-radius: 3px; box-shadow: 0 0 1px 0 rgba(0,0,0,0.5),0 1px 10px 0 rgba(0,0,0,0.15); margin: 1px; max-width: 658px; padding: 0; width: calc(100% - 2px);\" data-instgrm-captioned=\"\" data-instgrm-version=\"6\">\n<div style=\"padding: 8px;\">\n<div style=\"background: #F8F8F8; line-height: 0; margin-top: 40px; padding: 50.0% 0; text-align: center; width: 100%;\"><\/div>\n<p><a style=\"color: #000; font-family: Arial,sans-serif; font-size: 14px; font-style: normal; font-weight: normal; line-height: 17px; text-decoration: none; word-wrap: break-word;\" href=\"https:\/\/www.instagram.com\/p\/7RXT49LxJW\/\" target=\"_blank\">Habanero and Templeton sitting in a tree&#8230; Er, basket. So much fun bike riding on Sandy Hook. Stay tuned for pics from Gunnison Beach #teacupchihuahua #teachi #ilovemydog #lifeofaspoiledchihuahua #newyorkcitydogs #beachday #dogsandbikes #bicycles #chihuahualove #chihuahuasofinstagram<\/a><\/p>\n<p>Fotka zve\u0159ejn\u011bn\u00e1 u\u017eivatelem Amanda (@mandaszy), <time style=\"font-family: Arial,sans-serif; font-size: 14px; line-height: 17px;\" datetime=\"2015-09-06T01:50:03+00:00\">Z\u00e1\u0159 5, 2015 v 6:50 PDT<\/time>\n<\/div>\n<\/blockquote>\n<p><script src=\"\/\/platform.instagram.com\/en_US\/embeds.js\" async=\"\" defer=\"defer\"><\/script><\/p>\n<p><strong>Do you give your doggie friend(s) a lift on your bike? If so, why don\u2019t you send us a pic?<\/strong><\/p>\n","protected":false},"excerpt":{"rendered":"<p>We\u2019ve all gotten used to seeing little dogs carried around in handbags, haven\u2019t we? Or is it just me? How [&hellip;]<\/p>\n","protected":false},"author":14,"featured_media":132269,"comment_status":"open","ping_status":"open","sticky":false,"template":"","format":"standard","meta":{"footnotes":""},"categories":[328,329],"tags":[],"global-categories":[],"class_list":["post-132268","post","type-post","status-publish","format-standard","has-post-thumbnail","hentry","category-outdoor-mountain","category-road-cycling"],"yoast_head":"<!-- This site is optimized with the Yoast SEO Premium plugin v25.3 (Yoast SEO v25.9) - https:\/\/yoast.com\/wordpress\/plugins\/seo\/ -->\n<title>8 dogs that are really into cycling - \u0160koda We Love Cycling<\/title>\n<meta name=\"description\" content=\"How about carrying our doggie friends around on our bikes? Let\u2019s look at a few ways we can do this.\" \/>\n<meta name=\"robots\" content=\"index, follow, max-snippet:-1, max-image-preview:large, max-video-preview:-1\" \/>\n<link rel=\"canonical\" href=\"https:\/\/www.welovecycling.com\/wide\/2015\/12\/04\/8-dogs-that-are-really-into-cycling\/\" \/>\n<meta property=\"og:locale\" content=\"en_US\" \/>\n<meta property=\"og:type\" content=\"article\" \/>\n<meta property=\"og:title\" content=\"8 dogs that are really into cycling\" \/>\n<meta property=\"og:description\" content=\"How about carrying our doggie friends around on our bikes? Let\u2019s look at a few ways we can do this.\" \/>\n<meta property=\"og:url\" content=\"https:\/\/www.welovecycling.com\/wide\/2015\/12\/04\/8-dogs-that-are-really-into-cycling\/\" \/>\n<meta property=\"og:site_name\" content=\"\u0160koda We Love Cycling\" \/>\n<meta property=\"article:published_time\" content=\"2015-12-04T08:16:33+00:00\" \/>\n<meta property=\"article:modified_time\" content=\"2015-12-04T13:11:25+00:00\" \/>\n<meta property=\"og:image\" content=\"https:\/\/d2p6e6u75xmxt8.cloudfront.net\/2\/2015\/12\/opener_dogs1.webp\" \/>\n\t<meta property=\"og:image:width\" content=\"525\" \/>\n\t<meta property=\"og:image:height\" content=\"350\" \/>\n\t<meta property=\"og:image:type\" content=\"image\/webp\" \/>\n<meta name=\"twitter:card\" content=\"summary_large_image\" \/>\n<meta name=\"twitter:label1\" content=\"Written by\" \/>\n\t<meta name=\"twitter:data1\" content=\"Angie Ng\" \/>\n\t<meta name=\"twitter:label2\" content=\"Est. reading time\" \/>\n\t<meta name=\"twitter:data2\" content=\"3 minutes\" \/>\n<script type=\"application\/ld+json\" class=\"yoast-schema-graph\">{\"@context\":\"https:\/\/schema.org\",\"@graph\":[{\"@type\":\"WebPage\",\"@id\":\"https:\/\/www.welovecycling.com\/wide\/2015\/12\/04\/8-dogs-that-are-really-into-cycling\/\",\"url\":\"https:\/\/www.welovecycling.com\/wide\/2015\/12\/04\/8-dogs-that-are-really-into-cycling\/\",\"name\":\"8 dogs that are really into cycling - \u0160koda We Love Cycling\",\"isPartOf\":{\"@id\":\"https:\/\/www.welovecycling.com\/wide\/#website\"},\"primaryImageOfPage\":{\"@id\":\"https:\/\/www.welovecycling.com\/wide\/2015\/12\/04\/8-dogs-that-are-really-into-cycling\/#primaryimage\"},\"image\":{\"@id\":\"https:\/\/www.welovecycling.com\/wide\/2015\/12\/04\/8-dogs-that-are-really-into-cycling\/#primaryimage\"},\"thumbnailUrl\":\"https:\/\/d2p6e6u75xmxt8.cloudfront.net\/2\/2015\/12\/opener_dogs1.webp\",\"datePublished\":\"2015-12-04T08:16:33+00:00\",\"dateModified\":\"2015-12-04T13:11:25+00:00\",\"author\":{\"@id\":\"\"},\"description\":\"How about carrying our doggie friends around on our bikes? Let\u2019s look at a few ways we can do this.\",\"breadcrumb\":{\"@id\":\"https:\/\/www.welovecycling.com\/wide\/2015\/12\/04\/8-dogs-that-are-really-into-cycling\/#breadcrumb\"},\"inLanguage\":\"en-US\",\"potentialAction\":[{\"@type\":\"ReadAction\",\"target\":[\"https:\/\/www.welovecycling.com\/wide\/2015\/12\/04\/8-dogs-that-are-really-into-cycling\/\"]}]},{\"@type\":\"ImageObject\",\"inLanguage\":\"en-US\",\"@id\":\"https:\/\/www.welovecycling.com\/wide\/2015\/12\/04\/8-dogs-that-are-really-into-cycling\/#primaryimage\",\"url\":\"https:\/\/d2p6e6u75xmxt8.cloudfront.net\/2\/2015\/12\/opener_dogs1.webp\",\"contentUrl\":\"https:\/\/d2p6e6u75xmxt8.cloudfront.net\/2\/2015\/12\/opener_dogs1.webp\",\"width\":525,\"height\":350},{\"@type\":\"BreadcrumbList\",\"@id\":\"https:\/\/www.welovecycling.com\/wide\/2015\/12\/04\/8-dogs-that-are-really-into-cycling\/#breadcrumb\",\"itemListElement\":[{\"@type\":\"ListItem\",\"position\":1,\"name\":\"Home\",\"item\":\"https:\/\/www.welovecycling.com\/wide\/\"},{\"@type\":\"ListItem\",\"position\":2,\"name\":\"8 dogs that are really into cycling\"}]},{\"@type\":\"WebSite\",\"@id\":\"https:\/\/www.welovecycling.com\/wide\/#website\",\"url\":\"https:\/\/www.welovecycling.com\/wide\/\",\"name\":\"\u0160koda We Love Cycling\",\"description\":\"\u0160koda We Love Cycling magazine\",\"alternateName\":\"\u0160koda WLC\",\"potentialAction\":[{\"@type\":\"SearchAction\",\"target\":{\"@type\":\"EntryPoint\",\"urlTemplate\":\"https:\/\/www.welovecycling.com\/wide\/?s={search_term_string}\"},\"query-input\":{\"@type\":\"PropertyValueSpecification\",\"valueRequired\":true,\"valueName\":\"search_term_string\"}}],\"inLanguage\":\"en-US\"},{\"@type\":\"Person\",\"@id\":\"\",\"url\":\"https:\/\/www.welovecycling.com\/wide\/author\/\"}]}<\/script>\n<!-- \/ Yoast SEO Premium plugin. -->","yoast_head_json":{"title":"8 dogs that are really into cycling - \u0160koda We Love Cycling","description":"How about carrying our doggie friends around on our bikes? Let\u2019s look at a few ways we can do this.","robots":{"index":"index","follow":"follow","max-snippet":"max-snippet:-1","max-image-preview":"max-image-preview:large","max-video-preview":"max-video-preview:-1"},"canonical":"https:\/\/www.welovecycling.com\/wide\/2015\/12\/04\/8-dogs-that-are-really-into-cycling\/","og_locale":"en_US","og_type":"article","og_title":"8 dogs that are really into cycling","og_description":"How about carrying our doggie friends around on our bikes? Let\u2019s look at a few ways we can do this.","og_url":"https:\/\/www.welovecycling.com\/wide\/2015\/12\/04\/8-dogs-that-are-really-into-cycling\/","og_site_name":"\u0160koda We Love Cycling","article_published_time":"2015-12-04T08:16:33+00:00","article_modified_time":"2015-12-04T13:11:25+00:00","og_image":[{"width":525,"height":350,"url":"https:\/\/d2p6e6u75xmxt8.cloudfront.net\/2\/2015\/12\/opener_dogs1.webp","type":"image\/webp"}],"twitter_card":"summary_large_image","twitter_misc":{"Written by":"Angie Ng","Est. reading time":"3 minutes"},"schema":{"@context":"https:\/\/schema.org","@graph":[{"@type":"WebPage","@id":"https:\/\/www.welovecycling.com\/wide\/2015\/12\/04\/8-dogs-that-are-really-into-cycling\/","url":"https:\/\/www.welovecycling.com\/wide\/2015\/12\/04\/8-dogs-that-are-really-into-cycling\/","name":"8 dogs that are really into cycling - \u0160koda We Love Cycling","isPartOf":{"@id":"https:\/\/www.welovecycling.com\/wide\/#website"},"primaryImageOfPage":{"@id":"https:\/\/www.welovecycling.com\/wide\/2015\/12\/04\/8-dogs-that-are-really-into-cycling\/#primaryimage"},"image":{"@id":"https:\/\/www.welovecycling.com\/wide\/2015\/12\/04\/8-dogs-that-are-really-into-cycling\/#primaryimage"},"thumbnailUrl":"https:\/\/d2p6e6u75xmxt8.cloudfront.net\/2\/2015\/12\/opener_dogs1.webp","datePublished":"2015-12-04T08:16:33+00:00","dateModified":"2015-12-04T13:11:25+00:00","author":{"@id":""},"description":"How about carrying our doggie friends around on our bikes? Let\u2019s look at a few ways we can do this.","breadcrumb":{"@id":"https:\/\/www.welovecycling.com\/wide\/2015\/12\/04\/8-dogs-that-are-really-into-cycling\/#breadcrumb"},"inLanguage":"en-US","potentialAction":[{"@type":"ReadAction","target":["https:\/\/www.welovecycling.com\/wide\/2015\/12\/04\/8-dogs-that-are-really-into-cycling\/"]}]},{"@type":"ImageObject","inLanguage":"en-US","@id":"https:\/\/www.welovecycling.com\/wide\/2015\/12\/04\/8-dogs-that-are-really-into-cycling\/#primaryimage","url":"https:\/\/d2p6e6u75xmxt8.cloudfront.net\/2\/2015\/12\/opener_dogs1.webp","contentUrl":"https:\/\/d2p6e6u75xmxt8.cloudfront.net\/2\/2015\/12\/opener_dogs1.webp","width":525,"height":350},{"@type":"BreadcrumbList","@id":"https:\/\/www.welovecycling.com\/wide\/2015\/12\/04\/8-dogs-that-are-really-into-cycling\/#breadcrumb","itemListElement":[{"@type":"ListItem","position":1,"name":"Home","item":"https:\/\/www.welovecycling.com\/wide\/"},{"@type":"ListItem","position":2,"name":"8 dogs that are really into cycling"}]},{"@type":"WebSite","@id":"https:\/\/www.welovecycling.com\/wide\/#website","url":"https:\/\/www.welovecycling.com\/wide\/","name":"\u0160koda We Love Cycling","description":"\u0160koda We Love Cycling magazine","alternateName":"\u0160koda WLC","potentialAction":[{"@type":"SearchAction","target":{"@type":"EntryPoint","urlTemplate":"https:\/\/www.welovecycling.com\/wide\/?s={search_term_string}"},"query-input":{"@type":"PropertyValueSpecification","valueRequired":true,"valueName":"search_term_string"}}],"inLanguage":"en-US"},{"@type":"Person","@id":"","url":"https:\/\/www.welovecycling.com\/wide\/author\/"}]}},"_links":{"self":[{"href":"https:\/\/www.welovecycling.com\/wide\/wp-json\/wp\/v2\/posts\/132268","targetHints":{"allow":["GET"]}}],"collection":[{"href":"https:\/\/www.welovecycling.com\/wide\/wp-json\/wp\/v2\/posts"}],"about":[{"href":"https:\/\/www.welovecycling.com\/wide\/wp-json\/wp\/v2\/types\/post"}],"author":[{"embeddable":true,"href":"https:\/\/www.welovecycling.com\/wide\/wp-json\/wp\/v2\/users\/14"}],"replies":[{"embeddable":true,"href":"https:\/\/www.welovecycling.com\/wide\/wp-json\/wp\/v2\/comments?post=132268"}],"version-history":[{"count":2,"href":"https:\/\/www.welovecycling.com\/wide\/wp-json\/wp\/v2\/posts\/132268\/revisions"}],"predecessor-version":[{"id":132318,"href":"https:\/\/www.welovecycling.com\/wide\/wp-json\/wp\/v2\/posts\/132268\/revisions\/132318"}],"wp:featuredmedia":[{"embeddable":true,"href":"https:\/\/www.welovecycling.com\/wide\/wp-json\/wp\/v2\/media\/132269"}],"wp:attachment":[{"href":"https:\/\/www.welovecycling.com\/wide\/wp-json\/wp\/v2\/media?parent=132268"}],"wp:term":[{"taxonomy":"category","embeddable":true,"href":"https:\/\/www.welovecycling.com\/wide\/wp-json\/wp\/v2\/categories?post=132268"},{"taxonomy":"post_tag","embeddable":true,"href":"https:\/\/www.welovecycling.com\/wide\/wp-json\/wp\/v2\/tags?post=132268"},{"taxonomy":"global-categories","embeddable":true,"href":"https:\/\/www.welovecycling.com\/wide\/wp-json\/wp\/v2\/global-categories?post=132268"}],"curies":[{"name":"wp","href":"https:\/\/api.w.org\/{rel}","templated":true}]}}