{"id":132052,"date":"2015-11-16T17:31:23","date_gmt":"2015-11-16T15:31:23","guid":{"rendered":"https:\/\/www.welovecycling.com\/?p=132052"},"modified":"2015-11-16T17:31:52","modified_gmt":"2015-11-16T15:31:52","slug":"5-things-that-happened-last-week","status":"publish","type":"post","link":"https:\/\/www.welovecycling.com\/wide\/2015\/11\/16\/5-things-that-happened-last-week\/","title":{"rendered":"5 Things that Happened Last Week"},"content":{"rendered":"<p><strong>Another Monday is here and our news from the world of cycling with it! So what do you need to know?<\/strong><br \/>\n<!--more--><\/p>\n<h2><strong>It isn&#8217;t all dark and gloomy everywhere<\/strong><\/h2>\n<p>http:\/\/instagram.com\/p\/-C1iz6LHTC<\/p>\n<p>While most of us may be covered in fog pretty much all the time these days, John Watson certainly isn&#8217;t. Just look at the picture he took near Los Angeles. It is the place to go right now, isn&#8217;t it?<\/p>\n<h2><strong>Tour du Mont Blanc<\/strong><\/h2>\n<div class=\"embed-controller-wrapper\">\n<div class=\"embed-wrapper\"><iframe title=\"Tour du Mont Blanc\" data-src=\"https:\/\/player.vimeo.com\/video\/145691607?dnt=1&amp;app_id=122963\" width=\"500\" height=\"281\" frameborder=\"0\" allow=\"autoplay; fullscreen; picture-in-picture; clipboard-write\"><\/iframe><\/div>\n<\/div>\n<p>No matter how nice might an idea of a ride through the French, Swiss and Italian Alps sound, make no mistake. Tour du Mont Blanc is by far the toughest one-day race in the world. It&#8217;s 330 kilometres long and the ascent is over 8000 metres. Just the look at these figures is enough to make our legs scream: \u201eNO WAY!\u201c. And the video uploaded by James Mitchell is exactly about that. It follows the struggle of the unbelievably determined ex-rugby player and sports journalist Marcus Leach. Unfortunately he wasn&#8217;t able to finish the race afterall. But that doesn&#8217;t matter to us. He gave it his all and we all know how great that feels.<\/p>\n<p>Way to go, Marcus!<\/p>\n<h2><strong>Belgium knows its heritage<\/strong><\/h2>\n<div class=\"embed-controller-wrapper\">\n<blockquote class=\"twitter-tweet\" data-width=\"500\" data-dnt=\"true\">\n<p lang=\"en\" dir=\"ltr\">This is our new <a href=\"https:\/\/twitter.com\/adidasfootball?ref_src=twsrc%5Etfw\">@adidasfootball<\/a> 2016\/ 2017 second kit. <a href=\"https:\/\/t.co\/TypSuKC25M\">https:\/\/t.co\/TypSuKC25M<\/a> <a href=\"https:\/\/twitter.com\/hashtag\/TousEnFrance?src=hash&amp;ref_src=twsrc%5Etfw\">#TousEnFrance<\/a> <a href=\"https:\/\/twitter.com\/hashtag\/BeTheDifference?src=hash&amp;ref_src=twsrc%5Etfw\">#BeTheDifference<\/a> <a href=\"https:\/\/t.co\/ItwH1u3wxt\">pic.twitter.com\/ItwH1u3wxt<\/a><\/p>\n<p>&mdash; Belgian Red Devils (@BelRedDevils) <a href=\"https:\/\/twitter.com\/BelRedDevils\/status\/664865090135572480?ref_src=twsrc%5Etfw\">November 12, 2015<\/a><\/p><\/blockquote>\n<p><script async data-src=\"https:\/\/platform.twitter.com\/widgets.js\" charset=\"utf-8\"><\/script><\/div>\n<p>We all know, that cycling is the number one sport in Belgium. So no matter how exciting might the qualification for the 2016 European Championship in football be, the officials still have to keep the bikes in their mind. That is why they have paid homage to their rich heritage with the new apparel\u00a0kit. It is practically the Belgian national champion&#8217;s jersey and it looks stunning. Well done, guys!<\/p>\n<h2><strong>Bikes save lives!<\/strong><\/h2>\n<lite-youtube videoid=XcsxVurabv0 params=\"enablejsapi=1\" style=\"background-image: url('https:\/\/i.ytimg.com\/vi_webp\/XcsxVurabv0\/maxresdefault.webp');\"><\/lite-youtube>\n<p>Sandy Plenty was three years old when he was diagnosed with serious heart disease and was facing a heart transplant in the future. When he was eleven, doctors decided he shouldn&#8217;t do any competitive sports at all.<\/p>\n<p>But a year later he decided to take a chance and grabbed his cousin&#8217;s bike.\u00a0\u201eI instantly fell in love with everything about it. I revisited hospital a few years later and was basically told, that thanks to mountain biking, there was no need for a transplant.\u201c<\/p>\n<p>Amazing, right? His heart eventually grew stronger. You just have to love cycling.<\/p>\n<h2><strong>Heartfelt reactions to the terrorist attacks in Paris<\/strong><\/h2>\n<p>http:\/\/instagram.com\/p\/-EPYkykEZR<\/p>\n<p>The whole world has been left in shock and deep sadness in the aftermath of the terrorist attacks on Friday 13<sup>th<\/sup>. Paris is a special place for the whole cycling community as it is the venue for the finale of the biggest race in the world, the Tour de France.<\/p>\n<div class=\"embed-controller-wrapper\">\n<blockquote class=\"twitter-tweet\" data-width=\"500\" data-dnt=\"true\">\n<p lang=\"en\" dir=\"ltr\">Sickened by the images coming out of the <a href=\"https:\/\/twitter.com\/hashtag\/ParisAttacks?src=hash&amp;ref_src=twsrc%5Etfw\">#ParisAttacks<\/a> tonight. My thoughts go out to those affected.<\/p>\n<p>&mdash; Chris Froome (@chrisfroome) <a href=\"https:\/\/twitter.com\/chrisfroome\/status\/665331677984505857?ref_src=twsrc%5Etfw\">November 14, 2015<\/a><\/p><\/blockquote>\n<p><script async data-src=\"https:\/\/platform.twitter.com\/widgets.js\" charset=\"utf-8\"><\/script><\/div>\n<p>It was great to see swift and supportive responses from the biggest names in cycling. Once again they proved they aren&#8217;t the stars we all love just because they know how to pedal. They have big hearts too and that counts even more.<\/p>\n<div class=\"embed-controller-wrapper\">\n<blockquote class=\"twitter-tweet\" data-width=\"500\" data-dnt=\"true\">\n<p lang=\"es\" dir=\"ltr\">Mi apoyo y condolencias a todo el pueblo frances.My support for all those affected in Paris. <a href=\"https:\/\/twitter.com\/hashtag\/PryForParis?src=hash&amp;ref_src=twsrc%5Etfw\">#PryForParis<\/a> <a href=\"https:\/\/t.co\/UT1eXyJ7Vt\">pic.twitter.com\/UT1eXyJ7Vt<\/a><\/p>\n<p>&mdash; Alberto Contador (@albertocontador) <a href=\"https:\/\/twitter.com\/albertocontador\/status\/665449503340822528?ref_src=twsrc%5Etfw\">November 14, 2015<\/a><\/p><\/blockquote>\n<p><script async data-src=\"https:\/\/platform.twitter.com\/widgets.js\" charset=\"utf-8\"><\/script><\/div>\n<p>All of us at WeLoveCycling.com would like to join Alberto Contador\u00a0and the others to say our thoughts are with the victims, their families, friends and everyone, who was affected.<\/p>\n","protected":false},"excerpt":{"rendered":"<p>Another Monday is here and our news from the world of cycling with it! So what do you need to [&hellip;]<\/p>\n","protected":false},"author":14,"featured_media":132054,"comment_status":"open","ping_status":"open","sticky":false,"template":"","format":"standard","meta":{"footnotes":""},"categories":[328,329,334,330],"tags":[],"global-categories":[],"class_list":["post-132052","post","type-post","status-publish","format-standard","has-post-thumbnail","hentry","category-outdoor-mountain","category-road-cycling","category-socialising-and-culture","category-urban-cycling"],"yoast_head":"<!-- This site is optimized with the Yoast SEO Premium plugin v25.3 (Yoast SEO v25.9) - https:\/\/yoast.com\/wordpress\/plugins\/seo\/ -->\n<title>5 Things that Happened Last Week - \u0160koda We Love Cycling<\/title>\n<meta name=\"description\" content=\"Another Monday is here and our news from the world of cycling with it! So what do you need to know?\" \/>\n<meta name=\"robots\" content=\"index, follow, max-snippet:-1, max-image-preview:large, max-video-preview:-1\" \/>\n<link rel=\"canonical\" href=\"https:\/\/www.welovecycling.com\/wide\/2015\/11\/16\/5-things-that-happened-last-week\/\" \/>\n<meta property=\"og:locale\" content=\"en_US\" \/>\n<meta property=\"og:type\" content=\"article\" \/>\n<meta property=\"og:title\" content=\"5 Things that Happened Last Week\" \/>\n<meta property=\"og:description\" content=\"Another Monday is here and our news from the world of cycling with it! So what do you need to know?\" \/>\n<meta property=\"og:url\" content=\"https:\/\/www.welovecycling.com\/wide\/2015\/11\/16\/5-things-that-happened-last-week\/\" \/>\n<meta property=\"og:site_name\" content=\"\u0160koda We Love Cycling\" \/>\n<meta property=\"article:published_time\" content=\"2015-11-16T15:31:23+00:00\" \/>\n<meta property=\"article:modified_time\" content=\"2015-11-16T15:31:52+00:00\" \/>\n<meta property=\"og:image\" content=\"https:\/\/d2p6e6u75xmxt8.cloudfront.net\/2\/2015\/11\/opener110.webp\" \/>\n\t<meta property=\"og:image:width\" content=\"525\" \/>\n\t<meta property=\"og:image:height\" content=\"350\" \/>\n\t<meta property=\"og:image:type\" content=\"image\/webp\" \/>\n<meta name=\"twitter:card\" content=\"summary_large_image\" \/>\n<meta name=\"twitter:label1\" content=\"Written by\" \/>\n\t<meta name=\"twitter:data1\" content=\"Martin Winter\" \/>\n\t<meta name=\"twitter:label2\" content=\"Est. reading time\" \/>\n\t<meta name=\"twitter:data2\" content=\"3 minutes\" \/>\n<script type=\"application\/ld+json\" class=\"yoast-schema-graph\">{\"@context\":\"https:\/\/schema.org\",\"@graph\":[{\"@type\":\"WebPage\",\"@id\":\"https:\/\/www.welovecycling.com\/wide\/2015\/11\/16\/5-things-that-happened-last-week\/\",\"url\":\"https:\/\/www.welovecycling.com\/wide\/2015\/11\/16\/5-things-that-happened-last-week\/\",\"name\":\"5 Things that Happened Last Week - \u0160koda We Love Cycling\",\"isPartOf\":{\"@id\":\"https:\/\/www.welovecycling.com\/wide\/#website\"},\"primaryImageOfPage\":{\"@id\":\"https:\/\/www.welovecycling.com\/wide\/2015\/11\/16\/5-things-that-happened-last-week\/#primaryimage\"},\"image\":{\"@id\":\"https:\/\/www.welovecycling.com\/wide\/2015\/11\/16\/5-things-that-happened-last-week\/#primaryimage\"},\"thumbnailUrl\":\"https:\/\/d2p6e6u75xmxt8.cloudfront.net\/2\/2015\/11\/opener110.webp\",\"datePublished\":\"2015-11-16T15:31:23+00:00\",\"dateModified\":\"2015-11-16T15:31:52+00:00\",\"author\":{\"@id\":\"\"},\"description\":\"Another Monday is here and our news from the world of cycling with it! So what do you need to know?\",\"breadcrumb\":{\"@id\":\"https:\/\/www.welovecycling.com\/wide\/2015\/11\/16\/5-things-that-happened-last-week\/#breadcrumb\"},\"inLanguage\":\"en-US\",\"potentialAction\":[{\"@type\":\"ReadAction\",\"target\":[\"https:\/\/www.welovecycling.com\/wide\/2015\/11\/16\/5-things-that-happened-last-week\/\"]}]},{\"@type\":\"ImageObject\",\"inLanguage\":\"en-US\",\"@id\":\"https:\/\/www.welovecycling.com\/wide\/2015\/11\/16\/5-things-that-happened-last-week\/#primaryimage\",\"url\":\"https:\/\/d2p6e6u75xmxt8.cloudfront.net\/2\/2015\/11\/opener110.webp\",\"contentUrl\":\"https:\/\/d2p6e6u75xmxt8.cloudfront.net\/2\/2015\/11\/opener110.webp\",\"width\":525,\"height\":350},{\"@type\":\"BreadcrumbList\",\"@id\":\"https:\/\/www.welovecycling.com\/wide\/2015\/11\/16\/5-things-that-happened-last-week\/#breadcrumb\",\"itemListElement\":[{\"@type\":\"ListItem\",\"position\":1,\"name\":\"Home\",\"item\":\"https:\/\/www.welovecycling.com\/wide\/\"},{\"@type\":\"ListItem\",\"position\":2,\"name\":\"5 Things that Happened Last Week\"}]},{\"@type\":\"WebSite\",\"@id\":\"https:\/\/www.welovecycling.com\/wide\/#website\",\"url\":\"https:\/\/www.welovecycling.com\/wide\/\",\"name\":\"\u0160koda We Love Cycling\",\"description\":\"\u0160koda We Love Cycling magazine\",\"alternateName\":\"\u0160koda WLC\",\"potentialAction\":[{\"@type\":\"SearchAction\",\"target\":{\"@type\":\"EntryPoint\",\"urlTemplate\":\"https:\/\/www.welovecycling.com\/wide\/?s={search_term_string}\"},\"query-input\":{\"@type\":\"PropertyValueSpecification\",\"valueRequired\":true,\"valueName\":\"search_term_string\"}}],\"inLanguage\":\"en-US\"},{\"@type\":\"Person\",\"@id\":\"\",\"url\":\"https:\/\/www.welovecycling.com\/wide\/author\/\"}]}<\/script>\n<!-- \/ Yoast SEO Premium plugin. -->","yoast_head_json":{"title":"5 Things that Happened Last Week - \u0160koda We Love Cycling","description":"Another Monday is here and our news from the world of cycling with it! So what do you need to know?","robots":{"index":"index","follow":"follow","max-snippet":"max-snippet:-1","max-image-preview":"max-image-preview:large","max-video-preview":"max-video-preview:-1"},"canonical":"https:\/\/www.welovecycling.com\/wide\/2015\/11\/16\/5-things-that-happened-last-week\/","og_locale":"en_US","og_type":"article","og_title":"5 Things that Happened Last Week","og_description":"Another Monday is here and our news from the world of cycling with it! So what do you need to know?","og_url":"https:\/\/www.welovecycling.com\/wide\/2015\/11\/16\/5-things-that-happened-last-week\/","og_site_name":"\u0160koda We Love Cycling","article_published_time":"2015-11-16T15:31:23+00:00","article_modified_time":"2015-11-16T15:31:52+00:00","og_image":[{"width":525,"height":350,"url":"https:\/\/d2p6e6u75xmxt8.cloudfront.net\/2\/2015\/11\/opener110.webp","type":"image\/webp"}],"twitter_card":"summary_large_image","twitter_misc":{"Written by":"Martin Winter","Est. reading time":"3 minutes"},"schema":{"@context":"https:\/\/schema.org","@graph":[{"@type":"WebPage","@id":"https:\/\/www.welovecycling.com\/wide\/2015\/11\/16\/5-things-that-happened-last-week\/","url":"https:\/\/www.welovecycling.com\/wide\/2015\/11\/16\/5-things-that-happened-last-week\/","name":"5 Things that Happened Last Week - \u0160koda We Love Cycling","isPartOf":{"@id":"https:\/\/www.welovecycling.com\/wide\/#website"},"primaryImageOfPage":{"@id":"https:\/\/www.welovecycling.com\/wide\/2015\/11\/16\/5-things-that-happened-last-week\/#primaryimage"},"image":{"@id":"https:\/\/www.welovecycling.com\/wide\/2015\/11\/16\/5-things-that-happened-last-week\/#primaryimage"},"thumbnailUrl":"https:\/\/d2p6e6u75xmxt8.cloudfront.net\/2\/2015\/11\/opener110.webp","datePublished":"2015-11-16T15:31:23+00:00","dateModified":"2015-11-16T15:31:52+00:00","author":{"@id":""},"description":"Another Monday is here and our news from the world of cycling with it! So what do you need to know?","breadcrumb":{"@id":"https:\/\/www.welovecycling.com\/wide\/2015\/11\/16\/5-things-that-happened-last-week\/#breadcrumb"},"inLanguage":"en-US","potentialAction":[{"@type":"ReadAction","target":["https:\/\/www.welovecycling.com\/wide\/2015\/11\/16\/5-things-that-happened-last-week\/"]}]},{"@type":"ImageObject","inLanguage":"en-US","@id":"https:\/\/www.welovecycling.com\/wide\/2015\/11\/16\/5-things-that-happened-last-week\/#primaryimage","url":"https:\/\/d2p6e6u75xmxt8.cloudfront.net\/2\/2015\/11\/opener110.webp","contentUrl":"https:\/\/d2p6e6u75xmxt8.cloudfront.net\/2\/2015\/11\/opener110.webp","width":525,"height":350},{"@type":"BreadcrumbList","@id":"https:\/\/www.welovecycling.com\/wide\/2015\/11\/16\/5-things-that-happened-last-week\/#breadcrumb","itemListElement":[{"@type":"ListItem","position":1,"name":"Home","item":"https:\/\/www.welovecycling.com\/wide\/"},{"@type":"ListItem","position":2,"name":"5 Things that Happened Last Week"}]},{"@type":"WebSite","@id":"https:\/\/www.welovecycling.com\/wide\/#website","url":"https:\/\/www.welovecycling.com\/wide\/","name":"\u0160koda We Love Cycling","description":"\u0160koda We Love Cycling magazine","alternateName":"\u0160koda WLC","potentialAction":[{"@type":"SearchAction","target":{"@type":"EntryPoint","urlTemplate":"https:\/\/www.welovecycling.com\/wide\/?s={search_term_string}"},"query-input":{"@type":"PropertyValueSpecification","valueRequired":true,"valueName":"search_term_string"}}],"inLanguage":"en-US"},{"@type":"Person","@id":"","url":"https:\/\/www.welovecycling.com\/wide\/author\/"}]}},"_links":{"self":[{"href":"https:\/\/www.welovecycling.com\/wide\/wp-json\/wp\/v2\/posts\/132052","targetHints":{"allow":["GET"]}}],"collection":[{"href":"https:\/\/www.welovecycling.com\/wide\/wp-json\/wp\/v2\/posts"}],"about":[{"href":"https:\/\/www.welovecycling.com\/wide\/wp-json\/wp\/v2\/types\/post"}],"author":[{"embeddable":true,"href":"https:\/\/www.welovecycling.com\/wide\/wp-json\/wp\/v2\/users\/14"}],"replies":[{"embeddable":true,"href":"https:\/\/www.welovecycling.com\/wide\/wp-json\/wp\/v2\/comments?post=132052"}],"version-history":[{"count":2,"href":"https:\/\/www.welovecycling.com\/wide\/wp-json\/wp\/v2\/posts\/132052\/revisions"}],"predecessor-version":[{"id":132076,"href":"https:\/\/www.welovecycling.com\/wide\/wp-json\/wp\/v2\/posts\/132052\/revisions\/132076"}],"wp:featuredmedia":[{"embeddable":true,"href":"https:\/\/www.welovecycling.com\/wide\/wp-json\/wp\/v2\/media\/132054"}],"wp:attachment":[{"href":"https:\/\/www.welovecycling.com\/wide\/wp-json\/wp\/v2\/media?parent=132052"}],"wp:term":[{"taxonomy":"category","embeddable":true,"href":"https:\/\/www.welovecycling.com\/wide\/wp-json\/wp\/v2\/categories?post=132052"},{"taxonomy":"post_tag","embeddable":true,"href":"https:\/\/www.welovecycling.com\/wide\/wp-json\/wp\/v2\/tags?post=132052"},{"taxonomy":"global-categories","embeddable":true,"href":"https:\/\/www.welovecycling.com\/wide\/wp-json\/wp\/v2\/global-categories?post=132052"}],"curies":[{"name":"wp","href":"https:\/\/api.w.org\/{rel}","templated":true}]}}