{"id":132023,"date":"2015-11-12T17:02:44","date_gmt":"2015-11-12T15:02:44","guid":{"rendered":"https:\/\/www.welovecycling.com\/?p=132023"},"modified":"2015-11-13T10:42:26","modified_gmt":"2015-11-13T08:42:26","slug":"prepare-your-wardrobe-winter-is-coming","status":"publish","type":"post","link":"https:\/\/www.welovecycling.com\/wide\/2015\/11\/12\/prepare-your-wardrobe-winter-is-coming\/","title":{"rendered":"Prepare your wardrobe, winter is coming"},"content":{"rendered":"<p><strong>Icelanders have a saying that there\u2019s no bad weather, just bad clothing. Even though winters in the continental Europe are a little bit milder, there are days when your bike stays in the cellar. What a shame when modern outerwear or added layers can help you cycle 365 days in a year.<\/strong><\/p>\n<p><!--more--><\/p>\n<h2><strong>Stay dry<\/strong><\/h2>\n<p>Everything begins with staying dry. Roads are usually wet and pooled water, either splashed at your back or on your legs, makes you freezing instantly. Before you start your first winter ride, buy and fit the mudguards.<\/p>\n<h2><strong>Don\u2019t overdress<\/strong><\/h2>\n<p>The most important aspect of cold-weather riding is your clothing. It&#8217;s also the aspect where most first-timers make mistakes. The key rule is to not overdress. There\u2019s proved principle that if you feel comfortable at the moment you sit on the bike, you\u2019ll be too warm after a while of spinning. But how can one get the balance right?<\/p>\n<h2><strong>Base layer<\/strong><\/h2>\n<p>The trick is in the layers. Air is trapped between each layer of clothing and helps to keep you warm, while you can add and remove layers to regulate body temperature. Every rider is an individual, which means it\u2019s good to try to select the number of layers and different clothing combination that will work right for you. Let\u2019s start with the base layer.<\/p>\n<p>http:\/\/instagram.com\/p\/96XWCKvjQM<\/p>\n<p>This one will not only keep you warm by providing an extra layer of insulation, but will also soak away the sweat from your skin, therefore keeping you dry too. Long sleeve is preferred in winter and merino wool is particularly warm and retains heat even when wet. On the other hand, when you stop riding, the damp merino chills very soon. Man-made fabrics as polyester can help you stay warm longer. Another useful feature is windproof front panel, which can be found on some base layer clothes.<\/p>\n<h2><strong>Mid layer<\/strong><\/h2>\n<p>On the base layer comes the mid layer. In warmer days it can be used as an outer layer. A typical mid-weight winter jersey is made of 100 per cent polyester and has a fleece-lined interior. Some are a combination of merino and polyester, to offer the best of both fabrics.<\/p>\n<h2><strong>Outer layer<\/strong><\/h2>\n<p>Softshell is frequently used as the outer layer because it\u2019s coldproof and waterproof, but because the air cannot flow through the fabric as easily, breathability can be an issue sometimes. Feature to look out for on a mid layer include a high collar (often fleece-lined) to keep the wind off your neck.<\/p>\n<p>http:\/\/instagram.com\/p\/9q-ZRYEXel<\/p>\n<h2><strong>Wateproof jacket<\/strong><\/h2>\n<p>Fully waterproof jacket will be necessary to wear in a heavy rain. It can be rather expensive, so it remains a worthwhile investment if you plan to ride under all conditions. Gore-Tex is a waterproof, breathable fabric membrane.<\/p>\n<p><img loading=\"lazy\" decoding=\"async\" class=\"alignnone size-medium wp-image-29683\" src=\"http:\/\/beta.welovecycling.com\/wp-content\/uploads\/2015\/11\/profimedia-0001865748-600x399.jpg\" alt=\"Goretex waterproof jacket for sale in an outdoor shop\" width=\"600\" height=\"399\" \/><\/p>\n<p>Invented in 1969, Gore-Tex is capable of repelling liquids while allowing the water vapour produced by your body to pass through and is designed to be a lightweight, waterproof fabric for all-weather use. Check out for the waterproof zipper and taped seams to ensure 100 per cent water-resistance.<\/p>\n<h2><strong>Bib tights<\/strong><\/h2>\n<p>To keep your legs warm you\u2019ll need some proper bib tights. For really cold temperatures consider tights that don\u2019t have a pad. Padless tights allow you to wear your favourite pair of shorts underneath, adding additional warmth and comfort. In milder temperatures your shorts can be combined with knee warmers or leg warmers.<\/p>\n<p>http:\/\/instagram.com\/p\/0cXOO5tV9u<\/p>\n<h2><strong>Gloves<\/strong><\/h2>\n<p>In winter days the gloves are a must. Select them carefully, because if they\u2019re too tight, they will cut off the circulation in your hands, so make sure they fit properly. For instance, snowboarding gloves will keep you warm even if you are not snowboarding, but you must make sure you can still safely operate the shift and brake levers.<\/p>\n<h2><strong>Cap<\/strong><\/h2>\n<p>Modern helmets are perfectly ventilated, which is fine on hot days, but will make your head exposed to the freezing cold air. A windproof cap will keep frosty air at bay. A neck warmer will make a great service as it can be used to keep the bottom half of your face warm as well as your neck, and it also stops cold air disappearing though the neck of your jacket or jersey.<\/p>\n<h2><strong>Overshoes<\/strong><\/h2>\n<p>Last but not least, you need to acquire overshoes. They\u2019re essential for keeping your feet warm. A neoprene overshoe will protect you against the wind and rain, while a fleece-lined thermal bootie will provide an additional protection in the coldest conditions.<\/p>\n","protected":false},"excerpt":{"rendered":"<p>Icelanders have a saying that there\u2019s no bad weather, just bad clothing. Even though winters in the continental Europe are [&hellip;]<\/p>\n","protected":false},"author":14,"featured_media":132024,"comment_status":"open","ping_status":"open","sticky":false,"template":"","format":"standard","meta":{"footnotes":""},"categories":[328,329],"tags":[],"global-categories":[],"class_list":["post-132023","post","type-post","status-publish","format-standard","has-post-thumbnail","hentry","category-outdoor-mountain","category-road-cycling"],"yoast_head":"<!-- This site is optimized with the Yoast SEO Premium plugin v25.3 (Yoast SEO v25.9) - https:\/\/yoast.com\/wordpress\/plugins\/seo\/ -->\n<title>Prepare your wardrobe, winter is coming - \u0160koda We Love Cycling<\/title>\n<meta name=\"description\" content=\"Icelanders have a saying that there\u2019s no bad weather, just bad clothing. Even though winters in the continental Europe are a little bit milder, there are\" \/>\n<meta name=\"robots\" content=\"index, follow, max-snippet:-1, max-image-preview:large, max-video-preview:-1\" \/>\n<link rel=\"canonical\" href=\"https:\/\/www.welovecycling.com\/wide\/2015\/11\/12\/prepare-your-wardrobe-winter-is-coming\/\" \/>\n<meta property=\"og:locale\" content=\"en_US\" \/>\n<meta property=\"og:type\" content=\"article\" \/>\n<meta property=\"og:title\" content=\"Prepare your wardrobe, winter is coming\" \/>\n<meta property=\"og:description\" content=\"Icelanders have a saying that there\u2019s no bad weather, just bad clothing. Even though winters in the continental Europe are a little bit milder, there are\" \/>\n<meta property=\"og:url\" content=\"https:\/\/www.welovecycling.com\/wide\/2015\/11\/12\/prepare-your-wardrobe-winter-is-coming\/\" \/>\n<meta property=\"og:site_name\" content=\"\u0160koda We Love Cycling\" \/>\n<meta property=\"article:published_time\" content=\"2015-11-12T15:02:44+00:00\" \/>\n<meta property=\"article:modified_time\" content=\"2015-11-13T08:42:26+00:00\" \/>\n<meta property=\"og:image\" content=\"https:\/\/d2p6e6u75xmxt8.cloudfront.net\/2\/2015\/11\/opener18.webp\" \/>\n\t<meta property=\"og:image:width\" content=\"525\" \/>\n\t<meta property=\"og:image:height\" content=\"350\" \/>\n\t<meta property=\"og:image:type\" content=\"image\/webp\" \/>\n<meta name=\"twitter:card\" content=\"summary_large_image\" \/>\n<meta name=\"twitter:label1\" content=\"Written by\" \/>\n\t<meta name=\"twitter:data1\" content=\"Adam Marsal\" \/>\n\t<meta name=\"twitter:label2\" content=\"Est. reading time\" \/>\n\t<meta name=\"twitter:data2\" content=\"4 minutes\" \/>\n<script type=\"application\/ld+json\" class=\"yoast-schema-graph\">{\"@context\":\"https:\/\/schema.org\",\"@graph\":[{\"@type\":\"WebPage\",\"@id\":\"https:\/\/www.welovecycling.com\/wide\/2015\/11\/12\/prepare-your-wardrobe-winter-is-coming\/\",\"url\":\"https:\/\/www.welovecycling.com\/wide\/2015\/11\/12\/prepare-your-wardrobe-winter-is-coming\/\",\"name\":\"Prepare your wardrobe, winter is coming - \u0160koda We Love Cycling\",\"isPartOf\":{\"@id\":\"https:\/\/www.welovecycling.com\/wide\/#website\"},\"primaryImageOfPage\":{\"@id\":\"https:\/\/www.welovecycling.com\/wide\/2015\/11\/12\/prepare-your-wardrobe-winter-is-coming\/#primaryimage\"},\"image\":{\"@id\":\"https:\/\/www.welovecycling.com\/wide\/2015\/11\/12\/prepare-your-wardrobe-winter-is-coming\/#primaryimage\"},\"thumbnailUrl\":\"https:\/\/d2p6e6u75xmxt8.cloudfront.net\/2\/2015\/11\/opener18.webp\",\"datePublished\":\"2015-11-12T15:02:44+00:00\",\"dateModified\":\"2015-11-13T08:42:26+00:00\",\"author\":{\"@id\":\"\"},\"description\":\"Icelanders have a saying that there\u2019s no bad weather, just bad clothing. Even though winters in the continental Europe are a little bit milder, there are\",\"breadcrumb\":{\"@id\":\"https:\/\/www.welovecycling.com\/wide\/2015\/11\/12\/prepare-your-wardrobe-winter-is-coming\/#breadcrumb\"},\"inLanguage\":\"en-US\",\"potentialAction\":[{\"@type\":\"ReadAction\",\"target\":[\"https:\/\/www.welovecycling.com\/wide\/2015\/11\/12\/prepare-your-wardrobe-winter-is-coming\/\"]}]},{\"@type\":\"ImageObject\",\"inLanguage\":\"en-US\",\"@id\":\"https:\/\/www.welovecycling.com\/wide\/2015\/11\/12\/prepare-your-wardrobe-winter-is-coming\/#primaryimage\",\"url\":\"https:\/\/d2p6e6u75xmxt8.cloudfront.net\/2\/2015\/11\/opener18.webp\",\"contentUrl\":\"https:\/\/d2p6e6u75xmxt8.cloudfront.net\/2\/2015\/11\/opener18.webp\",\"width\":525,\"height\":350},{\"@type\":\"BreadcrumbList\",\"@id\":\"https:\/\/www.welovecycling.com\/wide\/2015\/11\/12\/prepare-your-wardrobe-winter-is-coming\/#breadcrumb\",\"itemListElement\":[{\"@type\":\"ListItem\",\"position\":1,\"name\":\"Home\",\"item\":\"https:\/\/www.welovecycling.com\/wide\/\"},{\"@type\":\"ListItem\",\"position\":2,\"name\":\"Prepare your wardrobe, winter is coming\"}]},{\"@type\":\"WebSite\",\"@id\":\"https:\/\/www.welovecycling.com\/wide\/#website\",\"url\":\"https:\/\/www.welovecycling.com\/wide\/\",\"name\":\"\u0160koda We Love Cycling\",\"description\":\"\u0160koda We Love Cycling magazine\",\"alternateName\":\"\u0160koda WLC\",\"potentialAction\":[{\"@type\":\"SearchAction\",\"target\":{\"@type\":\"EntryPoint\",\"urlTemplate\":\"https:\/\/www.welovecycling.com\/wide\/?s={search_term_string}\"},\"query-input\":{\"@type\":\"PropertyValueSpecification\",\"valueRequired\":true,\"valueName\":\"search_term_string\"}}],\"inLanguage\":\"en-US\"},{\"@type\":\"Person\",\"@id\":\"\",\"url\":\"https:\/\/www.welovecycling.com\/wide\/author\/\"}]}<\/script>\n<!-- \/ Yoast SEO Premium plugin. -->","yoast_head_json":{"title":"Prepare your wardrobe, winter is coming - \u0160koda We Love Cycling","description":"Icelanders have a saying that there\u2019s no bad weather, just bad clothing. Even though winters in the continental Europe are a little bit milder, there are","robots":{"index":"index","follow":"follow","max-snippet":"max-snippet:-1","max-image-preview":"max-image-preview:large","max-video-preview":"max-video-preview:-1"},"canonical":"https:\/\/www.welovecycling.com\/wide\/2015\/11\/12\/prepare-your-wardrobe-winter-is-coming\/","og_locale":"en_US","og_type":"article","og_title":"Prepare your wardrobe, winter is coming","og_description":"Icelanders have a saying that there\u2019s no bad weather, just bad clothing. Even though winters in the continental Europe are a little bit milder, there are","og_url":"https:\/\/www.welovecycling.com\/wide\/2015\/11\/12\/prepare-your-wardrobe-winter-is-coming\/","og_site_name":"\u0160koda We Love Cycling","article_published_time":"2015-11-12T15:02:44+00:00","article_modified_time":"2015-11-13T08:42:26+00:00","og_image":[{"width":525,"height":350,"url":"https:\/\/d2p6e6u75xmxt8.cloudfront.net\/2\/2015\/11\/opener18.webp","type":"image\/webp"}],"twitter_card":"summary_large_image","twitter_misc":{"Written by":"Adam Marsal","Est. reading time":"4 minutes"},"schema":{"@context":"https:\/\/schema.org","@graph":[{"@type":"WebPage","@id":"https:\/\/www.welovecycling.com\/wide\/2015\/11\/12\/prepare-your-wardrobe-winter-is-coming\/","url":"https:\/\/www.welovecycling.com\/wide\/2015\/11\/12\/prepare-your-wardrobe-winter-is-coming\/","name":"Prepare your wardrobe, winter is coming - \u0160koda We Love Cycling","isPartOf":{"@id":"https:\/\/www.welovecycling.com\/wide\/#website"},"primaryImageOfPage":{"@id":"https:\/\/www.welovecycling.com\/wide\/2015\/11\/12\/prepare-your-wardrobe-winter-is-coming\/#primaryimage"},"image":{"@id":"https:\/\/www.welovecycling.com\/wide\/2015\/11\/12\/prepare-your-wardrobe-winter-is-coming\/#primaryimage"},"thumbnailUrl":"https:\/\/d2p6e6u75xmxt8.cloudfront.net\/2\/2015\/11\/opener18.webp","datePublished":"2015-11-12T15:02:44+00:00","dateModified":"2015-11-13T08:42:26+00:00","author":{"@id":""},"description":"Icelanders have a saying that there\u2019s no bad weather, just bad clothing. Even though winters in the continental Europe are a little bit milder, there are","breadcrumb":{"@id":"https:\/\/www.welovecycling.com\/wide\/2015\/11\/12\/prepare-your-wardrobe-winter-is-coming\/#breadcrumb"},"inLanguage":"en-US","potentialAction":[{"@type":"ReadAction","target":["https:\/\/www.welovecycling.com\/wide\/2015\/11\/12\/prepare-your-wardrobe-winter-is-coming\/"]}]},{"@type":"ImageObject","inLanguage":"en-US","@id":"https:\/\/www.welovecycling.com\/wide\/2015\/11\/12\/prepare-your-wardrobe-winter-is-coming\/#primaryimage","url":"https:\/\/d2p6e6u75xmxt8.cloudfront.net\/2\/2015\/11\/opener18.webp","contentUrl":"https:\/\/d2p6e6u75xmxt8.cloudfront.net\/2\/2015\/11\/opener18.webp","width":525,"height":350},{"@type":"BreadcrumbList","@id":"https:\/\/www.welovecycling.com\/wide\/2015\/11\/12\/prepare-your-wardrobe-winter-is-coming\/#breadcrumb","itemListElement":[{"@type":"ListItem","position":1,"name":"Home","item":"https:\/\/www.welovecycling.com\/wide\/"},{"@type":"ListItem","position":2,"name":"Prepare your wardrobe, winter is coming"}]},{"@type":"WebSite","@id":"https:\/\/www.welovecycling.com\/wide\/#website","url":"https:\/\/www.welovecycling.com\/wide\/","name":"\u0160koda We Love Cycling","description":"\u0160koda We Love Cycling magazine","alternateName":"\u0160koda WLC","potentialAction":[{"@type":"SearchAction","target":{"@type":"EntryPoint","urlTemplate":"https:\/\/www.welovecycling.com\/wide\/?s={search_term_string}"},"query-input":{"@type":"PropertyValueSpecification","valueRequired":true,"valueName":"search_term_string"}}],"inLanguage":"en-US"},{"@type":"Person","@id":"","url":"https:\/\/www.welovecycling.com\/wide\/author\/"}]}},"_links":{"self":[{"href":"https:\/\/www.welovecycling.com\/wide\/wp-json\/wp\/v2\/posts\/132023","targetHints":{"allow":["GET"]}}],"collection":[{"href":"https:\/\/www.welovecycling.com\/wide\/wp-json\/wp\/v2\/posts"}],"about":[{"href":"https:\/\/www.welovecycling.com\/wide\/wp-json\/wp\/v2\/types\/post"}],"author":[{"embeddable":true,"href":"https:\/\/www.welovecycling.com\/wide\/wp-json\/wp\/v2\/users\/14"}],"replies":[{"embeddable":true,"href":"https:\/\/www.welovecycling.com\/wide\/wp-json\/wp\/v2\/comments?post=132023"}],"version-history":[{"count":2,"href":"https:\/\/www.welovecycling.com\/wide\/wp-json\/wp\/v2\/posts\/132023\/revisions"}],"predecessor-version":[{"id":132045,"href":"https:\/\/www.welovecycling.com\/wide\/wp-json\/wp\/v2\/posts\/132023\/revisions\/132045"}],"wp:featuredmedia":[{"embeddable":true,"href":"https:\/\/www.welovecycling.com\/wide\/wp-json\/wp\/v2\/media\/132024"}],"wp:attachment":[{"href":"https:\/\/www.welovecycling.com\/wide\/wp-json\/wp\/v2\/media?parent=132023"}],"wp:term":[{"taxonomy":"category","embeddable":true,"href":"https:\/\/www.welovecycling.com\/wide\/wp-json\/wp\/v2\/categories?post=132023"},{"taxonomy":"post_tag","embeddable":true,"href":"https:\/\/www.welovecycling.com\/wide\/wp-json\/wp\/v2\/tags?post=132023"},{"taxonomy":"global-categories","embeddable":true,"href":"https:\/\/www.welovecycling.com\/wide\/wp-json\/wp\/v2\/global-categories?post=132023"}],"curies":[{"name":"wp","href":"https:\/\/api.w.org\/{rel}","templated":true}]}}