{"id":131681,"date":"2015-10-08T17:40:30","date_gmt":"2015-10-08T15:40:30","guid":{"rendered":"https:\/\/www.welovecycling.com\/?p=131681"},"modified":"2015-10-08T17:40:30","modified_gmt":"2015-10-08T15:40:30","slug":"our-experience-with-rapha-ride-in-vienna","status":"publish","type":"post","link":"https:\/\/www.welovecycling.com\/wide\/2015\/10\/08\/our-experience-with-rapha-ride-in-vienna\/","title":{"rendered":"Our experience with Rapha Ride in Vienna"},"content":{"rendered":"<p><strong>We arrived to Vienna to join one of the famous Rapha Rides arranged around the Austria\u2019s capital cycling clubs. Read about our experience and see the lovely photos we made. Maybe it will inspire you to start your own Cycle Club.<\/strong><!--more--><\/p>\n<p>Rapha is known for its finest cycling clothing and accessories. The UK-based company also supports winning Sky Team including the recent Tour de France champion Chris Froome. Rapha Rides, like the recent one in Vienna, are organized by Rapha Cycle Clubs that have been created as\u00a0inspiring meeting places for road riders around the world.<\/p>\n<p><img loading=\"lazy\" decoding=\"async\" class=\"alignnone wp-image-131682 size-medium\" src=\"https:\/\/d2p6e6u75xmxt8.cloudfront.net\/2\/2015\/10\/1-600x400.jpg\" alt=\"Rapha Ride Vienna, Photo: WeLoveCycling.com\" width=\"600\" height=\"400\" \/><\/p>\n<p>Located in key cycling cities you\u2019ll find a retail space stocked with the latest Rapha products, limited edition Cycle Club items, and a caf\u00e9 serving the finest coffee and food.<\/p>\n<p><img loading=\"lazy\" decoding=\"async\" class=\"alignnone wp-image-131683 size-medium\" src=\"https:\/\/d2p6e6u75xmxt8.cloudfront.net\/2\/2015\/10\/5-600x400.jpg\" alt=\"Rapha Ride Vienna, Photo: WeLoveCycling.com\" width=\"600\" height=\"400\" \/><\/p>\n<p>Miriam Kathrein is the Rapha ambassador in Vienna. \u201eWe are about 30 girls and women riding together here in the city, but when we meet a girl riding bike by herself, we usually stop and ask her if she wants to join us, so the number is still growing,\u201d Kathrein says.<\/p>\n<p><img loading=\"lazy\" decoding=\"async\" class=\"alignnone wp-image-131684 size-medium\" src=\"https:\/\/d2p6e6u75xmxt8.cloudfront.net\/2\/2015\/10\/7-600x400.jpg\" alt=\"Rapha Ride Vienna, Photo: WeLoveCycling.com\" width=\"600\" height=\"400\" \/><\/p>\n<p>Vienna with its remarkable history is a place luring not only tourists but also the cycling fans. It\u2019s a beautiful city with kind car drivers and gorgeous suburbs. Vineyards, fields and villages with picturesque churches are scattered all over the hilly countryside. With the help of local cyclists you can reach quiet mountain roads with magnificent views over the city.<\/p>\n<p><img loading=\"lazy\" decoding=\"async\" class=\"alignnone wp-image-131685 size-medium\" src=\"https:\/\/d2p6e6u75xmxt8.cloudfront.net\/2\/2015\/10\/2-600x400.jpg\" alt=\"Rapha Ride Vienna, Photo: WeLoveCycling.com\" width=\"600\" height=\"400\" \/><\/p>\n<p>Lot of cycling activities in Vienna happen around Hotel am Brillantengrund, owned by young cycling enthusiast Marvin Mangalino. The common rides usually start on the porch of the house. In the spacious atrium you can find a cycling clubhouse with a bar and you can enjoy the delicious Philippine cuisine made by Marvin\u2019s mother after the ride.<\/p>\n<div id='gallery-1' class='gallery galleryid-131681 gallery-columns-3 gallery-size-medium'><figure class='gallery-item'>\n\t\t\t<div class='gallery-icon landscape'>\n\t\t\t\t<a href='https:\/\/d2p6e6u75xmxt8.cloudfront.net\/2\/2015\/10\/3.webp'><img loading=\"lazy\" decoding=\"async\" width=\"300\" height=\"200\" src=\"https:\/\/d2p6e6u75xmxt8.cloudfront.net\/2\/2015\/10\/3-300x200.webp\" class=\"attachment-medium size-medium\" alt=\"Rapha Ride Vienna, Photo: WeLoveCycling.com\" srcset=\"https:\/\/d2p6e6u75xmxt8.cloudfront.net\/2\/2015\/10\/3-300x200.webp 300w, https:\/\/d2p6e6u75xmxt8.cloudfront.net\/2\/2015\/10\/3-768x512.webp 768w, https:\/\/d2p6e6u75xmxt8.cloudfront.net\/2\/2015\/10\/3-272x182.webp 272w, https:\/\/d2p6e6u75xmxt8.cloudfront.net\/2\/2015\/10\/3.webp 900w\" sizes=\"auto, (max-width: 300px) 100vw, 300px\" \/><\/a>\n\t\t\t<\/div><\/figure><figure class='gallery-item'>\n\t\t\t<div class='gallery-icon landscape'>\n\t\t\t\t<a href='https:\/\/d2p6e6u75xmxt8.cloudfront.net\/2\/2015\/10\/4.webp'><img loading=\"lazy\" decoding=\"async\" width=\"300\" height=\"200\" src=\"https:\/\/d2p6e6u75xmxt8.cloudfront.net\/2\/2015\/10\/4-300x200.webp\" class=\"attachment-medium size-medium\" alt=\"Rapha Ride Vienna, Photo: WeLoveCycling.com\" srcset=\"https:\/\/d2p6e6u75xmxt8.cloudfront.net\/2\/2015\/10\/4-300x200.webp 300w, https:\/\/d2p6e6u75xmxt8.cloudfront.net\/2\/2015\/10\/4-768x512.webp 768w, https:\/\/d2p6e6u75xmxt8.cloudfront.net\/2\/2015\/10\/4-272x182.webp 272w, https:\/\/d2p6e6u75xmxt8.cloudfront.net\/2\/2015\/10\/4.webp 900w\" sizes=\"auto, (max-width: 300px) 100vw, 300px\" \/><\/a>\n\t\t\t<\/div><\/figure><figure class='gallery-item'>\n\t\t\t<div class='gallery-icon landscape'>\n\t\t\t\t<a href='https:\/\/d2p6e6u75xmxt8.cloudfront.net\/2\/2015\/10\/6.webp'><img loading=\"lazy\" decoding=\"async\" width=\"300\" height=\"200\" src=\"https:\/\/d2p6e6u75xmxt8.cloudfront.net\/2\/2015\/10\/6-300x200.webp\" class=\"attachment-medium size-medium\" alt=\"Rapha Ride Vienna, Photo: WeLoveCycling.com\" srcset=\"https:\/\/d2p6e6u75xmxt8.cloudfront.net\/2\/2015\/10\/6-300x200.webp 300w, https:\/\/d2p6e6u75xmxt8.cloudfront.net\/2\/2015\/10\/6-768x512.webp 768w, https:\/\/d2p6e6u75xmxt8.cloudfront.net\/2\/2015\/10\/6-272x182.webp 272w, https:\/\/d2p6e6u75xmxt8.cloudfront.net\/2\/2015\/10\/6.webp 900w\" sizes=\"auto, (max-width: 300px) 100vw, 300px\" \/><\/a>\n\t\t\t<\/div><\/figure>\n\t\t<\/div>\n\n<p>When you talk to the local guys, you find out that there have been no official cycling clubs in Vienna until last year. Now you can name three so far: <a href=\"http:\/\/bbuc.co\/\" target=\"_blank\">BBURD<\/a>, which is a cycle club gathered around the Hotel am Brillantengrund, <a href=\"http:\/\/viennainternationalcycleclub.weebly.com\/\" target=\"_blank\">Vienna International Cycle Club<\/a>\u00a0and <a href=\"http:\/\/www.radcore.at\/\" target=\"_blank\">Radcore<\/a>.<\/p>\n<p><img loading=\"lazy\" decoding=\"async\" class=\"alignnone wp-image-131689 size-medium\" src=\"https:\/\/d2p6e6u75xmxt8.cloudfront.net\/2\/2015\/10\/9-600x400.jpg\" alt=\"Rapha Ride Vienna, Photo: WeLoveCycling.com\" width=\"600\" height=\"400\" \/><\/p>\n<p>All the cycling clubs based in Vienna have their unique jersey designs. The clubs resemble motorbike gangs but rather than fighting each other they prefer to keep a good friendship among themselves and organize common rides almost every weekend.<\/p>\n<p><img loading=\"lazy\" decoding=\"async\" class=\"alignnone wp-image-131690 size-medium\" src=\"https:\/\/d2p6e6u75xmxt8.cloudfront.net\/2\/2015\/10\/8-600x400.jpg\" alt=\"Rapha Ride Vienna, Photo: WeLoveCycling.com\" width=\"600\" height=\"400\" \/><\/p>\n<p>If you are interested to come to Vienna and spend a nice day there, don\u2019t hesitate to contact them. All members are super cool, friendly and open to newcomers or visitors.<\/p>\n","protected":false},"excerpt":{"rendered":"<p>We arrived to Vienna to join one of the famous Rapha Rides arranged around the Austria\u2019s capital cycling clubs. Read [&hellip;]<\/p>\n","protected":false},"author":14,"featured_media":131692,"comment_status":"open","ping_status":"open","sticky":false,"template":"","format":"standard","meta":{"footnotes":""},"categories":[328,329,334,330],"tags":[],"global-categories":[],"class_list":["post-131681","post","type-post","status-publish","format-standard","has-post-thumbnail","hentry","category-outdoor-mountain","category-road-cycling","category-socialising-and-culture","category-urban-cycling"],"yoast_head":"<!-- This site is optimized with the Yoast SEO Premium plugin v25.3 (Yoast SEO v25.9) - https:\/\/yoast.com\/wordpress\/plugins\/seo\/ -->\n<title>Our experience with Rapha Ride in Vienna - \u0160koda We Love Cycling<\/title>\n<meta name=\"description\" content=\"We arrived to Vienna to join one of the famous Rapha Rides arranged around the Austria\u2019s capital cycling clubs.\" \/>\n<meta name=\"robots\" content=\"index, follow, max-snippet:-1, max-image-preview:large, max-video-preview:-1\" \/>\n<link rel=\"canonical\" href=\"https:\/\/www.welovecycling.com\/wide\/2015\/10\/08\/our-experience-with-rapha-ride-in-vienna\/\" \/>\n<meta property=\"og:locale\" content=\"en_US\" \/>\n<meta property=\"og:type\" content=\"article\" \/>\n<meta property=\"og:title\" content=\"Our experience with Rapha Ride in Vienna\" \/>\n<meta property=\"og:description\" content=\"We arrived to Vienna to join one of the famous Rapha Rides arranged around the Austria\u2019s capital cycling clubs.\" \/>\n<meta property=\"og:url\" content=\"https:\/\/www.welovecycling.com\/wide\/2015\/10\/08\/our-experience-with-rapha-ride-in-vienna\/\" \/>\n<meta property=\"og:site_name\" content=\"\u0160koda We Love Cycling\" \/>\n<meta property=\"article:published_time\" content=\"2015-10-08T15:40:30+00:00\" \/>\n<meta property=\"og:image\" content=\"https:\/\/d2p6e6u75xmxt8.cloudfront.net\/2\/2015\/10\/opener15.webp\" \/>\n\t<meta property=\"og:image:width\" content=\"525\" \/>\n\t<meta property=\"og:image:height\" content=\"350\" \/>\n\t<meta property=\"og:image:type\" content=\"image\/webp\" \/>\n<meta name=\"twitter:card\" content=\"summary_large_image\" \/>\n<meta name=\"twitter:label1\" content=\"Written by\" \/>\n\t<meta name=\"twitter:data1\" content=\"Adam Marsal\" \/>\n\t<meta name=\"twitter:label2\" content=\"Est. reading time\" \/>\n\t<meta name=\"twitter:data2\" content=\"2 minutes\" \/>\n<script type=\"application\/ld+json\" class=\"yoast-schema-graph\">{\"@context\":\"https:\/\/schema.org\",\"@graph\":[{\"@type\":\"WebPage\",\"@id\":\"https:\/\/www.welovecycling.com\/wide\/2015\/10\/08\/our-experience-with-rapha-ride-in-vienna\/\",\"url\":\"https:\/\/www.welovecycling.com\/wide\/2015\/10\/08\/our-experience-with-rapha-ride-in-vienna\/\",\"name\":\"Our experience with Rapha Ride in Vienna - \u0160koda We Love Cycling\",\"isPartOf\":{\"@id\":\"https:\/\/www.welovecycling.com\/wide\/#website\"},\"primaryImageOfPage\":{\"@id\":\"https:\/\/www.welovecycling.com\/wide\/2015\/10\/08\/our-experience-with-rapha-ride-in-vienna\/#primaryimage\"},\"image\":{\"@id\":\"https:\/\/www.welovecycling.com\/wide\/2015\/10\/08\/our-experience-with-rapha-ride-in-vienna\/#primaryimage\"},\"thumbnailUrl\":\"https:\/\/d2p6e6u75xmxt8.cloudfront.net\/2\/2015\/10\/opener15.webp\",\"datePublished\":\"2015-10-08T15:40:30+00:00\",\"author\":{\"@id\":\"\"},\"description\":\"We arrived to Vienna to join one of the famous Rapha Rides arranged around the Austria\u2019s capital cycling clubs.\",\"breadcrumb\":{\"@id\":\"https:\/\/www.welovecycling.com\/wide\/2015\/10\/08\/our-experience-with-rapha-ride-in-vienna\/#breadcrumb\"},\"inLanguage\":\"en-US\",\"potentialAction\":[{\"@type\":\"ReadAction\",\"target\":[\"https:\/\/www.welovecycling.com\/wide\/2015\/10\/08\/our-experience-with-rapha-ride-in-vienna\/\"]}]},{\"@type\":\"ImageObject\",\"inLanguage\":\"en-US\",\"@id\":\"https:\/\/www.welovecycling.com\/wide\/2015\/10\/08\/our-experience-with-rapha-ride-in-vienna\/#primaryimage\",\"url\":\"https:\/\/d2p6e6u75xmxt8.cloudfront.net\/2\/2015\/10\/opener15.webp\",\"contentUrl\":\"https:\/\/d2p6e6u75xmxt8.cloudfront.net\/2\/2015\/10\/opener15.webp\",\"width\":525,\"height\":350},{\"@type\":\"BreadcrumbList\",\"@id\":\"https:\/\/www.welovecycling.com\/wide\/2015\/10\/08\/our-experience-with-rapha-ride-in-vienna\/#breadcrumb\",\"itemListElement\":[{\"@type\":\"ListItem\",\"position\":1,\"name\":\"Home\",\"item\":\"https:\/\/www.welovecycling.com\/wide\/\"},{\"@type\":\"ListItem\",\"position\":2,\"name\":\"Our experience with Rapha Ride in Vienna\"}]},{\"@type\":\"WebSite\",\"@id\":\"https:\/\/www.welovecycling.com\/wide\/#website\",\"url\":\"https:\/\/www.welovecycling.com\/wide\/\",\"name\":\"\u0160koda We Love Cycling\",\"description\":\"\u0160koda We Love Cycling magazine\",\"alternateName\":\"\u0160koda WLC\",\"potentialAction\":[{\"@type\":\"SearchAction\",\"target\":{\"@type\":\"EntryPoint\",\"urlTemplate\":\"https:\/\/www.welovecycling.com\/wide\/?s={search_term_string}\"},\"query-input\":{\"@type\":\"PropertyValueSpecification\",\"valueRequired\":true,\"valueName\":\"search_term_string\"}}],\"inLanguage\":\"en-US\"},{\"@type\":\"Person\",\"@id\":\"\",\"url\":\"https:\/\/www.welovecycling.com\/wide\/author\/\"}]}<\/script>\n<!-- \/ Yoast SEO Premium plugin. -->","yoast_head_json":{"title":"Our experience with Rapha Ride in Vienna - \u0160koda We Love Cycling","description":"We arrived to Vienna to join one of the famous Rapha Rides arranged around the Austria\u2019s capital cycling clubs.","robots":{"index":"index","follow":"follow","max-snippet":"max-snippet:-1","max-image-preview":"max-image-preview:large","max-video-preview":"max-video-preview:-1"},"canonical":"https:\/\/www.welovecycling.com\/wide\/2015\/10\/08\/our-experience-with-rapha-ride-in-vienna\/","og_locale":"en_US","og_type":"article","og_title":"Our experience with Rapha Ride in Vienna","og_description":"We arrived to Vienna to join one of the famous Rapha Rides arranged around the Austria\u2019s capital cycling clubs.","og_url":"https:\/\/www.welovecycling.com\/wide\/2015\/10\/08\/our-experience-with-rapha-ride-in-vienna\/","og_site_name":"\u0160koda We Love Cycling","article_published_time":"2015-10-08T15:40:30+00:00","og_image":[{"width":525,"height":350,"url":"https:\/\/d2p6e6u75xmxt8.cloudfront.net\/2\/2015\/10\/opener15.webp","type":"image\/webp"}],"twitter_card":"summary_large_image","twitter_misc":{"Written by":"Adam Marsal","Est. reading time":"2 minutes"},"schema":{"@context":"https:\/\/schema.org","@graph":[{"@type":"WebPage","@id":"https:\/\/www.welovecycling.com\/wide\/2015\/10\/08\/our-experience-with-rapha-ride-in-vienna\/","url":"https:\/\/www.welovecycling.com\/wide\/2015\/10\/08\/our-experience-with-rapha-ride-in-vienna\/","name":"Our experience with Rapha Ride in Vienna - \u0160koda We Love Cycling","isPartOf":{"@id":"https:\/\/www.welovecycling.com\/wide\/#website"},"primaryImageOfPage":{"@id":"https:\/\/www.welovecycling.com\/wide\/2015\/10\/08\/our-experience-with-rapha-ride-in-vienna\/#primaryimage"},"image":{"@id":"https:\/\/www.welovecycling.com\/wide\/2015\/10\/08\/our-experience-with-rapha-ride-in-vienna\/#primaryimage"},"thumbnailUrl":"https:\/\/d2p6e6u75xmxt8.cloudfront.net\/2\/2015\/10\/opener15.webp","datePublished":"2015-10-08T15:40:30+00:00","author":{"@id":""},"description":"We arrived to Vienna to join one of the famous Rapha Rides arranged around the Austria\u2019s capital cycling clubs.","breadcrumb":{"@id":"https:\/\/www.welovecycling.com\/wide\/2015\/10\/08\/our-experience-with-rapha-ride-in-vienna\/#breadcrumb"},"inLanguage":"en-US","potentialAction":[{"@type":"ReadAction","target":["https:\/\/www.welovecycling.com\/wide\/2015\/10\/08\/our-experience-with-rapha-ride-in-vienna\/"]}]},{"@type":"ImageObject","inLanguage":"en-US","@id":"https:\/\/www.welovecycling.com\/wide\/2015\/10\/08\/our-experience-with-rapha-ride-in-vienna\/#primaryimage","url":"https:\/\/d2p6e6u75xmxt8.cloudfront.net\/2\/2015\/10\/opener15.webp","contentUrl":"https:\/\/d2p6e6u75xmxt8.cloudfront.net\/2\/2015\/10\/opener15.webp","width":525,"height":350},{"@type":"BreadcrumbList","@id":"https:\/\/www.welovecycling.com\/wide\/2015\/10\/08\/our-experience-with-rapha-ride-in-vienna\/#breadcrumb","itemListElement":[{"@type":"ListItem","position":1,"name":"Home","item":"https:\/\/www.welovecycling.com\/wide\/"},{"@type":"ListItem","position":2,"name":"Our experience with Rapha Ride in Vienna"}]},{"@type":"WebSite","@id":"https:\/\/www.welovecycling.com\/wide\/#website","url":"https:\/\/www.welovecycling.com\/wide\/","name":"\u0160koda We Love Cycling","description":"\u0160koda We Love Cycling magazine","alternateName":"\u0160koda WLC","potentialAction":[{"@type":"SearchAction","target":{"@type":"EntryPoint","urlTemplate":"https:\/\/www.welovecycling.com\/wide\/?s={search_term_string}"},"query-input":{"@type":"PropertyValueSpecification","valueRequired":true,"valueName":"search_term_string"}}],"inLanguage":"en-US"},{"@type":"Person","@id":"","url":"https:\/\/www.welovecycling.com\/wide\/author\/"}]}},"_links":{"self":[{"href":"https:\/\/www.welovecycling.com\/wide\/wp-json\/wp\/v2\/posts\/131681","targetHints":{"allow":["GET"]}}],"collection":[{"href":"https:\/\/www.welovecycling.com\/wide\/wp-json\/wp\/v2\/posts"}],"about":[{"href":"https:\/\/www.welovecycling.com\/wide\/wp-json\/wp\/v2\/types\/post"}],"author":[{"embeddable":true,"href":"https:\/\/www.welovecycling.com\/wide\/wp-json\/wp\/v2\/users\/14"}],"replies":[{"embeddable":true,"href":"https:\/\/www.welovecycling.com\/wide\/wp-json\/wp\/v2\/comments?post=131681"}],"version-history":[{"count":2,"href":"https:\/\/www.welovecycling.com\/wide\/wp-json\/wp\/v2\/posts\/131681\/revisions"}],"predecessor-version":[{"id":131697,"href":"https:\/\/www.welovecycling.com\/wide\/wp-json\/wp\/v2\/posts\/131681\/revisions\/131697"}],"wp:featuredmedia":[{"embeddable":true,"href":"https:\/\/www.welovecycling.com\/wide\/wp-json\/wp\/v2\/media\/131692"}],"wp:attachment":[{"href":"https:\/\/www.welovecycling.com\/wide\/wp-json\/wp\/v2\/media?parent=131681"}],"wp:term":[{"taxonomy":"category","embeddable":true,"href":"https:\/\/www.welovecycling.com\/wide\/wp-json\/wp\/v2\/categories?post=131681"},{"taxonomy":"post_tag","embeddable":true,"href":"https:\/\/www.welovecycling.com\/wide\/wp-json\/wp\/v2\/tags?post=131681"},{"taxonomy":"global-categories","embeddable":true,"href":"https:\/\/www.welovecycling.com\/wide\/wp-json\/wp\/v2\/global-categories?post=131681"}],"curies":[{"name":"wp","href":"https:\/\/api.w.org\/{rel}","templated":true}]}}