{"id":131615,"date":"2015-10-01T15:03:23","date_gmt":"2015-10-01T15:03:23","guid":{"rendered":"https:\/\/www.welovecycling.com\/?p=131615"},"modified":"2016-05-03T08:14:56","modified_gmt":"2016-05-03T08:14:56","slug":"days-are-getting-shorter","status":"publish","type":"post","link":"https:\/\/www.welovecycling.com\/wide\/2015\/10\/01\/days-are-getting-shorter\/","title":{"rendered":"Days are getting shorter"},"content":{"rendered":"<p><strong>Autumn equinox \u2013 an equivalent of winter\u2019s declaration of war for a cyclist &#8211; passed by only a few days ago and it means that less sunlight and lower temperatures will accompany us on the ride. But don\u2019t worry! We won\u2019t talk about frozen body parts just yet. This is what you can look forward to in next few weeks on WeLoveCycling.<\/strong><\/p>\n<p><!--more--><\/p>\n<h2><strong>Italian mountains \u2013 because it was unforgettable<\/strong><\/h2>\n<p>Last month we had a great time \u2013 while our weaker colleagues tried not to break down because of the steep Dolomites\u00a0gradient &#8211; on the Sellaronda Bike Day. Have you seen the pictures posted on our <a href=\"https:\/\/instagram.com\/wlcmagazine\" target=\"_blank\">Instagram<\/a>?<\/p>\n<p><img loading=\"lazy\" decoding=\"async\" class=\"alignnone size-medium wp-image-131616\" src=\"https:\/\/d2p6e6u75xmxt8.cloudfront.net\/2\/2015\/10\/001-600x400.jpg\" alt=\"\" width=\"600\" height=\"400\" \/><\/p>\n<p>We also had our camera crew with us so we will show you not only the landscape, but mainly how our gang performed on different types of bikes from (almost) all-forgiving e-bikes \u2013 one of which broke down after just 6 kilometres \u2013 to road specials from Festka.<\/p>\n<h2><strong>Traffic, cities and commuting<\/strong><\/h2>\n<p>We know &#8211; we didn\u2019t pay enough attention to urban cycling in recent weeks. But now that everyone\u2019s back home, full of new experiences and still thinking about the last cycling trip, the reality strikes back. Lot of us is commuting daily and that comes with more or less problems depending on the level of our commitment.<\/p>\n<p><img loading=\"lazy\" decoding=\"async\" class=\"alignnone size-medium wp-image-131617\" src=\"https:\/\/d2p6e6u75xmxt8.cloudfront.net\/2\/2015\/10\/profimedia-0167887701-600x400.jpg\" alt=\"\" width=\"600\" height=\"400\" \/><\/p>\n<p>Buying warmer clothes, choosing a new bike, trying to find that lost tail light (<a href=\"https:\/\/www.welovecycling.com\/blog\/26504\/simply-clever-hack-make-an-emergency-tail-light\/\" target=\"_blank\">read about our emergency solution<\/a>) or just refreshing the urban cycling safety rules after the weeks spent on abandoned country roads \u2013 you name it. We just want to spend some time talking about what\u2019s new in the world of urban cycling.<\/p>\n<h2><strong>The rest is all fun<\/strong><\/h2>\n<p>We don\u2019t want to be all too serious and because of that we will talk about alcohol and cycling (it won\u2019t be a review), we are going to interview our a man who makes wooden bikes (are wood\u2013worms a real danger?) and we will get to know closer those peculiar people whose idea of a great Sunday is to dress into tweed, smoke a pipe and take their historical bicycle for a ride together with their friends \u2013 wait, that actually sounds awesome.<\/p>\n<p><img loading=\"lazy\" decoding=\"async\" class=\"alignnone size-medium wp-image-131618\" src=\"https:\/\/d2p6e6u75xmxt8.cloudfront.net\/2\/2015\/10\/profimedia-0167155924-600x401.jpg\" alt=\"The Tweed Run, an annual cycling event in London\" width=\"600\" height=\"401\" \/><\/p>\n<p><strong>And you know what? Our film crew won\u2019t goof off either. They will be shooting our new feature about bike stealing in Rome, Amsterdam and Prague. Stay tuned and don\u2019t forget to follow us on <a href=\"https:\/\/instagram.com\/wlcmagazine\" target=\"_blank\">Instagram<\/a> for more behind-the-scenes info.<\/strong><\/p>\n","protected":false},"excerpt":{"rendered":"<p>Autumn equinox \u2013 an equivalent of winter\u2019s declaration of war for a cyclist &#8211; passed by only a few days [&hellip;]<\/p>\n","protected":false},"author":14,"featured_media":131619,"comment_status":"open","ping_status":"open","sticky":false,"template":"","format":"standard","meta":{"footnotes":""},"categories":[328],"tags":[],"global-categories":[],"class_list":["post-131615","post","type-post","status-publish","format-standard","has-post-thumbnail","hentry","category-outdoor-mountain"],"yoast_head":"<!-- This site is optimized with the Yoast SEO Premium plugin v25.3 (Yoast SEO v25.9) - https:\/\/yoast.com\/wordpress\/plugins\/seo\/ -->\n<title>Days are getting shorter - \u0160koda We Love Cycling<\/title>\n<meta name=\"description\" content=\"Don\u2019t worry! We won\u2019t talk about frozen body parts just yet. This is what you can look forward to in next few weeks on WeLoveCycling.\" \/>\n<meta name=\"robots\" content=\"index, follow, max-snippet:-1, max-image-preview:large, max-video-preview:-1\" \/>\n<link rel=\"canonical\" href=\"https:\/\/www.welovecycling.com\/wide\/2015\/10\/01\/days-are-getting-shorter\/\" \/>\n<meta property=\"og:locale\" content=\"en_US\" \/>\n<meta property=\"og:type\" content=\"article\" \/>\n<meta property=\"og:title\" content=\"Days are getting shorter\" \/>\n<meta property=\"og:description\" content=\"Don\u2019t worry! We won\u2019t talk about frozen body parts just yet. This is what you can look forward to in next few weeks on WeLoveCycling.\" \/>\n<meta property=\"og:url\" content=\"https:\/\/www.welovecycling.com\/wide\/2015\/10\/01\/days-are-getting-shorter\/\" \/>\n<meta property=\"og:site_name\" content=\"\u0160koda We Love Cycling\" \/>\n<meta property=\"article:published_time\" content=\"2015-10-01T15:03:23+00:00\" \/>\n<meta property=\"article:modified_time\" content=\"2016-05-03T08:14:56+00:00\" \/>\n<meta property=\"og:image\" content=\"https:\/\/d2p6e6u75xmxt8.cloudfront.net\/2\/2015\/10\/opener1.webp\" \/>\n\t<meta property=\"og:image:width\" content=\"525\" \/>\n\t<meta property=\"og:image:height\" content=\"350\" \/>\n\t<meta property=\"og:image:type\" content=\"image\/webp\" \/>\n<meta name=\"twitter:card\" content=\"summary_large_image\" \/>\n<meta name=\"twitter:label1\" content=\"Written by\" \/>\n\t<meta name=\"twitter:data1\" content=\"Honza Koran\" \/>\n\t<meta name=\"twitter:label2\" content=\"Est. reading time\" \/>\n\t<meta name=\"twitter:data2\" content=\"2 minutes\" \/>\n<script type=\"application\/ld+json\" class=\"yoast-schema-graph\">{\"@context\":\"https:\/\/schema.org\",\"@graph\":[{\"@type\":\"WebPage\",\"@id\":\"https:\/\/www.welovecycling.com\/wide\/2015\/10\/01\/days-are-getting-shorter\/\",\"url\":\"https:\/\/www.welovecycling.com\/wide\/2015\/10\/01\/days-are-getting-shorter\/\",\"name\":\"Days are getting shorter - \u0160koda We Love Cycling\",\"isPartOf\":{\"@id\":\"https:\/\/www.welovecycling.com\/wide\/#website\"},\"primaryImageOfPage\":{\"@id\":\"https:\/\/www.welovecycling.com\/wide\/2015\/10\/01\/days-are-getting-shorter\/#primaryimage\"},\"image\":{\"@id\":\"https:\/\/www.welovecycling.com\/wide\/2015\/10\/01\/days-are-getting-shorter\/#primaryimage\"},\"thumbnailUrl\":\"https:\/\/d2p6e6u75xmxt8.cloudfront.net\/2\/2015\/10\/opener1.webp\",\"datePublished\":\"2015-10-01T15:03:23+00:00\",\"dateModified\":\"2016-05-03T08:14:56+00:00\",\"author\":{\"@id\":\"\"},\"description\":\"Don\u2019t worry! We won\u2019t talk about frozen body parts just yet. This is what you can look forward to in next few weeks on WeLoveCycling.\",\"breadcrumb\":{\"@id\":\"https:\/\/www.welovecycling.com\/wide\/2015\/10\/01\/days-are-getting-shorter\/#breadcrumb\"},\"inLanguage\":\"en-US\",\"potentialAction\":[{\"@type\":\"ReadAction\",\"target\":[\"https:\/\/www.welovecycling.com\/wide\/2015\/10\/01\/days-are-getting-shorter\/\"]}]},{\"@type\":\"ImageObject\",\"inLanguage\":\"en-US\",\"@id\":\"https:\/\/www.welovecycling.com\/wide\/2015\/10\/01\/days-are-getting-shorter\/#primaryimage\",\"url\":\"https:\/\/d2p6e6u75xmxt8.cloudfront.net\/2\/2015\/10\/opener1.webp\",\"contentUrl\":\"https:\/\/d2p6e6u75xmxt8.cloudfront.net\/2\/2015\/10\/opener1.webp\",\"width\":525,\"height\":350},{\"@type\":\"BreadcrumbList\",\"@id\":\"https:\/\/www.welovecycling.com\/wide\/2015\/10\/01\/days-are-getting-shorter\/#breadcrumb\",\"itemListElement\":[{\"@type\":\"ListItem\",\"position\":1,\"name\":\"Home\",\"item\":\"https:\/\/www.welovecycling.com\/wide\/\"},{\"@type\":\"ListItem\",\"position\":2,\"name\":\"Days are getting shorter\"}]},{\"@type\":\"WebSite\",\"@id\":\"https:\/\/www.welovecycling.com\/wide\/#website\",\"url\":\"https:\/\/www.welovecycling.com\/wide\/\",\"name\":\"\u0160koda We Love Cycling\",\"description\":\"\u0160koda We Love Cycling magazine\",\"alternateName\":\"\u0160koda WLC\",\"potentialAction\":[{\"@type\":\"SearchAction\",\"target\":{\"@type\":\"EntryPoint\",\"urlTemplate\":\"https:\/\/www.welovecycling.com\/wide\/?s={search_term_string}\"},\"query-input\":{\"@type\":\"PropertyValueSpecification\",\"valueRequired\":true,\"valueName\":\"search_term_string\"}}],\"inLanguage\":\"en-US\"},{\"@type\":\"Person\",\"@id\":\"\",\"url\":\"https:\/\/www.welovecycling.com\/wide\/author\/\"}]}<\/script>\n<!-- \/ Yoast SEO Premium plugin. -->","yoast_head_json":{"title":"Days are getting shorter - \u0160koda We Love Cycling","description":"Don\u2019t worry! We won\u2019t talk about frozen body parts just yet. This is what you can look forward to in next few weeks on WeLoveCycling.","robots":{"index":"index","follow":"follow","max-snippet":"max-snippet:-1","max-image-preview":"max-image-preview:large","max-video-preview":"max-video-preview:-1"},"canonical":"https:\/\/www.welovecycling.com\/wide\/2015\/10\/01\/days-are-getting-shorter\/","og_locale":"en_US","og_type":"article","og_title":"Days are getting shorter","og_description":"Don\u2019t worry! We won\u2019t talk about frozen body parts just yet. This is what you can look forward to in next few weeks on WeLoveCycling.","og_url":"https:\/\/www.welovecycling.com\/wide\/2015\/10\/01\/days-are-getting-shorter\/","og_site_name":"\u0160koda We Love Cycling","article_published_time":"2015-10-01T15:03:23+00:00","article_modified_time":"2016-05-03T08:14:56+00:00","og_image":[{"width":525,"height":350,"url":"https:\/\/d2p6e6u75xmxt8.cloudfront.net\/2\/2015\/10\/opener1.webp","type":"image\/webp"}],"twitter_card":"summary_large_image","twitter_misc":{"Written by":"Honza Koran","Est. reading time":"2 minutes"},"schema":{"@context":"https:\/\/schema.org","@graph":[{"@type":"WebPage","@id":"https:\/\/www.welovecycling.com\/wide\/2015\/10\/01\/days-are-getting-shorter\/","url":"https:\/\/www.welovecycling.com\/wide\/2015\/10\/01\/days-are-getting-shorter\/","name":"Days are getting shorter - \u0160koda We Love Cycling","isPartOf":{"@id":"https:\/\/www.welovecycling.com\/wide\/#website"},"primaryImageOfPage":{"@id":"https:\/\/www.welovecycling.com\/wide\/2015\/10\/01\/days-are-getting-shorter\/#primaryimage"},"image":{"@id":"https:\/\/www.welovecycling.com\/wide\/2015\/10\/01\/days-are-getting-shorter\/#primaryimage"},"thumbnailUrl":"https:\/\/d2p6e6u75xmxt8.cloudfront.net\/2\/2015\/10\/opener1.webp","datePublished":"2015-10-01T15:03:23+00:00","dateModified":"2016-05-03T08:14:56+00:00","author":{"@id":""},"description":"Don\u2019t worry! We won\u2019t talk about frozen body parts just yet. This is what you can look forward to in next few weeks on WeLoveCycling.","breadcrumb":{"@id":"https:\/\/www.welovecycling.com\/wide\/2015\/10\/01\/days-are-getting-shorter\/#breadcrumb"},"inLanguage":"en-US","potentialAction":[{"@type":"ReadAction","target":["https:\/\/www.welovecycling.com\/wide\/2015\/10\/01\/days-are-getting-shorter\/"]}]},{"@type":"ImageObject","inLanguage":"en-US","@id":"https:\/\/www.welovecycling.com\/wide\/2015\/10\/01\/days-are-getting-shorter\/#primaryimage","url":"https:\/\/d2p6e6u75xmxt8.cloudfront.net\/2\/2015\/10\/opener1.webp","contentUrl":"https:\/\/d2p6e6u75xmxt8.cloudfront.net\/2\/2015\/10\/opener1.webp","width":525,"height":350},{"@type":"BreadcrumbList","@id":"https:\/\/www.welovecycling.com\/wide\/2015\/10\/01\/days-are-getting-shorter\/#breadcrumb","itemListElement":[{"@type":"ListItem","position":1,"name":"Home","item":"https:\/\/www.welovecycling.com\/wide\/"},{"@type":"ListItem","position":2,"name":"Days are getting shorter"}]},{"@type":"WebSite","@id":"https:\/\/www.welovecycling.com\/wide\/#website","url":"https:\/\/www.welovecycling.com\/wide\/","name":"\u0160koda We Love Cycling","description":"\u0160koda We Love Cycling magazine","alternateName":"\u0160koda WLC","potentialAction":[{"@type":"SearchAction","target":{"@type":"EntryPoint","urlTemplate":"https:\/\/www.welovecycling.com\/wide\/?s={search_term_string}"},"query-input":{"@type":"PropertyValueSpecification","valueRequired":true,"valueName":"search_term_string"}}],"inLanguage":"en-US"},{"@type":"Person","@id":"","url":"https:\/\/www.welovecycling.com\/wide\/author\/"}]}},"_links":{"self":[{"href":"https:\/\/www.welovecycling.com\/wide\/wp-json\/wp\/v2\/posts\/131615","targetHints":{"allow":["GET"]}}],"collection":[{"href":"https:\/\/www.welovecycling.com\/wide\/wp-json\/wp\/v2\/posts"}],"about":[{"href":"https:\/\/www.welovecycling.com\/wide\/wp-json\/wp\/v2\/types\/post"}],"author":[{"embeddable":true,"href":"https:\/\/www.welovecycling.com\/wide\/wp-json\/wp\/v2\/users\/14"}],"replies":[{"embeddable":true,"href":"https:\/\/www.welovecycling.com\/wide\/wp-json\/wp\/v2\/comments?post=131615"}],"version-history":[{"count":2,"href":"https:\/\/www.welovecycling.com\/wide\/wp-json\/wp\/v2\/posts\/131615\/revisions"}],"predecessor-version":[{"id":131624,"href":"https:\/\/www.welovecycling.com\/wide\/wp-json\/wp\/v2\/posts\/131615\/revisions\/131624"}],"wp:featuredmedia":[{"embeddable":true,"href":"https:\/\/www.welovecycling.com\/wide\/wp-json\/wp\/v2\/media\/131619"}],"wp:attachment":[{"href":"https:\/\/www.welovecycling.com\/wide\/wp-json\/wp\/v2\/media?parent=131615"}],"wp:term":[{"taxonomy":"category","embeddable":true,"href":"https:\/\/www.welovecycling.com\/wide\/wp-json\/wp\/v2\/categories?post=131615"},{"taxonomy":"post_tag","embeddable":true,"href":"https:\/\/www.welovecycling.com\/wide\/wp-json\/wp\/v2\/tags?post=131615"},{"taxonomy":"global-categories","embeddable":true,"href":"https:\/\/www.welovecycling.com\/wide\/wp-json\/wp\/v2\/global-categories?post=131615"}],"curies":[{"name":"wp","href":"https:\/\/api.w.org\/{rel}","templated":true}]}}