{"id":131583,"date":"2015-09-25T09:53:58","date_gmt":"2015-09-25T09:53:58","guid":{"rendered":"https:\/\/www.welovecycling.com\/?p=131583"},"modified":"2016-05-03T08:05:06","modified_gmt":"2016-05-03T08:05:06","slug":"only-the-best-for-kids","status":"publish","type":"post","link":"https:\/\/www.welovecycling.com\/wide\/2015\/09\/25\/only-the-best-for-kids\/","title":{"rendered":"Only the best for kids"},"content":{"rendered":"<p><strong>The kids weren\u2019t in manufacturers focus of interest for a long time but\u00a0that\u2019s no longer true.\u00a0We <\/strong><strong>nit<\/strong><strong>-picked <\/strong><strong>some interesting products\u00a0at\u00a0Eurobike that <\/strong><strong>are changing<\/strong><strong> the quality of time spent on bikes before the kids grow up.\u00a0<\/strong><strong>Following<\/strong><strong> are the things we crave\u00a0<\/strong><strong>for\u00a0them.<\/strong><\/p>\n<p><!--more--><\/p>\n<h2><strong>Early rider\u00a0<\/strong><\/h2>\n<p>Some bicycle manufacturers were late to get a grasp of the idea that even kids deserve more than a low-end products. But it\u2019s not the case of the UK based company. <em>Early Rider<\/em> introduced a beautiful 20-inch wheeled bike for small riders who can fully enjoy advantages of belt drive, disc brakes, suspension fork and Ritchey Components. Founder Andy Loveland created the UK brand nine years ago after trying to find a quality children\u2019s bike.<\/p>\n<div id='gallery-1' class='gallery galleryid-131583 gallery-columns-3 gallery-size-medium'><figure class='gallery-item'>\n\t\t\t<div class='gallery-icon landscape'>\n\t\t\t\t<a href='https:\/\/d2p6e6u75xmxt8.cloudfront.net\/2\/2015\/09\/earlyrider1.webp'><img loading=\"lazy\" decoding=\"async\" width=\"300\" height=\"200\" src=\"https:\/\/d2p6e6u75xmxt8.cloudfront.net\/2\/2015\/09\/earlyrider1-300x200.webp\" class=\"attachment-medium size-medium\" alt=\"\" srcset=\"https:\/\/d2p6e6u75xmxt8.cloudfront.net\/2\/2015\/09\/earlyrider1-300x200.webp 300w, https:\/\/d2p6e6u75xmxt8.cloudfront.net\/2\/2015\/09\/earlyrider1-768x512.webp 768w, https:\/\/d2p6e6u75xmxt8.cloudfront.net\/2\/2015\/09\/earlyrider1-272x182.webp 272w, https:\/\/d2p6e6u75xmxt8.cloudfront.net\/2\/2015\/09\/earlyrider1.webp 900w\" sizes=\"auto, (max-width: 300px) 100vw, 300px\" \/><\/a>\n\t\t\t<\/div><\/figure><figure class='gallery-item'>\n\t\t\t<div class='gallery-icon landscape'>\n\t\t\t\t<a href='https:\/\/d2p6e6u75xmxt8.cloudfront.net\/2\/2015\/09\/earlyrider2.webp'><img loading=\"lazy\" decoding=\"async\" width=\"300\" height=\"200\" src=\"https:\/\/d2p6e6u75xmxt8.cloudfront.net\/2\/2015\/09\/earlyrider2-300x200.webp\" class=\"attachment-medium size-medium\" alt=\"\" srcset=\"https:\/\/d2p6e6u75xmxt8.cloudfront.net\/2\/2015\/09\/earlyrider2-300x200.webp 300w, https:\/\/d2p6e6u75xmxt8.cloudfront.net\/2\/2015\/09\/earlyrider2-768x512.webp 768w, https:\/\/d2p6e6u75xmxt8.cloudfront.net\/2\/2015\/09\/earlyrider2-272x182.webp 272w, https:\/\/d2p6e6u75xmxt8.cloudfront.net\/2\/2015\/09\/earlyrider2.webp 900w\" sizes=\"auto, (max-width: 300px) 100vw, 300px\" \/><\/a>\n\t\t\t<\/div><\/figure><figure class='gallery-item'>\n\t\t\t<div class='gallery-icon landscape'>\n\t\t\t\t<a href='https:\/\/d2p6e6u75xmxt8.cloudfront.net\/2\/2015\/09\/earlyrider3.webp'><img loading=\"lazy\" decoding=\"async\" width=\"300\" height=\"200\" src=\"https:\/\/d2p6e6u75xmxt8.cloudfront.net\/2\/2015\/09\/earlyrider3-300x200.webp\" class=\"attachment-medium size-medium\" alt=\"\" srcset=\"https:\/\/d2p6e6u75xmxt8.cloudfront.net\/2\/2015\/09\/earlyrider3-300x200.webp 300w, https:\/\/d2p6e6u75xmxt8.cloudfront.net\/2\/2015\/09\/earlyrider3-768x512.webp 768w, https:\/\/d2p6e6u75xmxt8.cloudfront.net\/2\/2015\/09\/earlyrider3-272x182.webp 272w, https:\/\/d2p6e6u75xmxt8.cloudfront.net\/2\/2015\/09\/earlyrider3.webp 900w\" sizes=\"auto, (max-width: 300px) 100vw, 300px\" \/><\/a>\n\t\t\t<\/div><\/figure>\n\t\t<\/div>\n\n<p>From the wooden balance bike, the <em>Early Rider<\/em> range has expanded to the high quality mountain bikes for young riders. Interesting fact is that all the pedal bikes are belt-driven. It means both low maintenance and greater safety and as kids\u2019 bikes are very often carried inside of the cars the parents won\u2019t have to worry about having grease everywhere.<\/p>\n<p>More on\u00a0<em><a href=\"http:\/\/www.earlyrider.com\/\">www.earlyrider.com<\/a><\/em><\/p>\n<h2><strong>Safe ride with the kids<\/strong><\/h2>\n<p>Do you think that your life as a cyclist is in ruins after your child was born? Cheer up! The Dutch company Bobike offers front safety seats suitable for children from 9 months to 3 years.<\/p>\n<p><img loading=\"lazy\" decoding=\"async\" class=\"alignnone wp-image-131594 size-medium\" src=\"https:\/\/d2p6e6u75xmxt8.cloudfront.net\/2\/2015\/09\/11889448_867451750015139_7549569578597499181_n-600x450.jpg\" alt=\"Photo: facebook.com\/Bobike.nl\" width=\"600\" height=\"450\" \/><\/p>\n<p>When the kid grows out of this one, you can use the rear seat that is suitable for kids up to ten years or 35 kilograms. Besides clever Dutch design, comfort and ease of usage, Bobike uses a unique double-layered design for all of their safety seats to ensure optimal protection.<\/p>\n<p>More on\u00a0<em><a href=\"http:\/\/www.bobike.com\/\">www.bobike.com<\/a><\/em><\/p>\n<h2><strong>It all\u00a0started as DIY project<\/strong><\/h2>\n<p>\u201eWe are bikers but now we\u2019re also parents,\u201d Sebastian Tegtmeier says. As a founder of the Supurb company his story is similar to Andy from Early Rider. When his son was born Sebastian begun to search the internet in order to find a suitable bike for the little one. But the results were very poor.<\/p>\n<p><img loading=\"lazy\" decoding=\"async\" class=\"alignnone size-medium wp-image-131596\" src=\"https:\/\/d2p6e6u75xmxt8.cloudfront.net\/2\/2015\/09\/supurb1-600x400.jpg\" alt=\"\" width=\"600\" height=\"400\" \/><\/p>\n<p>He couldn\u2019t even imagine that his son would explore the world on a miserable bike and decided to build it himself. He has founded a Supurb company together with his friend a father of two J\u00fcrgen Schlender in 2012. The guys now offer five different models from balance bikes to the mountain bike with suspension fork and disc brakes for kids from 122 cm height.<\/p>\n<p>More on:\u00a0<em><a href=\"http:\/\/www.supurb.de\/\">www.supurb.de<\/a><\/em><\/p>\n<h2><strong>A bike that grows with your kid<\/strong><\/h2>\n<p>Wishbone Bike utterly reorganizes when and how a kid learns to ride. In a single take, it replaces multiple products you could have bought and that would be broken and thrown away between ages 1 to 5. In other words the bike grows with your child.<\/p>\n<p><img loading=\"lazy\" decoding=\"async\" class=\"alignnone size-medium wp-image-131597\" src=\"https:\/\/d2p6e6u75xmxt8.cloudfront.net\/2\/2015\/09\/recycled1-600x400.jpg\" alt=\"\" width=\"600\" height=\"400\" \/><\/p>\n<p>The bike starts at 12 months with three wheels, helping babies to walk and then ride. Later the bike converts to two-wheeled pedal-less bike, which teaches the kids to keep balance. Raise the seat and flip the frame to transform bike into a large balance one that suits kids from 12 months up to 5 years. Smart and sustainable!<\/p>\n<p>More on:\u00a0<em><a href=\"http:\/\/www.wishbonedesign.com\/\">www.wishbonedesign.com<\/a><\/em><\/p>\n","protected":false},"excerpt":{"rendered":"<p>The kids weren\u2019t in manufacturers focus of interest for a long time but\u00a0that\u2019s no longer true.\u00a0We nit-picked some interesting products\u00a0at\u00a0Eurobike [&hellip;]<\/p>\n","protected":false},"author":14,"featured_media":131584,"comment_status":"open","ping_status":"open","sticky":false,"template":"","format":"standard","meta":{"footnotes":""},"categories":[333],"tags":[],"global-categories":[],"class_list":["post-131583","post","type-post","status-publish","format-standard","has-post-thumbnail","hentry","category-family"],"yoast_head":"<!-- This site is optimized with the Yoast SEO Premium plugin v25.3 (Yoast SEO v25.9) - https:\/\/yoast.com\/wordpress\/plugins\/seo\/ -->\n<title>Only the best for kids - \u0160koda We Love Cycling<\/title>\n<meta name=\"description\" content=\"We nit-picked some interesting products at Eurobike that are changing the quality of time spent on bikes before the kids grow up.\" \/>\n<meta name=\"robots\" content=\"index, follow, max-snippet:-1, max-image-preview:large, max-video-preview:-1\" \/>\n<link rel=\"canonical\" href=\"https:\/\/www.welovecycling.com\/wide\/2015\/09\/25\/only-the-best-for-kids\/\" \/>\n<meta property=\"og:locale\" content=\"en_US\" \/>\n<meta property=\"og:type\" content=\"article\" \/>\n<meta property=\"og:title\" content=\"Only the best for kids\" \/>\n<meta property=\"og:description\" content=\"We nit-picked some interesting products at Eurobike that are changing the quality of time spent on bikes before the kids grow up.\" \/>\n<meta property=\"og:url\" content=\"https:\/\/www.welovecycling.com\/wide\/2015\/09\/25\/only-the-best-for-kids\/\" \/>\n<meta property=\"og:site_name\" content=\"\u0160koda We Love Cycling\" \/>\n<meta property=\"article:published_time\" content=\"2015-09-25T09:53:58+00:00\" \/>\n<meta property=\"article:modified_time\" content=\"2016-05-03T08:05:06+00:00\" \/>\n<meta property=\"og:image\" content=\"https:\/\/d2p6e6u75xmxt8.cloudfront.net\/2\/2015\/09\/opener16.webp\" \/>\n\t<meta property=\"og:image:width\" content=\"525\" \/>\n\t<meta property=\"og:image:height\" content=\"350\" \/>\n\t<meta property=\"og:image:type\" content=\"image\/webp\" \/>\n<meta name=\"twitter:card\" content=\"summary_large_image\" \/>\n<meta name=\"twitter:label1\" content=\"Written by\" \/>\n\t<meta name=\"twitter:data1\" content=\"Adam Marsal\" \/>\n\t<meta name=\"twitter:label2\" content=\"Est. reading time\" \/>\n\t<meta name=\"twitter:data2\" content=\"3 minutes\" \/>\n<script type=\"application\/ld+json\" class=\"yoast-schema-graph\">{\"@context\":\"https:\/\/schema.org\",\"@graph\":[{\"@type\":\"WebPage\",\"@id\":\"https:\/\/www.welovecycling.com\/wide\/2015\/09\/25\/only-the-best-for-kids\/\",\"url\":\"https:\/\/www.welovecycling.com\/wide\/2015\/09\/25\/only-the-best-for-kids\/\",\"name\":\"Only the best for kids - \u0160koda We Love Cycling\",\"isPartOf\":{\"@id\":\"https:\/\/www.welovecycling.com\/wide\/#website\"},\"primaryImageOfPage\":{\"@id\":\"https:\/\/www.welovecycling.com\/wide\/2015\/09\/25\/only-the-best-for-kids\/#primaryimage\"},\"image\":{\"@id\":\"https:\/\/www.welovecycling.com\/wide\/2015\/09\/25\/only-the-best-for-kids\/#primaryimage\"},\"thumbnailUrl\":\"https:\/\/d2p6e6u75xmxt8.cloudfront.net\/2\/2015\/09\/opener16.webp\",\"datePublished\":\"2015-09-25T09:53:58+00:00\",\"dateModified\":\"2016-05-03T08:05:06+00:00\",\"author\":{\"@id\":\"\"},\"description\":\"We nit-picked some interesting products at Eurobike that are changing the quality of time spent on bikes before the kids grow up.\",\"breadcrumb\":{\"@id\":\"https:\/\/www.welovecycling.com\/wide\/2015\/09\/25\/only-the-best-for-kids\/#breadcrumb\"},\"inLanguage\":\"en-US\",\"potentialAction\":[{\"@type\":\"ReadAction\",\"target\":[\"https:\/\/www.welovecycling.com\/wide\/2015\/09\/25\/only-the-best-for-kids\/\"]}]},{\"@type\":\"ImageObject\",\"inLanguage\":\"en-US\",\"@id\":\"https:\/\/www.welovecycling.com\/wide\/2015\/09\/25\/only-the-best-for-kids\/#primaryimage\",\"url\":\"https:\/\/d2p6e6u75xmxt8.cloudfront.net\/2\/2015\/09\/opener16.webp\",\"contentUrl\":\"https:\/\/d2p6e6u75xmxt8.cloudfront.net\/2\/2015\/09\/opener16.webp\",\"width\":525,\"height\":350},{\"@type\":\"BreadcrumbList\",\"@id\":\"https:\/\/www.welovecycling.com\/wide\/2015\/09\/25\/only-the-best-for-kids\/#breadcrumb\",\"itemListElement\":[{\"@type\":\"ListItem\",\"position\":1,\"name\":\"Home\",\"item\":\"https:\/\/www.welovecycling.com\/wide\/\"},{\"@type\":\"ListItem\",\"position\":2,\"name\":\"Only the best for kids\"}]},{\"@type\":\"WebSite\",\"@id\":\"https:\/\/www.welovecycling.com\/wide\/#website\",\"url\":\"https:\/\/www.welovecycling.com\/wide\/\",\"name\":\"\u0160koda We Love Cycling\",\"description\":\"\u0160koda We Love Cycling magazine\",\"alternateName\":\"\u0160koda WLC\",\"potentialAction\":[{\"@type\":\"SearchAction\",\"target\":{\"@type\":\"EntryPoint\",\"urlTemplate\":\"https:\/\/www.welovecycling.com\/wide\/?s={search_term_string}\"},\"query-input\":{\"@type\":\"PropertyValueSpecification\",\"valueRequired\":true,\"valueName\":\"search_term_string\"}}],\"inLanguage\":\"en-US\"},{\"@type\":\"Person\",\"@id\":\"\",\"url\":\"https:\/\/www.welovecycling.com\/wide\/author\/\"}]}<\/script>\n<!-- \/ Yoast SEO Premium plugin. -->","yoast_head_json":{"title":"Only the best for kids - \u0160koda We Love Cycling","description":"We nit-picked some interesting products at Eurobike that are changing the quality of time spent on bikes before the kids grow up.","robots":{"index":"index","follow":"follow","max-snippet":"max-snippet:-1","max-image-preview":"max-image-preview:large","max-video-preview":"max-video-preview:-1"},"canonical":"https:\/\/www.welovecycling.com\/wide\/2015\/09\/25\/only-the-best-for-kids\/","og_locale":"en_US","og_type":"article","og_title":"Only the best for kids","og_description":"We nit-picked some interesting products at Eurobike that are changing the quality of time spent on bikes before the kids grow up.","og_url":"https:\/\/www.welovecycling.com\/wide\/2015\/09\/25\/only-the-best-for-kids\/","og_site_name":"\u0160koda We Love Cycling","article_published_time":"2015-09-25T09:53:58+00:00","article_modified_time":"2016-05-03T08:05:06+00:00","og_image":[{"width":525,"height":350,"url":"https:\/\/d2p6e6u75xmxt8.cloudfront.net\/2\/2015\/09\/opener16.webp","type":"image\/webp"}],"twitter_card":"summary_large_image","twitter_misc":{"Written by":"Adam Marsal","Est. reading time":"3 minutes"},"schema":{"@context":"https:\/\/schema.org","@graph":[{"@type":"WebPage","@id":"https:\/\/www.welovecycling.com\/wide\/2015\/09\/25\/only-the-best-for-kids\/","url":"https:\/\/www.welovecycling.com\/wide\/2015\/09\/25\/only-the-best-for-kids\/","name":"Only the best for kids - \u0160koda We Love Cycling","isPartOf":{"@id":"https:\/\/www.welovecycling.com\/wide\/#website"},"primaryImageOfPage":{"@id":"https:\/\/www.welovecycling.com\/wide\/2015\/09\/25\/only-the-best-for-kids\/#primaryimage"},"image":{"@id":"https:\/\/www.welovecycling.com\/wide\/2015\/09\/25\/only-the-best-for-kids\/#primaryimage"},"thumbnailUrl":"https:\/\/d2p6e6u75xmxt8.cloudfront.net\/2\/2015\/09\/opener16.webp","datePublished":"2015-09-25T09:53:58+00:00","dateModified":"2016-05-03T08:05:06+00:00","author":{"@id":""},"description":"We nit-picked some interesting products at Eurobike that are changing the quality of time spent on bikes before the kids grow up.","breadcrumb":{"@id":"https:\/\/www.welovecycling.com\/wide\/2015\/09\/25\/only-the-best-for-kids\/#breadcrumb"},"inLanguage":"en-US","potentialAction":[{"@type":"ReadAction","target":["https:\/\/www.welovecycling.com\/wide\/2015\/09\/25\/only-the-best-for-kids\/"]}]},{"@type":"ImageObject","inLanguage":"en-US","@id":"https:\/\/www.welovecycling.com\/wide\/2015\/09\/25\/only-the-best-for-kids\/#primaryimage","url":"https:\/\/d2p6e6u75xmxt8.cloudfront.net\/2\/2015\/09\/opener16.webp","contentUrl":"https:\/\/d2p6e6u75xmxt8.cloudfront.net\/2\/2015\/09\/opener16.webp","width":525,"height":350},{"@type":"BreadcrumbList","@id":"https:\/\/www.welovecycling.com\/wide\/2015\/09\/25\/only-the-best-for-kids\/#breadcrumb","itemListElement":[{"@type":"ListItem","position":1,"name":"Home","item":"https:\/\/www.welovecycling.com\/wide\/"},{"@type":"ListItem","position":2,"name":"Only the best for kids"}]},{"@type":"WebSite","@id":"https:\/\/www.welovecycling.com\/wide\/#website","url":"https:\/\/www.welovecycling.com\/wide\/","name":"\u0160koda We Love Cycling","description":"\u0160koda We Love Cycling magazine","alternateName":"\u0160koda WLC","potentialAction":[{"@type":"SearchAction","target":{"@type":"EntryPoint","urlTemplate":"https:\/\/www.welovecycling.com\/wide\/?s={search_term_string}"},"query-input":{"@type":"PropertyValueSpecification","valueRequired":true,"valueName":"search_term_string"}}],"inLanguage":"en-US"},{"@type":"Person","@id":"","url":"https:\/\/www.welovecycling.com\/wide\/author\/"}]}},"_links":{"self":[{"href":"https:\/\/www.welovecycling.com\/wide\/wp-json\/wp\/v2\/posts\/131583","targetHints":{"allow":["GET"]}}],"collection":[{"href":"https:\/\/www.welovecycling.com\/wide\/wp-json\/wp\/v2\/posts"}],"about":[{"href":"https:\/\/www.welovecycling.com\/wide\/wp-json\/wp\/v2\/types\/post"}],"author":[{"embeddable":true,"href":"https:\/\/www.welovecycling.com\/wide\/wp-json\/wp\/v2\/users\/14"}],"replies":[{"embeddable":true,"href":"https:\/\/www.welovecycling.com\/wide\/wp-json\/wp\/v2\/comments?post=131583"}],"version-history":[{"count":2,"href":"https:\/\/www.welovecycling.com\/wide\/wp-json\/wp\/v2\/posts\/131583\/revisions"}],"predecessor-version":[{"id":131599,"href":"https:\/\/www.welovecycling.com\/wide\/wp-json\/wp\/v2\/posts\/131583\/revisions\/131599"}],"wp:featuredmedia":[{"embeddable":true,"href":"https:\/\/www.welovecycling.com\/wide\/wp-json\/wp\/v2\/media\/131584"}],"wp:attachment":[{"href":"https:\/\/www.welovecycling.com\/wide\/wp-json\/wp\/v2\/media?parent=131583"}],"wp:term":[{"taxonomy":"category","embeddable":true,"href":"https:\/\/www.welovecycling.com\/wide\/wp-json\/wp\/v2\/categories?post=131583"},{"taxonomy":"post_tag","embeddable":true,"href":"https:\/\/www.welovecycling.com\/wide\/wp-json\/wp\/v2\/tags?post=131583"},{"taxonomy":"global-categories","embeddable":true,"href":"https:\/\/www.welovecycling.com\/wide\/wp-json\/wp\/v2\/global-categories?post=131583"}],"curies":[{"name":"wp","href":"https:\/\/api.w.org\/{rel}","templated":true}]}}