{"id":122815,"date":"2015-07-25T09:01:15","date_gmt":"2015-07-25T07:01:15","guid":{"rendered":"https:\/\/www.welovecycling.com\/?p=122815"},"modified":"2015-07-25T09:01:15","modified_gmt":"2015-07-25T07:01:15","slug":"downhill-rider-battles-letape-du-tour","status":"publish","type":"post","link":"https:\/\/www.welovecycling.com\/wide\/2015\/07\/25\/downhill-rider-battles-letape-du-tour\/","title":{"rendered":"Downhill Rider Battles l\u2019\u00c9tape du Tour"},"content":{"rendered":"<p><strong>Our ambassador Lionel is a dedicated downhill rider. So two months ago we offered him a challenge in order to give him an entirely new perspective on cycling: race the l\u2019\u00c9tape du Tour with our three contest winners. To quote him: &#8220;<strong><em>I see a rider on the roadside with a bloody face. I say to myself,&#8217;Ride cool, ride safe.'&#8221;\u00a0<\/em>Below<\/strong>\u00a0are more his words as he experienced it.<\/strong><\/p>\n<p><!--more--><\/p>\n<div class=\"embed-controller-wrapper\">\n<div class=\"embed-wrapper\"><iframe title=\"Conquering l\u2019Etape du Tour 2015\" width=\"500\" height=\"281\" data-src=\"https:\/\/www.youtube.com\/embed\/v7YCd0NjW70?feature=oembed\" frameborder=\"0\" allow=\"accelerometer; autoplay; clipboard-write; encrypted-media; gyroscope; picture-in-picture; web-share\" referrerpolicy=\"strict-origin-when-cross-origin\" allowfullscreen><\/iframe><\/div>\n<\/div>\n<p>I\u2019ve been into cycling for a long time. I still ride each weekend with my friends, but it\u2019s been a really long time since I\u2019ve ridden more than 120 km in a day. And this year, ASO, the organizer for l\u2019\u00c9tape du Tour, has chosen a special mountain with real hot spots.<\/p>\n<p><em><strong>\u201cIf you want to spend time training for this challenge, it\u2019s OK with me,\u201d said my lovely wife. \u201cBut maybe you\u2019ll have to loose some kilos.\u201d<\/strong><\/em><\/p>\n<p>It\u2019s time for me to start serious training. But first I have to check my ability to even spend a long time on my bike. I usually ride 70 or 80 km on a ride, so I have to test longer ones. I start with Marseille to Saint Tropez via Collobri\u00e8res, a 125 km ride. After changing my cassette for a 12-30 to prepare for the steeps hills, I ride as much as I can in order to prepare for a course that has 10-15% average elevation in the steepest parts of Col du Clandon.<\/p>\n<p><img loading=\"lazy\" decoding=\"async\" class=\"alignnone size-medium wp-image-122817\" src=\"https:\/\/d2p6e6u75xmxt8.cloudfront.net\/2\/2015\/07\/11705436_10153103136314958_4644942104283720922_o-600x450.jpg\" alt=\"\" width=\"600\" height=\"450\" \/><\/p>\n<h2><strong>Race day is here!<\/strong><\/h2>\n<p>On the first uphill of Col de Chaussy my group\u2019s pedaling rhythm is quiet and relax, but as we hit the downhill, riders coming from other groups us start passing me from behind, riding the limits. I see a cyclist along the side of the road with a broken front wheel. Then there\u2019s another accident and suddenly everyone has to stop. The road is steep and narrow. I can see the rescue service helicopter taking care of riders. We just hope it isn\u2019t too serious.<\/p>\n<p><img loading=\"lazy\" decoding=\"async\" class=\"alignnone size-medium wp-image-122851\" src=\"https:\/\/d2p6e6u75xmxt8.cloudfront.net\/2\/2015\/07\/SKODA_WELOVECYCLING_ETAPEDUTOUR-10-600x400.jpg\" alt=\"\" width=\"600\" height=\"400\" \/><\/p>\n<p>When I look over my shoulder 4 km before hitting Saint-Etienne-de-Cuine (km 62.5), I see about 40 riders on my back. I can hear some of them commenting on my speed, my size, my weight. When I put my bike on the park, I feel a hand on my shoulder as an English rider tells me: \u201cThank you for your effort. What speed! Alone! You\u2019re a legend man!\u201d<\/p>\n<h2><strong><em>King of the Mountain<\/em><\/strong><\/h2>\n<p>We start up to Col du Glandon. In the first part of the climb, the elevation is less than 10% and quite regular and, even though it\u2019s hot, very rideable. Lots of the riders, though, are looking tired. I think about the summit looming so far above us. <em>Push forward.<\/em><\/p>\n<p><img loading=\"lazy\" decoding=\"async\" class=\"alignnone size-medium wp-image-122852\" src=\"https:\/\/d2p6e6u75xmxt8.cloudfront.net\/2\/2015\/07\/EDT15_PROFIL_juin-en-600x365.jpg\" alt=\"\" width=\"600\" height=\"365\" \/><br \/>\n<em>Photo:\u00a0www.letapedutour.com<\/em><\/p>\n<p>In the last lace before the last slope there are more riders pushing their bikes than riding them. Some of are lying on the grass on the roadside. Some have cramps. Others are stretching. On the summit line there\u2019s a banner that reads: <em>Strava challenge Queen\/King of the Mountain<\/em>. I\u2019m afraid I won\u2019t be the KOM.<\/p>\n<h2><strong><em>\u201c5 minutes before we close the race! Five minutes!\u201d<\/em><\/strong><\/h2>\n<p>I follow a rider who seems to like fast descents, riding in his track for a part of the speed section. When it\u2019s flat, I take the lead. We are pushing each other to ride fast and it works.\u00a0The downhill is over, but now it\u2019s time to climb Col du Mollard. We stay close, with him arriving at the top about 100 m ahead of me. We are at the mountain pass. Someone from the organization says, \u201cFive minutes before we close the race! Five minutes!\u201d I fill my bottles and head down, again on the back of my new friend. That\u2019s the moment I hit my highest speed of 72 km\/h.<\/p>\n<p><strong><em>I see a rider on the roadside with a bloody face. I say to myself, \u201cRide cool, ride safe.\u201d<\/em><\/strong><\/p>\n<p>At the last refreshment zone in Saint-jean-de-Maurienne my GPS tells me that I\u2019ve burned more than 9,000 kcal. I need energy, but my body can\u2019t eat anymore. I start to have cramps. I know that the last climb will be hard! The crowd is really into it, everybody\u2019s cheering. You really feel like a Tour de France rider at this moment. Ok, a slow rider, but it\u2019s magic time.<\/p>\n<h2><strong><em>\u201cGo on Daddy, we love you\u201d. We know it\u2019s hard but you can do it!\u201d<\/em><\/strong><\/h2>\n<p>I have to rest. I decide to share this moment on Facebook and within three minutes I get messages of support. I have to be a finisher! On a less steep section my phone rings. A Facetime call from a friend of mine who\u2019s with my two daughters, Rose and Camille. \u201cGo on Daddy, we love you,\u201d they tell me. \u201cWe know it\u2019s hard but you can do it!\u201d<\/p>\n<p><img loading=\"lazy\" decoding=\"async\" class=\"alignnone size-medium wp-image-122856\" src=\"https:\/\/d2p6e6u75xmxt8.cloudfront.net\/2\/2015\/07\/SKODA_WELOVECYCLING_ETAPEDUTOUR-12-600x400.jpg\" alt=\"\" width=\"600\" height=\"400\" \/><\/p>\n<p>Now there are more spectators than ever, all cheering and applauding. Some of them are wearing <em>Finisher<\/em> T-shirts and medals. This gives me the boost I need! When I see the 1 km sign, I switch to my 50 teeth chain ring and free power. It seems to be flat compared to the rest of the race. During the last 800 meters, I pass another five or six riders.<\/p>\n<p>At the finish line a volunteer hands me a <em>Finisher<\/em> t-shirt and a medal. I\u2019m as happy as a kid to be here. Exhausted, but happy.\u00a0After some time I share a sandwich\u00a0and a beer with other finishers. Talking about this day with them, I realize that I finally did it. I\u2019m 43 years old, but maybe my second cycling life is starting. And for sure, I still love cycling!<\/p>\n<h2>And another finisher who deserves credit<\/h2>\n<p>In addition to our winners and Lionel, we also sent our colleague and another friend from \u0160koda to ride l\u2019\u00c9tape. You\u2019ll have a chance to read about our colleague\u2019s experience in a standalone article, but we want to give here credit to Philip Gottweis from \u0160koda.<\/p>\n<div id='gallery-1' class='gallery galleryid-122815 gallery-columns-3 gallery-size-medium'><figure class='gallery-item'>\n\t\t\t<div class='gallery-icon portrait'>\n\t\t\t\t<a href='https:\/\/d2p6e6u75xmxt8.cloudfront.net\/2\/2015\/07\/11749517_10206942574793973_99255436_n.webp'><img loading=\"lazy\" decoding=\"async\" width=\"200\" height=\"300\" src=\"https:\/\/d2p6e6u75xmxt8.cloudfront.net\/2\/2015\/07\/11749517_10206942574793973_99255436_n-200x300.webp\" class=\"attachment-medium size-medium\" alt=\"\" srcset=\"https:\/\/d2p6e6u75xmxt8.cloudfront.net\/2\/2015\/07\/11749517_10206942574793973_99255436_n-200x300.webp 200w, https:\/\/d2p6e6u75xmxt8.cloudfront.net\/2\/2015\/07\/11749517_10206942574793973_99255436_n.webp 640w\" sizes=\"auto, (max-width: 200px) 100vw, 200px\" \/><\/a>\n\t\t\t<\/div><\/figure><figure class='gallery-item'>\n\t\t\t<div class='gallery-icon landscape'>\n\t\t\t\t<a href='https:\/\/d2p6e6u75xmxt8.cloudfront.net\/2\/2015\/07\/11751082_10206942577074030_2003835478_n.webp'><img loading=\"lazy\" decoding=\"async\" width=\"300\" height=\"200\" src=\"https:\/\/d2p6e6u75xmxt8.cloudfront.net\/2\/2015\/07\/11751082_10206942577074030_2003835478_n-300x200.webp\" class=\"attachment-medium size-medium\" alt=\"\" srcset=\"https:\/\/d2p6e6u75xmxt8.cloudfront.net\/2\/2015\/07\/11751082_10206942577074030_2003835478_n-300x200.webp 300w, https:\/\/d2p6e6u75xmxt8.cloudfront.net\/2\/2015\/07\/11751082_10206942577074030_2003835478_n-768x512.webp 768w, https:\/\/d2p6e6u75xmxt8.cloudfront.net\/2\/2015\/07\/11751082_10206942577074030_2003835478_n-272x182.webp 272w, https:\/\/d2p6e6u75xmxt8.cloudfront.net\/2\/2015\/07\/11751082_10206942577074030_2003835478_n.webp 960w\" sizes=\"auto, (max-width: 300px) 100vw, 300px\" \/><\/a>\n\t\t\t<\/div><\/figure><figure class='gallery-item'>\n\t\t\t<div class='gallery-icon landscape'>\n\t\t\t\t<a href='https:\/\/d2p6e6u75xmxt8.cloudfront.net\/2\/2015\/07\/11721389_10206942579914101_844908621_n.webp'><img loading=\"lazy\" decoding=\"async\" width=\"300\" height=\"200\" src=\"https:\/\/d2p6e6u75xmxt8.cloudfront.net\/2\/2015\/07\/11721389_10206942579914101_844908621_n-300x200.webp\" class=\"attachment-medium size-medium\" alt=\"\" srcset=\"https:\/\/d2p6e6u75xmxt8.cloudfront.net\/2\/2015\/07\/11721389_10206942579914101_844908621_n-300x200.webp 300w, https:\/\/d2p6e6u75xmxt8.cloudfront.net\/2\/2015\/07\/11721389_10206942579914101_844908621_n-768x512.webp 768w, https:\/\/d2p6e6u75xmxt8.cloudfront.net\/2\/2015\/07\/11721389_10206942579914101_844908621_n-272x182.webp 272w, https:\/\/d2p6e6u75xmxt8.cloudfront.net\/2\/2015\/07\/11721389_10206942579914101_844908621_n.webp 960w\" sizes=\"auto, (max-width: 300px) 100vw, 300px\" \/><\/a>\n\t\t\t<\/div><\/figure>\n\t\t<\/div>\n\n<p>Although a sportsman, he\u2019s never been a cyclist and doesn\u2019t even own a bike. In fact, his only preparation was a few spinning classes in a gym. And yet he managed to finish the race in 9 hours 55 minutes and didn\u2019t even once considered quitting.\u00a0He told as after the race that it was one of the proudest moments in life to make it\u00a0over the last climb and see the finish line.<\/p>\n<p><strong>So it seems we have another converted cyclist. We gotta say, WeLoveCycling!<\/strong><\/p>\n","protected":false},"excerpt":{"rendered":"<p>Our ambassador Lionel is a dedicated downhill rider. So two months ago we offered him a challenge in order to [&hellip;]<\/p>\n","protected":false},"author":14,"featured_media":122864,"comment_status":"open","ping_status":"open","sticky":false,"template":"","format":"standard","meta":{"footnotes":""},"categories":[329],"tags":[],"global-categories":[],"class_list":["post-122815","post","type-post","status-publish","format-standard","has-post-thumbnail","hentry","category-road-cycling"],"yoast_head":"<!-- This site is optimized with the Yoast SEO Premium plugin v25.3 (Yoast SEO v25.9) - https:\/\/yoast.com\/wordpress\/plugins\/seo\/ -->\n<title>Downhill Rider Battles l\u2019\u00c9tape du Tour - \u0160koda We Love Cycling<\/title>\n<meta name=\"description\" content=\"Our ambassador Lionel is a dedicated downhill rider. So two months ago we offered him a challenge: race the l\u2019\u00c9tape du Tour with our three contest winners.\" \/>\n<meta name=\"robots\" content=\"index, follow, max-snippet:-1, max-image-preview:large, max-video-preview:-1\" \/>\n<link rel=\"canonical\" href=\"https:\/\/www.welovecycling.com\/wide\/2015\/07\/25\/downhill-rider-battles-letape-du-tour\/\" \/>\n<meta property=\"og:locale\" content=\"en_US\" \/>\n<meta property=\"og:type\" content=\"article\" \/>\n<meta property=\"og:title\" content=\"Downhill Rider Battles l\u2019\u00c9tape du Tour\" \/>\n<meta property=\"og:description\" content=\"Our ambassador Lionel is a dedicated downhill rider. So two months ago we offered him a challenge: race the l\u2019\u00c9tape du Tour with our three contest winners.\" \/>\n<meta property=\"og:url\" content=\"https:\/\/www.welovecycling.com\/wide\/2015\/07\/25\/downhill-rider-battles-letape-du-tour\/\" \/>\n<meta property=\"og:site_name\" content=\"\u0160koda We Love Cycling\" \/>\n<meta property=\"article:published_time\" content=\"2015-07-25T07:01:15+00:00\" \/>\n<meta property=\"og:image\" content=\"https:\/\/d2p6e6u75xmxt8.cloudfront.net\/2\/2015\/07\/opener2lionel.webp\" \/>\n\t<meta property=\"og:image:width\" content=\"525\" \/>\n\t<meta property=\"og:image:height\" content=\"350\" \/>\n\t<meta property=\"og:image:type\" content=\"image\/webp\" \/>\n<meta name=\"twitter:card\" content=\"summary_large_image\" \/>\n<meta name=\"twitter:label1\" content=\"Written by\" \/>\n\t<meta name=\"twitter:data1\" content=\"Lionel Macaluso\" \/>\n\t<meta name=\"twitter:label2\" content=\"Est. reading time\" \/>\n\t<meta name=\"twitter:data2\" content=\"6 minutes\" \/>\n<script type=\"application\/ld+json\" class=\"yoast-schema-graph\">{\"@context\":\"https:\/\/schema.org\",\"@graph\":[{\"@type\":\"WebPage\",\"@id\":\"https:\/\/www.welovecycling.com\/wide\/2015\/07\/25\/downhill-rider-battles-letape-du-tour\/\",\"url\":\"https:\/\/www.welovecycling.com\/wide\/2015\/07\/25\/downhill-rider-battles-letape-du-tour\/\",\"name\":\"Downhill Rider Battles l\u2019\u00c9tape du Tour - \u0160koda We Love Cycling\",\"isPartOf\":{\"@id\":\"https:\/\/www.welovecycling.com\/wide\/#website\"},\"primaryImageOfPage\":{\"@id\":\"https:\/\/www.welovecycling.com\/wide\/2015\/07\/25\/downhill-rider-battles-letape-du-tour\/#primaryimage\"},\"image\":{\"@id\":\"https:\/\/www.welovecycling.com\/wide\/2015\/07\/25\/downhill-rider-battles-letape-du-tour\/#primaryimage\"},\"thumbnailUrl\":\"https:\/\/d2p6e6u75xmxt8.cloudfront.net\/2\/2015\/07\/opener2lionel.webp\",\"datePublished\":\"2015-07-25T07:01:15+00:00\",\"author\":{\"@id\":\"\"},\"description\":\"Our ambassador Lionel is a dedicated downhill rider. So two months ago we offered him a challenge: race the l\u2019\u00c9tape du Tour with our three contest winners.\",\"breadcrumb\":{\"@id\":\"https:\/\/www.welovecycling.com\/wide\/2015\/07\/25\/downhill-rider-battles-letape-du-tour\/#breadcrumb\"},\"inLanguage\":\"en-US\",\"potentialAction\":[{\"@type\":\"ReadAction\",\"target\":[\"https:\/\/www.welovecycling.com\/wide\/2015\/07\/25\/downhill-rider-battles-letape-du-tour\/\"]}]},{\"@type\":\"ImageObject\",\"inLanguage\":\"en-US\",\"@id\":\"https:\/\/www.welovecycling.com\/wide\/2015\/07\/25\/downhill-rider-battles-letape-du-tour\/#primaryimage\",\"url\":\"https:\/\/d2p6e6u75xmxt8.cloudfront.net\/2\/2015\/07\/opener2lionel.webp\",\"contentUrl\":\"https:\/\/d2p6e6u75xmxt8.cloudfront.net\/2\/2015\/07\/opener2lionel.webp\",\"width\":525,\"height\":350},{\"@type\":\"BreadcrumbList\",\"@id\":\"https:\/\/www.welovecycling.com\/wide\/2015\/07\/25\/downhill-rider-battles-letape-du-tour\/#breadcrumb\",\"itemListElement\":[{\"@type\":\"ListItem\",\"position\":1,\"name\":\"Home\",\"item\":\"https:\/\/www.welovecycling.com\/wide\/\"},{\"@type\":\"ListItem\",\"position\":2,\"name\":\"Downhill Rider Battles l\u2019\u00c9tape du Tour\"}]},{\"@type\":\"WebSite\",\"@id\":\"https:\/\/www.welovecycling.com\/wide\/#website\",\"url\":\"https:\/\/www.welovecycling.com\/wide\/\",\"name\":\"\u0160koda We Love Cycling\",\"description\":\"\u0160koda We Love Cycling magazine\",\"alternateName\":\"\u0160koda WLC\",\"potentialAction\":[{\"@type\":\"SearchAction\",\"target\":{\"@type\":\"EntryPoint\",\"urlTemplate\":\"https:\/\/www.welovecycling.com\/wide\/?s={search_term_string}\"},\"query-input\":{\"@type\":\"PropertyValueSpecification\",\"valueRequired\":true,\"valueName\":\"search_term_string\"}}],\"inLanguage\":\"en-US\"},{\"@type\":\"Person\",\"@id\":\"\",\"url\":\"https:\/\/www.welovecycling.com\/wide\/author\/\"}]}<\/script>\n<!-- \/ Yoast SEO Premium plugin. -->","yoast_head_json":{"title":"Downhill Rider Battles l\u2019\u00c9tape du Tour - \u0160koda We Love Cycling","description":"Our ambassador Lionel is a dedicated downhill rider. So two months ago we offered him a challenge: race the l\u2019\u00c9tape du Tour with our three contest winners.","robots":{"index":"index","follow":"follow","max-snippet":"max-snippet:-1","max-image-preview":"max-image-preview:large","max-video-preview":"max-video-preview:-1"},"canonical":"https:\/\/www.welovecycling.com\/wide\/2015\/07\/25\/downhill-rider-battles-letape-du-tour\/","og_locale":"en_US","og_type":"article","og_title":"Downhill Rider Battles l\u2019\u00c9tape du Tour","og_description":"Our ambassador Lionel is a dedicated downhill rider. So two months ago we offered him a challenge: race the l\u2019\u00c9tape du Tour with our three contest winners.","og_url":"https:\/\/www.welovecycling.com\/wide\/2015\/07\/25\/downhill-rider-battles-letape-du-tour\/","og_site_name":"\u0160koda We Love Cycling","article_published_time":"2015-07-25T07:01:15+00:00","og_image":[{"width":525,"height":350,"url":"https:\/\/d2p6e6u75xmxt8.cloudfront.net\/2\/2015\/07\/opener2lionel.webp","type":"image\/webp"}],"twitter_card":"summary_large_image","twitter_misc":{"Written by":"Lionel Macaluso","Est. reading time":"6 minutes"},"schema":{"@context":"https:\/\/schema.org","@graph":[{"@type":"WebPage","@id":"https:\/\/www.welovecycling.com\/wide\/2015\/07\/25\/downhill-rider-battles-letape-du-tour\/","url":"https:\/\/www.welovecycling.com\/wide\/2015\/07\/25\/downhill-rider-battles-letape-du-tour\/","name":"Downhill Rider Battles l\u2019\u00c9tape du Tour - \u0160koda We Love Cycling","isPartOf":{"@id":"https:\/\/www.welovecycling.com\/wide\/#website"},"primaryImageOfPage":{"@id":"https:\/\/www.welovecycling.com\/wide\/2015\/07\/25\/downhill-rider-battles-letape-du-tour\/#primaryimage"},"image":{"@id":"https:\/\/www.welovecycling.com\/wide\/2015\/07\/25\/downhill-rider-battles-letape-du-tour\/#primaryimage"},"thumbnailUrl":"https:\/\/d2p6e6u75xmxt8.cloudfront.net\/2\/2015\/07\/opener2lionel.webp","datePublished":"2015-07-25T07:01:15+00:00","author":{"@id":""},"description":"Our ambassador Lionel is a dedicated downhill rider. So two months ago we offered him a challenge: race the l\u2019\u00c9tape du Tour with our three contest winners.","breadcrumb":{"@id":"https:\/\/www.welovecycling.com\/wide\/2015\/07\/25\/downhill-rider-battles-letape-du-tour\/#breadcrumb"},"inLanguage":"en-US","potentialAction":[{"@type":"ReadAction","target":["https:\/\/www.welovecycling.com\/wide\/2015\/07\/25\/downhill-rider-battles-letape-du-tour\/"]}]},{"@type":"ImageObject","inLanguage":"en-US","@id":"https:\/\/www.welovecycling.com\/wide\/2015\/07\/25\/downhill-rider-battles-letape-du-tour\/#primaryimage","url":"https:\/\/d2p6e6u75xmxt8.cloudfront.net\/2\/2015\/07\/opener2lionel.webp","contentUrl":"https:\/\/d2p6e6u75xmxt8.cloudfront.net\/2\/2015\/07\/opener2lionel.webp","width":525,"height":350},{"@type":"BreadcrumbList","@id":"https:\/\/www.welovecycling.com\/wide\/2015\/07\/25\/downhill-rider-battles-letape-du-tour\/#breadcrumb","itemListElement":[{"@type":"ListItem","position":1,"name":"Home","item":"https:\/\/www.welovecycling.com\/wide\/"},{"@type":"ListItem","position":2,"name":"Downhill Rider Battles l\u2019\u00c9tape du Tour"}]},{"@type":"WebSite","@id":"https:\/\/www.welovecycling.com\/wide\/#website","url":"https:\/\/www.welovecycling.com\/wide\/","name":"\u0160koda We Love Cycling","description":"\u0160koda We Love Cycling magazine","alternateName":"\u0160koda WLC","potentialAction":[{"@type":"SearchAction","target":{"@type":"EntryPoint","urlTemplate":"https:\/\/www.welovecycling.com\/wide\/?s={search_term_string}"},"query-input":{"@type":"PropertyValueSpecification","valueRequired":true,"valueName":"search_term_string"}}],"inLanguage":"en-US"},{"@type":"Person","@id":"","url":"https:\/\/www.welovecycling.com\/wide\/author\/"}]}},"_links":{"self":[{"href":"https:\/\/www.welovecycling.com\/wide\/wp-json\/wp\/v2\/posts\/122815","targetHints":{"allow":["GET"]}}],"collection":[{"href":"https:\/\/www.welovecycling.com\/wide\/wp-json\/wp\/v2\/posts"}],"about":[{"href":"https:\/\/www.welovecycling.com\/wide\/wp-json\/wp\/v2\/types\/post"}],"author":[{"embeddable":true,"href":"https:\/\/www.welovecycling.com\/wide\/wp-json\/wp\/v2\/users\/14"}],"replies":[{"embeddable":true,"href":"https:\/\/www.welovecycling.com\/wide\/wp-json\/wp\/v2\/comments?post=122815"}],"version-history":[{"count":2,"href":"https:\/\/www.welovecycling.com\/wide\/wp-json\/wp\/v2\/posts\/122815\/revisions"}],"predecessor-version":[{"id":124986,"href":"https:\/\/www.welovecycling.com\/wide\/wp-json\/wp\/v2\/posts\/122815\/revisions\/124986"}],"wp:featuredmedia":[{"embeddable":true,"href":"https:\/\/www.welovecycling.com\/wide\/wp-json\/wp\/v2\/media\/122864"}],"wp:attachment":[{"href":"https:\/\/www.welovecycling.com\/wide\/wp-json\/wp\/v2\/media?parent=122815"}],"wp:term":[{"taxonomy":"category","embeddable":true,"href":"https:\/\/www.welovecycling.com\/wide\/wp-json\/wp\/v2\/categories?post=122815"},{"taxonomy":"post_tag","embeddable":true,"href":"https:\/\/www.welovecycling.com\/wide\/wp-json\/wp\/v2\/tags?post=122815"},{"taxonomy":"global-categories","embeddable":true,"href":"https:\/\/www.welovecycling.com\/wide\/wp-json\/wp\/v2\/global-categories?post=122815"}],"curies":[{"name":"wp","href":"https:\/\/api.w.org\/{rel}","templated":true}]}}