{"id":8316,"date":"2025-07-09T16:12:09","date_gmt":"2025-07-09T14:12:09","guid":{"rendered":"https:\/\/www.welovecycling.com\/uk\/?p=8316"},"modified":"2025-07-10T16:14:40","modified_gmt":"2025-07-10T14:14:40","slug":"pogacar-reaches-100-wins-at-the-tour-de-france","status":"publish","type":"post","link":"https:\/\/www.welovecycling.com\/uk\/2025\/07\/09\/pogacar-reaches-100-wins-at-the-tour-de-france\/","title":{"rendered":"Poga\u010dar Reaches 100 Wins at the Tour de France"},"content":{"rendered":"<p><strong>Tadej Poga\u010dar won the 100<sup>th<\/sup> victory of his already storied career on Tuesday\u2019s stage 4 of the Tour de France, and he did it in the best way possible, beating the best of his rivals in a sprint while wearing the world champion\u2019s rainbow jersey.<\/strong><\/p>\n<p><!--more--><\/p>\n<p>In the second \u201csuperstar sprint\u201d of this young Tour, the UAE Team Emirates\u2013XRG leader turned the tables on his conqueror in stage 2, Mathieu van der Poel (Alpecin-Deceuninck), and beat him to the line. The fast-onrushing Jonas Vingegaard (Visma\u2013Lease a Bike) again finished third. \u201cTo win at the Tour is incredible, and in this jersey even more, and to have a 100th victory is amazing,\u201d Poga\u010dar said afterwards.<\/p>\n<p>He went on to say it was the kind of stage and finish he enjoyed riding in. \u201cWith so many good riders in the final, you are always a bit on edge and nervous about what is going to happen, and you never know until the final,\u201d he said. \u201cLike today, you get this adrenaline, and it&#8217;s pure racing, and I enjoy it.\u201d<\/p>\n<p>The win would have been even better if he\u2019d managed to snatch the <a href=\"https:\/\/www.welovecycling.com\/wide\/2025\/07\/07\/van-der-poel-in-yellow-after-two-tense-and-dramatic-tour-de-france-stages\/\" target=\"_blank\" rel=\"noopener\">yellow jersey off van der Poel\u2019s back.<\/a> The two are now tied in time, with Vingegaard in third, only 8 seconds adrift. But Poga\u010dar should take the race lead after Wednesday\u2019s ITT, a discipline he excels in.<\/p>\n<p>\u201cThe TT is the real test, but to have already won a stage in this [world champion\u2019s] jersey, for me, it&#8217;s enough,\u201d he said. \u201cI will go in tomorrow [Wednesday] to enjoy this race. Of course, we aim for the yellow, but we will see.\u201d<\/p>\n<p>It was Poga\u010dar who sparked the thrilling finale when he set off on a trademark explosive attack 5.3 km from the finish, on the last, and steepest, climb of the 174.2 km course from Amiens M\u00e9tropole to Rouen, the Rampe St. Hilaire (800 m @ 9.1% with ramps up to 15%). Vingegaard was the only rider able to keep up with him, and the two crested the summit together. However, they were eventually caught by van der Poel and a group of GC favourites. Matteo Jorgenson made the first break for the finish with 1 km to go and had a decent gap before he was caught by the favourites. At 400 m, van der Poel attacked, but was caught by Poga\u010dar about 20 m from the line.<\/p>\n<blockquote class=\"instagram-media\" style=\"background: #FFF; border: 0; border-radius: 3px; box-shadow: 0 0 1px 0 rgba(0,0,0,0.5),0 1px 10px 0 rgba(0,0,0,0.15); margin: 1px; max-width: 540px; min-width: 326px; padding: 0; width: calc(100% - 2px);\" data-instgrm-captioned=\"\" data-instgrm-permalink=\"https:\/\/www.instagram.com\/p\/DL3M6IaIo14\/?utm_source=ig_embed&amp;utm_campaign=loading\" data-instgrm-version=\"14\">\n<div style=\"padding: 16px;\">\n<p>&nbsp;<\/p>\n<div style=\"display: flex; flex-direction: row; align-items: center;\">\n<div style=\"background-color: #f4f4f4; border-radius: 50%; flex-grow: 0; height: 40px; margin-right: 14px; width: 40px;\"><\/div>\n<div style=\"display: flex; flex-direction: column; flex-grow: 1; justify-content: center;\">\n<div style=\"background-color: #f4f4f4; border-radius: 4px; flex-grow: 0; height: 14px; margin-bottom: 6px; width: 100px;\"><\/div>\n<div style=\"background-color: #f4f4f4; border-radius: 4px; flex-grow: 0; height: 14px; width: 60px;\"><\/div>\n<\/div>\n<\/div>\n<div style=\"padding: 19% 0;\"><\/div>\n<div style=\"display: block; height: 50px; margin: 0 auto 12px; width: 50px;\"><\/div>\n<div style=\"padding-top: 8px;\">\n<div style=\"color: #3897f0; font-family: Arial,sans-serif; font-size: 14px; font-style: normal; font-weight: 550; line-height: 18px;\">Zobrazit p\u0159\u00edsp\u011bvek na Instagramu<\/div>\n<\/div>\n<div style=\"padding: 12.5% 0;\"><\/div>\n<div style=\"display: flex; flex-direction: row; margin-bottom: 14px; align-items: center;\">\n<div>\n<div style=\"background-color: #f4f4f4; border-radius: 50%; height: 12.5px; width: 12.5px; transform: translateX(0px) translateY(7px);\"><\/div>\n<div style=\"background-color: #f4f4f4; height: 12.5px; transform: rotate(-45deg) translateX(3px) translateY(1px); width: 12.5px; flex-grow: 0; margin-right: 14px; margin-left: 2px;\"><\/div>\n<div style=\"background-color: #f4f4f4; border-radius: 50%; height: 12.5px; width: 12.5px; transform: translateX(9px) translateY(-18px);\"><\/div>\n<\/div>\n<div style=\"margin-left: 8px;\">\n<div style=\"background-color: #f4f4f4; border-radius: 50%; flex-grow: 0; height: 20px; width: 20px;\"><\/div>\n<div style=\"width: 0; height: 0; border-top: 2px solid transparent; border-left: 6px solid #f4f4f4; border-bottom: 2px solid transparent; transform: translateX(16px) translateY(-4px) rotate(30deg);\"><\/div>\n<\/div>\n<div style=\"margin-left: auto;\">\n<div style=\"width: 0px; border-top: 8px solid #F4F4F4; border-right: 8px solid transparent; transform: translateY(16px);\"><\/div>\n<div style=\"background-color: #f4f4f4; flex-grow: 0; height: 12px; width: 16px; transform: translateY(-4px);\"><\/div>\n<div style=\"width: 0; height: 0; border-top: 8px solid #F4F4F4; border-left: 8px solid transparent; transform: translateY(-4px) translateX(8px);\"><\/div>\n<\/div>\n<\/div>\n<div style=\"display: flex; flex-direction: column; flex-grow: 1; justify-content: center; margin-bottom: 24px;\">\n<div style=\"background-color: #f4f4f4; border-radius: 4px; flex-grow: 0; height: 14px; margin-bottom: 6px; width: 224px;\"><\/div>\n<div style=\"background-color: #f4f4f4; border-radius: 4px; flex-grow: 0; height: 14px; width: 144px;\"><\/div>\n<\/div>\n<p>&nbsp;<\/p>\n<p style=\"color: #c9c8cd; font-family: Arial,sans-serif; font-size: 14px; line-height: 17px; margin-bottom: 0; margin-top: 8px; overflow: hidden; padding: 8px 0 7px; text-align: center; text-overflow: ellipsis; white-space: nowrap;\"><a style=\"color: #c9c8cd; font-family: Arial,sans-serif; font-size: 14px; font-style: normal; font-weight: normal; line-height: 17px; text-decoration: none;\" href=\"https:\/\/www.instagram.com\/p\/DL3M6IaIo14\/?utm_source=ig_embed&amp;utm_campaign=loading\" target=\"_blank\" rel=\"noopener\">P\u0159\u00edsp\u011bvek sd\u00edlen\u00fd Tour de France\u2122 (@letourdefrance)<\/a><\/p>\n<\/div>\n<\/blockquote>\n<p><script async src=\"\/\/www.instagram.com\/embed.js\"><\/script>\u00a0\u201cI hoped to sprint for the win, but I already felt I was on the limit. When I launched, my legs just didn&#8217;t want to continue anymore. He was the strongest today,\u201d the race leader said. \u201cI was a little bit disappointed crossing the finish because I really would have loved to win in the yellow jersey. But I think it&#8217;s not a shame to lose to Tadej on this parcours. If the legs are full of lactate, there&#8217;s nothing else you can do, of course.&#8221;<\/p>\n<p>GC co-favourites Remco Evenepoel (Soudal Quick-Step) and Primo\u017e Rogli\u010d (Red Bull\u2013BORA\u2013hansgrohe) lost more time in the GC, with Evenepoel now trailing Poga\u010dar by 58 seconds and Rogli\u010d now a whopping 1:27 behind.<\/p>\n<p>But the story of the day was Poga\u010dar\u2019s century of wins, a remarkable achievement at only 26. He will probably not reach the record tally of 279 career victories by Eddy Merckx, but if he remains healthy, he should be able to pass Mark Cavendish\u2019s 165 wins and have the number 2 spot all to himself.<\/p>\n<p>Of his 100 wins, 18 were Tour de France stages; he also won six stages and the GC in the Giro d\u2019Italia last year. His victories also include four wins in Il Lombardia, three in Li\u00e8ge-Bastogne-Li\u00e8ge and Strade Bianche, two in the Tour of Flanders and <a href=\"https:\/\/www.procyclingstats.com\/race\/la-fleche-wallonne\/2023\/result\">La Fl\u00e8che Wallonne<\/a> and last year\u2019s world road race championship. It is a remarkable record that has only one equal, that of Merckx, who is almost universally considered the greatest rider of all time. That may be true in terms of sheer numbers, but Poga\u010dar matches him with regard to how he dominates his era in all aspects of road racing.<\/p>\n<p>But there is one record that Poga\u010dar can still achieve and which would make a strong argument for his being the GOAT (greatest of all time), and that is to win the Tour de France six times. Only four riders \u2013 Jacques Anquetil, Eddy Merckx, Bernard Hinault, and Miguel Indurain \u2013 have won the Tour five times. Realistically, Poga\u010dar could ride competitively in the Tour until he is at least 31 years old, depending on the strength of his current and future rivals. This year, he seems to have only one real contender to worry about, Vingegaard, who looks stronger and friskier than he has been in a while. But the real tests lie ahead, in week three.<\/p>\n<p>In the meantime, congratulations, Pogi. And keep on keeping on.<\/p>\n<h4><strong>Results of Stage 4, 2025 Tour de France <\/strong><\/h4>\n<ol>\n<li>Tadej Pogacar, Tadej Poga\u010dar, UAE Team Emirates\u2013XRG 3:50:29<\/li>\n<li>Mathieu van der Poel, Alpecin-Deceuninck &#8220;<\/li>\n<li>Jonas Vingegaard, Visma\u2013Lease a Bike &#8220;<\/li>\n<li>Oscar Onley, Picnic PostNL &#8220;<\/li>\n<li>Romain Gr\u00e9goire, Groupama-FDJ \u00a0\u00a0&#8220;<\/li>\n<li><a href=\"https:\/\/www.procyclingstats.com\/rider\/joao-almeida\">Jo\u00e3o<\/a> Almeida, UAE Team Emirates\u2013XRG &#8220;<\/li>\n<li>Remco Evenepoel, Soudal Quick-Step) +0:03<\/li>\n<li>Matteo Jorgenson, Visma\u2013Lease a Bike &#8220;<\/li>\n<li>Mattias Skjelmose, Lidl-Trek +0:07<\/li>\n<li>K\u00e9vin Vauquelin, Ark\u00e9a\u2013B&amp;B Hotels +0:10<\/li>\n<\/ol>\n<p><strong>2025 Tour de France General Classification After Stage 4<\/strong><\/p>\n<ol>\n<li>Mathieu van der Poel, Alpecin-Deceuninck 16:46:00<\/li>\n<li>Tadej Pogacar, UAE Team Emirates\u2013XRG \u201c<\/li>\n<li>Jonas Vingegaard, Visma\u2013Lease a Bike +0:08<\/li>\n<li>Matteo Jorgenson, Visma\u2013Lease a Bike +0:19<\/li>\n<li>K\u00e9vin Vauquelin, Ark\u00e9a\u2013B&amp;B Hotels +0:26<\/li>\n<li>Enric Mas, Movistar +0:48<\/li>\n<li>Oscar Onley, Picnic PostNL +0:55<\/li>\n<li><a href=\"https:\/\/www.procyclingstats.com\/rider\/joao-almeida\">Jo\u00e3o<\/a> Almeida, UAE Team Emirates\u2013XRG \u201c<\/li>\n<li>Remco Evenepoel, Soudal Quick-Step +0:58<\/li>\n<li>Mattias Skjelmose, Lidl-Trek +1:02<\/li>\n<\/ol>\n","protected":false},"excerpt":{"rendered":"<p>Tadej Poga\u010dar won the 100th victory of his already storied career on Tuesday\u2019s stage 4 of the Tour de France, [&hellip;]<\/p>\n","protected":false},"author":190,"featured_media":8327,"comment_status":"open","ping_status":"open","sticky":false,"template":"","format":"standard","meta":{"footnotes":""},"categories":[20],"tags":[],"global-categories":[],"class_list":["post-8316","post","type-post","status-publish","format-standard","has-post-thumbnail","hentry","category-all-the-latest"],"yoast_head":"<!-- This site is optimized with the Yoast SEO Premium plugin v25.3 (Yoast SEO v25.9) - https:\/\/yoast.com\/wordpress\/plugins\/seo\/ -->\n<title>Poga\u010dar Reaches 100 Wins at the Tour de France - \u0160koda We Love Cycling - United Kingdom<\/title>\n<meta name=\"robots\" content=\"index, follow, max-snippet:-1, max-image-preview:large, max-video-preview:-1\" \/>\n<link rel=\"canonical\" href=\"https:\/\/www.welovecycling.com\/uk\/2025\/07\/09\/pogacar-reaches-100-wins-at-the-tour-de-france\/\" \/>\n<meta property=\"og:locale\" content=\"en_GB\" \/>\n<meta property=\"og:type\" content=\"article\" \/>\n<meta property=\"og:title\" content=\"Poga\u010dar Reaches 100 Wins at the Tour de France\" \/>\n<meta property=\"og:description\" content=\"Tadej Poga\u010dar won the 100th victory of his already storied career on Tuesday\u2019s stage 4 of the Tour de France, [&hellip;]\" \/>\n<meta property=\"og:url\" content=\"https:\/\/www.welovecycling.com\/uk\/2025\/07\/09\/pogacar-reaches-100-wins-at-the-tour-de-france\/\" \/>\n<meta property=\"og:site_name\" content=\"\u0160koda We Love Cycling - United Kingdom\" \/>\n<meta property=\"article:published_time\" content=\"2025-07-09T14:12:09+00:00\" \/>\n<meta property=\"article:modified_time\" content=\"2025-07-10T14:14:40+00:00\" \/>\n<meta property=\"og:image\" content=\"https:\/\/d2p6e6u75xmxt8.cloudfront.net\/18\/2025\/07\/Tadej-pogacar-2025-Tour-100th-Win-profimedia-1019910437-CVR.webp\" \/>\n\t<meta property=\"og:image:width\" content=\"990\" \/>\n\t<meta property=\"og:image:height\" content=\"660\" \/>\n\t<meta property=\"og:image:type\" content=\"image\/webp\" \/>\n<meta name=\"author\" content=\"hettie\" \/>\n<meta name=\"twitter:card\" content=\"summary_large_image\" \/>\n<meta name=\"twitter:label1\" content=\"Written by\" \/>\n\t<meta name=\"twitter:data1\" content=\"Siegfried Mortkowitz\" \/>\n\t<meta name=\"twitter:label2\" content=\"Est. reading time\" \/>\n\t<meta name=\"twitter:data2\" content=\"3\" \/>\n<script type=\"application\/ld+json\" class=\"yoast-schema-graph\">{\"@context\":\"https:\/\/schema.org\",\"@graph\":[{\"@type\":\"WebPage\",\"@id\":\"https:\/\/www.welovecycling.com\/uk\/2025\/07\/09\/pogacar-reaches-100-wins-at-the-tour-de-france\/\",\"url\":\"https:\/\/www.welovecycling.com\/uk\/2025\/07\/09\/pogacar-reaches-100-wins-at-the-tour-de-france\/\",\"name\":\"Poga\u010dar Reaches 100 Wins at the Tour de France - \u0160koda We Love Cycling - United Kingdom\",\"isPartOf\":{\"@id\":\"https:\/\/www.welovecycling.com\/uk\/#website\"},\"primaryImageOfPage\":{\"@id\":\"https:\/\/www.welovecycling.com\/uk\/2025\/07\/09\/pogacar-reaches-100-wins-at-the-tour-de-france\/#primaryimage\"},\"image\":{\"@id\":\"https:\/\/www.welovecycling.com\/uk\/2025\/07\/09\/pogacar-reaches-100-wins-at-the-tour-de-france\/#primaryimage\"},\"thumbnailUrl\":\"https:\/\/d2p6e6u75xmxt8.cloudfront.net\/18\/2025\/07\/Tadej-pogacar-2025-Tour-100th-Win-profimedia-1019910437-CVR.webp\",\"datePublished\":\"2025-07-09T14:12:09+00:00\",\"dateModified\":\"2025-07-10T14:14:40+00:00\",\"author\":{\"@id\":\"https:\/\/www.welovecycling.com\/uk\/#\/schema\/person\/a58d0e261e2851d32c04ca4395fc8c19\"},\"inLanguage\":\"en-GB\",\"potentialAction\":[{\"@type\":\"ReadAction\",\"target\":[\"https:\/\/www.welovecycling.com\/uk\/2025\/07\/09\/pogacar-reaches-100-wins-at-the-tour-de-france\/\"]}]},{\"@type\":\"ImageObject\",\"inLanguage\":\"en-GB\",\"@id\":\"https:\/\/www.welovecycling.com\/uk\/2025\/07\/09\/pogacar-reaches-100-wins-at-the-tour-de-france\/#primaryimage\",\"url\":\"https:\/\/d2p6e6u75xmxt8.cloudfront.net\/18\/2025\/07\/Tadej-pogacar-2025-Tour-100th-Win-profimedia-1019910437-CVR.webp\",\"contentUrl\":\"https:\/\/d2p6e6u75xmxt8.cloudfront.net\/18\/2025\/07\/Tadej-pogacar-2025-Tour-100th-Win-profimedia-1019910437-CVR.webp\",\"width\":990,\"height\":660,\"caption\":\"Tadej Poga\u010dar\"},{\"@type\":\"WebSite\",\"@id\":\"https:\/\/www.welovecycling.com\/uk\/#website\",\"url\":\"https:\/\/www.welovecycling.com\/uk\/\",\"name\":\"\u0160koda We Love Cycling - United Kingdom\",\"description\":\"\u0160koda WeLoveCycling - United Kingdom\",\"potentialAction\":[{\"@type\":\"SearchAction\",\"target\":{\"@type\":\"EntryPoint\",\"urlTemplate\":\"https:\/\/www.welovecycling.com\/uk\/?s={search_term_string}\"},\"query-input\":{\"@type\":\"PropertyValueSpecification\",\"valueRequired\":true,\"valueName\":\"search_term_string\"}}],\"inLanguage\":\"en-GB\"},{\"@type\":\"Person\",\"@id\":\"https:\/\/www.welovecycling.com\/uk\/#\/schema\/person\/a58d0e261e2851d32c04ca4395fc8c19\",\"name\":\"hettie\",\"image\":{\"@type\":\"ImageObject\",\"inLanguage\":\"en-GB\",\"@id\":\"https:\/\/www.welovecycling.com\/uk\/#\/schema\/person\/image\/\",\"url\":\"https:\/\/secure.gravatar.com\/avatar\/19084731f07a409b63389e027895fb3dd559baf357989497b89ac21b1807677a?s=96&d=mm&r=g\",\"contentUrl\":\"https:\/\/secure.gravatar.com\/avatar\/19084731f07a409b63389e027895fb3dd559baf357989497b89ac21b1807677a?s=96&d=mm&r=g\",\"caption\":\"hettie\"},\"url\":\"https:\/\/www.welovecycling.com\/uk\/author\/hettie\/\"}]}<\/script>\n<!-- \/ Yoast SEO Premium plugin. -->","yoast_head_json":{"title":"Poga\u010dar Reaches 100 Wins at the Tour de France - \u0160koda We Love Cycling - United Kingdom","robots":{"index":"index","follow":"follow","max-snippet":"max-snippet:-1","max-image-preview":"max-image-preview:large","max-video-preview":"max-video-preview:-1"},"canonical":"https:\/\/www.welovecycling.com\/uk\/2025\/07\/09\/pogacar-reaches-100-wins-at-the-tour-de-france\/","og_locale":"en_GB","og_type":"article","og_title":"Poga\u010dar Reaches 100 Wins at the Tour de France","og_description":"Tadej Poga\u010dar won the 100th victory of his already storied career on Tuesday\u2019s stage 4 of the Tour de France, [&hellip;]","og_url":"https:\/\/www.welovecycling.com\/uk\/2025\/07\/09\/pogacar-reaches-100-wins-at-the-tour-de-france\/","og_site_name":"\u0160koda We Love Cycling - United Kingdom","article_published_time":"2025-07-09T14:12:09+00:00","article_modified_time":"2025-07-10T14:14:40+00:00","og_image":[{"width":990,"height":660,"url":"https:\/\/d2p6e6u75xmxt8.cloudfront.net\/18\/2025\/07\/Tadej-pogacar-2025-Tour-100th-Win-profimedia-1019910437-CVR.webp","type":"image\/webp"}],"author":"hettie","twitter_card":"summary_large_image","twitter_misc":{"Written by":"Siegfried Mortkowitz","Est. reading time":"3"},"schema":{"@context":"https:\/\/schema.org","@graph":[{"@type":"WebPage","@id":"https:\/\/www.welovecycling.com\/uk\/2025\/07\/09\/pogacar-reaches-100-wins-at-the-tour-de-france\/","url":"https:\/\/www.welovecycling.com\/uk\/2025\/07\/09\/pogacar-reaches-100-wins-at-the-tour-de-france\/","name":"Poga\u010dar Reaches 100 Wins at the Tour de France - \u0160koda We Love Cycling - United Kingdom","isPartOf":{"@id":"https:\/\/www.welovecycling.com\/uk\/#website"},"primaryImageOfPage":{"@id":"https:\/\/www.welovecycling.com\/uk\/2025\/07\/09\/pogacar-reaches-100-wins-at-the-tour-de-france\/#primaryimage"},"image":{"@id":"https:\/\/www.welovecycling.com\/uk\/2025\/07\/09\/pogacar-reaches-100-wins-at-the-tour-de-france\/#primaryimage"},"thumbnailUrl":"https:\/\/d2p6e6u75xmxt8.cloudfront.net\/18\/2025\/07\/Tadej-pogacar-2025-Tour-100th-Win-profimedia-1019910437-CVR.webp","datePublished":"2025-07-09T14:12:09+00:00","dateModified":"2025-07-10T14:14:40+00:00","author":{"@id":"https:\/\/www.welovecycling.com\/uk\/#\/schema\/person\/a58d0e261e2851d32c04ca4395fc8c19"},"inLanguage":"en-GB","potentialAction":[{"@type":"ReadAction","target":["https:\/\/www.welovecycling.com\/uk\/2025\/07\/09\/pogacar-reaches-100-wins-at-the-tour-de-france\/"]}]},{"@type":"ImageObject","inLanguage":"en-GB","@id":"https:\/\/www.welovecycling.com\/uk\/2025\/07\/09\/pogacar-reaches-100-wins-at-the-tour-de-france\/#primaryimage","url":"https:\/\/d2p6e6u75xmxt8.cloudfront.net\/18\/2025\/07\/Tadej-pogacar-2025-Tour-100th-Win-profimedia-1019910437-CVR.webp","contentUrl":"https:\/\/d2p6e6u75xmxt8.cloudfront.net\/18\/2025\/07\/Tadej-pogacar-2025-Tour-100th-Win-profimedia-1019910437-CVR.webp","width":990,"height":660,"caption":"Tadej Poga\u010dar"},{"@type":"WebSite","@id":"https:\/\/www.welovecycling.com\/uk\/#website","url":"https:\/\/www.welovecycling.com\/uk\/","name":"\u0160koda We Love Cycling - United Kingdom","description":"\u0160koda WeLoveCycling - United Kingdom","potentialAction":[{"@type":"SearchAction","target":{"@type":"EntryPoint","urlTemplate":"https:\/\/www.welovecycling.com\/uk\/?s={search_term_string}"},"query-input":{"@type":"PropertyValueSpecification","valueRequired":true,"valueName":"search_term_string"}}],"inLanguage":"en-GB"},{"@type":"Person","@id":"https:\/\/www.welovecycling.com\/uk\/#\/schema\/person\/a58d0e261e2851d32c04ca4395fc8c19","name":"hettie","image":{"@type":"ImageObject","inLanguage":"en-GB","@id":"https:\/\/www.welovecycling.com\/uk\/#\/schema\/person\/image\/","url":"https:\/\/secure.gravatar.com\/avatar\/19084731f07a409b63389e027895fb3dd559baf357989497b89ac21b1807677a?s=96&d=mm&r=g","contentUrl":"https:\/\/secure.gravatar.com\/avatar\/19084731f07a409b63389e027895fb3dd559baf357989497b89ac21b1807677a?s=96&d=mm&r=g","caption":"hettie"},"url":"https:\/\/www.welovecycling.com\/uk\/author\/hettie\/"}]}},"_links":{"self":[{"href":"https:\/\/www.welovecycling.com\/uk\/wp-json\/wp\/v2\/posts\/8316","targetHints":{"allow":["GET"]}}],"collection":[{"href":"https:\/\/www.welovecycling.com\/uk\/wp-json\/wp\/v2\/posts"}],"about":[{"href":"https:\/\/www.welovecycling.com\/uk\/wp-json\/wp\/v2\/types\/post"}],"author":[{"embeddable":true,"href":"https:\/\/www.welovecycling.com\/uk\/wp-json\/wp\/v2\/users\/190"}],"replies":[{"embeddable":true,"href":"https:\/\/www.welovecycling.com\/uk\/wp-json\/wp\/v2\/comments?post=8316"}],"version-history":[{"count":1,"href":"https:\/\/www.welovecycling.com\/uk\/wp-json\/wp\/v2\/posts\/8316\/revisions"}],"predecessor-version":[{"id":8329,"href":"https:\/\/www.welovecycling.com\/uk\/wp-json\/wp\/v2\/posts\/8316\/revisions\/8329"}],"wp:featuredmedia":[{"embeddable":true,"href":"https:\/\/www.welovecycling.com\/uk\/wp-json\/wp\/v2\/media\/8327"}],"wp:attachment":[{"href":"https:\/\/www.welovecycling.com\/uk\/wp-json\/wp\/v2\/media?parent=8316"}],"wp:term":[{"taxonomy":"category","embeddable":true,"href":"https:\/\/www.welovecycling.com\/uk\/wp-json\/wp\/v2\/categories?post=8316"},{"taxonomy":"post_tag","embeddable":true,"href":"https:\/\/www.welovecycling.com\/uk\/wp-json\/wp\/v2\/tags?post=8316"},{"taxonomy":"global-categories","embeddable":true,"href":"https:\/\/www.welovecycling.com\/uk\/wp-json\/wp\/v2\/global-categories?post=8316"}],"curies":[{"name":"wp","href":"https:\/\/api.w.org\/{rel}","templated":true}]}}