{"id":7776,"date":"2025-02-20T10:37:08","date_gmt":"2025-02-20T09:37:08","guid":{"rendered":"https:\/\/www.welovecycling.com\/uk\/?p=7776"},"modified":"2025-03-27T10:44:28","modified_gmt":"2025-03-27T09:44:28","slug":"pogacar-gets-first-2025-win-on-uae-tour-as-farcical-mix-up-hits-vingegaard-debut","status":"publish","type":"post","link":"https:\/\/www.welovecycling.com\/uk\/2025\/02\/20\/pogacar-gets-first-2025-win-on-uae-tour-as-farcical-mix-up-hits-vingegaard-debut\/","title":{"rendered":"Poga\u010dar Gets First 2025 Win on UAE Tour as Farcical Mix-up Hits Vingegaard Debut"},"content":{"rendered":"<p style=\"font-weight: 400;\"><strong>As universally expected, Tadej Poga\u010dar won his first of what will likely be many victories of the year on Wednesday\u2019s stage 3 of his UAE Team Emirates\u2013XRG home race, the UAE Tour.<\/strong><\/p>\n<p><!--more--><\/p>\n<p style=\"font-weight: 400;\">In easily winning a sprint to the finish line atop Jebel Jais (19.0 km @ 5.6%), last year\u2019s winner of the Tour de France, Giro d\u2019Italia and Road Race World Championship probably took an insurmountable lead over his rivals, though his margin in the GC standings is now only 18 seconds over second-place Joshua Tarling (INEOS Grenadiers) and 23 seconds over Movistar\u2019s new climber, Pablo Castrillo. But it\u2019s highly unlikely that anyone in the UAE Tour peloton can overtake Poga\u010dar in the final four stages, the last of which is another summit finish.<\/p>\n<p style=\"font-weight: 400;\">Tarling won the stage 2 time trial, with Poga\u010dar, who was favoured, finishing third, 18 seconds behind the winner and 5 seconds behind the back-in-form Stefan Bissiger (<a href=\"https:\/\/www.procyclingstats.com\/team\/decathlon-ag2r-la-mondiale-2025\">Decathlon AG2R La Mondiale).<\/a>That defeat was disappointing for on his day, the Slovenian is one of the best time trial riders in the world. But the same is true of the 21-year-old Tarling, who continued his team\u2019s surprising early-season win streak. It was the fourth win of the year for INEOS Grenadiers who won only 14 races all last year.<\/p>\n<p style=\"font-weight: 400;\">Poga\u010dar also did not have an ideal ride on Monday\u2019s stage 1 for as he began his lead-out for UAE\u2019s sprinter, <a href=\"https:\/\/www.procyclingstats.com\/rider\/juan-sebastian-molano\">Juan Sebasti\u00e1n<\/a>\u00a0Molano, Molano was not behind him because he had just crashed, severely enough to be scratched from the rest of the race. Commentators had, therefore, assumed that Poga\u010dar was riding for the win. But it was a sprinter\u2019s course, which was won by the in-form sprinter, Lidl-Trek\u2019s Jonathan Milan. Milan started his sprint about 200 meters from the finish and maintained his speed all the way to the line to deny Soudal-QuickStep\u2019s Jasper Philipsen. It was Milan\u2019s third win of the year. For his part, Philipsen was again relegated for dangerous riding and is starting to cultivate a reputation for recklessness.<\/p>\n<h2 style=\"font-weight: 400;\"><strong>Is there too much love for Poga\u010dar?<\/strong><\/h2>\n<p style=\"font-weight: 400;\">It was great to see Poga\u010dar back on the road and racing again, though it feels as if he was never far away. The reason for that is that cycling journalists, having nothing else to write about over the winter, wrote mostly about\u2026 Poga\u010dar. He does sell copies because he is one of the most popular athletes in the world in any sport and is swiftly becoming cycling\u2019s Lionel Messi: not only the GOAT, or greatest of all time, but also the NOAT, nicest of all time.<\/p>\n<p style=\"font-weight: 400;\">With his openness, nonchalant attitude to racing that belies a ferocious ambition, his friendliness and his quick smile, he has been a boon to the sport, to his team and to his country. Who can forget him handing a water bottle he had just taken from a soigneur to a young boy running beside him in the Giro d\u2019Italia? I thought it was one of the classiest gestures I\u2019ve ever seen. He is deservedly a much-loved cyclist.<\/p>\n<p style=\"font-weight: 400;\">But is all that love good for Poga\u010dar? Because love and adulation inspire expectations, and I think commentators and fans expect him to win every race he rides in this year. But he is not Superman. (There is no Superman, Dorothy.) Let\u2019s remember why Poga\u010dar had such a super 2024. One big reason, I think, was that he had a light spring Classics schedule. He rode in only four races before tackling the Giro d\u2019Italia, and then no more races until the Tour and two races in Canada after that. So he was relatively fresh when he tackled the World Championships at the end of September.<\/p>\n<p style=\"font-weight: 400;\">This year, he has committed to ride in eight races in the spring, then the Crit\u00e9rium du Dauphin\u00e9 as a warmup for the Tour. That\u2019s a lot of intense racing. When he had a similar schedule in 2023, Poga\u010dar crashed in the Li\u00e8ge-Bastogne-Li\u00e8ge and, as a result, was not 100% in the Tour, which he lost to Jonas Vingegaard (Visma\u2013Lease a Bike). I believe that he crashed in the Li\u00e8ge because he was tired from all that one-day racing in a short span of time. I\u2019m not suggesting that he will crash this year, but he may not live up to expectations.<\/p>\n<p style=\"font-weight: 400;\">The other reason Poga\u010dar dominated last year was because of the competition. There was basically none, as Vingegaard suffered a heavy crash early in the year and, like Poga\u010dar the previous year, was not at his best in the Tour. So the Slovenian never really had to extend himself to win the Giro and the Tour, which he won by 9:56 and 6:17, respectively. He will not have it so easy this year.<\/p>\n<p style=\"font-weight: 400;\">If it sounds as if I want Vingegaard to win the Tour, it\u2019s sort of true. Of course, it\u2019s wonderful to have a dominant superstar in the sport who dances every dance and wins most of them and, no matter what happens this year, Poga\u010dar will always be regarded as the best rider of his generation, if not of all time. But I think it\u2019s better to have two superstars to admire or even three \u2013 if <a href=\"https:\/\/www.welovecycling.com\/wide\/2024\/12\/04\/remco-evenepoel-suffers-multiple-fractures-in-training-collision-with-postal-vehicle\/\" target=\"_blank\" rel=\"noopener\">Remco Evenepoel<\/a> ever comes up to the Grand Tour-winning level. What\u2019s better than three gods battling it out on a level playing field?<\/p>\n<h2 style=\"font-weight: 400;\"><strong>Peloton loses its way on Vingegaard debut<\/strong><\/h2>\n<figure id=\"attachment_7820\" aria-describedby=\"caption-attachment-7820\" style=\"width: 990px\" class=\"wp-caption alignnone\"><a href=\"https:\/\/d2p6e6u75xmxt8.cloudfront.net\/18\/2025\/03\/Jonas-Vingegaard-volta-Ao-Algarve-profimedia-0966050002-CVR.webp\"><img loading=\"lazy\" decoding=\"async\" class=\"wp-image-7820 size-full\" src=\"https:\/\/d2p6e6u75xmxt8.cloudfront.net\/18\/2025\/03\/Jonas-Vingegaard-volta-Ao-Algarve-profimedia-0966050002-CVR.webp\" alt=\"Jonas Vingegaard\" width=\"990\" height=\"660\" srcset=\"https:\/\/d2p6e6u75xmxt8.cloudfront.net\/18\/2025\/03\/Jonas-Vingegaard-volta-Ao-Algarve-profimedia-0966050002-CVR.webp 990w, https:\/\/d2p6e6u75xmxt8.cloudfront.net\/18\/2025\/03\/Jonas-Vingegaard-volta-Ao-Algarve-profimedia-0966050002-CVR-300x200.webp 300w, https:\/\/d2p6e6u75xmxt8.cloudfront.net\/18\/2025\/03\/Jonas-Vingegaard-volta-Ao-Algarve-profimedia-0966050002-CVR-768x512.webp 768w, https:\/\/d2p6e6u75xmxt8.cloudfront.net\/18\/2025\/03\/Jonas-Vingegaard-volta-Ao-Algarve-profimedia-0966050002-CVR-400x267.webp 400w\" sizes=\"auto, (max-width: 990px) 100vw, 990px\" \/><\/a><figcaption id=\"caption-attachment-7820\" class=\"wp-caption-text\">Vingegaard during stage one of the Volta ao Algarve. \u00a9 Profimedia<\/figcaption><\/figure>\n<p style=\"font-weight: 400;\">And speaking of Vingegaard, on Wednesday, he made his 2025 debut in the Volta ao Algarve em Bicicleta along with Primo\u017e Rogli\u010d (Red Bull\u2013BORA\u2013hansgrohe), but neither of them were involved in the stage 1 finale, which ended in a farce. The stage was annulled after most of the peloton took the wrong turn, coming off a roundabout with 700 meters left to race and ended up riding at full tilt down a street that was on the spectator\u2019s side of the barriers. Miraculously, no one was hurt, except the feelings of riders who, as Marco Haller (Tudor Pro Cycling) said on Eurosport, \u201csuffered 190 km to put ourselves in the perfect position and then it is basically everything for nothing.\u201d<\/p>\n<p style=\"font-weight: 400;\">Vingegaard\u2019s teammate Wout van Aert, who was preparing to contest the final sprint but went the wrong way with most of the riders, <a href=\"https:\/\/www.msn.com\/en-us\/sports\/other\/it-is-a-joke-disappointment-anger-and-calls-for-responsibility-sear-through-volta-ao-algarve-peloton-after-stage-1-finish-chaos\/ar-AA1zoxZL?ocid=msedgntp&amp;cvid=26f6764e56964d5ffe803d9a97096b59&amp;ei=8\">told VTM TV<\/a>, &#8220;I realised what had happened. I came out of that last corner, and I saw the barriers on the other side of the road. I knew we would sprint on that side, so I thought we&#8217;d been sent in the wrong direction. I thought there was a chicane somewhere, but at 400 meters from the finish, I saw lots of people making a sign to slow down.\u201d<\/p>\n<p style=\"font-weight: 400;\">He was one of the riders who blamed the race organisers for the mix-up, saying, &#8220;They should have put in more barriers so there wouldn&#8217;t have been that kind of confusion.&#8221;<\/p>\n<p style=\"font-weight: 400;\">Let\u2019s hope that this is not a sign of things to come this year.<\/p>\n","protected":false},"excerpt":{"rendered":"<p>As universally expected, Tadej Poga\u010dar won his first of what will likely be many victories of the year on Wednesday\u2019s [&hellip;]<\/p>\n","protected":false},"author":190,"featured_media":7868,"comment_status":"open","ping_status":"open","sticky":false,"template":"","format":"standard","meta":{"footnotes":""},"categories":[20],"tags":[],"global-categories":[],"class_list":["post-7776","post","type-post","status-publish","format-standard","has-post-thumbnail","hentry","category-all-the-latest"],"yoast_head":"<!-- This site is optimized with the Yoast SEO Premium plugin v25.3 (Yoast SEO v25.9) - https:\/\/yoast.com\/wordpress\/plugins\/seo\/ -->\n<title>Poga\u010dar Gets First 2025 Win on UAE Tour as Farcical Mix-up Hits Vingegaard Debut - \u0160koda We Love Cycling - United Kingdom<\/title>\n<meta name=\"robots\" content=\"index, follow, max-snippet:-1, max-image-preview:large, max-video-preview:-1\" \/>\n<link rel=\"canonical\" href=\"https:\/\/www.welovecycling.com\/uk\/2025\/02\/20\/pogacar-gets-first-2025-win-on-uae-tour-as-farcical-mix-up-hits-vingegaard-debut\/\" \/>\n<meta property=\"og:locale\" content=\"en_GB\" \/>\n<meta property=\"og:type\" content=\"article\" \/>\n<meta property=\"og:title\" content=\"Poga\u010dar Gets First 2025 Win on UAE Tour as Farcical Mix-up Hits Vingegaard Debut\" \/>\n<meta property=\"og:description\" content=\"As universally expected, Tadej Poga\u010dar won his first of what will likely be many victories of the year on Wednesday\u2019s [&hellip;]\" \/>\n<meta property=\"og:url\" content=\"https:\/\/www.welovecycling.com\/uk\/2025\/02\/20\/pogacar-gets-first-2025-win-on-uae-tour-as-farcical-mix-up-hits-vingegaard-debut\/\" \/>\n<meta property=\"og:site_name\" content=\"\u0160koda We Love Cycling - United Kingdom\" \/>\n<meta property=\"article:published_time\" content=\"2025-02-20T09:37:08+00:00\" \/>\n<meta property=\"article:modified_time\" content=\"2025-03-27T09:44:28+00:00\" \/>\n<meta property=\"og:image\" content=\"https:\/\/d2p6e6u75xmxt8.cloudfront.net\/18\/2025\/03\/Tadej-Pogacar-profimedia-0966444354-CVR.webp\" \/>\n\t<meta property=\"og:image:width\" content=\"990\" \/>\n\t<meta property=\"og:image:height\" content=\"660\" \/>\n\t<meta property=\"og:image:type\" content=\"image\/webp\" \/>\n<meta name=\"author\" content=\"hettie\" \/>\n<meta name=\"twitter:card\" content=\"summary_large_image\" \/>\n<meta name=\"twitter:label1\" content=\"Written by\" \/>\n\t<meta name=\"twitter:data1\" content=\"Siegfried Mortkowitz\" \/>\n\t<meta name=\"twitter:label2\" content=\"Est. reading time\" \/>\n\t<meta name=\"twitter:data2\" content=\"3\" \/>\n<script type=\"application\/ld+json\" class=\"yoast-schema-graph\">{\"@context\":\"https:\/\/schema.org\",\"@graph\":[{\"@type\":\"WebPage\",\"@id\":\"https:\/\/www.welovecycling.com\/uk\/2025\/02\/20\/pogacar-gets-first-2025-win-on-uae-tour-as-farcical-mix-up-hits-vingegaard-debut\/\",\"url\":\"https:\/\/www.welovecycling.com\/uk\/2025\/02\/20\/pogacar-gets-first-2025-win-on-uae-tour-as-farcical-mix-up-hits-vingegaard-debut\/\",\"name\":\"Poga\u010dar Gets First 2025 Win on UAE Tour as Farcical Mix-up Hits Vingegaard Debut - \u0160koda We Love Cycling - United Kingdom\",\"isPartOf\":{\"@id\":\"https:\/\/www.welovecycling.com\/uk\/#website\"},\"primaryImageOfPage\":{\"@id\":\"https:\/\/www.welovecycling.com\/uk\/2025\/02\/20\/pogacar-gets-first-2025-win-on-uae-tour-as-farcical-mix-up-hits-vingegaard-debut\/#primaryimage\"},\"image\":{\"@id\":\"https:\/\/www.welovecycling.com\/uk\/2025\/02\/20\/pogacar-gets-first-2025-win-on-uae-tour-as-farcical-mix-up-hits-vingegaard-debut\/#primaryimage\"},\"thumbnailUrl\":\"https:\/\/d2p6e6u75xmxt8.cloudfront.net\/18\/2025\/03\/Tadej-Pogacar-profimedia-0966444354-CVR.webp\",\"datePublished\":\"2025-02-20T09:37:08+00:00\",\"dateModified\":\"2025-03-27T09:44:28+00:00\",\"author\":{\"@id\":\"https:\/\/www.welovecycling.com\/uk\/#\/schema\/person\/a58d0e261e2851d32c04ca4395fc8c19\"},\"inLanguage\":\"en-GB\",\"potentialAction\":[{\"@type\":\"ReadAction\",\"target\":[\"https:\/\/www.welovecycling.com\/uk\/2025\/02\/20\/pogacar-gets-first-2025-win-on-uae-tour-as-farcical-mix-up-hits-vingegaard-debut\/\"]}]},{\"@type\":\"ImageObject\",\"inLanguage\":\"en-GB\",\"@id\":\"https:\/\/www.welovecycling.com\/uk\/2025\/02\/20\/pogacar-gets-first-2025-win-on-uae-tour-as-farcical-mix-up-hits-vingegaard-debut\/#primaryimage\",\"url\":\"https:\/\/d2p6e6u75xmxt8.cloudfront.net\/18\/2025\/03\/Tadej-Pogacar-profimedia-0966444354-CVR.webp\",\"contentUrl\":\"https:\/\/d2p6e6u75xmxt8.cloudfront.net\/18\/2025\/03\/Tadej-Pogacar-profimedia-0966444354-CVR.webp\",\"width\":990,\"height\":660,\"caption\":\"Tadej Poga\u010dar\"},{\"@type\":\"WebSite\",\"@id\":\"https:\/\/www.welovecycling.com\/uk\/#website\",\"url\":\"https:\/\/www.welovecycling.com\/uk\/\",\"name\":\"\u0160koda We Love Cycling - United Kingdom\",\"description\":\"\u0160koda WeLoveCycling - United Kingdom\",\"potentialAction\":[{\"@type\":\"SearchAction\",\"target\":{\"@type\":\"EntryPoint\",\"urlTemplate\":\"https:\/\/www.welovecycling.com\/uk\/?s={search_term_string}\"},\"query-input\":{\"@type\":\"PropertyValueSpecification\",\"valueRequired\":true,\"valueName\":\"search_term_string\"}}],\"inLanguage\":\"en-GB\"},{\"@type\":\"Person\",\"@id\":\"https:\/\/www.welovecycling.com\/uk\/#\/schema\/person\/a58d0e261e2851d32c04ca4395fc8c19\",\"name\":\"hettie\",\"image\":{\"@type\":\"ImageObject\",\"inLanguage\":\"en-GB\",\"@id\":\"https:\/\/www.welovecycling.com\/uk\/#\/schema\/person\/image\/\",\"url\":\"https:\/\/secure.gravatar.com\/avatar\/19084731f07a409b63389e027895fb3dd559baf357989497b89ac21b1807677a?s=96&d=mm&r=g\",\"contentUrl\":\"https:\/\/secure.gravatar.com\/avatar\/19084731f07a409b63389e027895fb3dd559baf357989497b89ac21b1807677a?s=96&d=mm&r=g\",\"caption\":\"hettie\"},\"url\":\"https:\/\/www.welovecycling.com\/uk\/author\/hettie\/\"}]}<\/script>\n<!-- \/ Yoast SEO Premium plugin. -->","yoast_head_json":{"title":"Poga\u010dar Gets First 2025 Win on UAE Tour as Farcical Mix-up Hits Vingegaard Debut - \u0160koda We Love Cycling - United Kingdom","robots":{"index":"index","follow":"follow","max-snippet":"max-snippet:-1","max-image-preview":"max-image-preview:large","max-video-preview":"max-video-preview:-1"},"canonical":"https:\/\/www.welovecycling.com\/uk\/2025\/02\/20\/pogacar-gets-first-2025-win-on-uae-tour-as-farcical-mix-up-hits-vingegaard-debut\/","og_locale":"en_GB","og_type":"article","og_title":"Poga\u010dar Gets First 2025 Win on UAE Tour as Farcical Mix-up Hits Vingegaard Debut","og_description":"As universally expected, Tadej Poga\u010dar won his first of what will likely be many victories of the year on Wednesday\u2019s [&hellip;]","og_url":"https:\/\/www.welovecycling.com\/uk\/2025\/02\/20\/pogacar-gets-first-2025-win-on-uae-tour-as-farcical-mix-up-hits-vingegaard-debut\/","og_site_name":"\u0160koda We Love Cycling - United Kingdom","article_published_time":"2025-02-20T09:37:08+00:00","article_modified_time":"2025-03-27T09:44:28+00:00","og_image":[{"width":990,"height":660,"url":"https:\/\/d2p6e6u75xmxt8.cloudfront.net\/18\/2025\/03\/Tadej-Pogacar-profimedia-0966444354-CVR.webp","type":"image\/webp"}],"author":"hettie","twitter_card":"summary_large_image","twitter_misc":{"Written by":"Siegfried Mortkowitz","Est. reading time":"3"},"schema":{"@context":"https:\/\/schema.org","@graph":[{"@type":"WebPage","@id":"https:\/\/www.welovecycling.com\/uk\/2025\/02\/20\/pogacar-gets-first-2025-win-on-uae-tour-as-farcical-mix-up-hits-vingegaard-debut\/","url":"https:\/\/www.welovecycling.com\/uk\/2025\/02\/20\/pogacar-gets-first-2025-win-on-uae-tour-as-farcical-mix-up-hits-vingegaard-debut\/","name":"Poga\u010dar Gets First 2025 Win on UAE Tour as Farcical Mix-up Hits Vingegaard Debut - \u0160koda We Love Cycling - United Kingdom","isPartOf":{"@id":"https:\/\/www.welovecycling.com\/uk\/#website"},"primaryImageOfPage":{"@id":"https:\/\/www.welovecycling.com\/uk\/2025\/02\/20\/pogacar-gets-first-2025-win-on-uae-tour-as-farcical-mix-up-hits-vingegaard-debut\/#primaryimage"},"image":{"@id":"https:\/\/www.welovecycling.com\/uk\/2025\/02\/20\/pogacar-gets-first-2025-win-on-uae-tour-as-farcical-mix-up-hits-vingegaard-debut\/#primaryimage"},"thumbnailUrl":"https:\/\/d2p6e6u75xmxt8.cloudfront.net\/18\/2025\/03\/Tadej-Pogacar-profimedia-0966444354-CVR.webp","datePublished":"2025-02-20T09:37:08+00:00","dateModified":"2025-03-27T09:44:28+00:00","author":{"@id":"https:\/\/www.welovecycling.com\/uk\/#\/schema\/person\/a58d0e261e2851d32c04ca4395fc8c19"},"inLanguage":"en-GB","potentialAction":[{"@type":"ReadAction","target":["https:\/\/www.welovecycling.com\/uk\/2025\/02\/20\/pogacar-gets-first-2025-win-on-uae-tour-as-farcical-mix-up-hits-vingegaard-debut\/"]}]},{"@type":"ImageObject","inLanguage":"en-GB","@id":"https:\/\/www.welovecycling.com\/uk\/2025\/02\/20\/pogacar-gets-first-2025-win-on-uae-tour-as-farcical-mix-up-hits-vingegaard-debut\/#primaryimage","url":"https:\/\/d2p6e6u75xmxt8.cloudfront.net\/18\/2025\/03\/Tadej-Pogacar-profimedia-0966444354-CVR.webp","contentUrl":"https:\/\/d2p6e6u75xmxt8.cloudfront.net\/18\/2025\/03\/Tadej-Pogacar-profimedia-0966444354-CVR.webp","width":990,"height":660,"caption":"Tadej Poga\u010dar"},{"@type":"WebSite","@id":"https:\/\/www.welovecycling.com\/uk\/#website","url":"https:\/\/www.welovecycling.com\/uk\/","name":"\u0160koda We Love Cycling - United Kingdom","description":"\u0160koda WeLoveCycling - United Kingdom","potentialAction":[{"@type":"SearchAction","target":{"@type":"EntryPoint","urlTemplate":"https:\/\/www.welovecycling.com\/uk\/?s={search_term_string}"},"query-input":{"@type":"PropertyValueSpecification","valueRequired":true,"valueName":"search_term_string"}}],"inLanguage":"en-GB"},{"@type":"Person","@id":"https:\/\/www.welovecycling.com\/uk\/#\/schema\/person\/a58d0e261e2851d32c04ca4395fc8c19","name":"hettie","image":{"@type":"ImageObject","inLanguage":"en-GB","@id":"https:\/\/www.welovecycling.com\/uk\/#\/schema\/person\/image\/","url":"https:\/\/secure.gravatar.com\/avatar\/19084731f07a409b63389e027895fb3dd559baf357989497b89ac21b1807677a?s=96&d=mm&r=g","contentUrl":"https:\/\/secure.gravatar.com\/avatar\/19084731f07a409b63389e027895fb3dd559baf357989497b89ac21b1807677a?s=96&d=mm&r=g","caption":"hettie"},"url":"https:\/\/www.welovecycling.com\/uk\/author\/hettie\/"}]}},"_links":{"self":[{"href":"https:\/\/www.welovecycling.com\/uk\/wp-json\/wp\/v2\/posts\/7776","targetHints":{"allow":["GET"]}}],"collection":[{"href":"https:\/\/www.welovecycling.com\/uk\/wp-json\/wp\/v2\/posts"}],"about":[{"href":"https:\/\/www.welovecycling.com\/uk\/wp-json\/wp\/v2\/types\/post"}],"author":[{"embeddable":true,"href":"https:\/\/www.welovecycling.com\/uk\/wp-json\/wp\/v2\/users\/190"}],"replies":[{"embeddable":true,"href":"https:\/\/www.welovecycling.com\/uk\/wp-json\/wp\/v2\/comments?post=7776"}],"version-history":[{"count":1,"href":"https:\/\/www.welovecycling.com\/uk\/wp-json\/wp\/v2\/posts\/7776\/revisions"}],"predecessor-version":[{"id":7867,"href":"https:\/\/www.welovecycling.com\/uk\/wp-json\/wp\/v2\/posts\/7776\/revisions\/7867"}],"wp:featuredmedia":[{"embeddable":true,"href":"https:\/\/www.welovecycling.com\/uk\/wp-json\/wp\/v2\/media\/7868"}],"wp:attachment":[{"href":"https:\/\/www.welovecycling.com\/uk\/wp-json\/wp\/v2\/media?parent=7776"}],"wp:term":[{"taxonomy":"category","embeddable":true,"href":"https:\/\/www.welovecycling.com\/uk\/wp-json\/wp\/v2\/categories?post=7776"},{"taxonomy":"post_tag","embeddable":true,"href":"https:\/\/www.welovecycling.com\/uk\/wp-json\/wp\/v2\/tags?post=7776"},{"taxonomy":"global-categories","embeddable":true,"href":"https:\/\/www.welovecycling.com\/uk\/wp-json\/wp\/v2\/global-categories?post=7776"}],"curies":[{"name":"wp","href":"https:\/\/api.w.org\/{rel}","templated":true}]}}