{"id":7458,"date":"2025-01-08T12:10:43","date_gmt":"2025-01-08T11:10:43","guid":{"rendered":"https:\/\/www.welovecycling.com\/uk\/?p=7458"},"modified":"2025-01-20T12:16:31","modified_gmt":"2025-01-20T11:16:31","slug":"van-aert-sets-bar-high-for-2025-after-last-years-misfortunes","status":"publish","type":"post","link":"https:\/\/www.welovecycling.com\/uk\/2025\/01\/08\/van-aert-sets-bar-high-for-2025-after-last-years-misfortunes\/","title":{"rendered":"Van Aert Sets Bar High for 2025 After Last Year\u2019s Misfortunes"},"content":{"rendered":"<p style=\"font-weight: 400;\"><strong>Wout van Aert registered his first two wins of the cyclo-cross season last weekend, the second of which, in the World Cup race at Dendermonde, was a tour de force reminiscent of his very best days. Now the 30-year-old Visma\u2013Lease a Bike rider has revealed, via <em>Het Laatste Nieuws<\/em><em>,<\/em>\u00a0a very ambitious program for the first half of the year, which includes riding in both the Giro d\u2019Italia and the Tour de France.<\/strong><\/p>\n<p><!--more--><\/p>\n<p style=\"font-weight: 400;\">After a year that was disrupted by two serious crashes, it\u2019s only natural that van Aert will want to find a sort of redemption to prove that he can still be a major force in the sport and to pursue goals that were sabotaged by last season\u2019s misfortunes. For example, the Giro had been on his program last year, but was dropped following his crash in the Dwars door Vlaanderen.<\/p>\n<p style=\"font-weight: 400;\">Incredibly, van Aert still feels the consequences of that crash nearly a year later. \u201cIn the second half of the Dendermonde race I had some trouble with my right leg, but not to the extent that I had to slow down,\u201d he said. \u201cI can still feel my knee every day, and even my back and ribs from that fall in March. Those parts of my body still require attention every day, so I am very happy that my body can already handle such a muddy race, because clambering through mud up to the ankles is really an assault on the body.\u201d<\/p>\n<p style=\"font-weight: 400;\">Of course, the manner in which he dominated that race also gave him confidence for the upcoming season. As he put it, \u201cI also learned this weekend that the situation is certainly not bad in terms of condition.\u201d<\/p>\n<p style=\"font-weight: 400;\">He is currently at a winter training session with his team in La Nucia, Spain. His final two cyclocross races will be in the World Cup races in Benidorm on January 19 and in Maasmechelen\u00a0on the 25th. Three weeks later, on February 17, he will ride in his first road race of the year in the Cl\u00e1sica Ja\u00e9n. That will be followed, only two days later, with the first stage of the five-stage Volta ao Algarve. In that race, he will be riding against the likes of Jo\u00e3o Almeida (UAE Team Emirates), Primo\u017e Rogli\u010d (Red Bull\u2013BORA\u2013hansgrohe) and Geraint Thomas (INEOS Grenadiers) and hoping to at least win a stage, as he did last year.<\/p>\n<figure id=\"attachment_7492\" aria-describedby=\"caption-attachment-7492\" style=\"width: 990px\" class=\"wp-caption alignnone\"><a href=\"https:\/\/d2p6e6u75xmxt8.cloudfront.net\/18\/2025\/01\/Wout-van-Aert-profimedia-0951940659-CVR.webp\"><img loading=\"lazy\" decoding=\"async\" class=\"wp-image-7492 size-full\" src=\"https:\/\/d2p6e6u75xmxt8.cloudfront.net\/18\/2025\/01\/Wout-van-Aert-profimedia-0951940659-CVR.webp\" alt=\"Wout van Aert\" width=\"990\" height=\"660\" srcset=\"https:\/\/d2p6e6u75xmxt8.cloudfront.net\/18\/2025\/01\/Wout-van-Aert-profimedia-0951940659-CVR.webp 990w, https:\/\/d2p6e6u75xmxt8.cloudfront.net\/18\/2025\/01\/Wout-van-Aert-profimedia-0951940659-CVR-300x200.webp 300w, https:\/\/d2p6e6u75xmxt8.cloudfront.net\/18\/2025\/01\/Wout-van-Aert-profimedia-0951940659-CVR-768x512.webp 768w, https:\/\/d2p6e6u75xmxt8.cloudfront.net\/18\/2025\/01\/Wout-van-Aert-profimedia-0951940659-CVR-400x267.webp 400w\" sizes=\"auto, (max-width: 990px) 100vw, 990px\" \/><\/a><figcaption id=\"caption-attachment-7492\" class=\"wp-caption-text\">Van Aert at the 2025 UCI World Cup in Dendermonde. \u00a9 Profimedia<\/figcaption><\/figure>\n<p style=\"font-weight: 400;\">March begins with two races in two days, starting with the Omloop Nieuwsblad on the 1st, followed by the Kuurne-Brussel-Kuurne the following day. That will be followed by an altitude camp in Tenerife to prepare for the big spring Classics, starting with the E3 Saxo Classic on March 28. Then, in quick succession, come the Gent-Wevelgem on March 30 and a reunion with the Dwars door Vlaanderen on April 2. Those races could be regarded as preparation for his two big goals of the spring, the Tour of Flanders and Paris-Roubaix, neither of which he has won yet. Van Aert\u2019s Classics season ends with the Amstel Gold Race on April 20.<\/p>\n<p style=\"font-weight: 400;\">That makes for eight tough one-day races in 51 days, quite an exhausting program \u2013\u00a0 and the Giro d\u2019Italia begins less than three weeks after the Amstel. That\u2019s asking a lot, even of a superstar. In the Giro, he will be hunting stage wins and providing leadout support for Visma\u2019s excellent young sprinter Olav Kooij. Then, assuming everything has gone as planned, van Aert will be supporting two-time Tour winner Jonas Vingegaard in his quest to wrest the yellow jersey from the shoulders of <a href=\"https:\/\/www.welovecycling.com\/wide\/2024\/07\/31\/opinion-is-tadej-pogacar-the-goat\/\" target=\"_blank\" rel=\"noopener\">Tadej Poga\u010dar,<\/a> who won both the Giro and the Tour last year. And he may also be looking to take another \u0160koda Green Jersey.<\/p>\n<p style=\"font-weight: 400;\">&#8220;I was pleasantly surprised that there are so many transition stages and stages for puncheurs in the Tour,\u201d he told <a href=\"https:\/\/sporza.be\/nl\/2025\/01\/01\/wout-van-aert-verloor-na-een-moment-even-de-moed-maar-droomt-nu-van-succesvol-2025-toekijken-heb-ik-buik-van-vol~1735748892261\/\"><em>Sporza.<\/em><\/a> \u201cAnd I saw [that there are] a lot of small hills, even in the first week. It reminds me a lot of the first week of the Tour of 2022.&#8221; In that Tour, van Aert finished on the podium in eight stages, winning three of them and the \u0160koda Green Jersey.<\/p>\n<p style=\"font-weight: 400;\">Van Aert has also been thinking about increasing safety in the sport, which was rocked by a number of high-profile crashes last year, including his own. He has especially been thinking about his crash in the Vuelta, which occurred on a wet descent. In that interview with <em>Sporza<\/em>, he called for limiting the number of gears on a bike to reduce top speeds.<\/p>\n<p style=\"font-weight: 400;\">\u201cLimiting the number of gears would make the sport a lot safer, in my opinion,&#8221; he said. &#8220;Other riders don&#8217;t think so. But I\u2019m convinced: if you are on a descent with a gear limit, no one can move up. Now the gears are so big that you still think about overtaking.\u201d<\/p>\n<p style=\"font-weight: 400;\">Nevertheless, four months after the Vuelta crash, van Aert has returned to form and has set the bar very high for himself this year. &#8220;I dream of being able to look back on a victory in the Tour of Flanders or Paris-Roubaix in a year&#8217;s time. That\u2019s definitely at the top of my list. And I also learned from last year that I can be successful if I can ride a Grand Tour in a free way.\u201d<\/p>\n","protected":false},"excerpt":{"rendered":"<p>Wout van Aert registered his first two wins of the cyclo-cross season last weekend, the second of which, in the [&hellip;]<\/p>\n","protected":false},"author":190,"featured_media":7559,"comment_status":"open","ping_status":"open","sticky":false,"template":"","format":"standard","meta":{"footnotes":""},"categories":[20],"tags":[],"global-categories":[],"class_list":["post-7458","post","type-post","status-publish","format-standard","has-post-thumbnail","hentry","category-all-the-latest"],"yoast_head":"<!-- This site is optimized with the Yoast SEO Premium plugin v25.3 (Yoast SEO v25.9) - https:\/\/yoast.com\/wordpress\/plugins\/seo\/ -->\n<title>Van Aert Sets Bar High for 2025 After Last Year\u2019s Misfortunes - \u0160koda We Love Cycling - United Kingdom<\/title>\n<meta name=\"robots\" content=\"index, follow, max-snippet:-1, max-image-preview:large, max-video-preview:-1\" \/>\n<link rel=\"canonical\" href=\"https:\/\/www.welovecycling.com\/uk\/2025\/01\/08\/van-aert-sets-bar-high-for-2025-after-last-years-misfortunes\/\" \/>\n<meta property=\"og:locale\" content=\"en_GB\" \/>\n<meta property=\"og:type\" content=\"article\" \/>\n<meta property=\"og:title\" content=\"Van Aert Sets Bar High for 2025 After Last Year\u2019s Misfortunes\" \/>\n<meta property=\"og:description\" content=\"Wout van Aert registered his first two wins of the cyclo-cross season last weekend, the second of which, in the [&hellip;]\" \/>\n<meta property=\"og:url\" content=\"https:\/\/www.welovecycling.com\/uk\/2025\/01\/08\/van-aert-sets-bar-high-for-2025-after-last-years-misfortunes\/\" \/>\n<meta property=\"og:site_name\" content=\"\u0160koda We Love Cycling - United Kingdom\" \/>\n<meta property=\"article:published_time\" content=\"2025-01-08T11:10:43+00:00\" \/>\n<meta property=\"article:modified_time\" content=\"2025-01-20T11:16:31+00:00\" \/>\n<meta property=\"og:image\" content=\"https:\/\/d2p6e6u75xmxt8.cloudfront.net\/18\/2025\/01\/Wout-van-Aert-profimedia-0951755864-CVR.webp\" \/>\n\t<meta property=\"og:image:width\" content=\"990\" \/>\n\t<meta property=\"og:image:height\" content=\"660\" \/>\n\t<meta property=\"og:image:type\" content=\"image\/webp\" \/>\n<meta name=\"author\" content=\"hettie\" \/>\n<meta name=\"twitter:card\" content=\"summary_large_image\" \/>\n<meta name=\"twitter:label1\" content=\"Written by\" \/>\n\t<meta name=\"twitter:data1\" content=\"Siegfried Mortkowitz\" \/>\n\t<meta name=\"twitter:label2\" content=\"Est. reading time\" \/>\n\t<meta name=\"twitter:data2\" content=\"3\" \/>\n<script type=\"application\/ld+json\" class=\"yoast-schema-graph\">{\"@context\":\"https:\/\/schema.org\",\"@graph\":[{\"@type\":\"WebPage\",\"@id\":\"https:\/\/www.welovecycling.com\/uk\/2025\/01\/08\/van-aert-sets-bar-high-for-2025-after-last-years-misfortunes\/\",\"url\":\"https:\/\/www.welovecycling.com\/uk\/2025\/01\/08\/van-aert-sets-bar-high-for-2025-after-last-years-misfortunes\/\",\"name\":\"Van Aert Sets Bar High for 2025 After Last Year\u2019s Misfortunes - \u0160koda We Love Cycling - United Kingdom\",\"isPartOf\":{\"@id\":\"https:\/\/www.welovecycling.com\/uk\/#website\"},\"primaryImageOfPage\":{\"@id\":\"https:\/\/www.welovecycling.com\/uk\/2025\/01\/08\/van-aert-sets-bar-high-for-2025-after-last-years-misfortunes\/#primaryimage\"},\"image\":{\"@id\":\"https:\/\/www.welovecycling.com\/uk\/2025\/01\/08\/van-aert-sets-bar-high-for-2025-after-last-years-misfortunes\/#primaryimage\"},\"thumbnailUrl\":\"https:\/\/d2p6e6u75xmxt8.cloudfront.net\/18\/2025\/01\/Wout-van-Aert-profimedia-0951755864-CVR.webp\",\"datePublished\":\"2025-01-08T11:10:43+00:00\",\"dateModified\":\"2025-01-20T11:16:31+00:00\",\"author\":{\"@id\":\"https:\/\/www.welovecycling.com\/uk\/#\/schema\/person\/a58d0e261e2851d32c04ca4395fc8c19\"},\"inLanguage\":\"en-GB\",\"potentialAction\":[{\"@type\":\"ReadAction\",\"target\":[\"https:\/\/www.welovecycling.com\/uk\/2025\/01\/08\/van-aert-sets-bar-high-for-2025-after-last-years-misfortunes\/\"]}]},{\"@type\":\"ImageObject\",\"inLanguage\":\"en-GB\",\"@id\":\"https:\/\/www.welovecycling.com\/uk\/2025\/01\/08\/van-aert-sets-bar-high-for-2025-after-last-years-misfortunes\/#primaryimage\",\"url\":\"https:\/\/d2p6e6u75xmxt8.cloudfront.net\/18\/2025\/01\/Wout-van-Aert-profimedia-0951755864-CVR.webp\",\"contentUrl\":\"https:\/\/d2p6e6u75xmxt8.cloudfront.net\/18\/2025\/01\/Wout-van-Aert-profimedia-0951755864-CVR.webp\",\"width\":990,\"height\":660,\"caption\":\"Wout van Aert\"},{\"@type\":\"WebSite\",\"@id\":\"https:\/\/www.welovecycling.com\/uk\/#website\",\"url\":\"https:\/\/www.welovecycling.com\/uk\/\",\"name\":\"\u0160koda We Love Cycling - United Kingdom\",\"description\":\"\u0160koda WeLoveCycling - United Kingdom\",\"potentialAction\":[{\"@type\":\"SearchAction\",\"target\":{\"@type\":\"EntryPoint\",\"urlTemplate\":\"https:\/\/www.welovecycling.com\/uk\/?s={search_term_string}\"},\"query-input\":{\"@type\":\"PropertyValueSpecification\",\"valueRequired\":true,\"valueName\":\"search_term_string\"}}],\"inLanguage\":\"en-GB\"},{\"@type\":\"Person\",\"@id\":\"https:\/\/www.welovecycling.com\/uk\/#\/schema\/person\/a58d0e261e2851d32c04ca4395fc8c19\",\"name\":\"hettie\",\"image\":{\"@type\":\"ImageObject\",\"inLanguage\":\"en-GB\",\"@id\":\"https:\/\/www.welovecycling.com\/uk\/#\/schema\/person\/image\/\",\"url\":\"https:\/\/secure.gravatar.com\/avatar\/19084731f07a409b63389e027895fb3dd559baf357989497b89ac21b1807677a?s=96&d=mm&r=g\",\"contentUrl\":\"https:\/\/secure.gravatar.com\/avatar\/19084731f07a409b63389e027895fb3dd559baf357989497b89ac21b1807677a?s=96&d=mm&r=g\",\"caption\":\"hettie\"},\"url\":\"https:\/\/www.welovecycling.com\/uk\/author\/hettie\/\"}]}<\/script>\n<!-- \/ Yoast SEO Premium plugin. -->","yoast_head_json":{"title":"Van Aert Sets Bar High for 2025 After Last Year\u2019s Misfortunes - \u0160koda We Love Cycling - United Kingdom","robots":{"index":"index","follow":"follow","max-snippet":"max-snippet:-1","max-image-preview":"max-image-preview:large","max-video-preview":"max-video-preview:-1"},"canonical":"https:\/\/www.welovecycling.com\/uk\/2025\/01\/08\/van-aert-sets-bar-high-for-2025-after-last-years-misfortunes\/","og_locale":"en_GB","og_type":"article","og_title":"Van Aert Sets Bar High for 2025 After Last Year\u2019s Misfortunes","og_description":"Wout van Aert registered his first two wins of the cyclo-cross season last weekend, the second of which, in the [&hellip;]","og_url":"https:\/\/www.welovecycling.com\/uk\/2025\/01\/08\/van-aert-sets-bar-high-for-2025-after-last-years-misfortunes\/","og_site_name":"\u0160koda We Love Cycling - United Kingdom","article_published_time":"2025-01-08T11:10:43+00:00","article_modified_time":"2025-01-20T11:16:31+00:00","og_image":[{"width":990,"height":660,"url":"https:\/\/d2p6e6u75xmxt8.cloudfront.net\/18\/2025\/01\/Wout-van-Aert-profimedia-0951755864-CVR.webp","type":"image\/webp"}],"author":"hettie","twitter_card":"summary_large_image","twitter_misc":{"Written by":"Siegfried Mortkowitz","Est. reading time":"3"},"schema":{"@context":"https:\/\/schema.org","@graph":[{"@type":"WebPage","@id":"https:\/\/www.welovecycling.com\/uk\/2025\/01\/08\/van-aert-sets-bar-high-for-2025-after-last-years-misfortunes\/","url":"https:\/\/www.welovecycling.com\/uk\/2025\/01\/08\/van-aert-sets-bar-high-for-2025-after-last-years-misfortunes\/","name":"Van Aert Sets Bar High for 2025 After Last Year\u2019s Misfortunes - \u0160koda We Love Cycling - United Kingdom","isPartOf":{"@id":"https:\/\/www.welovecycling.com\/uk\/#website"},"primaryImageOfPage":{"@id":"https:\/\/www.welovecycling.com\/uk\/2025\/01\/08\/van-aert-sets-bar-high-for-2025-after-last-years-misfortunes\/#primaryimage"},"image":{"@id":"https:\/\/www.welovecycling.com\/uk\/2025\/01\/08\/van-aert-sets-bar-high-for-2025-after-last-years-misfortunes\/#primaryimage"},"thumbnailUrl":"https:\/\/d2p6e6u75xmxt8.cloudfront.net\/18\/2025\/01\/Wout-van-Aert-profimedia-0951755864-CVR.webp","datePublished":"2025-01-08T11:10:43+00:00","dateModified":"2025-01-20T11:16:31+00:00","author":{"@id":"https:\/\/www.welovecycling.com\/uk\/#\/schema\/person\/a58d0e261e2851d32c04ca4395fc8c19"},"inLanguage":"en-GB","potentialAction":[{"@type":"ReadAction","target":["https:\/\/www.welovecycling.com\/uk\/2025\/01\/08\/van-aert-sets-bar-high-for-2025-after-last-years-misfortunes\/"]}]},{"@type":"ImageObject","inLanguage":"en-GB","@id":"https:\/\/www.welovecycling.com\/uk\/2025\/01\/08\/van-aert-sets-bar-high-for-2025-after-last-years-misfortunes\/#primaryimage","url":"https:\/\/d2p6e6u75xmxt8.cloudfront.net\/18\/2025\/01\/Wout-van-Aert-profimedia-0951755864-CVR.webp","contentUrl":"https:\/\/d2p6e6u75xmxt8.cloudfront.net\/18\/2025\/01\/Wout-van-Aert-profimedia-0951755864-CVR.webp","width":990,"height":660,"caption":"Wout van Aert"},{"@type":"WebSite","@id":"https:\/\/www.welovecycling.com\/uk\/#website","url":"https:\/\/www.welovecycling.com\/uk\/","name":"\u0160koda We Love Cycling - United Kingdom","description":"\u0160koda WeLoveCycling - United Kingdom","potentialAction":[{"@type":"SearchAction","target":{"@type":"EntryPoint","urlTemplate":"https:\/\/www.welovecycling.com\/uk\/?s={search_term_string}"},"query-input":{"@type":"PropertyValueSpecification","valueRequired":true,"valueName":"search_term_string"}}],"inLanguage":"en-GB"},{"@type":"Person","@id":"https:\/\/www.welovecycling.com\/uk\/#\/schema\/person\/a58d0e261e2851d32c04ca4395fc8c19","name":"hettie","image":{"@type":"ImageObject","inLanguage":"en-GB","@id":"https:\/\/www.welovecycling.com\/uk\/#\/schema\/person\/image\/","url":"https:\/\/secure.gravatar.com\/avatar\/19084731f07a409b63389e027895fb3dd559baf357989497b89ac21b1807677a?s=96&d=mm&r=g","contentUrl":"https:\/\/secure.gravatar.com\/avatar\/19084731f07a409b63389e027895fb3dd559baf357989497b89ac21b1807677a?s=96&d=mm&r=g","caption":"hettie"},"url":"https:\/\/www.welovecycling.com\/uk\/author\/hettie\/"}]}},"_links":{"self":[{"href":"https:\/\/www.welovecycling.com\/uk\/wp-json\/wp\/v2\/posts\/7458","targetHints":{"allow":["GET"]}}],"collection":[{"href":"https:\/\/www.welovecycling.com\/uk\/wp-json\/wp\/v2\/posts"}],"about":[{"href":"https:\/\/www.welovecycling.com\/uk\/wp-json\/wp\/v2\/types\/post"}],"author":[{"embeddable":true,"href":"https:\/\/www.welovecycling.com\/uk\/wp-json\/wp\/v2\/users\/190"}],"replies":[{"embeddable":true,"href":"https:\/\/www.welovecycling.com\/uk\/wp-json\/wp\/v2\/comments?post=7458"}],"version-history":[{"count":1,"href":"https:\/\/www.welovecycling.com\/uk\/wp-json\/wp\/v2\/posts\/7458\/revisions"}],"predecessor-version":[{"id":7557,"href":"https:\/\/www.welovecycling.com\/uk\/wp-json\/wp\/v2\/posts\/7458\/revisions\/7557"}],"wp:featuredmedia":[{"embeddable":true,"href":"https:\/\/www.welovecycling.com\/uk\/wp-json\/wp\/v2\/media\/7559"}],"wp:attachment":[{"href":"https:\/\/www.welovecycling.com\/uk\/wp-json\/wp\/v2\/media?parent=7458"}],"wp:term":[{"taxonomy":"category","embeddable":true,"href":"https:\/\/www.welovecycling.com\/uk\/wp-json\/wp\/v2\/categories?post=7458"},{"taxonomy":"post_tag","embeddable":true,"href":"https:\/\/www.welovecycling.com\/uk\/wp-json\/wp\/v2\/tags?post=7458"},{"taxonomy":"global-categories","embeddable":true,"href":"https:\/\/www.welovecycling.com\/uk\/wp-json\/wp\/v2\/global-categories?post=7458"}],"curies":[{"name":"wp","href":"https:\/\/api.w.org\/{rel}","templated":true}]}}