{"id":701,"date":"2021-05-12T10:28:07","date_gmt":"2021-05-12T08:28:07","guid":{"rendered":"https:\/\/www.welovecycling.com\/uk\/?p=701"},"modified":"2021-05-27T10:29:13","modified_gmt":"2021-05-27T08:29:13","slug":"the-womens-tour-de-france-to-make-its-comeback-in-2022","status":"publish","type":"post","link":"https:\/\/www.welovecycling.com\/uk\/2021\/05\/12\/the-womens-tour-de-france-to-make-its-comeback-in-2022\/","title":{"rendered":"The Women\u2019s Tour de France to Make its Comeback in 2022"},"content":{"rendered":"<p><strong>The announcement finally arrived. Christiane Prudhomme confirmed there will be a woman\u2019s Tour de France.<\/strong><\/p>\n<p><!--more--><\/p>\n<p>The organiser claims holding the two races simultaneously is logistically impossible, so the women\u2019s Tour will follow the men\u2019s race. According to Prudhomme, that cannot be the case in 2021, as the Olympics will begin right after the Tour and the best riders would not be available.<\/p>\n<figure id=\"attachment_703\" aria-describedby=\"caption-attachment-703\" style=\"width: 1000px\" class=\"wp-caption alignnone\"><a href=\"https:\/\/d2p6e6u75xmxt8.cloudfront.net\/18\/2021\/05\/Women-peloton-profimedia-0595622459.jpg\"><img loading=\"lazy\" decoding=\"async\" class=\"size-full wp-image-703\" src=\"https:\/\/d2p6e6u75xmxt8.cloudfront.net\/18\/2021\/05\/Women-peloton-profimedia-0595622459.jpg\" alt=\"Women's race\" width=\"1000\" height=\"666\" srcset=\"https:\/\/d2p6e6u75xmxt8.cloudfront.net\/18\/2021\/05\/Women-peloton-profimedia-0595622459.jpg 1000w, https:\/\/d2p6e6u75xmxt8.cloudfront.net\/18\/2021\/05\/Women-peloton-profimedia-0595622459-300x200.jpg 300w, https:\/\/d2p6e6u75xmxt8.cloudfront.net\/18\/2021\/05\/Women-peloton-profimedia-0595622459-768x511.jpg 768w\" sizes=\"auto, (max-width: 1000px) 100vw, 1000px\" \/><\/a><figcaption id=\"caption-attachment-703\" class=\"wp-caption-text\">The details of the women&#8217;s race have not been revealed. \u00a9 Profimedia<\/figcaption><\/figure>\n<p>The 2022 Women\u2019s Tour, speculated to be named Tour de France Femmes, is not the first attempt to hold a women\u2019s Tour. The Tour de France Women, first held in 1984, did not survive more than six years and ended in failure. As Prudhomme noted, we must learn from the mistakes of the past.<\/p>\n<p>\u201cIn my view, you have to put to one side the idea of parity between men and women. Why? Because there was a reason why that race only lasted for six years, and that was a lack of economic balance. What we want to do is create a race that will stay the course, that will be set up and stand the test of time. What that means is that the race cannot lose money,\u201d the Tour de France organiser <a href=\"https:\/\/www.theguardian.com\/sport\/2021\/may\/11\/tour-de-france-organisers-reveal-womens-race-will-be-revived-in-2022\">told <em>the<\/em> <em>Guardian<\/em>.<\/a><\/p>\n<div class=\"embed-controller-wrapper\">\n<blockquote class=\"twitter-tweet\" data-width=\"500\" data-dnt=\"true\">\n<p lang=\"en\" dir=\"ltr\">Tour de France organisers reveal women\u2019s race will be revived in 2022 <a href=\"https:\/\/t.co\/meDGlZ9mJA\">https:\/\/t.co\/meDGlZ9mJA<\/a><\/p>\n<p>&mdash; The Guardian (@guardian) <a href=\"https:\/\/twitter.com\/guardian\/status\/1392210378550022149?ref_src=twsrc%5Etfw\">May 11, 2021<\/a><\/p><\/blockquote>\n<p><script async data-src=\"https:\/\/platform.twitter.com\/widgets.js\" charset=\"utf-8\"><\/script><\/div>\n<p>He added that the women\u2019s events organised by ASO are not profitable.<\/p>\n<p>\u201cToday, all the women\u2019s races that we organise lose us money. Even so, we\u2019ve been running Fl\u00e8che Wallonne, Li\u00e8ge-Bastogne-Li\u00e8ge, La Course by Le Tour. There was the Tour of Yorkshire and the Tour de Qatar Feminin, there will be Paris-Roubaix in October. If it makes money, that\u2019s great, but it mustn\u2019t lose money or it will end up like the Tour in the \u201880s and it will die.\u201d<\/p>\n<p>The length or stages of the women\u2019s Tour de France have not yet been revealed, but it is expected to begin on the same day the men finish stage 21. Further details will be announced in October.<\/p>\n","protected":false},"excerpt":{"rendered":"<p>The announcement finally arrived. Christiane Prudhomme confirmed there will be a woman\u2019s Tour de France.<\/p>\n","protected":false},"author":132,"featured_media":705,"comment_status":"open","ping_status":"open","sticky":false,"template":"","format":"standard","meta":{"footnotes":""},"categories":[25],"tags":[],"global-categories":[],"class_list":["post-701","post","type-post","status-publish","format-standard","has-post-thumbnail","hentry","category-thisisourtime"],"yoast_head":"<!-- This site is optimized with the Yoast SEO Premium plugin v25.3 (Yoast SEO v25.9) - https:\/\/yoast.com\/wordpress\/plugins\/seo\/ -->\n<title>The Women\u2019s Tour de France to Make its Comeback in 2022 - \u0160koda We Love Cycling - United Kingdom<\/title>\n<meta name=\"description\" content=\"Announcement: Christiane Prudhomme confirmed there will be a woman\u2019s Tour de France.\" \/>\n<meta name=\"robots\" content=\"index, follow, max-snippet:-1, max-image-preview:large, max-video-preview:-1\" \/>\n<link rel=\"canonical\" href=\"https:\/\/www.welovecycling.com\/uk\/2021\/05\/12\/the-womens-tour-de-france-to-make-its-comeback-in-2022\/\" \/>\n<meta property=\"og:locale\" content=\"en_GB\" \/>\n<meta property=\"og:type\" content=\"article\" \/>\n<meta property=\"og:title\" content=\"The Women\u2019s Tour de France to Make its Comeback in 2022\" \/>\n<meta property=\"og:description\" content=\"Announcement: Christiane Prudhomme confirmed there will be a woman\u2019s Tour de France.\" \/>\n<meta property=\"og:url\" content=\"https:\/\/www.welovecycling.com\/uk\/2021\/05\/12\/the-womens-tour-de-france-to-make-its-comeback-in-2022\/\" \/>\n<meta property=\"og:site_name\" content=\"\u0160koda We Love Cycling - United Kingdom\" \/>\n<meta property=\"article:published_time\" content=\"2021-05-12T08:28:07+00:00\" \/>\n<meta property=\"article:modified_time\" content=\"2021-05-27T08:29:13+00:00\" \/>\n<meta property=\"og:image\" content=\"https:\/\/d2p6e6u75xmxt8.cloudfront.net\/18\/2021\/05\/Christian-Prudhomme-profimedia-0609587722-CVR.jpg\" \/>\n\t<meta property=\"og:image:width\" content=\"1366\" \/>\n\t<meta property=\"og:image:height\" content=\"600\" \/>\n\t<meta property=\"og:image:type\" content=\"image\/jpeg\" \/>\n<meta name=\"author\" content=\"Ella Mugglestone\" \/>\n<meta name=\"twitter:card\" content=\"summary_large_image\" \/>\n<meta name=\"twitter:label1\" content=\"Written by\" \/>\n\t<meta name=\"twitter:data1\" content=\"Tereza Antonova\" \/>\n\t<meta name=\"twitter:label2\" content=\"Est. reading time\" \/>\n\t<meta name=\"twitter:data2\" content=\"4\" \/>\n<script type=\"application\/ld+json\" class=\"yoast-schema-graph\">{\"@context\":\"https:\/\/schema.org\",\"@graph\":[{\"@type\":\"WebPage\",\"@id\":\"https:\/\/www.welovecycling.com\/uk\/2021\/05\/12\/the-womens-tour-de-france-to-make-its-comeback-in-2022\/\",\"url\":\"https:\/\/www.welovecycling.com\/uk\/2021\/05\/12\/the-womens-tour-de-france-to-make-its-comeback-in-2022\/\",\"name\":\"The Women\u2019s Tour de France to Make its Comeback in 2022 - \u0160koda We Love Cycling - United Kingdom\",\"isPartOf\":{\"@id\":\"https:\/\/www.welovecycling.com\/uk\/#website\"},\"primaryImageOfPage\":{\"@id\":\"https:\/\/www.welovecycling.com\/uk\/2021\/05\/12\/the-womens-tour-de-france-to-make-its-comeback-in-2022\/#primaryimage\"},\"image\":{\"@id\":\"https:\/\/www.welovecycling.com\/uk\/2021\/05\/12\/the-womens-tour-de-france-to-make-its-comeback-in-2022\/#primaryimage\"},\"thumbnailUrl\":\"https:\/\/d2p6e6u75xmxt8.cloudfront.net\/18\/2021\/05\/Christian-Prudhomme-profimedia-0609587722-CVR.jpg\",\"datePublished\":\"2021-05-12T08:28:07+00:00\",\"dateModified\":\"2021-05-27T08:29:13+00:00\",\"author\":{\"@id\":\"https:\/\/www.welovecycling.com\/uk\/#\/schema\/person\/8847506f8b1964d05d27320ef11d61c9\"},\"description\":\"Announcement: Christiane Prudhomme confirmed there will be a woman\u2019s Tour de France.\",\"inLanguage\":\"en-GB\",\"potentialAction\":[{\"@type\":\"ReadAction\",\"target\":[\"https:\/\/www.welovecycling.com\/uk\/2021\/05\/12\/the-womens-tour-de-france-to-make-its-comeback-in-2022\/\"]}]},{\"@type\":\"ImageObject\",\"inLanguage\":\"en-GB\",\"@id\":\"https:\/\/www.welovecycling.com\/uk\/2021\/05\/12\/the-womens-tour-de-france-to-make-its-comeback-in-2022\/#primaryimage\",\"url\":\"https:\/\/d2p6e6u75xmxt8.cloudfront.net\/18\/2021\/05\/Christian-Prudhomme-profimedia-0609587722-CVR.jpg\",\"contentUrl\":\"https:\/\/d2p6e6u75xmxt8.cloudfront.net\/18\/2021\/05\/Christian-Prudhomme-profimedia-0609587722-CVR.jpg\",\"width\":1366,\"height\":600,\"caption\":\"Christian Prudhomme\"},{\"@type\":\"WebSite\",\"@id\":\"https:\/\/www.welovecycling.com\/uk\/#website\",\"url\":\"https:\/\/www.welovecycling.com\/uk\/\",\"name\":\"\u0160koda We Love Cycling - United Kingdom\",\"description\":\"\u0160koda WeLoveCycling - United Kingdom\",\"potentialAction\":[{\"@type\":\"SearchAction\",\"target\":{\"@type\":\"EntryPoint\",\"urlTemplate\":\"https:\/\/www.welovecycling.com\/uk\/?s={search_term_string}\"},\"query-input\":{\"@type\":\"PropertyValueSpecification\",\"valueRequired\":true,\"valueName\":\"search_term_string\"}}],\"inLanguage\":\"en-GB\"},{\"@type\":\"Person\",\"@id\":\"https:\/\/www.welovecycling.com\/uk\/#\/schema\/person\/8847506f8b1964d05d27320ef11d61c9\",\"name\":\"Ella Mugglestone\",\"image\":{\"@type\":\"ImageObject\",\"inLanguage\":\"en-GB\",\"@id\":\"https:\/\/www.welovecycling.com\/uk\/#\/schema\/person\/image\/\",\"url\":\"https:\/\/secure.gravatar.com\/avatar\/2138703481ea8b26a201567fa0a14addd00aea42f656e1b7f6a829c0e80e0f40?s=96&d=mm&r=g\",\"contentUrl\":\"https:\/\/secure.gravatar.com\/avatar\/2138703481ea8b26a201567fa0a14addd00aea42f656e1b7f6a829c0e80e0f40?s=96&d=mm&r=g\",\"caption\":\"Ella Mugglestone\"},\"url\":\"https:\/\/www.welovecycling.com\/uk\/author\/ellamugglestone\/\"}]}<\/script>\n<!-- \/ Yoast SEO Premium plugin. -->","yoast_head_json":{"title":"The Women\u2019s Tour de France to Make its Comeback in 2022 - \u0160koda We Love Cycling - United Kingdom","description":"Announcement: Christiane Prudhomme confirmed there will be a woman\u2019s Tour de France.","robots":{"index":"index","follow":"follow","max-snippet":"max-snippet:-1","max-image-preview":"max-image-preview:large","max-video-preview":"max-video-preview:-1"},"canonical":"https:\/\/www.welovecycling.com\/uk\/2021\/05\/12\/the-womens-tour-de-france-to-make-its-comeback-in-2022\/","og_locale":"en_GB","og_type":"article","og_title":"The Women\u2019s Tour de France to Make its Comeback in 2022","og_description":"Announcement: Christiane Prudhomme confirmed there will be a woman\u2019s Tour de France.","og_url":"https:\/\/www.welovecycling.com\/uk\/2021\/05\/12\/the-womens-tour-de-france-to-make-its-comeback-in-2022\/","og_site_name":"\u0160koda We Love Cycling - United Kingdom","article_published_time":"2021-05-12T08:28:07+00:00","article_modified_time":"2021-05-27T08:29:13+00:00","og_image":[{"width":1366,"height":600,"url":"https:\/\/d2p6e6u75xmxt8.cloudfront.net\/18\/2021\/05\/Christian-Prudhomme-profimedia-0609587722-CVR.jpg","type":"image\/jpeg"}],"author":"Ella Mugglestone","twitter_card":"summary_large_image","twitter_misc":{"Written by":"Tereza Antonova","Est. reading time":"4"},"schema":{"@context":"https:\/\/schema.org","@graph":[{"@type":"WebPage","@id":"https:\/\/www.welovecycling.com\/uk\/2021\/05\/12\/the-womens-tour-de-france-to-make-its-comeback-in-2022\/","url":"https:\/\/www.welovecycling.com\/uk\/2021\/05\/12\/the-womens-tour-de-france-to-make-its-comeback-in-2022\/","name":"The Women\u2019s Tour de France to Make its Comeback in 2022 - \u0160koda We Love Cycling - United Kingdom","isPartOf":{"@id":"https:\/\/www.welovecycling.com\/uk\/#website"},"primaryImageOfPage":{"@id":"https:\/\/www.welovecycling.com\/uk\/2021\/05\/12\/the-womens-tour-de-france-to-make-its-comeback-in-2022\/#primaryimage"},"image":{"@id":"https:\/\/www.welovecycling.com\/uk\/2021\/05\/12\/the-womens-tour-de-france-to-make-its-comeback-in-2022\/#primaryimage"},"thumbnailUrl":"https:\/\/d2p6e6u75xmxt8.cloudfront.net\/18\/2021\/05\/Christian-Prudhomme-profimedia-0609587722-CVR.jpg","datePublished":"2021-05-12T08:28:07+00:00","dateModified":"2021-05-27T08:29:13+00:00","author":{"@id":"https:\/\/www.welovecycling.com\/uk\/#\/schema\/person\/8847506f8b1964d05d27320ef11d61c9"},"description":"Announcement: Christiane Prudhomme confirmed there will be a woman\u2019s Tour de France.","inLanguage":"en-GB","potentialAction":[{"@type":"ReadAction","target":["https:\/\/www.welovecycling.com\/uk\/2021\/05\/12\/the-womens-tour-de-france-to-make-its-comeback-in-2022\/"]}]},{"@type":"ImageObject","inLanguage":"en-GB","@id":"https:\/\/www.welovecycling.com\/uk\/2021\/05\/12\/the-womens-tour-de-france-to-make-its-comeback-in-2022\/#primaryimage","url":"https:\/\/d2p6e6u75xmxt8.cloudfront.net\/18\/2021\/05\/Christian-Prudhomme-profimedia-0609587722-CVR.jpg","contentUrl":"https:\/\/d2p6e6u75xmxt8.cloudfront.net\/18\/2021\/05\/Christian-Prudhomme-profimedia-0609587722-CVR.jpg","width":1366,"height":600,"caption":"Christian Prudhomme"},{"@type":"WebSite","@id":"https:\/\/www.welovecycling.com\/uk\/#website","url":"https:\/\/www.welovecycling.com\/uk\/","name":"\u0160koda We Love Cycling - United Kingdom","description":"\u0160koda WeLoveCycling - United Kingdom","potentialAction":[{"@type":"SearchAction","target":{"@type":"EntryPoint","urlTemplate":"https:\/\/www.welovecycling.com\/uk\/?s={search_term_string}"},"query-input":{"@type":"PropertyValueSpecification","valueRequired":true,"valueName":"search_term_string"}}],"inLanguage":"en-GB"},{"@type":"Person","@id":"https:\/\/www.welovecycling.com\/uk\/#\/schema\/person\/8847506f8b1964d05d27320ef11d61c9","name":"Ella Mugglestone","image":{"@type":"ImageObject","inLanguage":"en-GB","@id":"https:\/\/www.welovecycling.com\/uk\/#\/schema\/person\/image\/","url":"https:\/\/secure.gravatar.com\/avatar\/2138703481ea8b26a201567fa0a14addd00aea42f656e1b7f6a829c0e80e0f40?s=96&d=mm&r=g","contentUrl":"https:\/\/secure.gravatar.com\/avatar\/2138703481ea8b26a201567fa0a14addd00aea42f656e1b7f6a829c0e80e0f40?s=96&d=mm&r=g","caption":"Ella Mugglestone"},"url":"https:\/\/www.welovecycling.com\/uk\/author\/ellamugglestone\/"}]}},"_links":{"self":[{"href":"https:\/\/www.welovecycling.com\/uk\/wp-json\/wp\/v2\/posts\/701","targetHints":{"allow":["GET"]}}],"collection":[{"href":"https:\/\/www.welovecycling.com\/uk\/wp-json\/wp\/v2\/posts"}],"about":[{"href":"https:\/\/www.welovecycling.com\/uk\/wp-json\/wp\/v2\/types\/post"}],"author":[{"embeddable":true,"href":"https:\/\/www.welovecycling.com\/uk\/wp-json\/wp\/v2\/users\/132"}],"replies":[{"embeddable":true,"href":"https:\/\/www.welovecycling.com\/uk\/wp-json\/wp\/v2\/comments?post=701"}],"version-history":[{"count":1,"href":"https:\/\/www.welovecycling.com\/uk\/wp-json\/wp\/v2\/posts\/701\/revisions"}],"predecessor-version":[{"id":704,"href":"https:\/\/www.welovecycling.com\/uk\/wp-json\/wp\/v2\/posts\/701\/revisions\/704"}],"wp:featuredmedia":[{"embeddable":true,"href":"https:\/\/www.welovecycling.com\/uk\/wp-json\/wp\/v2\/media\/705"}],"wp:attachment":[{"href":"https:\/\/www.welovecycling.com\/uk\/wp-json\/wp\/v2\/media?parent=701"}],"wp:term":[{"taxonomy":"category","embeddable":true,"href":"https:\/\/www.welovecycling.com\/uk\/wp-json\/wp\/v2\/categories?post=701"},{"taxonomy":"post_tag","embeddable":true,"href":"https:\/\/www.welovecycling.com\/uk\/wp-json\/wp\/v2\/tags?post=701"},{"taxonomy":"global-categories","embeddable":true,"href":"https:\/\/www.welovecycling.com\/uk\/wp-json\/wp\/v2\/global-categories?post=701"}],"curies":[{"name":"wp","href":"https:\/\/api.w.org\/{rel}","templated":true}]}}