{"id":695,"date":"2021-05-27T11:30:12","date_gmt":"2021-05-27T09:30:12","guid":{"rendered":"https:\/\/www.welovecycling.com\/uk\/?p=695"},"modified":"2021-06-04T16:09:35","modified_gmt":"2021-06-04T14:09:35","slug":"skoda-dsi-cycling-academy-testing-day-2021","status":"publish","type":"post","link":"https:\/\/www.welovecycling.com\/uk\/2021\/05\/27\/skoda-dsi-cycling-academy-testing-day-2021\/","title":{"rendered":"\u0160koda DSI CYCLING ACADEMY TESTING DAY OVERVIEW"},"content":{"rendered":"<p>On Monday 17<sup>th<\/sup> May, seventeen aspiring female cyclists attended the \u0160koda DSI Cycling Academy recruitment day at Lee Valley in London to be in with the chance of being selected for the \u0160koda Cycling Academy.<\/p>\n<p>The aim of the \u0160koda DSI Cycling Academy is to champion the challengers in female cycling, by supporting young, aspiring riders in their mission to make it pro. To do this, the Academy offers promising female cyclists a pathway to the elite level as well as first-hand experience of life as a professional rider.<\/p>\n<p>Throughout the Testing Day, three separate groups of cyclists completed a series of grueling tests across a 3 hour period, all guided and watched by Britain\u2019s most decorated female Paralympian, Dame Sarah Storey.<\/p>\n<p>Dame Sarah Storey and her fellow Storey Racing teammates supported and instructed the riders through their tests, keeping a watchful eye on all their performances.<\/p>\n<p>The standard showcased throughout the day was extremely high with every single rider committing 100%. This made the selection process very difficult. In the end Dame Sarah Storey and her team selected 4 new riders to join the \u0160koda DSI Cycling Academy: <em>Olivia French, Gwyneth Parry, Lucy Ellmore and Maddi Aldam-Gates.<\/em><\/p>\n<h4 style=\"text-align: center;\">Congratulations to the new recruits and to everyone who attended on the day!<\/h4>\n<h4>The tests:<\/h4>\n<p>All the cyclists completed 3 tests on the Watt Bike inside the Velodrome and 1 test outside on the track.<\/p>\n<p><strong>Watt Bike:<\/strong><br \/>\n&#8211; 6 seconds &#8220;peak power&#8221;<br \/>\n&#8211; 3 minute maximal test<br \/>\n&#8211; 12 minute steady state<\/p>\n<p><strong>Outside:<\/strong><br \/>\n&#8211; 1 mile Flying Laps test<\/p>\n<p><a href=\"https:\/\/d2p6e6u75xmxt8.cloudfront.net\/18\/2021\/05\/testing-day-2.jpg\"><img loading=\"lazy\" decoding=\"async\" class=\"wp-image-698 alignleft\" src=\"https:\/\/d2p6e6u75xmxt8.cloudfront.net\/18\/2021\/05\/testing-day-2.jpg\" alt=\"\u0160koda DSI Cycling Academy testing day\" width=\"414\" height=\"275\" srcset=\"https:\/\/d2p6e6u75xmxt8.cloudfront.net\/18\/2021\/05\/testing-day-2.jpg 453w, https:\/\/d2p6e6u75xmxt8.cloudfront.net\/18\/2021\/05\/testing-day-2-300x199.jpg 300w\" sizes=\"auto, (max-width: 414px) 100vw, 414px\" \/><\/a> <a href=\"https:\/\/d2p6e6u75xmxt8.cloudfront.net\/18\/2021\/05\/testing-day-3.jpg\"><img loading=\"lazy\" decoding=\"async\" class=\"wp-image-697 aligncenter\" src=\"https:\/\/d2p6e6u75xmxt8.cloudfront.net\/18\/2021\/05\/testing-day-3.jpg\" alt=\"\u0160koda DSI Cycling Academy testing day\" width=\"415\" height=\"286\" srcset=\"https:\/\/d2p6e6u75xmxt8.cloudfront.net\/18\/2021\/05\/testing-day-3.jpg 487w, https:\/\/d2p6e6u75xmxt8.cloudfront.net\/18\/2021\/05\/testing-day-3-300x207.jpg 300w\" sizes=\"auto, (max-width: 415px) 100vw, 415px\" \/><\/a><\/p>\n<h4 style=\"text-align: center;\">Find out more about the \u0160koda DSI Cycling Academy <a href=\"https:\/\/www.welovecycling.com\/uk\/skoda-dsi-cycling-academy\/\">here<\/a><\/h4>\n","protected":false},"excerpt":{"rendered":"<p>On Monday 17th May, seventeen aspiring female cyclists attended the \u0160koda DSI Cycling Academy recruitment day at Lee Valley in [&hellip;]<\/p>\n","protected":false},"author":132,"featured_media":706,"comment_status":"open","ping_status":"open","sticky":false,"template":"","format":"standard","meta":{"footnotes":""},"categories":[25,50],"tags":[49],"global-categories":[2],"class_list":["post-695","post","type-post","status-publish","format-standard","has-post-thumbnail","hentry","category-thisisourtime","category-skoda-dsi-cycling-academy","tag-skoda-dsi-cycling-academy","global-categories-cycling"],"yoast_head":"<!-- This site is optimized with the Yoast SEO Premium plugin v25.3 (Yoast SEO v25.9) - https:\/\/yoast.com\/wordpress\/plugins\/seo\/ -->\n<title>\u0160koda DSI CYCLING ACADEMY TESTING DAY OVERVIEW - \u0160koda We Love Cycling - United Kingdom<\/title>\n<meta name=\"description\" content=\"Seventeen aspiring female cyclists attended the \u0160koda DSI Cycling Academy recruitment day with Dame Sarah Storey to be in with the chance of being selected.\" \/>\n<meta name=\"robots\" content=\"index, follow, max-snippet:-1, max-image-preview:large, max-video-preview:-1\" \/>\n<link rel=\"canonical\" href=\"https:\/\/www.welovecycling.com\/uk\/2021\/05\/27\/skoda-dsi-cycling-academy-testing-day-2021\/\" \/>\n<meta property=\"og:locale\" content=\"en_GB\" \/>\n<meta property=\"og:type\" content=\"article\" \/>\n<meta property=\"og:title\" content=\"\u0160koda DSI CYCLING ACADEMY TESTING DAY OVERVIEW\" \/>\n<meta property=\"og:description\" content=\"Seventeen aspiring female cyclists attended the \u0160koda DSI Cycling Academy recruitment day with Dame Sarah Storey to be in with the chance of being selected.\" \/>\n<meta property=\"og:url\" content=\"https:\/\/www.welovecycling.com\/uk\/2021\/05\/27\/skoda-dsi-cycling-academy-testing-day-2021\/\" \/>\n<meta property=\"og:site_name\" content=\"\u0160koda We Love Cycling - United Kingdom\" \/>\n<meta property=\"article:published_time\" content=\"2021-05-27T09:30:12+00:00\" \/>\n<meta property=\"article:modified_time\" content=\"2021-06-04T14:09:35+00:00\" \/>\n<meta property=\"og:image\" content=\"https:\/\/d2p6e6u75xmxt8.cloudfront.net\/18\/2021\/05\/pa_skoda_94-scaled.jpg\" \/>\n\t<meta property=\"og:image:width\" content=\"2560\" \/>\n\t<meta property=\"og:image:height\" content=\"1659\" \/>\n\t<meta property=\"og:image:type\" content=\"image\/jpeg\" \/>\n<meta name=\"author\" content=\"Ella Mugglestone\" \/>\n<meta name=\"twitter:card\" content=\"summary_large_image\" \/>\n<meta name=\"twitter:label1\" content=\"Written by\" \/>\n\t<meta name=\"twitter:data1\" content=\"Ella Mugglestone\" \/>\n\t<meta name=\"twitter:label2\" content=\"Est. reading time\" \/>\n\t<meta name=\"twitter:data2\" content=\"1 minute\" \/>\n<script type=\"application\/ld+json\" class=\"yoast-schema-graph\">{\"@context\":\"https:\/\/schema.org\",\"@graph\":[{\"@type\":\"WebPage\",\"@id\":\"https:\/\/www.welovecycling.com\/uk\/2021\/05\/27\/skoda-dsi-cycling-academy-testing-day-2021\/\",\"url\":\"https:\/\/www.welovecycling.com\/uk\/2021\/05\/27\/skoda-dsi-cycling-academy-testing-day-2021\/\",\"name\":\"\u0160koda DSI CYCLING ACADEMY TESTING DAY OVERVIEW - \u0160koda We Love Cycling - United Kingdom\",\"isPartOf\":{\"@id\":\"https:\/\/www.welovecycling.com\/uk\/#website\"},\"primaryImageOfPage\":{\"@id\":\"https:\/\/www.welovecycling.com\/uk\/2021\/05\/27\/skoda-dsi-cycling-academy-testing-day-2021\/#primaryimage\"},\"image\":{\"@id\":\"https:\/\/www.welovecycling.com\/uk\/2021\/05\/27\/skoda-dsi-cycling-academy-testing-day-2021\/#primaryimage\"},\"thumbnailUrl\":\"https:\/\/d2p6e6u75xmxt8.cloudfront.net\/18\/2021\/05\/pa_skoda_94-scaled.jpg\",\"datePublished\":\"2021-05-27T09:30:12+00:00\",\"dateModified\":\"2021-06-04T14:09:35+00:00\",\"author\":{\"@id\":\"https:\/\/www.welovecycling.com\/uk\/#\/schema\/person\/8847506f8b1964d05d27320ef11d61c9\"},\"description\":\"Seventeen aspiring female cyclists attended the \u0160koda DSI Cycling Academy recruitment day with Dame Sarah Storey to be in with the chance of being selected.\",\"inLanguage\":\"en-GB\",\"potentialAction\":[{\"@type\":\"ReadAction\",\"target\":[\"https:\/\/www.welovecycling.com\/uk\/2021\/05\/27\/skoda-dsi-cycling-academy-testing-day-2021\/\"]}]},{\"@type\":\"ImageObject\",\"inLanguage\":\"en-GB\",\"@id\":\"https:\/\/www.welovecycling.com\/uk\/2021\/05\/27\/skoda-dsi-cycling-academy-testing-day-2021\/#primaryimage\",\"url\":\"https:\/\/d2p6e6u75xmxt8.cloudfront.net\/18\/2021\/05\/pa_skoda_94-scaled.jpg\",\"contentUrl\":\"https:\/\/d2p6e6u75xmxt8.cloudfront.net\/18\/2021\/05\/pa_skoda_94-scaled.jpg\",\"width\":2560,\"height\":1659,\"caption\":\"Photo credit: Doug Peters\/PA Wire\"},{\"@type\":\"WebSite\",\"@id\":\"https:\/\/www.welovecycling.com\/uk\/#website\",\"url\":\"https:\/\/www.welovecycling.com\/uk\/\",\"name\":\"\u0160koda We Love Cycling - United Kingdom\",\"description\":\"\u0160koda WeLoveCycling - United Kingdom\",\"potentialAction\":[{\"@type\":\"SearchAction\",\"target\":{\"@type\":\"EntryPoint\",\"urlTemplate\":\"https:\/\/www.welovecycling.com\/uk\/?s={search_term_string}\"},\"query-input\":{\"@type\":\"PropertyValueSpecification\",\"valueRequired\":true,\"valueName\":\"search_term_string\"}}],\"inLanguage\":\"en-GB\"},{\"@type\":\"Person\",\"@id\":\"https:\/\/www.welovecycling.com\/uk\/#\/schema\/person\/8847506f8b1964d05d27320ef11d61c9\",\"name\":\"Ella Mugglestone\",\"image\":{\"@type\":\"ImageObject\",\"inLanguage\":\"en-GB\",\"@id\":\"https:\/\/www.welovecycling.com\/uk\/#\/schema\/person\/image\/\",\"url\":\"https:\/\/secure.gravatar.com\/avatar\/2138703481ea8b26a201567fa0a14addd00aea42f656e1b7f6a829c0e80e0f40?s=96&d=mm&r=g\",\"contentUrl\":\"https:\/\/secure.gravatar.com\/avatar\/2138703481ea8b26a201567fa0a14addd00aea42f656e1b7f6a829c0e80e0f40?s=96&d=mm&r=g\",\"caption\":\"Ella Mugglestone\"},\"url\":\"https:\/\/www.welovecycling.com\/uk\/author\/ellamugglestone\/\"}]}<\/script>\n<!-- \/ Yoast SEO Premium plugin. -->","yoast_head_json":{"title":"\u0160koda DSI CYCLING ACADEMY TESTING DAY OVERVIEW - \u0160koda We Love Cycling - United Kingdom","description":"Seventeen aspiring female cyclists attended the \u0160koda DSI Cycling Academy recruitment day with Dame Sarah Storey to be in with the chance of being selected.","robots":{"index":"index","follow":"follow","max-snippet":"max-snippet:-1","max-image-preview":"max-image-preview:large","max-video-preview":"max-video-preview:-1"},"canonical":"https:\/\/www.welovecycling.com\/uk\/2021\/05\/27\/skoda-dsi-cycling-academy-testing-day-2021\/","og_locale":"en_GB","og_type":"article","og_title":"\u0160koda DSI CYCLING ACADEMY TESTING DAY OVERVIEW","og_description":"Seventeen aspiring female cyclists attended the \u0160koda DSI Cycling Academy recruitment day with Dame Sarah Storey to be in with the chance of being selected.","og_url":"https:\/\/www.welovecycling.com\/uk\/2021\/05\/27\/skoda-dsi-cycling-academy-testing-day-2021\/","og_site_name":"\u0160koda We Love Cycling - United Kingdom","article_published_time":"2021-05-27T09:30:12+00:00","article_modified_time":"2021-06-04T14:09:35+00:00","og_image":[{"width":2560,"height":1659,"url":"https:\/\/d2p6e6u75xmxt8.cloudfront.net\/18\/2021\/05\/pa_skoda_94-scaled.jpg","type":"image\/jpeg"}],"author":"Ella Mugglestone","twitter_card":"summary_large_image","twitter_misc":{"Written by":"Ella Mugglestone","Est. reading time":"1 minute"},"schema":{"@context":"https:\/\/schema.org","@graph":[{"@type":"WebPage","@id":"https:\/\/www.welovecycling.com\/uk\/2021\/05\/27\/skoda-dsi-cycling-academy-testing-day-2021\/","url":"https:\/\/www.welovecycling.com\/uk\/2021\/05\/27\/skoda-dsi-cycling-academy-testing-day-2021\/","name":"\u0160koda DSI CYCLING ACADEMY TESTING DAY OVERVIEW - \u0160koda We Love Cycling - United Kingdom","isPartOf":{"@id":"https:\/\/www.welovecycling.com\/uk\/#website"},"primaryImageOfPage":{"@id":"https:\/\/www.welovecycling.com\/uk\/2021\/05\/27\/skoda-dsi-cycling-academy-testing-day-2021\/#primaryimage"},"image":{"@id":"https:\/\/www.welovecycling.com\/uk\/2021\/05\/27\/skoda-dsi-cycling-academy-testing-day-2021\/#primaryimage"},"thumbnailUrl":"https:\/\/d2p6e6u75xmxt8.cloudfront.net\/18\/2021\/05\/pa_skoda_94-scaled.jpg","datePublished":"2021-05-27T09:30:12+00:00","dateModified":"2021-06-04T14:09:35+00:00","author":{"@id":"https:\/\/www.welovecycling.com\/uk\/#\/schema\/person\/8847506f8b1964d05d27320ef11d61c9"},"description":"Seventeen aspiring female cyclists attended the \u0160koda DSI Cycling Academy recruitment day with Dame Sarah Storey to be in with the chance of being selected.","inLanguage":"en-GB","potentialAction":[{"@type":"ReadAction","target":["https:\/\/www.welovecycling.com\/uk\/2021\/05\/27\/skoda-dsi-cycling-academy-testing-day-2021\/"]}]},{"@type":"ImageObject","inLanguage":"en-GB","@id":"https:\/\/www.welovecycling.com\/uk\/2021\/05\/27\/skoda-dsi-cycling-academy-testing-day-2021\/#primaryimage","url":"https:\/\/d2p6e6u75xmxt8.cloudfront.net\/18\/2021\/05\/pa_skoda_94-scaled.jpg","contentUrl":"https:\/\/d2p6e6u75xmxt8.cloudfront.net\/18\/2021\/05\/pa_skoda_94-scaled.jpg","width":2560,"height":1659,"caption":"Photo credit: Doug Peters\/PA Wire"},{"@type":"WebSite","@id":"https:\/\/www.welovecycling.com\/uk\/#website","url":"https:\/\/www.welovecycling.com\/uk\/","name":"\u0160koda We Love Cycling - United Kingdom","description":"\u0160koda WeLoveCycling - United Kingdom","potentialAction":[{"@type":"SearchAction","target":{"@type":"EntryPoint","urlTemplate":"https:\/\/www.welovecycling.com\/uk\/?s={search_term_string}"},"query-input":{"@type":"PropertyValueSpecification","valueRequired":true,"valueName":"search_term_string"}}],"inLanguage":"en-GB"},{"@type":"Person","@id":"https:\/\/www.welovecycling.com\/uk\/#\/schema\/person\/8847506f8b1964d05d27320ef11d61c9","name":"Ella Mugglestone","image":{"@type":"ImageObject","inLanguage":"en-GB","@id":"https:\/\/www.welovecycling.com\/uk\/#\/schema\/person\/image\/","url":"https:\/\/secure.gravatar.com\/avatar\/2138703481ea8b26a201567fa0a14addd00aea42f656e1b7f6a829c0e80e0f40?s=96&d=mm&r=g","contentUrl":"https:\/\/secure.gravatar.com\/avatar\/2138703481ea8b26a201567fa0a14addd00aea42f656e1b7f6a829c0e80e0f40?s=96&d=mm&r=g","caption":"Ella Mugglestone"},"url":"https:\/\/www.welovecycling.com\/uk\/author\/ellamugglestone\/"}]}},"_links":{"self":[{"href":"https:\/\/www.welovecycling.com\/uk\/wp-json\/wp\/v2\/posts\/695","targetHints":{"allow":["GET"]}}],"collection":[{"href":"https:\/\/www.welovecycling.com\/uk\/wp-json\/wp\/v2\/posts"}],"about":[{"href":"https:\/\/www.welovecycling.com\/uk\/wp-json\/wp\/v2\/types\/post"}],"author":[{"embeddable":true,"href":"https:\/\/www.welovecycling.com\/uk\/wp-json\/wp\/v2\/users\/132"}],"replies":[{"embeddable":true,"href":"https:\/\/www.welovecycling.com\/uk\/wp-json\/wp\/v2\/comments?post=695"}],"version-history":[{"count":2,"href":"https:\/\/www.welovecycling.com\/uk\/wp-json\/wp\/v2\/posts\/695\/revisions"}],"predecessor-version":[{"id":711,"href":"https:\/\/www.welovecycling.com\/uk\/wp-json\/wp\/v2\/posts\/695\/revisions\/711"}],"wp:featuredmedia":[{"embeddable":true,"href":"https:\/\/www.welovecycling.com\/uk\/wp-json\/wp\/v2\/media\/706"}],"wp:attachment":[{"href":"https:\/\/www.welovecycling.com\/uk\/wp-json\/wp\/v2\/media?parent=695"}],"wp:term":[{"taxonomy":"category","embeddable":true,"href":"https:\/\/www.welovecycling.com\/uk\/wp-json\/wp\/v2\/categories?post=695"},{"taxonomy":"post_tag","embeddable":true,"href":"https:\/\/www.welovecycling.com\/uk\/wp-json\/wp\/v2\/tags?post=695"},{"taxonomy":"global-categories","embeddable":true,"href":"https:\/\/www.welovecycling.com\/uk\/wp-json\/wp\/v2\/global-categories?post=695"}],"curies":[{"name":"wp","href":"https:\/\/api.w.org\/{rel}","templated":true}]}}