{"id":6617,"date":"2024-04-30T17:08:10","date_gmt":"2024-04-30T15:08:10","guid":{"rendered":"https:\/\/www.welovecycling.com\/uk\/?p=6617"},"modified":"2024-04-30T17:08:10","modified_gmt":"2024-04-30T15:08:10","slug":"gaia-realini-on-leading-vuelta-femenina-i-am-really-happy-about-this-result","status":"publish","type":"post","link":"https:\/\/www.welovecycling.com\/uk\/2024\/04\/30\/gaia-realini-on-leading-vuelta-femenina-i-am-really-happy-about-this-result\/","title":{"rendered":"Gaia Realini on Leading Vuelta Femenina: \u2018I am really happy about this result\u2019"},"content":{"rendered":"<p dir=\"ltr\"><strong>In a dramatic start to the Vuelta Femenina, Lidl-Trek emerged victorious in the opening team time trial in Valencia, overcoming a late crash to clinch the win by the slimmest of margins. The team beat Team Visma-Lease a Bike by a mere nine hundredths of a second, demonstrating resilience and teamwork under pressure.<\/strong><\/p>\n<p dir=\"ltr\"><!--more--><\/p>\n<p dir=\"ltr\">The race began at the Museu de les Ci\u00e8ncies in central Valencia, taking competitors on a challenging out-and-back course through the city&#8217;s scenic outskirts. Each team battled not just against the clock but also against the intricacies of the route, which included an intermediate timing point at 8.2 kilometers and a finish outside the picturesque L&#8217;Oceanogr\u00e0fic after 16 kilometers.<\/p>\n<p dir=\"ltr\">From the get-go, Team Coop-Repsol set a strong pace, but it was Lidl-Trek who dominated the intermediate timings. However, a twist in the tale occurred in the final kilometer when Ellen van Dijk and Elynor B\u00e4ckstedt suffered a crash, momentarily disrupting their rhythm. Quick to regroup, Brodie Chapman and Elisa Longo Borghini paced Gaia Realini and Lizzie Deignan back into contention, with Longo Borghini making a desperate final push at the line to secure the win.<\/p>\n<blockquote class=\"instagram-media\" style=\"background: #FFF; border: 0; border-radius: 3px; box-shadow: 0 0 1px 0 rgba(0,0,0,0.5),0 1px 10px 0 rgba(0,0,0,0.15); margin: 1px; max-width: 540px; min-width: 326px; padding: 0; width: calc(100% - 2px);\" data-instgrm-captioned=\"\" data-instgrm-permalink=\"https:\/\/www.instagram.com\/p\/C6RH6sUshwf\/?utm_source=ig_embed&amp;utm_campaign=loading\" data-instgrm-version=\"14\">\n<div style=\"padding: 16px;\">\n<p>&nbsp;<\/p>\n<div style=\"display: flex; flex-direction: row; align-items: center;\">\n<div style=\"background-color: #f4f4f4; border-radius: 50%; flex-grow: 0; height: 40px; margin-right: 14px; width: 40px;\"><\/div>\n<div style=\"display: flex; flex-direction: column; flex-grow: 1; justify-content: center;\">\n<div style=\"background-color: #f4f4f4; border-radius: 4px; flex-grow: 0; height: 14px; margin-bottom: 6px; width: 100px;\"><\/div>\n<div style=\"background-color: #f4f4f4; border-radius: 4px; flex-grow: 0; height: 14px; width: 60px;\"><\/div>\n<\/div>\n<\/div>\n<div style=\"padding: 19% 0;\"><\/div>\n<div style=\"display: block; height: 50px; margin: 0 auto 12px; width: 50px;\"><\/div>\n<div style=\"padding-top: 8px;\">\n<div style=\"color: #3897f0; font-family: Arial,sans-serif; font-size: 14px; font-style: normal; font-weight: 550; line-height: 18px;\">Zobrazit p\u0159\u00edsp\u011bvek na Instagramu<\/div>\n<\/div>\n<div style=\"padding: 12.5% 0;\"><\/div>\n<div style=\"display: flex; flex-direction: row; margin-bottom: 14px; align-items: center;\">\n<div>\n<div style=\"background-color: #f4f4f4; border-radius: 50%; height: 12.5px; width: 12.5px; transform: translateX(0px) translateY(7px);\"><\/div>\n<div style=\"background-color: #f4f4f4; height: 12.5px; transform: rotate(-45deg) translateX(3px) translateY(1px); width: 12.5px; flex-grow: 0; margin-right: 14px; margin-left: 2px;\"><\/div>\n<div style=\"background-color: #f4f4f4; border-radius: 50%; height: 12.5px; width: 12.5px; transform: translateX(9px) translateY(-18px);\"><\/div>\n<\/div>\n<div style=\"margin-left: 8px;\">\n<div style=\"background-color: #f4f4f4; border-radius: 50%; flex-grow: 0; height: 20px; width: 20px;\"><\/div>\n<div style=\"width: 0; height: 0; border-top: 2px solid transparent; border-left: 6px solid #f4f4f4; border-bottom: 2px solid transparent; transform: translateX(16px) translateY(-4px) rotate(30deg);\"><\/div>\n<\/div>\n<div style=\"margin-left: auto;\">\n<div style=\"width: 0px; border-top: 8px solid #F4F4F4; border-right: 8px solid transparent; transform: translateY(16px);\"><\/div>\n<div style=\"background-color: #f4f4f4; flex-grow: 0; height: 12px; width: 16px; transform: translateY(-4px);\"><\/div>\n<div style=\"width: 0; height: 0; border-top: 8px solid #F4F4F4; border-left: 8px solid transparent; transform: translateY(-4px) translateX(8px);\"><\/div>\n<\/div>\n<\/div>\n<div style=\"display: flex; flex-direction: column; flex-grow: 1; justify-content: center; margin-bottom: 24px;\">\n<div style=\"background-color: #f4f4f4; border-radius: 4px; flex-grow: 0; height: 14px; margin-bottom: 6px; width: 224px;\"><\/div>\n<div style=\"background-color: #f4f4f4; border-radius: 4px; flex-grow: 0; height: 14px; width: 144px;\"><\/div>\n<\/div>\n<p>&nbsp;<\/p>\n<p style=\"color: #c9c8cd; font-family: Arial,sans-serif; font-size: 14px; line-height: 17px; margin-bottom: 0; margin-top: 8px; overflow: hidden; padding: 8px 0 7px; text-align: center; text-overflow: ellipsis; white-space: nowrap;\"><a style=\"color: #c9c8cd; font-family: Arial,sans-serif; font-size: 14px; font-style: normal; font-weight: normal; line-height: 17px; text-decoration: none;\" href=\"https:\/\/www.instagram.com\/p\/C6RH6sUshwf\/?utm_source=ig_embed&amp;utm_campaign=loading\" target=\"_blank\" rel=\"noopener\">P\u0159\u00edsp\u011bvek sd\u00edlen\u00fd La Vuelta Femenina by Carrefour.es (@lavueltafem)<\/a><\/p>\n<\/div>\n<\/blockquote>\n<p><script async src=\"\/\/www.instagram.com\/embed.js\"><\/script><\/p>\n<p dir=\"ltr\">Gaia Realini, who crossed the line first, expressed mixed emotions about the victory. &#8220;I am really happy about this result for me and for the team. I&#8217;m not completely happy because in the last corner, two of my teammates crashed, but in the end, we take this result and focus on the next stage,&#8221; she said, reflecting both the triumph and the trials of the day.<\/p>\n<p dir=\"ltr\">The competition was fierce, with SD Worx-Protime finishing less than two seconds behind in third place, making a strong statement early in the race. Team Visma-Lease a Bike, despite setting the best intermediate time and looking poised to take the lead, fell just short at the finish, underlining the unpredictability and excitement of team time trials.<\/p>\n<p dir=\"ltr\">As the <a href=\"https:\/\/www.lavueltafemenina.es\/en\">Vuelta Femenina<\/a> progresses, the stage is set for more thrilling racing, with Monday\u2019s route from Bunyol to Moncofa promising a high-speed sprint finish. With the leader&#8217;s jersey securely on Realini&#8217;s shoulders for now, Lidl-Trek will be keen to maintain their lead, but as the narrow victory shows, anything can happen in the heat of competition.<\/p>\n","protected":false},"excerpt":{"rendered":"<p>In a dramatic start to the Vuelta Femenina, Lidl-Trek emerged victorious in the opening team time trial in Valencia, overcoming [&hellip;]<\/p>\n","protected":false},"author":178,"featured_media":6621,"comment_status":"open","ping_status":"open","sticky":false,"template":"","format":"standard","meta":{"footnotes":""},"categories":[20],"tags":[],"global-categories":[],"class_list":["post-6617","post","type-post","status-publish","format-standard","has-post-thumbnail","hentry","category-all-the-latest"],"yoast_head":"<!-- This site is optimized with the Yoast SEO Premium plugin v25.3 (Yoast SEO v25.9) - https:\/\/yoast.com\/wordpress\/plugins\/seo\/ -->\n<title>Gaia Realini on Leading Vuelta Femenina<\/title>\n<meta name=\"robots\" content=\"index, follow, max-snippet:-1, max-image-preview:large, max-video-preview:-1\" \/>\n<link rel=\"canonical\" href=\"https:\/\/www.welovecycling.com\/uk\/2024\/04\/30\/gaia-realini-on-leading-vuelta-femenina-i-am-really-happy-about-this-result\/\" \/>\n<meta property=\"og:locale\" content=\"en_GB\" \/>\n<meta property=\"og:type\" content=\"article\" \/>\n<meta property=\"og:title\" content=\"Gaia Realini on Leading Vuelta Femenina: \u2018I am really happy about this result\u2019\" \/>\n<meta property=\"og:description\" content=\"In a dramatic start to the Vuelta Femenina, Lidl-Trek emerged victorious in the opening team time trial in Valencia, overcoming [&hellip;]\" \/>\n<meta property=\"og:url\" content=\"https:\/\/www.welovecycling.com\/uk\/2024\/04\/30\/gaia-realini-on-leading-vuelta-femenina-i-am-really-happy-about-this-result\/\" \/>\n<meta property=\"og:site_name\" content=\"\u0160koda We Love Cycling - United Kingdom\" \/>\n<meta property=\"article:published_time\" content=\"2024-04-30T15:08:10+00:00\" \/>\n<meta property=\"og:image\" content=\"https:\/\/d2p6e6u75xmxt8.cloudfront.net\/18\/2024\/04\/Vuelta-Femenina-Gaia-Realini-profimedia-0868639932-CVR.webp\" \/>\n\t<meta property=\"og:image:width\" content=\"990\" \/>\n\t<meta property=\"og:image:height\" content=\"660\" \/>\n\t<meta property=\"og:image:type\" content=\"image\/webp\" \/>\n<meta name=\"author\" content=\"evelynfindlay\" \/>\n<meta name=\"twitter:card\" content=\"summary_large_image\" \/>\n<meta name=\"twitter:label1\" content=\"Written by\" \/>\n\t<meta name=\"twitter:data1\" content=\"Monica Buck\" \/>\n\t<meta name=\"twitter:label2\" content=\"Est. reading time\" \/>\n\t<meta name=\"twitter:data2\" content=\"3\" \/>\n<script type=\"application\/ld+json\" class=\"yoast-schema-graph\">{\"@context\":\"https:\/\/schema.org\",\"@graph\":[{\"@type\":\"WebPage\",\"@id\":\"https:\/\/www.welovecycling.com\/uk\/2024\/04\/30\/gaia-realini-on-leading-vuelta-femenina-i-am-really-happy-about-this-result\/\",\"url\":\"https:\/\/www.welovecycling.com\/uk\/2024\/04\/30\/gaia-realini-on-leading-vuelta-femenina-i-am-really-happy-about-this-result\/\",\"name\":\"Gaia Realini on Leading Vuelta Femenina\",\"isPartOf\":{\"@id\":\"https:\/\/www.welovecycling.com\/uk\/#website\"},\"primaryImageOfPage\":{\"@id\":\"https:\/\/www.welovecycling.com\/uk\/2024\/04\/30\/gaia-realini-on-leading-vuelta-femenina-i-am-really-happy-about-this-result\/#primaryimage\"},\"image\":{\"@id\":\"https:\/\/www.welovecycling.com\/uk\/2024\/04\/30\/gaia-realini-on-leading-vuelta-femenina-i-am-really-happy-about-this-result\/#primaryimage\"},\"thumbnailUrl\":\"https:\/\/d2p6e6u75xmxt8.cloudfront.net\/18\/2024\/04\/Vuelta-Femenina-Gaia-Realini-profimedia-0868639932-CVR.webp\",\"datePublished\":\"2024-04-30T15:08:10+00:00\",\"author\":{\"@id\":\"https:\/\/www.welovecycling.com\/uk\/#\/schema\/person\/0fb8f5556d93cedeab625dee98f6bf84\"},\"inLanguage\":\"en-GB\",\"potentialAction\":[{\"@type\":\"ReadAction\",\"target\":[\"https:\/\/www.welovecycling.com\/uk\/2024\/04\/30\/gaia-realini-on-leading-vuelta-femenina-i-am-really-happy-about-this-result\/\"]}]},{\"@type\":\"ImageObject\",\"inLanguage\":\"en-GB\",\"@id\":\"https:\/\/www.welovecycling.com\/uk\/2024\/04\/30\/gaia-realini-on-leading-vuelta-femenina-i-am-really-happy-about-this-result\/#primaryimage\",\"url\":\"https:\/\/d2p6e6u75xmxt8.cloudfront.net\/18\/2024\/04\/Vuelta-Femenina-Gaia-Realini-profimedia-0868639932-CVR.webp\",\"contentUrl\":\"https:\/\/d2p6e6u75xmxt8.cloudfront.net\/18\/2024\/04\/Vuelta-Femenina-Gaia-Realini-profimedia-0868639932-CVR.webp\",\"width\":990,\"height\":660,\"caption\":\"Gaia Realini\"},{\"@type\":\"WebSite\",\"@id\":\"https:\/\/www.welovecycling.com\/uk\/#website\",\"url\":\"https:\/\/www.welovecycling.com\/uk\/\",\"name\":\"\u0160koda We Love Cycling - United Kingdom\",\"description\":\"\u0160koda WeLoveCycling - United Kingdom\",\"potentialAction\":[{\"@type\":\"SearchAction\",\"target\":{\"@type\":\"EntryPoint\",\"urlTemplate\":\"https:\/\/www.welovecycling.com\/uk\/?s={search_term_string}\"},\"query-input\":{\"@type\":\"PropertyValueSpecification\",\"valueRequired\":true,\"valueName\":\"search_term_string\"}}],\"inLanguage\":\"en-GB\"},{\"@type\":\"Person\",\"@id\":\"https:\/\/www.welovecycling.com\/uk\/#\/schema\/person\/0fb8f5556d93cedeab625dee98f6bf84\",\"name\":\"evelynfindlay\",\"image\":{\"@type\":\"ImageObject\",\"inLanguage\":\"en-GB\",\"@id\":\"https:\/\/www.welovecycling.com\/uk\/#\/schema\/person\/image\/\",\"url\":\"https:\/\/secure.gravatar.com\/avatar\/9ca0246e815ce39c3171ab03d96ff7a0617b252ab40d91e1c1e799819dc92fcf?s=96&d=mm&r=g\",\"contentUrl\":\"https:\/\/secure.gravatar.com\/avatar\/9ca0246e815ce39c3171ab03d96ff7a0617b252ab40d91e1c1e799819dc92fcf?s=96&d=mm&r=g\",\"caption\":\"evelynfindlay\"},\"url\":\"https:\/\/www.welovecycling.com\/uk\/author\/evelynfindlay\/\"}]}<\/script>\n<!-- \/ Yoast SEO Premium plugin. -->","yoast_head_json":{"title":"Gaia Realini on Leading Vuelta Femenina","robots":{"index":"index","follow":"follow","max-snippet":"max-snippet:-1","max-image-preview":"max-image-preview:large","max-video-preview":"max-video-preview:-1"},"canonical":"https:\/\/www.welovecycling.com\/uk\/2024\/04\/30\/gaia-realini-on-leading-vuelta-femenina-i-am-really-happy-about-this-result\/","og_locale":"en_GB","og_type":"article","og_title":"Gaia Realini on Leading Vuelta Femenina: \u2018I am really happy about this result\u2019","og_description":"In a dramatic start to the Vuelta Femenina, Lidl-Trek emerged victorious in the opening team time trial in Valencia, overcoming [&hellip;]","og_url":"https:\/\/www.welovecycling.com\/uk\/2024\/04\/30\/gaia-realini-on-leading-vuelta-femenina-i-am-really-happy-about-this-result\/","og_site_name":"\u0160koda We Love Cycling - United Kingdom","article_published_time":"2024-04-30T15:08:10+00:00","og_image":[{"width":990,"height":660,"url":"https:\/\/d2p6e6u75xmxt8.cloudfront.net\/18\/2024\/04\/Vuelta-Femenina-Gaia-Realini-profimedia-0868639932-CVR.webp","type":"image\/webp"}],"author":"evelynfindlay","twitter_card":"summary_large_image","twitter_misc":{"Written by":"Monica Buck","Est. reading time":"3"},"schema":{"@context":"https:\/\/schema.org","@graph":[{"@type":"WebPage","@id":"https:\/\/www.welovecycling.com\/uk\/2024\/04\/30\/gaia-realini-on-leading-vuelta-femenina-i-am-really-happy-about-this-result\/","url":"https:\/\/www.welovecycling.com\/uk\/2024\/04\/30\/gaia-realini-on-leading-vuelta-femenina-i-am-really-happy-about-this-result\/","name":"Gaia Realini on Leading Vuelta Femenina","isPartOf":{"@id":"https:\/\/www.welovecycling.com\/uk\/#website"},"primaryImageOfPage":{"@id":"https:\/\/www.welovecycling.com\/uk\/2024\/04\/30\/gaia-realini-on-leading-vuelta-femenina-i-am-really-happy-about-this-result\/#primaryimage"},"image":{"@id":"https:\/\/www.welovecycling.com\/uk\/2024\/04\/30\/gaia-realini-on-leading-vuelta-femenina-i-am-really-happy-about-this-result\/#primaryimage"},"thumbnailUrl":"https:\/\/d2p6e6u75xmxt8.cloudfront.net\/18\/2024\/04\/Vuelta-Femenina-Gaia-Realini-profimedia-0868639932-CVR.webp","datePublished":"2024-04-30T15:08:10+00:00","author":{"@id":"https:\/\/www.welovecycling.com\/uk\/#\/schema\/person\/0fb8f5556d93cedeab625dee98f6bf84"},"inLanguage":"en-GB","potentialAction":[{"@type":"ReadAction","target":["https:\/\/www.welovecycling.com\/uk\/2024\/04\/30\/gaia-realini-on-leading-vuelta-femenina-i-am-really-happy-about-this-result\/"]}]},{"@type":"ImageObject","inLanguage":"en-GB","@id":"https:\/\/www.welovecycling.com\/uk\/2024\/04\/30\/gaia-realini-on-leading-vuelta-femenina-i-am-really-happy-about-this-result\/#primaryimage","url":"https:\/\/d2p6e6u75xmxt8.cloudfront.net\/18\/2024\/04\/Vuelta-Femenina-Gaia-Realini-profimedia-0868639932-CVR.webp","contentUrl":"https:\/\/d2p6e6u75xmxt8.cloudfront.net\/18\/2024\/04\/Vuelta-Femenina-Gaia-Realini-profimedia-0868639932-CVR.webp","width":990,"height":660,"caption":"Gaia Realini"},{"@type":"WebSite","@id":"https:\/\/www.welovecycling.com\/uk\/#website","url":"https:\/\/www.welovecycling.com\/uk\/","name":"\u0160koda We Love Cycling - United Kingdom","description":"\u0160koda WeLoveCycling - United Kingdom","potentialAction":[{"@type":"SearchAction","target":{"@type":"EntryPoint","urlTemplate":"https:\/\/www.welovecycling.com\/uk\/?s={search_term_string}"},"query-input":{"@type":"PropertyValueSpecification","valueRequired":true,"valueName":"search_term_string"}}],"inLanguage":"en-GB"},{"@type":"Person","@id":"https:\/\/www.welovecycling.com\/uk\/#\/schema\/person\/0fb8f5556d93cedeab625dee98f6bf84","name":"evelynfindlay","image":{"@type":"ImageObject","inLanguage":"en-GB","@id":"https:\/\/www.welovecycling.com\/uk\/#\/schema\/person\/image\/","url":"https:\/\/secure.gravatar.com\/avatar\/9ca0246e815ce39c3171ab03d96ff7a0617b252ab40d91e1c1e799819dc92fcf?s=96&d=mm&r=g","contentUrl":"https:\/\/secure.gravatar.com\/avatar\/9ca0246e815ce39c3171ab03d96ff7a0617b252ab40d91e1c1e799819dc92fcf?s=96&d=mm&r=g","caption":"evelynfindlay"},"url":"https:\/\/www.welovecycling.com\/uk\/author\/evelynfindlay\/"}]}},"_links":{"self":[{"href":"https:\/\/www.welovecycling.com\/uk\/wp-json\/wp\/v2\/posts\/6617","targetHints":{"allow":["GET"]}}],"collection":[{"href":"https:\/\/www.welovecycling.com\/uk\/wp-json\/wp\/v2\/posts"}],"about":[{"href":"https:\/\/www.welovecycling.com\/uk\/wp-json\/wp\/v2\/types\/post"}],"author":[{"embeddable":true,"href":"https:\/\/www.welovecycling.com\/uk\/wp-json\/wp\/v2\/users\/178"}],"replies":[{"embeddable":true,"href":"https:\/\/www.welovecycling.com\/uk\/wp-json\/wp\/v2\/comments?post=6617"}],"version-history":[{"count":1,"href":"https:\/\/www.welovecycling.com\/uk\/wp-json\/wp\/v2\/posts\/6617\/revisions"}],"predecessor-version":[{"id":6624,"href":"https:\/\/www.welovecycling.com\/uk\/wp-json\/wp\/v2\/posts\/6617\/revisions\/6624"}],"wp:featuredmedia":[{"embeddable":true,"href":"https:\/\/www.welovecycling.com\/uk\/wp-json\/wp\/v2\/media\/6621"}],"wp:attachment":[{"href":"https:\/\/www.welovecycling.com\/uk\/wp-json\/wp\/v2\/media?parent=6617"}],"wp:term":[{"taxonomy":"category","embeddable":true,"href":"https:\/\/www.welovecycling.com\/uk\/wp-json\/wp\/v2\/categories?post=6617"},{"taxonomy":"post_tag","embeddable":true,"href":"https:\/\/www.welovecycling.com\/uk\/wp-json\/wp\/v2\/tags?post=6617"},{"taxonomy":"global-categories","embeddable":true,"href":"https:\/\/www.welovecycling.com\/uk\/wp-json\/wp\/v2\/global-categories?post=6617"}],"curies":[{"name":"wp","href":"https:\/\/api.w.org\/{rel}","templated":true}]}}