{"id":604,"date":"2021-03-17T17:50:20","date_gmt":"2021-03-17T16:50:20","guid":{"rendered":"https:\/\/www.welovecycling.com\/uk\/?p=604"},"modified":"2021-03-31T17:50:40","modified_gmt":"2021-03-31T15:50:40","slug":"the-incredible-career-of-anna-van-der-breggen-what-is-she-up-to-after-the-planned-retirement","status":"publish","type":"post","link":"https:\/\/www.welovecycling.com\/uk\/2021\/03\/17\/the-incredible-career-of-anna-van-der-breggen-what-is-she-up-to-after-the-planned-retirement\/","title":{"rendered":"The Incredible Career of Anna van der Breggen: What Is She Up To After the Planned Retirement?"},"content":{"rendered":"<p><strong>What better time to pay homage to one of cycling\u2019s greats than in the middle of her final season as a pro? Currently sporting double rainbow jerseys following a stunning triumph at the 2020 World Championships, Anna van der Breggen is as worthy of celebration now as she has been at so many other points throughout her dazzling decade-long career.<\/strong><\/p>\n<p><!--more--><\/p>\n<p>Since she\u2019s at the top of her game, she surprised many when she announced last year that she would conclude her racing endeavours with SD Worx in 2021. She is then planning to transition into a sports director role with her current team. So although she will still very much be part of the cycling ecosystem, we\u2019ve only got a few more opportunities to watch her dominate at races. We will dearly miss cheering her on in the peloton, and while we still have a bit more van der Breggen action to look forward to, we thought we\u2019d take the chance to celebrate her career and what she has done for the sport of cycling.<\/p>\n<figure id=\"attachment_607\" aria-describedby=\"caption-attachment-607\" style=\"width: 1024px\" class=\"wp-caption alignnone\"><a href=\"https:\/\/d2p6e6u75xmxt8.cloudfront.net\/2\/2021\/03\/Anna-van-der-Breggen-profimedia-0560069472.jpg\"><img loading=\"lazy\" decoding=\"async\" class=\"wp-image-607 size-large\" src=\"https:\/\/d2p6e6u75xmxt8.cloudfront.net\/18\/2021\/03\/Anna-van-der-Breggen-profimedia-0560069472-1024x679.jpg\" alt=\"Anna van der Breggen\" width=\"1024\" height=\"679\" srcset=\"https:\/\/d2p6e6u75xmxt8.cloudfront.net\/18\/2021\/03\/Anna-van-der-Breggen-profimedia-0560069472-1024x679.jpg 1024w, https:\/\/d2p6e6u75xmxt8.cloudfront.net\/18\/2021\/03\/Anna-van-der-Breggen-profimedia-0560069472-300x199.jpg 300w, https:\/\/d2p6e6u75xmxt8.cloudfront.net\/18\/2021\/03\/Anna-van-der-Breggen-profimedia-0560069472-768x509.jpg 768w, https:\/\/d2p6e6u75xmxt8.cloudfront.net\/18\/2021\/03\/Anna-van-der-Breggen-profimedia-0560069472.jpg 1250w\" sizes=\"auto, (max-width: 1024px) 100vw, 1024px\" \/><\/a><figcaption id=\"caption-attachment-607\" class=\"wp-caption-text\">Anna&#8217;s decision to retire surprised many. \u00a9 Profimedia<\/figcaption><\/figure>\n<h2><strong>A champion marked by outstanding versatility<\/strong><\/h2>\n<p>Few cyclists boast such a multi-faceted set of talents as van der Breggen. Born into a Dutch cycling family, she started racing at the age of seven and was ranking in the top 10 at the Junior World Championship Road Race by the time she turned 17. She went on to become a regular feature on the podium, with no fewer than 53 victories since she turned professional in 2012.<\/p>\n<p>In a career built on versatility, adaptability, and pure force of will, there\u2019s no arguing with the massively impressive prizes that van der Breggen has managed to accumulate. Just to name a few, her accolades include: a gold medal in the road race and bronze medal in the time trial at the 2016 Olympic Games; road race world champion (2018); three-times the overall winner of the Giro Rosa (2015, 2017 and 2020); a record six-time consecutive winner of Fl\u00e8che Wallonne (2015-2020); twice winner of Li\u00e8ge-Bastogne-Li\u00e8ge (2017-18); and winner of Amstel Gold Race (2017); and the Tour of Flanders (2018); along with Dutch (2015 ITT, 2020 road race) and European Championship (2016 RR, 2020 ITT) titles.<\/p>\n<p>Not to mention her double victories in the time trial and the road race at the <a href=\"https:\/\/www.welovecycling.com\/wide\/2020\/12\/03\/highlights-of-womens-road-cycling-2020\/\">2020 World Championships!<\/a> Talk about ending on a good note\u2014van der Breggen accomplished something no one had done since Jeannie Longo won both titles in 1995. For giving us this spectacular moment in cycling history, van der Breggen has rightly been nominated for this year\u2019s Laureus World Sportswoman of the Year Award, alongside other outstanding female athletes, including tennis&#8217; Naomi Osaka, alpine skiing&#8217;s Federica Brignone, athletics&#8217; Brigid Kosgei, football&#8217;s Wendie Renard, and basketball&#8217;s Breanna Stewart.<\/p>\n<figure id=\"attachment_608\" aria-describedby=\"caption-attachment-608\" style=\"width: 1024px\" class=\"wp-caption alignnone\"><a href=\"https:\/\/d2p6e6u75xmxt8.cloudfront.net\/2\/2021\/03\/Anna-van-der-Breggen-profimedia-0560476730.jpg\"><img loading=\"lazy\" decoding=\"async\" class=\"wp-image-608 size-large\" src=\"https:\/\/d2p6e6u75xmxt8.cloudfront.net\/18\/2021\/03\/Anna-van-der-Breggen-profimedia-0560476730-1024x683.jpg\" alt=\"Anna van der Breggen\" width=\"1024\" height=\"683\" srcset=\"https:\/\/d2p6e6u75xmxt8.cloudfront.net\/18\/2021\/03\/Anna-van-der-Breggen-profimedia-0560476730-1024x683.jpg 1024w, https:\/\/d2p6e6u75xmxt8.cloudfront.net\/18\/2021\/03\/Anna-van-der-Breggen-profimedia-0560476730-300x200.jpg 300w, https:\/\/d2p6e6u75xmxt8.cloudfront.net\/18\/2021\/03\/Anna-van-der-Breggen-profimedia-0560476730-768x512.jpg 768w, https:\/\/d2p6e6u75xmxt8.cloudfront.net\/18\/2021\/03\/Anna-van-der-Breggen-profimedia-0560476730.jpg 1260w\" sizes=\"auto, (max-width: 1024px) 100vw, 1024px\" \/><\/a><figcaption id=\"caption-attachment-608\" class=\"wp-caption-text\">Van der Breggen became the first elite rider since 1995 to win time trial and road race gold medals in the same year. \u00a9 Profimedia<\/figcaption><\/figure>\n<h2><strong>Continuing her role as an ambassador for women\u2019s cycling<\/strong><\/h2>\n<p>Considering the fact that Anna van der Breggen has just entered her thirties and is clearly in peak form, it is puzzling to some that she would want to quit racing. As mentioned above, though, the sport will still very much be a part of her life, and she\u2019s made it clear that she has personal reasons for the transition.<\/p>\n<p>Like many professional women athletes, van der Breggen found herself confronted with the challenge of balancing competition and having children. Rather than follow in the footsteps of riders like Marta Bastianelli and Lizzie Deignan, who have returned to racing post-motherhood, van der Breggen has decided that her departure from the peloton will coincide with starting a family.<\/p>\n<p>And as she <a href=\"https:\/\/www.cyclingnews.com\/features\/anna-van-der-breggen-celebrating-an-icon\/\">told Cycling News<\/a> earlier this year, her decision to quit is final. Still, she\u2019s excited to continue playing a dynamic role during this critical point in women\u2019s cycling. She explained, &#8220;I have new goals after this year, but it\u2019s not that I&#8217;m just leaving cycling.\u201d She further elaborated at the <a href=\"https:\/\/www.cyclingnews.com\/features\/anna-van-der-breggen-equality-starting-a-family-and-retiring-at-her-peak\/\">press conference<\/a> for her Laureus World Sportswoman nomination, going on to say about the overall state of women\u2019s cycling that, \u201cwe\u2019ve come a long way, and it\u2019s getting better and better.\u201d<\/p>\n<p>Speaking about the role she\u2019ll play mentoring the next generation of cycling all-stars, van der Breggen <a href=\"https:\/\/www.velonews.com\/news\/anna-van-der-breggen-is-retiring-and-she-wants-you-to-be-ok-with-it-too\/\">expressed enthusiasm<\/a>. \u201cI think it\u2019s hard for athletes when you still like the sport and for years, you\u2019ve gained so much experience, and then you decide, I\u2019m done,\u201d she said. \u201cFor me, it\u2019s a good thing that I can continue in another way. My knowledge is not gone. I can help young girls. That\u2019s something I\u2018m really looking forward to.\u201d<\/p>\n<figure id=\"attachment_610\" aria-describedby=\"caption-attachment-610\" style=\"width: 1024px\" class=\"wp-caption alignleft\"><a href=\"https:\/\/d2p6e6u75xmxt8.cloudfront.net\/2\/2021\/03\/Anna-van-der-Breggen-profimedia-0405327806.jpg\"><img loading=\"lazy\" decoding=\"async\" class=\"wp-image-610 size-large\" src=\"https:\/\/d2p6e6u75xmxt8.cloudfront.net\/18\/2021\/03\/Anna-van-der-Breggen-profimedia-0405327806-1024x682.jpg\" alt=\"Anna van der Breggen\" width=\"1024\" height=\"682\" srcset=\"https:\/\/d2p6e6u75xmxt8.cloudfront.net\/18\/2021\/03\/Anna-van-der-Breggen-profimedia-0405327806-1024x682.jpg 1024w, https:\/\/d2p6e6u75xmxt8.cloudfront.net\/18\/2021\/03\/Anna-van-der-Breggen-profimedia-0405327806-300x200.jpg 300w, https:\/\/d2p6e6u75xmxt8.cloudfront.net\/18\/2021\/03\/Anna-van-der-Breggen-profimedia-0405327806-768x512.jpg 768w, https:\/\/d2p6e6u75xmxt8.cloudfront.net\/18\/2021\/03\/Anna-van-der-Breggen-profimedia-0405327806.jpg 1250w\" sizes=\"auto, (max-width: 1024px) 100vw, 1024px\" \/><\/a><figcaption id=\"caption-attachment-610\" class=\"wp-caption-text\">Anna at 2018 World Cycling Championships in Innsbruck. \u00a9 Profimedia<\/figcaption><\/figure>\n<h2><strong>Going out with a bang<\/strong><\/h2>\n<p>Of course, we aren\u2019t bidding adieu to Anna van der Breggen just yet. She still has her eye on the prize and plans to win more bike races while she has the chance. She finished third place in Siena at the <a href=\"https:\/\/www.welovecycling.com\/wide\/2021\/03\/08\/mathieu-van-der-poel-wins-the-strade-bianche-and-other-cool-news-from-the-world-of-cycling\/\">Strade Bianche<\/a> earlier this month, and will almost certainly make more podium appearances as the season continues. Her biggest target will be at the Olympic Games in Tokyo, where she will line up as the defending champion. We\u2019ll be cheering her on, but it\u2019s safe to say that regardless of what the coming months bring\u2014Anna van der Breggen will go down as a legend in cycling history!<\/p>\n","protected":false},"excerpt":{"rendered":"<p>What better time to pay homage to one of cycling\u2019s greats than in the middle of her final season as [&hellip;]<\/p>\n","protected":false},"author":132,"featured_media":613,"comment_status":"open","ping_status":"open","sticky":false,"template":"","format":"standard","meta":{"footnotes":""},"categories":[25],"tags":[],"global-categories":[],"class_list":["post-604","post","type-post","status-publish","format-standard","has-post-thumbnail","hentry","category-thisisourtime"],"yoast_head":"<!-- This site is optimized with the Yoast SEO Premium plugin v25.3 (Yoast SEO v25.9) - https:\/\/yoast.com\/wordpress\/plugins\/seo\/ -->\n<title>Anna van der Breggen After Retirement: What&#039;s She Up To?<\/title>\n<meta name=\"robots\" content=\"index, follow, max-snippet:-1, max-image-preview:large, max-video-preview:-1\" \/>\n<link rel=\"canonical\" href=\"https:\/\/www.welovecycling.com\/uk\/2021\/03\/17\/the-incredible-career-of-anna-van-der-breggen-what-is-she-up-to-after-the-planned-retirement\/\" \/>\n<meta property=\"og:locale\" content=\"en_GB\" \/>\n<meta property=\"og:type\" content=\"article\" \/>\n<meta property=\"og:title\" content=\"The Incredible Career of Anna van der Breggen: What Is She Up To After the Planned Retirement?\" \/>\n<meta property=\"og:description\" content=\"What better time to pay homage to one of cycling\u2019s greats than in the middle of her final season as [&hellip;]\" \/>\n<meta property=\"og:url\" content=\"https:\/\/www.welovecycling.com\/uk\/2021\/03\/17\/the-incredible-career-of-anna-van-der-breggen-what-is-she-up-to-after-the-planned-retirement\/\" \/>\n<meta property=\"og:site_name\" content=\"\u0160koda We Love Cycling - United Kingdom\" \/>\n<meta property=\"article:published_time\" content=\"2021-03-17T16:50:20+00:00\" \/>\n<meta property=\"article:modified_time\" content=\"2021-03-31T15:50:40+00:00\" \/>\n<meta property=\"og:image\" content=\"https:\/\/d2p6e6u75xmxt8.cloudfront.net\/18\/2021\/03\/Anna-van-der-Breggen-profimedia-0560064664-CVR.jpg\" \/>\n\t<meta property=\"og:image:width\" content=\"1366\" \/>\n\t<meta property=\"og:image:height\" content=\"600\" \/>\n\t<meta property=\"og:image:type\" content=\"image\/jpeg\" \/>\n<meta name=\"author\" content=\"Ella Mugglestone\" \/>\n<meta name=\"twitter:card\" content=\"summary_large_image\" \/>\n<meta name=\"twitter:label1\" content=\"Written by\" \/>\n\t<meta name=\"twitter:data1\" content=\"Megan Flottorp\" \/>\n\t<meta name=\"twitter:label2\" content=\"Est. reading time\" \/>\n\t<meta name=\"twitter:data2\" content=\"7\" \/>\n<script type=\"application\/ld+json\" class=\"yoast-schema-graph\">{\"@context\":\"https:\/\/schema.org\",\"@graph\":[{\"@type\":\"WebPage\",\"@id\":\"https:\/\/www.welovecycling.com\/uk\/2021\/03\/17\/the-incredible-career-of-anna-van-der-breggen-what-is-she-up-to-after-the-planned-retirement\/\",\"url\":\"https:\/\/www.welovecycling.com\/uk\/2021\/03\/17\/the-incredible-career-of-anna-van-der-breggen-what-is-she-up-to-after-the-planned-retirement\/\",\"name\":\"Anna van der Breggen After Retirement: What's She Up To?\",\"isPartOf\":{\"@id\":\"https:\/\/www.welovecycling.com\/uk\/#website\"},\"primaryImageOfPage\":{\"@id\":\"https:\/\/www.welovecycling.com\/uk\/2021\/03\/17\/the-incredible-career-of-anna-van-der-breggen-what-is-she-up-to-after-the-planned-retirement\/#primaryimage\"},\"image\":{\"@id\":\"https:\/\/www.welovecycling.com\/uk\/2021\/03\/17\/the-incredible-career-of-anna-van-der-breggen-what-is-she-up-to-after-the-planned-retirement\/#primaryimage\"},\"thumbnailUrl\":\"https:\/\/d2p6e6u75xmxt8.cloudfront.net\/18\/2021\/03\/Anna-van-der-Breggen-profimedia-0560064664-CVR.jpg\",\"datePublished\":\"2021-03-17T16:50:20+00:00\",\"dateModified\":\"2021-03-31T15:50:40+00:00\",\"author\":{\"@id\":\"https:\/\/www.welovecycling.com\/uk\/#\/schema\/person\/8847506f8b1964d05d27320ef11d61c9\"},\"inLanguage\":\"en-GB\",\"potentialAction\":[{\"@type\":\"ReadAction\",\"target\":[\"https:\/\/www.welovecycling.com\/uk\/2021\/03\/17\/the-incredible-career-of-anna-van-der-breggen-what-is-she-up-to-after-the-planned-retirement\/\"]}]},{\"@type\":\"ImageObject\",\"inLanguage\":\"en-GB\",\"@id\":\"https:\/\/www.welovecycling.com\/uk\/2021\/03\/17\/the-incredible-career-of-anna-van-der-breggen-what-is-she-up-to-after-the-planned-retirement\/#primaryimage\",\"url\":\"https:\/\/d2p6e6u75xmxt8.cloudfront.net\/18\/2021\/03\/Anna-van-der-Breggen-profimedia-0560064664-CVR.jpg\",\"contentUrl\":\"https:\/\/d2p6e6u75xmxt8.cloudfront.net\/18\/2021\/03\/Anna-van-der-Breggen-profimedia-0560064664-CVR.jpg\",\"width\":1366,\"height\":600,\"caption\":\"Anna van der Breggen\"},{\"@type\":\"WebSite\",\"@id\":\"https:\/\/www.welovecycling.com\/uk\/#website\",\"url\":\"https:\/\/www.welovecycling.com\/uk\/\",\"name\":\"\u0160koda We Love Cycling - United Kingdom\",\"description\":\"\u0160koda WeLoveCycling - United Kingdom\",\"potentialAction\":[{\"@type\":\"SearchAction\",\"target\":{\"@type\":\"EntryPoint\",\"urlTemplate\":\"https:\/\/www.welovecycling.com\/uk\/?s={search_term_string}\"},\"query-input\":{\"@type\":\"PropertyValueSpecification\",\"valueRequired\":true,\"valueName\":\"search_term_string\"}}],\"inLanguage\":\"en-GB\"},{\"@type\":\"Person\",\"@id\":\"https:\/\/www.welovecycling.com\/uk\/#\/schema\/person\/8847506f8b1964d05d27320ef11d61c9\",\"name\":\"Ella Mugglestone\",\"image\":{\"@type\":\"ImageObject\",\"inLanguage\":\"en-GB\",\"@id\":\"https:\/\/www.welovecycling.com\/uk\/#\/schema\/person\/image\/\",\"url\":\"https:\/\/secure.gravatar.com\/avatar\/2138703481ea8b26a201567fa0a14addd00aea42f656e1b7f6a829c0e80e0f40?s=96&d=mm&r=g\",\"contentUrl\":\"https:\/\/secure.gravatar.com\/avatar\/2138703481ea8b26a201567fa0a14addd00aea42f656e1b7f6a829c0e80e0f40?s=96&d=mm&r=g\",\"caption\":\"Ella Mugglestone\"},\"url\":\"https:\/\/www.welovecycling.com\/uk\/author\/ellamugglestone\/\"}]}<\/script>\n<!-- \/ Yoast SEO Premium plugin. -->","yoast_head_json":{"title":"Anna van der Breggen After Retirement: What's She Up To?","robots":{"index":"index","follow":"follow","max-snippet":"max-snippet:-1","max-image-preview":"max-image-preview:large","max-video-preview":"max-video-preview:-1"},"canonical":"https:\/\/www.welovecycling.com\/uk\/2021\/03\/17\/the-incredible-career-of-anna-van-der-breggen-what-is-she-up-to-after-the-planned-retirement\/","og_locale":"en_GB","og_type":"article","og_title":"The Incredible Career of Anna van der Breggen: What Is She Up To After the Planned Retirement?","og_description":"What better time to pay homage to one of cycling\u2019s greats than in the middle of her final season as [&hellip;]","og_url":"https:\/\/www.welovecycling.com\/uk\/2021\/03\/17\/the-incredible-career-of-anna-van-der-breggen-what-is-she-up-to-after-the-planned-retirement\/","og_site_name":"\u0160koda We Love Cycling - United Kingdom","article_published_time":"2021-03-17T16:50:20+00:00","article_modified_time":"2021-03-31T15:50:40+00:00","og_image":[{"width":1366,"height":600,"url":"https:\/\/d2p6e6u75xmxt8.cloudfront.net\/18\/2021\/03\/Anna-van-der-Breggen-profimedia-0560064664-CVR.jpg","type":"image\/jpeg"}],"author":"Ella Mugglestone","twitter_card":"summary_large_image","twitter_misc":{"Written by":"Megan Flottorp","Est. reading time":"7"},"schema":{"@context":"https:\/\/schema.org","@graph":[{"@type":"WebPage","@id":"https:\/\/www.welovecycling.com\/uk\/2021\/03\/17\/the-incredible-career-of-anna-van-der-breggen-what-is-she-up-to-after-the-planned-retirement\/","url":"https:\/\/www.welovecycling.com\/uk\/2021\/03\/17\/the-incredible-career-of-anna-van-der-breggen-what-is-she-up-to-after-the-planned-retirement\/","name":"Anna van der Breggen After Retirement: What's She Up To?","isPartOf":{"@id":"https:\/\/www.welovecycling.com\/uk\/#website"},"primaryImageOfPage":{"@id":"https:\/\/www.welovecycling.com\/uk\/2021\/03\/17\/the-incredible-career-of-anna-van-der-breggen-what-is-she-up-to-after-the-planned-retirement\/#primaryimage"},"image":{"@id":"https:\/\/www.welovecycling.com\/uk\/2021\/03\/17\/the-incredible-career-of-anna-van-der-breggen-what-is-she-up-to-after-the-planned-retirement\/#primaryimage"},"thumbnailUrl":"https:\/\/d2p6e6u75xmxt8.cloudfront.net\/18\/2021\/03\/Anna-van-der-Breggen-profimedia-0560064664-CVR.jpg","datePublished":"2021-03-17T16:50:20+00:00","dateModified":"2021-03-31T15:50:40+00:00","author":{"@id":"https:\/\/www.welovecycling.com\/uk\/#\/schema\/person\/8847506f8b1964d05d27320ef11d61c9"},"inLanguage":"en-GB","potentialAction":[{"@type":"ReadAction","target":["https:\/\/www.welovecycling.com\/uk\/2021\/03\/17\/the-incredible-career-of-anna-van-der-breggen-what-is-she-up-to-after-the-planned-retirement\/"]}]},{"@type":"ImageObject","inLanguage":"en-GB","@id":"https:\/\/www.welovecycling.com\/uk\/2021\/03\/17\/the-incredible-career-of-anna-van-der-breggen-what-is-she-up-to-after-the-planned-retirement\/#primaryimage","url":"https:\/\/d2p6e6u75xmxt8.cloudfront.net\/18\/2021\/03\/Anna-van-der-Breggen-profimedia-0560064664-CVR.jpg","contentUrl":"https:\/\/d2p6e6u75xmxt8.cloudfront.net\/18\/2021\/03\/Anna-van-der-Breggen-profimedia-0560064664-CVR.jpg","width":1366,"height":600,"caption":"Anna van der Breggen"},{"@type":"WebSite","@id":"https:\/\/www.welovecycling.com\/uk\/#website","url":"https:\/\/www.welovecycling.com\/uk\/","name":"\u0160koda We Love Cycling - United Kingdom","description":"\u0160koda WeLoveCycling - United Kingdom","potentialAction":[{"@type":"SearchAction","target":{"@type":"EntryPoint","urlTemplate":"https:\/\/www.welovecycling.com\/uk\/?s={search_term_string}"},"query-input":{"@type":"PropertyValueSpecification","valueRequired":true,"valueName":"search_term_string"}}],"inLanguage":"en-GB"},{"@type":"Person","@id":"https:\/\/www.welovecycling.com\/uk\/#\/schema\/person\/8847506f8b1964d05d27320ef11d61c9","name":"Ella Mugglestone","image":{"@type":"ImageObject","inLanguage":"en-GB","@id":"https:\/\/www.welovecycling.com\/uk\/#\/schema\/person\/image\/","url":"https:\/\/secure.gravatar.com\/avatar\/2138703481ea8b26a201567fa0a14addd00aea42f656e1b7f6a829c0e80e0f40?s=96&d=mm&r=g","contentUrl":"https:\/\/secure.gravatar.com\/avatar\/2138703481ea8b26a201567fa0a14addd00aea42f656e1b7f6a829c0e80e0f40?s=96&d=mm&r=g","caption":"Ella Mugglestone"},"url":"https:\/\/www.welovecycling.com\/uk\/author\/ellamugglestone\/"}]}},"_links":{"self":[{"href":"https:\/\/www.welovecycling.com\/uk\/wp-json\/wp\/v2\/posts\/604","targetHints":{"allow":["GET"]}}],"collection":[{"href":"https:\/\/www.welovecycling.com\/uk\/wp-json\/wp\/v2\/posts"}],"about":[{"href":"https:\/\/www.welovecycling.com\/uk\/wp-json\/wp\/v2\/types\/post"}],"author":[{"embeddable":true,"href":"https:\/\/www.welovecycling.com\/uk\/wp-json\/wp\/v2\/users\/132"}],"replies":[{"embeddable":true,"href":"https:\/\/www.welovecycling.com\/uk\/wp-json\/wp\/v2\/comments?post=604"}],"version-history":[{"count":1,"href":"https:\/\/www.welovecycling.com\/uk\/wp-json\/wp\/v2\/posts\/604\/revisions"}],"predecessor-version":[{"id":612,"href":"https:\/\/www.welovecycling.com\/uk\/wp-json\/wp\/v2\/posts\/604\/revisions\/612"}],"wp:featuredmedia":[{"embeddable":true,"href":"https:\/\/www.welovecycling.com\/uk\/wp-json\/wp\/v2\/media\/613"}],"wp:attachment":[{"href":"https:\/\/www.welovecycling.com\/uk\/wp-json\/wp\/v2\/media?parent=604"}],"wp:term":[{"taxonomy":"category","embeddable":true,"href":"https:\/\/www.welovecycling.com\/uk\/wp-json\/wp\/v2\/categories?post=604"},{"taxonomy":"post_tag","embeddable":true,"href":"https:\/\/www.welovecycling.com\/uk\/wp-json\/wp\/v2\/tags?post=604"},{"taxonomy":"global-categories","embeddable":true,"href":"https:\/\/www.welovecycling.com\/uk\/wp-json\/wp\/v2\/global-categories?post=604"}],"curies":[{"name":"wp","href":"https:\/\/api.w.org\/{rel}","templated":true}]}}