{"id":4774,"date":"2023-05-10T11:32:46","date_gmt":"2023-05-10T09:32:46","guid":{"rendered":"https:\/\/www.welovecycling.com\/uk\/?p=4774"},"modified":"2023-05-11T11:35:47","modified_gmt":"2023-05-11T09:35:47","slug":"soudal-quick-step-on-the-wings-of-evenepoel","status":"publish","type":"post","link":"https:\/\/www.welovecycling.com\/uk\/2023\/05\/10\/soudal-quick-step-on-the-wings-of-evenepoel\/","title":{"rendered":"Soudal\u2013Quick-Step: On the Wings of Evenepoel"},"content":{"rendered":"<p><strong>Outspoken, adj., &#8220;Frank and unreserved in speech\u201d, like Patrick Levefere, the general manager of the UCI World Team Soudal\u2013Quick-Step. According to <a href=\"https:\/\/www.cyclingranking.com\/team-manager\/overall\">Cycling Ranking,<\/a> he is the most successful team general manager in road racing history, so he has earned the right to be outspoken. And he rarely lets an opportunity to speak his mind go by. Most recently, he trained his sights on the two-time world champion Julian Alaphillipe, a French Soudal\u2013Quick-Step rider who has been struggling with injuries for some time.<\/strong><\/p>\n<p><!--more--><\/p>\n<p>\u201cFortunately he has become world champion twice,\u201d the 68-year-old Belgian <a href=\"https:\/\/cyclinguptodate.com\/cycling\/patrick-lefevere-on-julian-alaphilippe-he-takes-a-big-bite-out-of-my-budget-i-want-to-see-results\">said.<\/a> \u201cIn addition, he won the opening stage of the Tour in 2021 and wore the yellow [jersey]. I understand that French teams are satisfied with that, but I am not. Just like everyone else, I love Julian. How can you not love him? But I also have to be realistic: he takes a big bite out of my budget. I want to see results.\u201d<\/p>\n<p>Lefevere was speaking as his team was suffering through a dismal spring Classics season. Until <a href=\"https:\/\/www.welovecycling.com\/wide\/2023\/01\/09\/will-2023-be-another-big-year-for-remco-evenepoel\/\" target=\"_blank\" rel=\"noopener\">Remco Evenepoel<\/a> won Li\u00e8ge-Bastogne-Li\u00e8ge, they had been totally shut out in this year\u2019s spring Classics. The Tour of Flanders had been Alaphilippe\u2019s target, but he crashed heavily in the race. And when no Soudal\u2013Quick-Step rider could finish better than a dismal 16th in the E3 Saxo Bank Classic, Lefevere again <a href=\"https:\/\/www.wielerflits.nl\/nieuws\/lefevere-geeft-donderpreek-na-e3-saxo-classic-alleen-eten-in-restaurant-was-goed\/\">did not mince his words.<\/a><\/p>\n<p>\u201cDuring the E3 Classic I had a tasty lunch in restaurant Castor in Waregem, two Michelin stars,\u201d he wrote in his column in Het Nieuwsblad. \u201cWith that we have had everything that was good yesterday: the food. The performance of the team was below par. Furthermore, I did not dare to look.&#8221;<\/p>\n<figure id=\"attachment_4778\" aria-describedby=\"caption-attachment-4778\" style=\"width: 1250px\" class=\"wp-caption alignnone\"><a href=\"https:\/\/d2p6e6u75xmxt8.cloudfront.net\/18\/2023\/05\/Patrick-Lefevere-profimedia-0774485249.webp\"><img loading=\"lazy\" decoding=\"async\" class=\"wp-image-4778 size-full\" src=\"https:\/\/d2p6e6u75xmxt8.cloudfront.net\/18\/2023\/05\/Patrick-Lefevere-profimedia-0774485249.webp\" alt=\"Patrick Lefevere\" width=\"1250\" height=\"833\" srcset=\"https:\/\/d2p6e6u75xmxt8.cloudfront.net\/18\/2023\/05\/Patrick-Lefevere-profimedia-0774485249.webp 1250w, https:\/\/d2p6e6u75xmxt8.cloudfront.net\/18\/2023\/05\/Patrick-Lefevere-profimedia-0774485249-300x200.webp 300w, https:\/\/d2p6e6u75xmxt8.cloudfront.net\/18\/2023\/05\/Patrick-Lefevere-profimedia-0774485249-1024x682.webp 1024w, https:\/\/d2p6e6u75xmxt8.cloudfront.net\/18\/2023\/05\/Patrick-Lefevere-profimedia-0774485249-768x512.webp 768w, https:\/\/d2p6e6u75xmxt8.cloudfront.net\/18\/2023\/05\/Patrick-Lefevere-profimedia-0774485249-400x267.webp 400w\" sizes=\"auto, (max-width: 1250px) 100vw, 1250px\" \/><\/a><figcaption id=\"caption-attachment-4778\" class=\"wp-caption-text\">Soudal Quick-Step CEO Patrick Lefevere is seen at the second stage of the 2023 Giro D&#8217;Italia<\/figcaption><\/figure>\n<p>But Lefevere is certainly in a better mood now because in the 23-year-old Evenepoel he has one of the best riders in the world, and one who \u2013 if he improves his climbing ability \u2013 will eventually challenge Tadej Poga\u010dar in the Tour de France. But Soudal\u2013Quick-Step is hardly a one-man team. In the Dane Kasper Asgreen they have a very good climber, a good ITT rider and a past spring Classics winner, as he won the Tour of Flanders and the E3 Saxo Bank Classic in 2021. The 26-year-old Fabio Jakobsen is among the best sprinters on the road, having won five Vuelta stages and the <a href=\"https:\/\/www.welovecycling.com\/wide\/2021\/09\/06\/fabio-jakobsen-wins-the-skoda-green-jersey-and-other-cool-news-from-the-world-of-cycling\/\" target=\"_blank\" rel=\"noopener\">Vuelta Green Jersey in 2021.<\/a> And the promising 22-year-old Ethan Vernon has already won a stage in the Volta Ciclista a Catalunya and in the Tour de Romandie. And, of course, there is Alaphilippe, who on his day and when healthy is one of the fiercest competitor in the peloton.<\/p>\n<p>But Lefevere knows that Evenepoel is the team\u2019s present and future star, and he is being very canny in how he manages the young cycling prodigy\u2019s career. It is no accident that Evenepoel has not yet faced Poga\u010dar in the Tour. Lefevere knows that, at this stage of his development, he cannot match the Slovenian in the mountains. So Evenepoel entered the Vuelta last year, and won, and he is the favourite to win this year\u2019s Giro. The eagerly anticipated duel between Evenepoel and Poga\u010dar in the Li\u00e8ge-Bastogne-Li\u00e8ge came to nothing when the UAE Team Emirates leader crashed and broke his wrist early in the race. Evenepoel\u2019s dominating victory in that race did nothing to hurt his reputation. Quite the contrary. Eventually, Evenepoel will face Poga\u010dar in the Tour or another Grand Tour, and when he does, it will be because Lefevere believes he can win.<\/p>\n<p>However, it\u2019s risky to put so many of your eggs in one basket, and Lefevere knows it. Evenepoel has been fortunate so far in that he has avoided severe injuries and illness and has therefore missed little training or racing time. That\u2019s why the second-most important riders in Lefevere\u2019s stable are probably those tasked with protecting their leader from race mishaps. That was apparent near the end of the Giro\u2019s second stage when, with 3.4km to go in the stage, Soudal\u2013Quick-Step\u2019s David Ballerini and the Alpecin-Deceuninck sprinter Kaden Groves bumped shoulders as the latter was trying to get into position for the sprint. That led to a crash that took down <a href=\"https:\/\/www.welovecycling.com\/wide\/2023\/02\/14\/mark-cavendish-finds-a-team-and-sets-sights-on-the-tour-de-france\/\" target=\"_blank\" rel=\"noopener\">Mark Cavendish<\/a> and caused several GC competitors to lose valuable seconds in the resulting bottleneck.<\/p>\n<p>If he was watching that incident, Lefevere must have been holding his breath \u2013 for once.<\/p>\n","protected":false},"excerpt":{"rendered":"<p>Outspoken, adj., &#8220;Frank and unreserved in speech\u201d, like Patrick Levefere, the general manager of the UCI World Team Soudal\u2013Quick-Step. According [&hellip;]<\/p>\n","protected":false},"author":167,"featured_media":4793,"comment_status":"open","ping_status":"open","sticky":false,"template":"","format":"standard","meta":{"footnotes":""},"categories":[20],"tags":[],"global-categories":[],"class_list":["post-4774","post","type-post","status-publish","format-standard","has-post-thumbnail","hentry","category-all-the-latest"],"yoast_head":"<!-- This site is optimized with the Yoast SEO Premium plugin v25.3 (Yoast SEO v25.9) - https:\/\/yoast.com\/wordpress\/plugins\/seo\/ -->\n<title>Soudal\u2013Quick-Step: On the Wings of Evenepoel<\/title>\n<meta name=\"robots\" content=\"index, follow, max-snippet:-1, max-image-preview:large, max-video-preview:-1\" \/>\n<link rel=\"canonical\" href=\"https:\/\/www.welovecycling.com\/uk\/2023\/05\/10\/soudal-quick-step-on-the-wings-of-evenepoel\/\" \/>\n<meta property=\"og:locale\" content=\"en_GB\" \/>\n<meta property=\"og:type\" content=\"article\" \/>\n<meta property=\"og:title\" content=\"Soudal\u2013Quick-Step: On the Wings of Evenepoel\" \/>\n<meta property=\"og:description\" content=\"Outspoken, adj., &#8220;Frank and unreserved in speech\u201d, like Patrick Levefere, the general manager of the UCI World Team Soudal\u2013Quick-Step. According [&hellip;]\" \/>\n<meta property=\"og:url\" content=\"https:\/\/www.welovecycling.com\/uk\/2023\/05\/10\/soudal-quick-step-on-the-wings-of-evenepoel\/\" \/>\n<meta property=\"og:site_name\" content=\"\u0160koda We Love Cycling - United Kingdom\" \/>\n<meta property=\"article:published_time\" content=\"2023-05-10T09:32:46+00:00\" \/>\n<meta property=\"article:modified_time\" content=\"2023-05-11T09:35:47+00:00\" \/>\n<meta property=\"og:image\" content=\"https:\/\/d2p6e6u75xmxt8.cloudfront.net\/18\/2023\/05\/Soudal-Quick-Step-profimedia-0774880262-CVR.webp\" \/>\n\t<meta property=\"og:image:width\" content=\"990\" \/>\n\t<meta property=\"og:image:height\" content=\"660\" \/>\n\t<meta property=\"og:image:type\" content=\"image\/webp\" \/>\n<meta name=\"author\" content=\"kristianazarina\" \/>\n<meta name=\"twitter:card\" content=\"summary_large_image\" \/>\n<meta name=\"twitter:label1\" content=\"Written by\" \/>\n\t<meta name=\"twitter:data1\" content=\"Siegfried Mortkowitz\" \/>\n\t<meta name=\"twitter:label2\" content=\"Est. reading time\" \/>\n\t<meta name=\"twitter:data2\" content=\"4\" \/>\n<script type=\"application\/ld+json\" class=\"yoast-schema-graph\">{\"@context\":\"https:\/\/schema.org\",\"@graph\":[{\"@type\":\"WebPage\",\"@id\":\"https:\/\/www.welovecycling.com\/uk\/2023\/05\/10\/soudal-quick-step-on-the-wings-of-evenepoel\/\",\"url\":\"https:\/\/www.welovecycling.com\/uk\/2023\/05\/10\/soudal-quick-step-on-the-wings-of-evenepoel\/\",\"name\":\"Soudal\u2013Quick-Step: On the Wings of Evenepoel\",\"isPartOf\":{\"@id\":\"https:\/\/www.welovecycling.com\/uk\/#website\"},\"primaryImageOfPage\":{\"@id\":\"https:\/\/www.welovecycling.com\/uk\/2023\/05\/10\/soudal-quick-step-on-the-wings-of-evenepoel\/#primaryimage\"},\"image\":{\"@id\":\"https:\/\/www.welovecycling.com\/uk\/2023\/05\/10\/soudal-quick-step-on-the-wings-of-evenepoel\/#primaryimage\"},\"thumbnailUrl\":\"https:\/\/d2p6e6u75xmxt8.cloudfront.net\/18\/2023\/05\/Soudal-Quick-Step-profimedia-0774880262-CVR.webp\",\"datePublished\":\"2023-05-10T09:32:46+00:00\",\"dateModified\":\"2023-05-11T09:35:47+00:00\",\"author\":{\"@id\":\"https:\/\/www.welovecycling.com\/uk\/#\/schema\/person\/fd1c4c999735cd9dda80cc2383b1ef42\"},\"inLanguage\":\"en-GB\",\"potentialAction\":[{\"@type\":\"ReadAction\",\"target\":[\"https:\/\/www.welovecycling.com\/uk\/2023\/05\/10\/soudal-quick-step-on-the-wings-of-evenepoel\/\"]}]},{\"@type\":\"ImageObject\",\"inLanguage\":\"en-GB\",\"@id\":\"https:\/\/www.welovecycling.com\/uk\/2023\/05\/10\/soudal-quick-step-on-the-wings-of-evenepoel\/#primaryimage\",\"url\":\"https:\/\/d2p6e6u75xmxt8.cloudfront.net\/18\/2023\/05\/Soudal-Quick-Step-profimedia-0774880262-CVR.webp\",\"contentUrl\":\"https:\/\/d2p6e6u75xmxt8.cloudfront.net\/18\/2023\/05\/Soudal-Quick-Step-profimedia-0774880262-CVR.webp\",\"width\":990,\"height\":660,\"caption\":\"Soudal\u2013Quick Step\"},{\"@type\":\"WebSite\",\"@id\":\"https:\/\/www.welovecycling.com\/uk\/#website\",\"url\":\"https:\/\/www.welovecycling.com\/uk\/\",\"name\":\"\u0160koda We Love Cycling - United Kingdom\",\"description\":\"\u0160koda WeLoveCycling - United Kingdom\",\"potentialAction\":[{\"@type\":\"SearchAction\",\"target\":{\"@type\":\"EntryPoint\",\"urlTemplate\":\"https:\/\/www.welovecycling.com\/uk\/?s={search_term_string}\"},\"query-input\":{\"@type\":\"PropertyValueSpecification\",\"valueRequired\":true,\"valueName\":\"search_term_string\"}}],\"inLanguage\":\"en-GB\"},{\"@type\":\"Person\",\"@id\":\"https:\/\/www.welovecycling.com\/uk\/#\/schema\/person\/fd1c4c999735cd9dda80cc2383b1ef42\",\"name\":\"kristianazarina\",\"image\":{\"@type\":\"ImageObject\",\"inLanguage\":\"en-GB\",\"@id\":\"https:\/\/www.welovecycling.com\/uk\/#\/schema\/person\/image\/\",\"url\":\"https:\/\/secure.gravatar.com\/avatar\/fbbdd380f4e8f4f36affb9be0015a0249ea3a102426007fb301bf9b9bb7a7f9b?s=96&d=mm&r=g\",\"contentUrl\":\"https:\/\/secure.gravatar.com\/avatar\/fbbdd380f4e8f4f36affb9be0015a0249ea3a102426007fb301bf9b9bb7a7f9b?s=96&d=mm&r=g\",\"caption\":\"kristianazarina\"},\"url\":\"https:\/\/www.welovecycling.com\/uk\/author\/kristianazarina\/\"}]}<\/script>\n<!-- \/ Yoast SEO Premium plugin. -->","yoast_head_json":{"title":"Soudal\u2013Quick-Step: On the Wings of Evenepoel","robots":{"index":"index","follow":"follow","max-snippet":"max-snippet:-1","max-image-preview":"max-image-preview:large","max-video-preview":"max-video-preview:-1"},"canonical":"https:\/\/www.welovecycling.com\/uk\/2023\/05\/10\/soudal-quick-step-on-the-wings-of-evenepoel\/","og_locale":"en_GB","og_type":"article","og_title":"Soudal\u2013Quick-Step: On the Wings of Evenepoel","og_description":"Outspoken, adj., &#8220;Frank and unreserved in speech\u201d, like Patrick Levefere, the general manager of the UCI World Team Soudal\u2013Quick-Step. According [&hellip;]","og_url":"https:\/\/www.welovecycling.com\/uk\/2023\/05\/10\/soudal-quick-step-on-the-wings-of-evenepoel\/","og_site_name":"\u0160koda We Love Cycling - United Kingdom","article_published_time":"2023-05-10T09:32:46+00:00","article_modified_time":"2023-05-11T09:35:47+00:00","og_image":[{"width":990,"height":660,"url":"https:\/\/d2p6e6u75xmxt8.cloudfront.net\/18\/2023\/05\/Soudal-Quick-Step-profimedia-0774880262-CVR.webp","type":"image\/webp"}],"author":"kristianazarina","twitter_card":"summary_large_image","twitter_misc":{"Written by":"Siegfried Mortkowitz","Est. reading time":"4"},"schema":{"@context":"https:\/\/schema.org","@graph":[{"@type":"WebPage","@id":"https:\/\/www.welovecycling.com\/uk\/2023\/05\/10\/soudal-quick-step-on-the-wings-of-evenepoel\/","url":"https:\/\/www.welovecycling.com\/uk\/2023\/05\/10\/soudal-quick-step-on-the-wings-of-evenepoel\/","name":"Soudal\u2013Quick-Step: On the Wings of Evenepoel","isPartOf":{"@id":"https:\/\/www.welovecycling.com\/uk\/#website"},"primaryImageOfPage":{"@id":"https:\/\/www.welovecycling.com\/uk\/2023\/05\/10\/soudal-quick-step-on-the-wings-of-evenepoel\/#primaryimage"},"image":{"@id":"https:\/\/www.welovecycling.com\/uk\/2023\/05\/10\/soudal-quick-step-on-the-wings-of-evenepoel\/#primaryimage"},"thumbnailUrl":"https:\/\/d2p6e6u75xmxt8.cloudfront.net\/18\/2023\/05\/Soudal-Quick-Step-profimedia-0774880262-CVR.webp","datePublished":"2023-05-10T09:32:46+00:00","dateModified":"2023-05-11T09:35:47+00:00","author":{"@id":"https:\/\/www.welovecycling.com\/uk\/#\/schema\/person\/fd1c4c999735cd9dda80cc2383b1ef42"},"inLanguage":"en-GB","potentialAction":[{"@type":"ReadAction","target":["https:\/\/www.welovecycling.com\/uk\/2023\/05\/10\/soudal-quick-step-on-the-wings-of-evenepoel\/"]}]},{"@type":"ImageObject","inLanguage":"en-GB","@id":"https:\/\/www.welovecycling.com\/uk\/2023\/05\/10\/soudal-quick-step-on-the-wings-of-evenepoel\/#primaryimage","url":"https:\/\/d2p6e6u75xmxt8.cloudfront.net\/18\/2023\/05\/Soudal-Quick-Step-profimedia-0774880262-CVR.webp","contentUrl":"https:\/\/d2p6e6u75xmxt8.cloudfront.net\/18\/2023\/05\/Soudal-Quick-Step-profimedia-0774880262-CVR.webp","width":990,"height":660,"caption":"Soudal\u2013Quick Step"},{"@type":"WebSite","@id":"https:\/\/www.welovecycling.com\/uk\/#website","url":"https:\/\/www.welovecycling.com\/uk\/","name":"\u0160koda We Love Cycling - United Kingdom","description":"\u0160koda WeLoveCycling - United Kingdom","potentialAction":[{"@type":"SearchAction","target":{"@type":"EntryPoint","urlTemplate":"https:\/\/www.welovecycling.com\/uk\/?s={search_term_string}"},"query-input":{"@type":"PropertyValueSpecification","valueRequired":true,"valueName":"search_term_string"}}],"inLanguage":"en-GB"},{"@type":"Person","@id":"https:\/\/www.welovecycling.com\/uk\/#\/schema\/person\/fd1c4c999735cd9dda80cc2383b1ef42","name":"kristianazarina","image":{"@type":"ImageObject","inLanguage":"en-GB","@id":"https:\/\/www.welovecycling.com\/uk\/#\/schema\/person\/image\/","url":"https:\/\/secure.gravatar.com\/avatar\/fbbdd380f4e8f4f36affb9be0015a0249ea3a102426007fb301bf9b9bb7a7f9b?s=96&d=mm&r=g","contentUrl":"https:\/\/secure.gravatar.com\/avatar\/fbbdd380f4e8f4f36affb9be0015a0249ea3a102426007fb301bf9b9bb7a7f9b?s=96&d=mm&r=g","caption":"kristianazarina"},"url":"https:\/\/www.welovecycling.com\/uk\/author\/kristianazarina\/"}]}},"_links":{"self":[{"href":"https:\/\/www.welovecycling.com\/uk\/wp-json\/wp\/v2\/posts\/4774","targetHints":{"allow":["GET"]}}],"collection":[{"href":"https:\/\/www.welovecycling.com\/uk\/wp-json\/wp\/v2\/posts"}],"about":[{"href":"https:\/\/www.welovecycling.com\/uk\/wp-json\/wp\/v2\/types\/post"}],"author":[{"embeddable":true,"href":"https:\/\/www.welovecycling.com\/uk\/wp-json\/wp\/v2\/users\/167"}],"replies":[{"embeddable":true,"href":"https:\/\/www.welovecycling.com\/uk\/wp-json\/wp\/v2\/comments?post=4774"}],"version-history":[{"count":1,"href":"https:\/\/www.welovecycling.com\/uk\/wp-json\/wp\/v2\/posts\/4774\/revisions"}],"predecessor-version":[{"id":4792,"href":"https:\/\/www.welovecycling.com\/uk\/wp-json\/wp\/v2\/posts\/4774\/revisions\/4792"}],"wp:featuredmedia":[{"embeddable":true,"href":"https:\/\/www.welovecycling.com\/uk\/wp-json\/wp\/v2\/media\/4793"}],"wp:attachment":[{"href":"https:\/\/www.welovecycling.com\/uk\/wp-json\/wp\/v2\/media?parent=4774"}],"wp:term":[{"taxonomy":"category","embeddable":true,"href":"https:\/\/www.welovecycling.com\/uk\/wp-json\/wp\/v2\/categories?post=4774"},{"taxonomy":"post_tag","embeddable":true,"href":"https:\/\/www.welovecycling.com\/uk\/wp-json\/wp\/v2\/tags?post=4774"},{"taxonomy":"global-categories","embeddable":true,"href":"https:\/\/www.welovecycling.com\/uk\/wp-json\/wp\/v2\/global-categories?post=4774"}],"curies":[{"name":"wp","href":"https:\/\/api.w.org\/{rel}","templated":true}]}}