{"id":476,"date":"2021-02-24T12:30:01","date_gmt":"2021-02-24T11:30:01","guid":{"rendered":"https:\/\/www.welovecycling.com\/uk\/?p=476"},"modified":"2021-06-04T16:08:36","modified_gmt":"2021-06-04T14:08:36","slug":"meet-the-skoda-dsi-cycling-academy-team","status":"publish","type":"post","link":"https:\/\/www.welovecycling.com\/uk\/2021\/02\/24\/meet-the-skoda-dsi-cycling-academy-team\/","title":{"rendered":"Meet the \u0160koda DSI Cycling Academy team"},"content":{"rendered":"\n<p>The \u0160koda DSI Cycling Academy is a ground-breaking initiative that has given four talented young riders the chance to develop their skills under the mentorship of Dame Sarah Storey.<\/p>\n\n\n\n<h2 class=\"has-text-align-center wp-block-heading\" id=\"h-meet-the-team\">Meet the team<\/h2>\n\n\n\n<p style=\"font-size:21px\"><strong>Rebecca Richards, Newark<\/strong><\/p>\n\n\n\n<div class=\"wp-block-image\"><figure class=\"alignright size-thumbnail\"><img loading=\"lazy\" decoding=\"async\" width=\"150\" height=\"150\" src=\"https:\/\/d2p6e6u75xmxt8.cloudfront.net\/18\/2021\/02\/Rebecca-Richards-1-150x150.jpg\" alt=\"Rebecca Richards, \u0160koda DSI Cycling Academy rider\" class=\"wp-image-474\" srcset=\"https:\/\/d2p6e6u75xmxt8.cloudfront.net\/18\/2021\/02\/Rebecca-Richards-1-150x150.jpg 150w, https:\/\/d2p6e6u75xmxt8.cloudfront.net\/18\/2021\/02\/Rebecca-Richards-1-1283x1920.jpg 1283w\" sizes=\"auto, (max-width: 150px) 100vw, 150px\" \/><\/figure><\/div>\n\n\n\n<blockquote class=\"wp-block-quote is-layout-flow wp-block-quote-is-layout-flow\"><p><em>I started cycling a few years ago, back when I was a teenager, and have become absolutely obsessed with it: you can nearly always find me training, racing or talking about my road bike!<\/em><\/p><cite>Rebecca Richards<\/cite><\/blockquote>\n\n\n\n<p><strong>A bit about cycling<br><\/strong>I love to train around the Peak District as its challenging terrain for any cyclist! There&#8217;s a good range of sharp and gradual hills to get the legs on fire! My favourite type racing is Crit racing, fast, technical and gets the adrenaline pumping! I ride a Specialized S-Works SL5 Tarmac. The one bit of kit I couldn&#8217;t be without would be my Power meter I love analysing my own data and knowing what I areas I need to work on, I would be lost without it.<\/p>\n\n\n\n<p><strong>Life outside of training<\/strong><br>I work in a Specialized Concept Store, the time once work and training is out of the way is spent either painting or creating content for my social streams.<\/p>\n\n\n\n<p><strong>Dream cycling destination<\/strong><br>My dream cycling destination would have to be somewhere mountainous either Italy with the dolomites or I would love to escape to the Pyrenees.<\/p>\n\n\n\n<p><strong>Favourite Academy experience<\/strong><br>My favourite academy experience would have to be riding L&#8217;etape du tour it was an amazing experience with the locals standing by the road cheering us to the top. One of the most memorable moments I have was going under the &#8220;Welcome to Val Thorens&#8221; sign thinking I was nearly at the finish, only to be greeted by a huge mountain with three or four more hairpins to go before we saw the actual finish line.<\/p>\n\n\n\n<p class=\"has-text-align-right\" style=\"font-size:21px\"><strong>Morgan Newberry, Leicester \/ Sheffield<\/strong><\/p>\n\n\n\n<div class=\"wp-block-image\"><figure class=\"alignleft size-thumbnail\"><img loading=\"lazy\" decoding=\"async\" width=\"150\" height=\"150\" src=\"https:\/\/d2p6e6u75xmxt8.cloudfront.net\/18\/2021\/02\/Morgan-Newberry-2-1-150x150.jpg\" alt=\"\" class=\"wp-image-487\" srcset=\"https:\/\/d2p6e6u75xmxt8.cloudfront.net\/18\/2021\/02\/Morgan-Newberry-2-1-150x150.jpg 150w, https:\/\/d2p6e6u75xmxt8.cloudfront.net\/18\/2021\/02\/Morgan-Newberry-2-1-1283x1920.jpg 1283w\" sizes=\"auto, (max-width: 150px) 100vw, 150px\" \/><\/figure><\/div>\n\n\n\n<blockquote class=\"wp-block-quote has-text-align-right is-layout-flow wp-block-quote-is-layout-flow\"><p><em><em>I\u2019m a female C5 paracyclist venturing into racing bikes. Cycling has always been a massive part of my life, it is an escape from the world we live in where you step out of the front door and pedal off everything that is going on, for me cycling has brought me many friends and experiences<\/em><\/em><\/p><cite>Morgan Newberry<\/cite><\/blockquote>\n\n\n\n<p><strong>A bit about cycling<br><\/strong>I am very lucky to live 30 minutes away from the Peak District, so I spend most of my time out in the hills climbing and descending &#8211; great fun and amazing views. I also actually &#8216;like&#8217; to train on Zwift, which I find a motivating platform great to hit out the sessions that need to be done. I ride a Liv Langma and couldn&#8217;t be without my Wahoo bike computer for exploring! Track racing and pursuit events are my favourite &#8211; it is just you against the bike, similar to a TT which I also enjoy very much.<\/p>\n\n\n\n<p><strong>Life outside of training<\/strong><br>I am into my final semester at Sheffield Hallam university where I have studied Nutrition, exploring the relationships between endurance athletes (predominantly cyclists) and the dietary restrictions that are employed to reduce exercise induced gastrointestinal symptoms.&nbsp; I really love a good walk, exploring a new place with others, a picnic and caf\u00e9 stop where appropriate. Riding with friends is obviously a big love too!<\/p>\n\n\n\n<p><strong>Dream cycling destination<\/strong><br>A bike holiday in the Pyrenees is what I would very much like to do, beautiful views.<\/p>\n\n\n\n<p><strong>Favourite Academy experience<\/strong><br>Riding the E&#8217;tape in 2019, 135km but with over 4500 metres of climbing. Finishing with a climb up the Val Thorens, a 35km climb. It nearly broke me as a day out but wow it was incredible to reach that finish line after probably one of the most mentally and physically toughest experiences ever!<\/p>\n\n\n\n<p class=\"has-text-align-left\" style=\"font-size:21px\"><strong>Meredith Gilbert, Brighton <\/strong><\/p>\n\n\n\n<div class=\"wp-block-image\"><figure class=\"alignright size-thumbnail\"><img loading=\"lazy\" decoding=\"async\" width=\"150\" height=\"150\" src=\"https:\/\/d2p6e6u75xmxt8.cloudfront.net\/18\/2021\/02\/Meredith-Gilbert-150x150.jpg\" alt=\"\" class=\"wp-image-491\" srcset=\"https:\/\/d2p6e6u75xmxt8.cloudfront.net\/18\/2021\/02\/Meredith-Gilbert-150x150.jpg 150w, https:\/\/d2p6e6u75xmxt8.cloudfront.net\/18\/2021\/02\/Meredith-Gilbert-1282x1920.jpg 1282w\" sizes=\"auto, (max-width: 150px) 100vw, 150px\" \/><\/figure><\/div>\n\n\n\n<blockquote class=\"wp-block-quote has-text-align-left is-layout-flow wp-block-quote-is-layout-flow\"><p><em><em>I started cycling my commute in 2018 and rode the 15 miles journey each way nearly every day for a year. In May 2019 I got my first road bike  and absolutely loved how much faster, smoother and stiffer the bike felt compared to my commuter.<\/em><\/em><\/p><cite>Meredith Gilbert<\/cite><\/blockquote>\n\n\n\n<p><strong>A bit about cycling<br><\/strong>I do 99% of my training on the turbo, but I do love riding round the Sussex lanes, especially when the weather is good! I ride an Orro Gold STC, and I couldn&#8217;t be without a Wahoo Kickr Core Turbo. I&#8217;ve enjoyed time trailing, but this may just be because I&#8217;m still daunted by riding so close to other riders.<\/p>\n\n\n\n<p><strong>Life outside of training<\/strong><br>I&#8217;m an apprentice, so am both working and studying to become a structural engineer. Outside of this work and training, I cook a lot and (secretly) love running!<\/p>\n\n\n\n<p><strong>Dream cycling destination<\/strong><br>My dream cycling destination would be around the fjords in Norway.<\/p>\n\n\n\n<p><strong>Favourite Academy experienc<\/strong>e<br>My favourite moment would actually be the testing day. It was amazing to meet&nbsp;so many talented female riders from across the country, all of us there because we love and care about the same sport!<\/p>\n\n\n\n<p class=\"has-text-align-right\" style=\"font-size:21px\"><strong>Megan Dickerson, Bristol<\/strong><\/p>\n\n\n\n<div class=\"wp-block-image\"><figure class=\"alignleft size-thumbnail\"><img loading=\"lazy\" decoding=\"async\" width=\"150\" height=\"150\" src=\"https:\/\/d2p6e6u75xmxt8.cloudfront.net\/18\/2021\/02\/Megan-Dickerson-150x150.jpg\" alt=\"\" class=\"wp-image-490\" srcset=\"https:\/\/d2p6e6u75xmxt8.cloudfront.net\/18\/2021\/02\/Megan-Dickerson-150x150.jpg 150w, https:\/\/d2p6e6u75xmxt8.cloudfront.net\/18\/2021\/02\/Megan-Dickerson-1283x1920.jpg 1283w\" sizes=\"auto, (max-width: 150px) 100vw, 150px\" \/><\/figure><\/div>\n\n\n\n<blockquote class=\"wp-block-quote has-text-align-right is-layout-flow wp-block-quote-is-layout-flow\"><p><em><em>I first began riding during my first year of university in 2015, racing as part of the university club from 2016, and with my local club. I have focused on time trialling for the 2019 season, finishing 16th in the BC National TT Championships and 5th at the CTT National 10-mile TT.<\/em><\/em><\/p><cite>Megan Dickerson<\/cite><\/blockquote>\n\n\n\n<p><strong>A bit about cycling<br><\/strong>The Cotswolds and South Wales feature in some of my favourite local training routes and my favourite kind of racing has to be time trialling. My TT bike is a Pinarello Bolide and my road bike is a Pinarello Dogma F12, I couldn&#8217;t be without my Enve wheels!<\/p>\n\n\n\n<p><strong>Life outside of training<\/strong><br>I&#8217;m a social media manager at SHIFT Active Media, I spend most of my spare time training, sleeping, eating, and hanging out with friends (when that&#8217;s allowed). I love a local coffee shop (FCP Coffee in Bristol is my favourite place to while away an afternoon in the company of good friends, excellent coffee, and top quality baked goods). I&#8217;m a big fan of a bit of an off road adventure with my partner and anytime I&#8217;m at home with nothing else to do I&#8217;ll probably be watching bike racing&#8230;<\/p>\n\n\n\n<p><strong>Dream cycling destination<\/strong><br>Either the French Alps or Girona, I&#8217;d love to visit Morzine again, the location of my first ever cycling holiday.<\/p>\n\n\n\n<p><strong>Favourite Academy experience<\/strong><br>It&#8217;s got to be a toss up between the first Thruxton event, where I made the podium in the individual event and then we won the team time trial. I loved that we were all there supporting one another and also that my family and many friends from the time trialling community were there too. But also the E&#8217;tape which was just a brutal day on the bike but such a mega experience with a lot of laughs and fun with the whole team.<\/p>\n\n\n\n<h2 class=\"has-text-align-left wp-block-heading\" id=\"h-join-the-koda-dsi-cycling-academy\"><strong>Join the \u0160koda DSI Cycling Academy<\/strong><\/h2>\n\n\n\n<p>The Academy is now looking for two new riders to join them for their 2021 programme for a series of on and off bike opportunities throughout 2021, to provide incredible experiences and help develop their careers. <br>Applications are now open until Friday 5th March.<br>Find out more information <a href=\"https:\/\/www.welovecycling.com\/uk\/2021\/02\/03\/skoda-dsi-cycling-academy-recruitment\/\">here<\/a>.<br>Apply <a href=\"https:\/\/www.skoda.co.uk\/discover\/cycling-academy-sign-up\">here<\/a>. <\/p>\n\n\n\n<figure class=\"wp-block-image size-large\"><img loading=\"lazy\" decoding=\"async\" width=\"1024\" height=\"539\" src=\"https:\/\/d2p6e6u75xmxt8.cloudfront.net\/18\/2021\/02\/Skoda-Cycling-Academy-Logo-1024x539.jpg\" alt=\"\" class=\"wp-image-498\" srcset=\"https:\/\/d2p6e6u75xmxt8.cloudfront.net\/18\/2021\/02\/Skoda-Cycling-Academy-Logo-1024x539.jpg 1024w, https:\/\/d2p6e6u75xmxt8.cloudfront.net\/18\/2021\/02\/Skoda-Cycling-Academy-Logo-300x158.jpg 300w, https:\/\/d2p6e6u75xmxt8.cloudfront.net\/18\/2021\/02\/Skoda-Cycling-Academy-Logo-768x404.jpg 768w, https:\/\/d2p6e6u75xmxt8.cloudfront.net\/18\/2021\/02\/Skoda-Cycling-Academy-Logo-1536x808.jpg 1536w, https:\/\/d2p6e6u75xmxt8.cloudfront.net\/18\/2021\/02\/Skoda-Cycling-Academy-Logo-2048x1077.jpg 2048w, https:\/\/d2p6e6u75xmxt8.cloudfront.net\/18\/2021\/02\/Skoda-Cycling-Academy-Logo-1920x1010.jpg 1920w, https:\/\/d2p6e6u75xmxt8.cloudfront.net\/18\/2021\/02\/Skoda-Cycling-Academy-Logo-1920x1010.jpg 1920w\" sizes=\"auto, (max-width: 1024px) 100vw, 1024px\" \/><\/figure>\n","protected":false},"excerpt":{"rendered":"<p>The \u0160koda DSI Cycling Academy is a ground-breaking initiative that has given four talented young riders the chance to develop [&hellip;]<\/p>\n","protected":false},"author":132,"featured_media":484,"comment_status":"open","ping_status":"open","sticky":false,"template":"","format":"standard","meta":{"footnotes":""},"categories":[25,50],"tags":[],"global-categories":[],"class_list":["post-476","post","type-post","status-publish","format-standard","has-post-thumbnail","hentry","category-thisisourtime","category-skoda-dsi-cycling-academy"],"yoast_head":"<!-- This site is optimized with the Yoast SEO Premium plugin v25.3 (Yoast SEO v25.9) - https:\/\/yoast.com\/wordpress\/plugins\/seo\/ -->\n<title>Meet the \u0160koda DSI Cycling Academy team - \u0160koda We Love Cycling - United Kingdom<\/title>\n<meta name=\"description\" content=\"Meet the \u0160koda DSI Cycling Academy team. The \u0160koda DSI Cycling Academy is a ground-breaking initiative that has given four talented young riders the chance to develop their skills under the mentorship of Dame Sarah Storey.\" \/>\n<meta name=\"robots\" content=\"index, follow, max-snippet:-1, max-image-preview:large, max-video-preview:-1\" \/>\n<link rel=\"canonical\" href=\"https:\/\/www.welovecycling.com\/uk\/2021\/02\/24\/meet-the-skoda-dsi-cycling-academy-team\/\" \/>\n<meta property=\"og:locale\" content=\"en_GB\" \/>\n<meta property=\"og:type\" content=\"article\" \/>\n<meta property=\"og:title\" content=\"Meet the \u0160koda DSI Cycling Academy team\" \/>\n<meta property=\"og:description\" content=\"The \u0160koda DSI Cycling Academy is a ground-breaking initiative that has given four talented young riders the chance to develop their skills under the mentorship of Dame Sarah Storey.\" \/>\n<meta property=\"og:url\" content=\"https:\/\/www.welovecycling.com\/uk\/2021\/02\/24\/meet-the-skoda-dsi-cycling-academy-team\/\" \/>\n<meta property=\"og:site_name\" content=\"\u0160koda We Love Cycling - United Kingdom\" \/>\n<meta property=\"article:published_time\" content=\"2021-02-24T11:30:01+00:00\" \/>\n<meta property=\"article:modified_time\" content=\"2021-06-04T14:08:36+00:00\" \/>\n<meta property=\"og:image\" content=\"https:\/\/d2p6e6u75xmxt8.cloudfront.net\/18\/2021\/02\/CFB_7658-scaled.jpg\" \/>\n\t<meta property=\"og:image:width\" content=\"2560\" \/>\n\t<meta property=\"og:image:height\" content=\"1707\" \/>\n\t<meta property=\"og:image:type\" content=\"image\/jpeg\" \/>\n<meta name=\"author\" content=\"Ella Mugglestone\" \/>\n<meta name=\"twitter:card\" content=\"summary_large_image\" \/>\n<meta name=\"twitter:title\" content=\"Meet the \u0160koda DSI Cycling Academy team\" \/>\n<meta name=\"twitter:description\" content=\"The \u0160koda DSI Cycling Academy is a ground-breaking initiative that has given four talented young riders the chance to develop their skills under the mentorship of Dame Sarah Storey.\" \/>\n<meta name=\"twitter:label1\" content=\"Written by\" \/>\n\t<meta name=\"twitter:data1\" content=\"Ella Mugglestone\" \/>\n\t<meta name=\"twitter:label2\" content=\"Est. reading time\" \/>\n\t<meta name=\"twitter:data2\" content=\"6 minutes\" \/>\n<script type=\"application\/ld+json\" class=\"yoast-schema-graph\">{\"@context\":\"https:\/\/schema.org\",\"@graph\":[{\"@type\":\"WebPage\",\"@id\":\"https:\/\/www.welovecycling.com\/uk\/2021\/02\/24\/meet-the-skoda-dsi-cycling-academy-team\/\",\"url\":\"https:\/\/www.welovecycling.com\/uk\/2021\/02\/24\/meet-the-skoda-dsi-cycling-academy-team\/\",\"name\":\"Meet the \u0160koda DSI Cycling Academy team - \u0160koda We Love Cycling - United Kingdom\",\"isPartOf\":{\"@id\":\"https:\/\/www.welovecycling.com\/uk\/#website\"},\"primaryImageOfPage\":{\"@id\":\"https:\/\/www.welovecycling.com\/uk\/2021\/02\/24\/meet-the-skoda-dsi-cycling-academy-team\/#primaryimage\"},\"image\":{\"@id\":\"https:\/\/www.welovecycling.com\/uk\/2021\/02\/24\/meet-the-skoda-dsi-cycling-academy-team\/#primaryimage\"},\"thumbnailUrl\":\"https:\/\/d2p6e6u75xmxt8.cloudfront.net\/18\/2021\/02\/CFB_7658-scaled.jpg\",\"datePublished\":\"2021-02-24T11:30:01+00:00\",\"dateModified\":\"2021-06-04T14:08:36+00:00\",\"author\":{\"@id\":\"https:\/\/www.welovecycling.com\/uk\/#\/schema\/person\/8847506f8b1964d05d27320ef11d61c9\"},\"description\":\"Meet the \u0160koda DSI Cycling Academy team. The \u0160koda DSI Cycling Academy is a ground-breaking initiative that has given four talented young riders the chance to develop their skills under the mentorship of Dame Sarah Storey.\",\"inLanguage\":\"en-GB\",\"potentialAction\":[{\"@type\":\"ReadAction\",\"target\":[\"https:\/\/www.welovecycling.com\/uk\/2021\/02\/24\/meet-the-skoda-dsi-cycling-academy-team\/\"]}]},{\"@type\":\"ImageObject\",\"inLanguage\":\"en-GB\",\"@id\":\"https:\/\/www.welovecycling.com\/uk\/2021\/02\/24\/meet-the-skoda-dsi-cycling-academy-team\/#primaryimage\",\"url\":\"https:\/\/d2p6e6u75xmxt8.cloudfront.net\/18\/2021\/02\/CFB_7658-scaled.jpg\",\"contentUrl\":\"https:\/\/d2p6e6u75xmxt8.cloudfront.net\/18\/2021\/02\/CFB_7658-scaled.jpg\",\"width\":2560,\"height\":1707,\"caption\":\"\u0160koda DSI Cycling Academy\"},{\"@type\":\"WebSite\",\"@id\":\"https:\/\/www.welovecycling.com\/uk\/#website\",\"url\":\"https:\/\/www.welovecycling.com\/uk\/\",\"name\":\"\u0160koda We Love Cycling - United Kingdom\",\"description\":\"\u0160koda WeLoveCycling - United Kingdom\",\"potentialAction\":[{\"@type\":\"SearchAction\",\"target\":{\"@type\":\"EntryPoint\",\"urlTemplate\":\"https:\/\/www.welovecycling.com\/uk\/?s={search_term_string}\"},\"query-input\":{\"@type\":\"PropertyValueSpecification\",\"valueRequired\":true,\"valueName\":\"search_term_string\"}}],\"inLanguage\":\"en-GB\"},{\"@type\":\"Person\",\"@id\":\"https:\/\/www.welovecycling.com\/uk\/#\/schema\/person\/8847506f8b1964d05d27320ef11d61c9\",\"name\":\"Ella Mugglestone\",\"image\":{\"@type\":\"ImageObject\",\"inLanguage\":\"en-GB\",\"@id\":\"https:\/\/www.welovecycling.com\/uk\/#\/schema\/person\/image\/\",\"url\":\"https:\/\/secure.gravatar.com\/avatar\/2138703481ea8b26a201567fa0a14addd00aea42f656e1b7f6a829c0e80e0f40?s=96&d=mm&r=g\",\"contentUrl\":\"https:\/\/secure.gravatar.com\/avatar\/2138703481ea8b26a201567fa0a14addd00aea42f656e1b7f6a829c0e80e0f40?s=96&d=mm&r=g\",\"caption\":\"Ella Mugglestone\"},\"url\":\"https:\/\/www.welovecycling.com\/uk\/author\/ellamugglestone\/\"}]}<\/script>\n<!-- \/ Yoast SEO Premium plugin. -->","yoast_head_json":{"title":"Meet the \u0160koda DSI Cycling Academy team - \u0160koda We Love Cycling - United Kingdom","description":"Meet the \u0160koda DSI Cycling Academy team. The \u0160koda DSI Cycling Academy is a ground-breaking initiative that has given four talented young riders the chance to develop their skills under the mentorship of Dame Sarah Storey.","robots":{"index":"index","follow":"follow","max-snippet":"max-snippet:-1","max-image-preview":"max-image-preview:large","max-video-preview":"max-video-preview:-1"},"canonical":"https:\/\/www.welovecycling.com\/uk\/2021\/02\/24\/meet-the-skoda-dsi-cycling-academy-team\/","og_locale":"en_GB","og_type":"article","og_title":"Meet the \u0160koda DSI Cycling Academy team","og_description":"The \u0160koda DSI Cycling Academy is a ground-breaking initiative that has given four talented young riders the chance to develop their skills under the mentorship of Dame Sarah Storey.","og_url":"https:\/\/www.welovecycling.com\/uk\/2021\/02\/24\/meet-the-skoda-dsi-cycling-academy-team\/","og_site_name":"\u0160koda We Love Cycling - United Kingdom","article_published_time":"2021-02-24T11:30:01+00:00","article_modified_time":"2021-06-04T14:08:36+00:00","og_image":[{"width":2560,"height":1707,"url":"https:\/\/d2p6e6u75xmxt8.cloudfront.net\/18\/2021\/02\/CFB_7658-scaled.jpg","type":"image\/jpeg"}],"author":"Ella Mugglestone","twitter_card":"summary_large_image","twitter_title":"Meet the \u0160koda DSI Cycling Academy team","twitter_description":"The \u0160koda DSI Cycling Academy is a ground-breaking initiative that has given four talented young riders the chance to develop their skills under the mentorship of Dame Sarah Storey.","twitter_misc":{"Written by":"Ella Mugglestone","Est. reading time":"6 minutes"},"schema":{"@context":"https:\/\/schema.org","@graph":[{"@type":"WebPage","@id":"https:\/\/www.welovecycling.com\/uk\/2021\/02\/24\/meet-the-skoda-dsi-cycling-academy-team\/","url":"https:\/\/www.welovecycling.com\/uk\/2021\/02\/24\/meet-the-skoda-dsi-cycling-academy-team\/","name":"Meet the \u0160koda DSI Cycling Academy team - \u0160koda We Love Cycling - United Kingdom","isPartOf":{"@id":"https:\/\/www.welovecycling.com\/uk\/#website"},"primaryImageOfPage":{"@id":"https:\/\/www.welovecycling.com\/uk\/2021\/02\/24\/meet-the-skoda-dsi-cycling-academy-team\/#primaryimage"},"image":{"@id":"https:\/\/www.welovecycling.com\/uk\/2021\/02\/24\/meet-the-skoda-dsi-cycling-academy-team\/#primaryimage"},"thumbnailUrl":"https:\/\/d2p6e6u75xmxt8.cloudfront.net\/18\/2021\/02\/CFB_7658-scaled.jpg","datePublished":"2021-02-24T11:30:01+00:00","dateModified":"2021-06-04T14:08:36+00:00","author":{"@id":"https:\/\/www.welovecycling.com\/uk\/#\/schema\/person\/8847506f8b1964d05d27320ef11d61c9"},"description":"Meet the \u0160koda DSI Cycling Academy team. The \u0160koda DSI Cycling Academy is a ground-breaking initiative that has given four talented young riders the chance to develop their skills under the mentorship of Dame Sarah Storey.","inLanguage":"en-GB","potentialAction":[{"@type":"ReadAction","target":["https:\/\/www.welovecycling.com\/uk\/2021\/02\/24\/meet-the-skoda-dsi-cycling-academy-team\/"]}]},{"@type":"ImageObject","inLanguage":"en-GB","@id":"https:\/\/www.welovecycling.com\/uk\/2021\/02\/24\/meet-the-skoda-dsi-cycling-academy-team\/#primaryimage","url":"https:\/\/d2p6e6u75xmxt8.cloudfront.net\/18\/2021\/02\/CFB_7658-scaled.jpg","contentUrl":"https:\/\/d2p6e6u75xmxt8.cloudfront.net\/18\/2021\/02\/CFB_7658-scaled.jpg","width":2560,"height":1707,"caption":"\u0160koda DSI Cycling Academy"},{"@type":"WebSite","@id":"https:\/\/www.welovecycling.com\/uk\/#website","url":"https:\/\/www.welovecycling.com\/uk\/","name":"\u0160koda We Love Cycling - United Kingdom","description":"\u0160koda WeLoveCycling - United Kingdom","potentialAction":[{"@type":"SearchAction","target":{"@type":"EntryPoint","urlTemplate":"https:\/\/www.welovecycling.com\/uk\/?s={search_term_string}"},"query-input":{"@type":"PropertyValueSpecification","valueRequired":true,"valueName":"search_term_string"}}],"inLanguage":"en-GB"},{"@type":"Person","@id":"https:\/\/www.welovecycling.com\/uk\/#\/schema\/person\/8847506f8b1964d05d27320ef11d61c9","name":"Ella Mugglestone","image":{"@type":"ImageObject","inLanguage":"en-GB","@id":"https:\/\/www.welovecycling.com\/uk\/#\/schema\/person\/image\/","url":"https:\/\/secure.gravatar.com\/avatar\/2138703481ea8b26a201567fa0a14addd00aea42f656e1b7f6a829c0e80e0f40?s=96&d=mm&r=g","contentUrl":"https:\/\/secure.gravatar.com\/avatar\/2138703481ea8b26a201567fa0a14addd00aea42f656e1b7f6a829c0e80e0f40?s=96&d=mm&r=g","caption":"Ella Mugglestone"},"url":"https:\/\/www.welovecycling.com\/uk\/author\/ellamugglestone\/"}]}},"_links":{"self":[{"href":"https:\/\/www.welovecycling.com\/uk\/wp-json\/wp\/v2\/posts\/476","targetHints":{"allow":["GET"]}}],"collection":[{"href":"https:\/\/www.welovecycling.com\/uk\/wp-json\/wp\/v2\/posts"}],"about":[{"href":"https:\/\/www.welovecycling.com\/uk\/wp-json\/wp\/v2\/types\/post"}],"author":[{"embeddable":true,"href":"https:\/\/www.welovecycling.com\/uk\/wp-json\/wp\/v2\/users\/132"}],"replies":[{"embeddable":true,"href":"https:\/\/www.welovecycling.com\/uk\/wp-json\/wp\/v2\/comments?post=476"}],"version-history":[{"count":2,"href":"https:\/\/www.welovecycling.com\/uk\/wp-json\/wp\/v2\/posts\/476\/revisions"}],"predecessor-version":[{"id":506,"href":"https:\/\/www.welovecycling.com\/uk\/wp-json\/wp\/v2\/posts\/476\/revisions\/506"}],"wp:featuredmedia":[{"embeddable":true,"href":"https:\/\/www.welovecycling.com\/uk\/wp-json\/wp\/v2\/media\/484"}],"wp:attachment":[{"href":"https:\/\/www.welovecycling.com\/uk\/wp-json\/wp\/v2\/media?parent=476"}],"wp:term":[{"taxonomy":"category","embeddable":true,"href":"https:\/\/www.welovecycling.com\/uk\/wp-json\/wp\/v2\/categories?post=476"},{"taxonomy":"post_tag","embeddable":true,"href":"https:\/\/www.welovecycling.com\/uk\/wp-json\/wp\/v2\/tags?post=476"},{"taxonomy":"global-categories","embeddable":true,"href":"https:\/\/www.welovecycling.com\/uk\/wp-json\/wp\/v2\/global-categories?post=476"}],"curies":[{"name":"wp","href":"https:\/\/api.w.org\/{rel}","templated":true}]}}