{"id":3560,"date":"2022-09-30T10:54:48","date_gmt":"2022-09-30T08:54:48","guid":{"rendered":"https:\/\/www.welovecycling.com\/uk\/?p=3560"},"modified":"2022-09-30T10:54:48","modified_gmt":"2022-09-30T08:54:48","slug":"womens-road-cycling-news-what-awaits-us-in-2023","status":"publish","type":"post","link":"https:\/\/www.welovecycling.com\/uk\/2022\/09\/30\/womens-road-cycling-news-what-awaits-us-in-2023\/","title":{"rendered":"Women\u2019s Road Cycling News: What Awaits Us in 2023"},"content":{"rendered":"<p><strong>The 2022 racing season is coming to a close. The UCI World Championships are over and Annemiek van Vleuten proved once again that she is an unstoppable legend who even an elbow fracture couldn\u2019t hold back. In the under 23 category, Niamh Fisher-Black of New Zealand earned herself an inaugural victory and a place in the cycling history books. All things told, it has been a heck of a racing season, and we are a bit sad to see it in its twilight. From Paris-Roubaix to the Tour de France Femmes, 2022 was a turning point for getting women\u2019s cycling more of the attention it deserves.<\/strong><\/p>\n<p><!--more--><\/p>\n<p>The official Women\u2019s World Tour calendar will wrap up early next month with the Tour de Romandie F\u00e9minin, which runs between 7-9 October in Switzerland. With only one more race to go, it is time to start looking ahead to next year\u2019s schedule. Let\u2019s round up some of the notable news items that will impact the women\u2019s road racing landscape in 2023!<\/p>\n<h2><strong>Canyon\/\/SRAM is banking on new talent<\/strong><\/h2>\n<p>Currently home to 15 riders from 11 different countries, Canyon\/\/SRAM looks to be planning for even brighter days down the road. They have signed 25-year-old Polish rider Agnieszka Skalniak-S\u00f3jka who won the national title in the individual time trial in 2022. In addition, Dutch road and track rider Maike van der Duin will join the squad through to 2024. The Dutch rider won four medals at the U23 European Track Championships, including a gold in the scratch race and later won a silver medal in the same event at the UCI Track World Championships.<\/p>\n<h2><strong>Liane Lippert goes to Movistar<\/strong><\/h2>\n<p>Team Movistar is clearly committed to strengthening their squad by adding Liane Lippert, formerly Team DSM. The German rider has just pulled off one of her best seasons to date, coming in fourth at the UCI World Championship road race, second overall at the Tour of Scandinavia, taking the national title in June, and securing third at both Amstel Gold and Brabantse Pijl.<\/p>\n<p>Lippert has joined Movistar on a 3-year contract, illustrating the team&#8217;s commitment to establishing themselves in the long-term and remaining a significant force in the UCI Women\u2019s World Tour. Lippert joins a roster featuring the likes of Emma Norsgaard, Arlenis Sierra, Paula Pati\u00f1o, and Spaniards Sheyla Guti\u00e9rrez and Sara Mart\u00edn. Not to mention the<a href=\"https:\/\/www.welovecycling.com\/wide\/2022\/07\/31\/van-vleuten-wins-tour-de-france-femmes-thats-actually-a-dream-that-comes-true\/\" target=\"_blank\" rel=\"noopener\"> world\u2019s best rider, Annemiek van Vleuten,<\/a> in her farewell season.<\/p>\n<figure id=\"attachment_3564\" aria-describedby=\"caption-attachment-3564\" style=\"width: 1000px\" class=\"wp-caption alignnone\"><a href=\"https:\/\/d2p6e6u75xmxt8.cloudfront.net\/18\/2022\/09\/Annemiek-van-Vleuten-profimedia-0725693042.jpg\"><img loading=\"lazy\" decoding=\"async\" class=\"size-full wp-image-3564\" src=\"https:\/\/d2p6e6u75xmxt8.cloudfront.net\/18\/2022\/09\/Annemiek-van-Vleuten-profimedia-0725693042.jpg\" alt=\"Annemiek van Vleuten\" width=\"1000\" height=\"666\" srcset=\"https:\/\/d2p6e6u75xmxt8.cloudfront.net\/18\/2022\/09\/Annemiek-van-Vleuten-profimedia-0725693042.jpg 1000w, https:\/\/d2p6e6u75xmxt8.cloudfront.net\/18\/2022\/09\/Annemiek-van-Vleuten-profimedia-0725693042-300x200.jpg 300w, https:\/\/d2p6e6u75xmxt8.cloudfront.net\/18\/2022\/09\/Annemiek-van-Vleuten-profimedia-0725693042-768x511.jpg 768w\" sizes=\"auto, (max-width: 1000px) 100vw, 1000px\" \/><\/a><figcaption id=\"caption-attachment-3564\" class=\"wp-caption-text\">Van Vleuten will retire at the end of 2023. \u00a9 Profimedia<\/figcaption><\/figure>\n<h2><strong>Team SD Works grows stronger<\/strong><\/h2>\n<p>Team SD Worx announced it had strengthened its ranks for the coming two seasons, with Dutch riders Mischa Bredewold and Femke Markus joining the team. The riders previously rode for Parkhotel Valkenburg, a notable development team which has given rise to some of the peloton\u2019s fiercest riders, including <a href=\"https:\/\/www.welovecycling.com\/wide\/2021\/06\/28\/demi-vollering-shows-no-mercy-at-the-8th-and-final-edition-of-la-course\/\" target=\"_blank\" rel=\"noopener\">Demi Vollering<\/a> and Lorena Wiebes.<\/p>\n<h2><strong>A new World Tour from Spain<\/strong><\/h2>\n<p>The Women\u2019s Continental team Laboral Kuxta-Fundacion Euskadi has expressed their ambitions to secure a Women\u2019s World Tour licence by 2024. The Spanish squad has a \u20ac1.8 million budget and hopes to continue developing riders from the Basque Country while adding several higher-profile international riders. Laboral Kutxa, Orbea and Etxeondo have extended their partnership with the team through to 2029, and team management is hopeful that they will be able to move up to the World Tour.<\/p>\n<p>In other notable news from Spain\u2014from 2023 onwards, Spanish continental teams will need to pay their riders a minimum wage.<\/p>\n<h2><strong>Trek-Segafredo is eyeing the classics<\/strong><\/h2>\n<p>It looks like Trek-Segafredo is going forward with a mandate of experience and consistency. They have extended cooperation with the 35-year-old World, European and National Champion and Hour Record holder Ellen van Dijk for two more years. They\u2019ve also signed with experienced German rider Lisa Klein until 2025. She has been a force in the pro peloton since 2015 and has accumulated 13 professional victories, including the German National Championship title on the road and in the time trial. Australian rider Amanda Spratt will also join Trek-Segafredo for the next two seasons, following 11 years with GreenEDGE.<\/p>\n<h2><strong>It is not goodbye yet<\/strong><\/h2>\n<p>After announcing her retirement early in 2022, Ashleigh Moolman-Pasio has decided it isn\u2019t quite her time yet and has now said she will join AG Insurance-NXTG for the 2023 season.<\/p>\n<p>\u201cI was very certain I would retire after this season,\u201d Moolman-Pasio <a href=\"https:\/\/www.aginsurancenxtg.be\/news\/ashleigh-moolman-pasio-joins-ag-insurance#:~:text=%E2%80%9CI%20was%20very%20certain%20I,been%20so%20here%20we%20are.%E2%80%9D\">said.<\/a> \u201cIt\u2019s what I announced to the world but gradually, the idea to continue started to gain ground in my mind. I had one of my best seasons to date, and even at 36, I make progress every year. My level is higher than it\u2019s ever been, so here we are.\u201d<\/p>\n<p>Among the most experienced riders in the peloton, Moolman-Pasio is a multiple South African champion, world e-sports champion, and one of the top climbers in the world.<\/p>\n<h2><strong>What the riders are saying<\/strong><\/h2>\n<p>Of course, things might look good from the outside but it is also important to listen to the experience of the riders themselves. The Independent union for the women\u2019s peloton, the Cyclists\u2019 Alliance, has been doing a lot of heavy lifting in this respect, and recently released the results of their annual Rider Survey. Overall, there seems to be progress for riders in the Women\u2019s World Tour with improved working conditions and salaries. Meanwhile, many riders in continental teams still struggle with financial difficulties and lack of support. Economic matters remain the main reason why many athletes leave the sport earlier than planned. Details of the survey results <a href=\"https:\/\/cyclistsalliance.org\/2022\/09\/the-cyclists-alliance-annual-rider-survey-results-are-revealed\/\">can be found here.<\/a><\/p>\n<h2><strong>Kicking things off with a bang in 2023<\/strong><\/h2>\n<p>If, like us, you\u2019re already anticipating the excitement that the new year\u2019s racing schedule will bring, take comfort in the fact that things should be off to a roaring start. The first World Tour edition of the Women\u2019s Tour Down Under might only have three stages but there\u2019s going to be a little something for everyone, including the challenging Corkscrew Road. The first stage will be for the sprinters, the second will be suited to puncheurs, and the final one will be all about the climbers. The event is scheduled from 15 to 17 January 2023, preceded by a criterium on 14 January.<\/p>\n<p>In the meantime, don\u2019t miss the <a href=\"https:\/\/tourderomandiefeminin.ch\/\">Tour de Romandie F\u00e9minin,<\/a> which starts on October 7. And, as always, stay tuned for plenty of content from the wonderful world of women\u2019s cycling!<\/p>\n","protected":false},"excerpt":{"rendered":"<p>The 2022 racing season is coming to a close. The UCI World Championships are over and Annemiek van Vleuten proved [&hellip;]<\/p>\n","protected":false},"author":167,"featured_media":3569,"comment_status":"open","ping_status":"open","sticky":false,"template":"","format":"standard","meta":{"footnotes":""},"categories":[20],"tags":[],"global-categories":[],"class_list":["post-3560","post","type-post","status-publish","format-standard","has-post-thumbnail","hentry","category-all-the-latest"],"yoast_head":"<!-- This site is optimized with the Yoast SEO Premium plugin v25.3 (Yoast SEO v25.9) - https:\/\/yoast.com\/wordpress\/plugins\/seo\/ -->\n<title>Women\u2019s Road Cycling News: What Awaits Us in 2023 - We Love Cycling<\/title>\n<meta name=\"description\" content=\"The official Women\u2019s World Tour calendar will wrap up early in October with the Tour de Romandie F\u00e9minin.\" \/>\n<meta name=\"robots\" content=\"index, follow, max-snippet:-1, max-image-preview:large, max-video-preview:-1\" \/>\n<link rel=\"canonical\" href=\"https:\/\/www.welovecycling.com\/uk\/2022\/09\/30\/womens-road-cycling-news-what-awaits-us-in-2023\/\" \/>\n<meta property=\"og:locale\" content=\"en_GB\" \/>\n<meta property=\"og:type\" content=\"article\" \/>\n<meta property=\"og:title\" content=\"Women\u2019s Road Cycling News: What Awaits Us in 2023\" \/>\n<meta property=\"og:description\" content=\"The official Women\u2019s World Tour calendar will wrap up early in October with the Tour de Romandie F\u00e9minin.\" \/>\n<meta property=\"og:url\" content=\"https:\/\/www.welovecycling.com\/uk\/2022\/09\/30\/womens-road-cycling-news-what-awaits-us-in-2023\/\" \/>\n<meta property=\"og:site_name\" content=\"\u0160koda We Love Cycling - United Kingdom\" \/>\n<meta property=\"article:published_time\" content=\"2022-09-30T08:54:48+00:00\" \/>\n<meta property=\"og:image\" content=\"https:\/\/d2p6e6u75xmxt8.cloudfront.net\/18\/2022\/09\/Womens-Peloton-profimedia-0726254810-CVR.jpg\" \/>\n\t<meta property=\"og:image:width\" content=\"990\" \/>\n\t<meta property=\"og:image:height\" content=\"660\" \/>\n\t<meta property=\"og:image:type\" content=\"image\/jpeg\" \/>\n<meta name=\"author\" content=\"kristianazarina\" \/>\n<meta name=\"twitter:card\" content=\"summary_large_image\" \/>\n<meta name=\"twitter:label1\" content=\"Written by\" \/>\n\t<meta name=\"twitter:data1\" content=\"Megan Flottorp\" \/>\n\t<meta name=\"twitter:label2\" content=\"Est. reading time\" \/>\n\t<meta name=\"twitter:data2\" content=\"6\" \/>\n<script type=\"application\/ld+json\" class=\"yoast-schema-graph\">{\"@context\":\"https:\/\/schema.org\",\"@graph\":[{\"@type\":\"WebPage\",\"@id\":\"https:\/\/www.welovecycling.com\/uk\/2022\/09\/30\/womens-road-cycling-news-what-awaits-us-in-2023\/\",\"url\":\"https:\/\/www.welovecycling.com\/uk\/2022\/09\/30\/womens-road-cycling-news-what-awaits-us-in-2023\/\",\"name\":\"Women\u2019s Road Cycling News: What Awaits Us in 2023 - We Love Cycling\",\"isPartOf\":{\"@id\":\"https:\/\/www.welovecycling.com\/uk\/#website\"},\"primaryImageOfPage\":{\"@id\":\"https:\/\/www.welovecycling.com\/uk\/2022\/09\/30\/womens-road-cycling-news-what-awaits-us-in-2023\/#primaryimage\"},\"image\":{\"@id\":\"https:\/\/www.welovecycling.com\/uk\/2022\/09\/30\/womens-road-cycling-news-what-awaits-us-in-2023\/#primaryimage\"},\"thumbnailUrl\":\"https:\/\/d2p6e6u75xmxt8.cloudfront.net\/18\/2022\/09\/Womens-Peloton-profimedia-0726254810-CVR.jpg\",\"datePublished\":\"2022-09-30T08:54:48+00:00\",\"author\":{\"@id\":\"https:\/\/www.welovecycling.com\/uk\/#\/schema\/person\/fd1c4c999735cd9dda80cc2383b1ef42\"},\"description\":\"The official Women\u2019s World Tour calendar will wrap up early in October with the Tour de Romandie F\u00e9minin.\",\"inLanguage\":\"en-GB\",\"potentialAction\":[{\"@type\":\"ReadAction\",\"target\":[\"https:\/\/www.welovecycling.com\/uk\/2022\/09\/30\/womens-road-cycling-news-what-awaits-us-in-2023\/\"]}]},{\"@type\":\"ImageObject\",\"inLanguage\":\"en-GB\",\"@id\":\"https:\/\/www.welovecycling.com\/uk\/2022\/09\/30\/womens-road-cycling-news-what-awaits-us-in-2023\/#primaryimage\",\"url\":\"https:\/\/d2p6e6u75xmxt8.cloudfront.net\/18\/2022\/09\/Womens-Peloton-profimedia-0726254810-CVR.jpg\",\"contentUrl\":\"https:\/\/d2p6e6u75xmxt8.cloudfront.net\/18\/2022\/09\/Womens-Peloton-profimedia-0726254810-CVR.jpg\",\"width\":990,\"height\":660,\"caption\":\"Women's Cycling\"},{\"@type\":\"WebSite\",\"@id\":\"https:\/\/www.welovecycling.com\/uk\/#website\",\"url\":\"https:\/\/www.welovecycling.com\/uk\/\",\"name\":\"\u0160koda We Love Cycling - United Kingdom\",\"description\":\"\u0160koda WeLoveCycling - United Kingdom\",\"potentialAction\":[{\"@type\":\"SearchAction\",\"target\":{\"@type\":\"EntryPoint\",\"urlTemplate\":\"https:\/\/www.welovecycling.com\/uk\/?s={search_term_string}\"},\"query-input\":{\"@type\":\"PropertyValueSpecification\",\"valueRequired\":true,\"valueName\":\"search_term_string\"}}],\"inLanguage\":\"en-GB\"},{\"@type\":\"Person\",\"@id\":\"https:\/\/www.welovecycling.com\/uk\/#\/schema\/person\/fd1c4c999735cd9dda80cc2383b1ef42\",\"name\":\"kristianazarina\",\"image\":{\"@type\":\"ImageObject\",\"inLanguage\":\"en-GB\",\"@id\":\"https:\/\/www.welovecycling.com\/uk\/#\/schema\/person\/image\/\",\"url\":\"https:\/\/secure.gravatar.com\/avatar\/fbbdd380f4e8f4f36affb9be0015a0249ea3a102426007fb301bf9b9bb7a7f9b?s=96&d=mm&r=g\",\"contentUrl\":\"https:\/\/secure.gravatar.com\/avatar\/fbbdd380f4e8f4f36affb9be0015a0249ea3a102426007fb301bf9b9bb7a7f9b?s=96&d=mm&r=g\",\"caption\":\"kristianazarina\"},\"url\":\"https:\/\/www.welovecycling.com\/uk\/author\/kristianazarina\/\"}]}<\/script>\n<!-- \/ Yoast SEO Premium plugin. -->","yoast_head_json":{"title":"Women\u2019s Road Cycling News: What Awaits Us in 2023 - We Love Cycling","description":"The official Women\u2019s World Tour calendar will wrap up early in October with the Tour de Romandie F\u00e9minin.","robots":{"index":"index","follow":"follow","max-snippet":"max-snippet:-1","max-image-preview":"max-image-preview:large","max-video-preview":"max-video-preview:-1"},"canonical":"https:\/\/www.welovecycling.com\/uk\/2022\/09\/30\/womens-road-cycling-news-what-awaits-us-in-2023\/","og_locale":"en_GB","og_type":"article","og_title":"Women\u2019s Road Cycling News: What Awaits Us in 2023","og_description":"The official Women\u2019s World Tour calendar will wrap up early in October with the Tour de Romandie F\u00e9minin.","og_url":"https:\/\/www.welovecycling.com\/uk\/2022\/09\/30\/womens-road-cycling-news-what-awaits-us-in-2023\/","og_site_name":"\u0160koda We Love Cycling - United Kingdom","article_published_time":"2022-09-30T08:54:48+00:00","og_image":[{"width":990,"height":660,"url":"https:\/\/d2p6e6u75xmxt8.cloudfront.net\/18\/2022\/09\/Womens-Peloton-profimedia-0726254810-CVR.jpg","type":"image\/jpeg"}],"author":"kristianazarina","twitter_card":"summary_large_image","twitter_misc":{"Written by":"Megan Flottorp","Est. reading time":"6"},"schema":{"@context":"https:\/\/schema.org","@graph":[{"@type":"WebPage","@id":"https:\/\/www.welovecycling.com\/uk\/2022\/09\/30\/womens-road-cycling-news-what-awaits-us-in-2023\/","url":"https:\/\/www.welovecycling.com\/uk\/2022\/09\/30\/womens-road-cycling-news-what-awaits-us-in-2023\/","name":"Women\u2019s Road Cycling News: What Awaits Us in 2023 - We Love Cycling","isPartOf":{"@id":"https:\/\/www.welovecycling.com\/uk\/#website"},"primaryImageOfPage":{"@id":"https:\/\/www.welovecycling.com\/uk\/2022\/09\/30\/womens-road-cycling-news-what-awaits-us-in-2023\/#primaryimage"},"image":{"@id":"https:\/\/www.welovecycling.com\/uk\/2022\/09\/30\/womens-road-cycling-news-what-awaits-us-in-2023\/#primaryimage"},"thumbnailUrl":"https:\/\/d2p6e6u75xmxt8.cloudfront.net\/18\/2022\/09\/Womens-Peloton-profimedia-0726254810-CVR.jpg","datePublished":"2022-09-30T08:54:48+00:00","author":{"@id":"https:\/\/www.welovecycling.com\/uk\/#\/schema\/person\/fd1c4c999735cd9dda80cc2383b1ef42"},"description":"The official Women\u2019s World Tour calendar will wrap up early in October with the Tour de Romandie F\u00e9minin.","inLanguage":"en-GB","potentialAction":[{"@type":"ReadAction","target":["https:\/\/www.welovecycling.com\/uk\/2022\/09\/30\/womens-road-cycling-news-what-awaits-us-in-2023\/"]}]},{"@type":"ImageObject","inLanguage":"en-GB","@id":"https:\/\/www.welovecycling.com\/uk\/2022\/09\/30\/womens-road-cycling-news-what-awaits-us-in-2023\/#primaryimage","url":"https:\/\/d2p6e6u75xmxt8.cloudfront.net\/18\/2022\/09\/Womens-Peloton-profimedia-0726254810-CVR.jpg","contentUrl":"https:\/\/d2p6e6u75xmxt8.cloudfront.net\/18\/2022\/09\/Womens-Peloton-profimedia-0726254810-CVR.jpg","width":990,"height":660,"caption":"Women's Cycling"},{"@type":"WebSite","@id":"https:\/\/www.welovecycling.com\/uk\/#website","url":"https:\/\/www.welovecycling.com\/uk\/","name":"\u0160koda We Love Cycling - United Kingdom","description":"\u0160koda WeLoveCycling - United Kingdom","potentialAction":[{"@type":"SearchAction","target":{"@type":"EntryPoint","urlTemplate":"https:\/\/www.welovecycling.com\/uk\/?s={search_term_string}"},"query-input":{"@type":"PropertyValueSpecification","valueRequired":true,"valueName":"search_term_string"}}],"inLanguage":"en-GB"},{"@type":"Person","@id":"https:\/\/www.welovecycling.com\/uk\/#\/schema\/person\/fd1c4c999735cd9dda80cc2383b1ef42","name":"kristianazarina","image":{"@type":"ImageObject","inLanguage":"en-GB","@id":"https:\/\/www.welovecycling.com\/uk\/#\/schema\/person\/image\/","url":"https:\/\/secure.gravatar.com\/avatar\/fbbdd380f4e8f4f36affb9be0015a0249ea3a102426007fb301bf9b9bb7a7f9b?s=96&d=mm&r=g","contentUrl":"https:\/\/secure.gravatar.com\/avatar\/fbbdd380f4e8f4f36affb9be0015a0249ea3a102426007fb301bf9b9bb7a7f9b?s=96&d=mm&r=g","caption":"kristianazarina"},"url":"https:\/\/www.welovecycling.com\/uk\/author\/kristianazarina\/"}]}},"_links":{"self":[{"href":"https:\/\/www.welovecycling.com\/uk\/wp-json\/wp\/v2\/posts\/3560","targetHints":{"allow":["GET"]}}],"collection":[{"href":"https:\/\/www.welovecycling.com\/uk\/wp-json\/wp\/v2\/posts"}],"about":[{"href":"https:\/\/www.welovecycling.com\/uk\/wp-json\/wp\/v2\/types\/post"}],"author":[{"embeddable":true,"href":"https:\/\/www.welovecycling.com\/uk\/wp-json\/wp\/v2\/users\/167"}],"replies":[{"embeddable":true,"href":"https:\/\/www.welovecycling.com\/uk\/wp-json\/wp\/v2\/comments?post=3560"}],"version-history":[{"count":1,"href":"https:\/\/www.welovecycling.com\/uk\/wp-json\/wp\/v2\/posts\/3560\/revisions"}],"predecessor-version":[{"id":3568,"href":"https:\/\/www.welovecycling.com\/uk\/wp-json\/wp\/v2\/posts\/3560\/revisions\/3568"}],"wp:featuredmedia":[{"embeddable":true,"href":"https:\/\/www.welovecycling.com\/uk\/wp-json\/wp\/v2\/media\/3569"}],"wp:attachment":[{"href":"https:\/\/www.welovecycling.com\/uk\/wp-json\/wp\/v2\/media?parent=3560"}],"wp:term":[{"taxonomy":"category","embeddable":true,"href":"https:\/\/www.welovecycling.com\/uk\/wp-json\/wp\/v2\/categories?post=3560"},{"taxonomy":"post_tag","embeddable":true,"href":"https:\/\/www.welovecycling.com\/uk\/wp-json\/wp\/v2\/tags?post=3560"},{"taxonomy":"global-categories","embeddable":true,"href":"https:\/\/www.welovecycling.com\/uk\/wp-json\/wp\/v2\/global-categories?post=3560"}],"curies":[{"name":"wp","href":"https:\/\/api.w.org\/{rel}","templated":true}]}}