{"id":2828,"date":"2022-06-15T17:46:49","date_gmt":"2022-06-15T15:46:49","guid":{"rendered":"https:\/\/www.welovecycling.com\/uk\/?p=2828"},"modified":"2022-06-22T17:47:01","modified_gmt":"2022-06-22T15:47:01","slug":"peter-sagan-wins-stage-3-at-tour-de-suisse-its-nice-to-be-back","status":"publish","type":"post","link":"https:\/\/www.welovecycling.com\/uk\/2022\/06\/15\/peter-sagan-wins-stage-3-at-tour-de-suisse-its-nice-to-be-back\/","title":{"rendered":"Peter Sagan Wins Stage 3 at Tour de Suisse: \u2018It\u2019s Nice to Be Back\u2019"},"content":{"rendered":"<p><strong>The legend is celebrating the first win in nine months and the 18th Tour de Suisse triumph overall.<\/strong><\/p>\n<p><!--more--><\/p>\n<p>Peter Sagan managed to work himself into a great position in the final kilometre and launched an early sprint. He faced tough opposition but proved to be the strongest. Bryan Coquard (Cofidis) finished second and Alexander Kristoff (Intermarch\u00e9-Wanty-Gobert Mat\u00e9riaux) third. Kristoff immediately congratulated Sagan on the victory, the Slovak\u2019s first for his new team TotalEnergies.<\/p>\n<div class=\"embed-controller-wrapper\">\n<blockquote class=\"twitter-tweet\" data-width=\"500\" data-dnt=\"true\">\n<p lang=\"fr\" dir=\"ltr\">Strong teamwork on <a href=\"https:\/\/twitter.com\/tds?ref_src=twsrc%5Etfw\">@tds<\/a> stage 3 and first victory in <a href=\"https:\/\/twitter.com\/TeamTotalEnrg?ref_src=twsrc%5Etfw\">@TeamTotalEnrg<\/a> colors! <a href=\"https:\/\/twitter.com\/hashtag\/AllezTotalEnergies?src=hash&amp;ref_src=twsrc%5Etfw\">#AllezTotalEnergies<\/a> <\/p>\n<p>Bel effort d&#39;\u00e9quipe \u00e0 la trosi\u00e8me \u00e9tape du <a href=\"https:\/\/twitter.com\/tds?ref_src=twsrc%5Etfw\">@tds<\/a> et premi\u00e8re victoire sous les couleurs de <a href=\"https:\/\/twitter.com\/TeamTotalEnrg?ref_src=twsrc%5Etfw\">@TeamTotalEnrg<\/a>! <a href=\"https:\/\/twitter.com\/hashtag\/AllezTotalEnergies?src=hash&amp;ref_src=twsrc%5Etfw\">#AllezTotalEnergies<\/a> <a href=\"https:\/\/t.co\/rADV0kmPLA\">pic.twitter.com\/rADV0kmPLA<\/a><\/p>\n<p>&mdash; Peter Sagan (@petosagan) <a href=\"https:\/\/twitter.com\/petosagan\/status\/1536797568000196610?ref_src=twsrc%5Etfw\">June 14, 2022<\/a><\/p><\/blockquote>\n<p><script async data-src=\"https:\/\/platform.twitter.com\/widgets.js\" charset=\"utf-8\"><\/script><\/div>\n<p>\u201cIt\u2019s hard to get back in a racing mood after my sickness and three months without racing, I just needed some time. It\u2019s just a stage win. I\u2019m happy for that and happy for the team. They all did a great job pulling with another team all day. In the end, I just made it.&#8221;<\/p>\n<p>It might be \u201cjust a stage win\u201d in the overall look at Sagan\u2019s career. However, it\u2019s been quite some time since he was at his best. He tested positive for Covid-19 earlier this year and missed a bunch of races. Is this a sign of him truly coming back?<\/p>\n<p>Asked if it was nice to return to winning, Sagan seemed to agree: &#8220;Well, it\u2019s nice to be back.&#8221;<\/p>\n<p>Stephen Williams (Bahrain-Victorious) still remains in the overall lead of the Tour de Suisse with six seconds on Andreas Kron (Lotto Soudal).<\/p>\n<h4><strong>Tour de Suisse \u2013 stage three results<\/strong><\/h4>\n<ol>\n<li>Peter Sagan (TotalEnergies) \u2013 4:28:38<\/li>\n<li>Bryan Coquard (Cofidis)<\/li>\n<li>Alexander Kristoff (Intermarch\u00e9-Wanty-Gobert Mat\u00e9riaux)<\/li>\n<li>Tom Pidcock (Ineos Grenadiers)<\/li>\n<li>Alex Aranburu (Movistar)<\/li>\n<li>Matteo Trentin (UAE Team Emirates)<\/li>\n<li>Cees Bol (Team DSM)<\/li>\n<li>Michael Matthews (BikeExchange-Jayco)<\/li>\n<li>Mike Teunissen (Jumbo-Visma)<\/li>\n<li>Alberto Bettiol (EF Education-EasyPost)<\/li>\n<\/ol>\n<h4><strong>Tour de Suisse \u2013 general classification<\/strong><\/h4>\n<ol>\n<li>Stephen Williams (Bahrain Victorious) \u2013 13:32:19<\/li>\n<li>Andreas Kron (Lotto Soudal) + 6 seconds<\/li>\n<li>Andreas Leknessund (Team DSM) + 7 seconds<\/li>\n<li>Geraint Thomas (Ineos Grenadiers)<\/li>\n<li>Stefan K\u00fcng (Groupama FDJ) + 10 seconds<\/li>\n<li>Sepp Kuss (Jumbo Visma) + 10 seconds<\/li>\n<li>Marc Hirschi (UAE Team Emirates) + 10 seconds<\/li>\n<li>Aleksandr Vlasov (Bora-Hansgrohe) + 10 seconds<\/li>\n<li>Jakob Fuglsang (Israel-Premier Tech) + 10 seconds<\/li>\n<li>Adam Yates (Ineos Grenadiers) + 10 seconds<\/li>\n<\/ol>\n","protected":false},"excerpt":{"rendered":"<p>The legend is celebrating the first win in nine months and the 18th Tour de Suisse triumph overall.<\/p>\n","protected":false},"author":150,"featured_media":2857,"comment_status":"open","ping_status":"open","sticky":false,"template":"","format":"standard","meta":{"footnotes":""},"categories":[20],"tags":[],"global-categories":[],"class_list":["post-2828","post","type-post","status-publish","format-standard","has-post-thumbnail","hentry","category-all-the-latest"],"yoast_head":"<!-- This site is optimized with the Yoast SEO Premium plugin v25.3 (Yoast SEO v25.9) - https:\/\/yoast.com\/wordpress\/plugins\/seo\/ -->\n<title>Peter Sagan Wins Stage 3 at Tour de Suisse: \u2018It\u2019s Nice to Be Back\u2019<\/title>\n<meta name=\"robots\" content=\"index, follow, max-snippet:-1, max-image-preview:large, max-video-preview:-1\" \/>\n<link rel=\"canonical\" href=\"https:\/\/www.welovecycling.com\/uk\/2022\/06\/15\/peter-sagan-wins-stage-3-at-tour-de-suisse-its-nice-to-be-back\/\" \/>\n<meta property=\"og:locale\" content=\"en_GB\" \/>\n<meta property=\"og:type\" content=\"article\" \/>\n<meta property=\"og:title\" content=\"Peter Sagan Wins Stage 3 at Tour de Suisse: \u2018It\u2019s Nice to Be Back\u2019\" \/>\n<meta property=\"og:description\" content=\"The legend is celebrating the first win in nine months and the 18th Tour de Suisse triumph overall.\" \/>\n<meta property=\"og:url\" content=\"https:\/\/www.welovecycling.com\/uk\/2022\/06\/15\/peter-sagan-wins-stage-3-at-tour-de-suisse-its-nice-to-be-back\/\" \/>\n<meta property=\"og:site_name\" content=\"\u0160koda We Love Cycling - United Kingdom\" \/>\n<meta property=\"article:published_time\" content=\"2022-06-15T15:46:49+00:00\" \/>\n<meta property=\"article:modified_time\" content=\"2022-06-22T15:47:01+00:00\" \/>\n<meta property=\"og:image\" content=\"https:\/\/d2p6e6u75xmxt8.cloudfront.net\/18\/2022\/06\/Peter-Sagan-profimedia-0699735589-CVR.jpg\" \/>\n\t<meta property=\"og:image:width\" content=\"990\" \/>\n\t<meta property=\"og:image:height\" content=\"660\" \/>\n\t<meta property=\"og:image:type\" content=\"image\/jpeg\" \/>\n<meta name=\"author\" content=\"judecornish\" \/>\n<meta name=\"twitter:card\" content=\"summary_large_image\" \/>\n<meta name=\"twitter:label1\" content=\"Written by\" \/>\n\t<meta name=\"twitter:data1\" content=\"Monica Buck\" \/>\n\t<meta name=\"twitter:label2\" content=\"Est. reading time\" \/>\n\t<meta name=\"twitter:data2\" content=\"4\" \/>\n<script type=\"application\/ld+json\" class=\"yoast-schema-graph\">{\"@context\":\"https:\/\/schema.org\",\"@graph\":[{\"@type\":\"WebPage\",\"@id\":\"https:\/\/www.welovecycling.com\/uk\/2022\/06\/15\/peter-sagan-wins-stage-3-at-tour-de-suisse-its-nice-to-be-back\/\",\"url\":\"https:\/\/www.welovecycling.com\/uk\/2022\/06\/15\/peter-sagan-wins-stage-3-at-tour-de-suisse-its-nice-to-be-back\/\",\"name\":\"Peter Sagan Wins Stage 3 at Tour de Suisse: \u2018It\u2019s Nice to Be Back\u2019\",\"isPartOf\":{\"@id\":\"https:\/\/www.welovecycling.com\/uk\/#website\"},\"primaryImageOfPage\":{\"@id\":\"https:\/\/www.welovecycling.com\/uk\/2022\/06\/15\/peter-sagan-wins-stage-3-at-tour-de-suisse-its-nice-to-be-back\/#primaryimage\"},\"image\":{\"@id\":\"https:\/\/www.welovecycling.com\/uk\/2022\/06\/15\/peter-sagan-wins-stage-3-at-tour-de-suisse-its-nice-to-be-back\/#primaryimage\"},\"thumbnailUrl\":\"https:\/\/d2p6e6u75xmxt8.cloudfront.net\/18\/2022\/06\/Peter-Sagan-profimedia-0699735589-CVR.jpg\",\"datePublished\":\"2022-06-15T15:46:49+00:00\",\"dateModified\":\"2022-06-22T15:47:01+00:00\",\"author\":{\"@id\":\"https:\/\/www.welovecycling.com\/uk\/#\/schema\/person\/60641537e070036f5291c9a9e7f4f9d2\"},\"inLanguage\":\"en-GB\",\"potentialAction\":[{\"@type\":\"ReadAction\",\"target\":[\"https:\/\/www.welovecycling.com\/uk\/2022\/06\/15\/peter-sagan-wins-stage-3-at-tour-de-suisse-its-nice-to-be-back\/\"]}]},{\"@type\":\"ImageObject\",\"inLanguage\":\"en-GB\",\"@id\":\"https:\/\/www.welovecycling.com\/uk\/2022\/06\/15\/peter-sagan-wins-stage-3-at-tour-de-suisse-its-nice-to-be-back\/#primaryimage\",\"url\":\"https:\/\/d2p6e6u75xmxt8.cloudfront.net\/18\/2022\/06\/Peter-Sagan-profimedia-0699735589-CVR.jpg\",\"contentUrl\":\"https:\/\/d2p6e6u75xmxt8.cloudfront.net\/18\/2022\/06\/Peter-Sagan-profimedia-0699735589-CVR.jpg\",\"width\":990,\"height\":660,\"caption\":\"Peter Sagan\"},{\"@type\":\"WebSite\",\"@id\":\"https:\/\/www.welovecycling.com\/uk\/#website\",\"url\":\"https:\/\/www.welovecycling.com\/uk\/\",\"name\":\"\u0160koda We Love Cycling - United Kingdom\",\"description\":\"\u0160koda WeLoveCycling - United Kingdom\",\"potentialAction\":[{\"@type\":\"SearchAction\",\"target\":{\"@type\":\"EntryPoint\",\"urlTemplate\":\"https:\/\/www.welovecycling.com\/uk\/?s={search_term_string}\"},\"query-input\":{\"@type\":\"PropertyValueSpecification\",\"valueRequired\":true,\"valueName\":\"search_term_string\"}}],\"inLanguage\":\"en-GB\"},{\"@type\":\"Person\",\"@id\":\"https:\/\/www.welovecycling.com\/uk\/#\/schema\/person\/60641537e070036f5291c9a9e7f4f9d2\",\"name\":\"judecornish\",\"image\":{\"@type\":\"ImageObject\",\"inLanguage\":\"en-GB\",\"@id\":\"https:\/\/www.welovecycling.com\/uk\/#\/schema\/person\/image\/\",\"url\":\"https:\/\/secure.gravatar.com\/avatar\/30b2f9a2a7c8d24803a8c271140b53f7fedcffc947be2979cb07ea01343040a6?s=96&d=mm&r=g\",\"contentUrl\":\"https:\/\/secure.gravatar.com\/avatar\/30b2f9a2a7c8d24803a8c271140b53f7fedcffc947be2979cb07ea01343040a6?s=96&d=mm&r=g\",\"caption\":\"judecornish\"},\"url\":\"https:\/\/www.welovecycling.com\/uk\/author\/judecornish\/\"}]}<\/script>\n<!-- \/ Yoast SEO Premium plugin. -->","yoast_head_json":{"title":"Peter Sagan Wins Stage 3 at Tour de Suisse: \u2018It\u2019s Nice to Be Back\u2019","robots":{"index":"index","follow":"follow","max-snippet":"max-snippet:-1","max-image-preview":"max-image-preview:large","max-video-preview":"max-video-preview:-1"},"canonical":"https:\/\/www.welovecycling.com\/uk\/2022\/06\/15\/peter-sagan-wins-stage-3-at-tour-de-suisse-its-nice-to-be-back\/","og_locale":"en_GB","og_type":"article","og_title":"Peter Sagan Wins Stage 3 at Tour de Suisse: \u2018It\u2019s Nice to Be Back\u2019","og_description":"The legend is celebrating the first win in nine months and the 18th Tour de Suisse triumph overall.","og_url":"https:\/\/www.welovecycling.com\/uk\/2022\/06\/15\/peter-sagan-wins-stage-3-at-tour-de-suisse-its-nice-to-be-back\/","og_site_name":"\u0160koda We Love Cycling - United Kingdom","article_published_time":"2022-06-15T15:46:49+00:00","article_modified_time":"2022-06-22T15:47:01+00:00","og_image":[{"width":990,"height":660,"url":"https:\/\/d2p6e6u75xmxt8.cloudfront.net\/18\/2022\/06\/Peter-Sagan-profimedia-0699735589-CVR.jpg","type":"image\/jpeg"}],"author":"judecornish","twitter_card":"summary_large_image","twitter_misc":{"Written by":"Monica Buck","Est. reading time":"4"},"schema":{"@context":"https:\/\/schema.org","@graph":[{"@type":"WebPage","@id":"https:\/\/www.welovecycling.com\/uk\/2022\/06\/15\/peter-sagan-wins-stage-3-at-tour-de-suisse-its-nice-to-be-back\/","url":"https:\/\/www.welovecycling.com\/uk\/2022\/06\/15\/peter-sagan-wins-stage-3-at-tour-de-suisse-its-nice-to-be-back\/","name":"Peter Sagan Wins Stage 3 at Tour de Suisse: \u2018It\u2019s Nice to Be Back\u2019","isPartOf":{"@id":"https:\/\/www.welovecycling.com\/uk\/#website"},"primaryImageOfPage":{"@id":"https:\/\/www.welovecycling.com\/uk\/2022\/06\/15\/peter-sagan-wins-stage-3-at-tour-de-suisse-its-nice-to-be-back\/#primaryimage"},"image":{"@id":"https:\/\/www.welovecycling.com\/uk\/2022\/06\/15\/peter-sagan-wins-stage-3-at-tour-de-suisse-its-nice-to-be-back\/#primaryimage"},"thumbnailUrl":"https:\/\/d2p6e6u75xmxt8.cloudfront.net\/18\/2022\/06\/Peter-Sagan-profimedia-0699735589-CVR.jpg","datePublished":"2022-06-15T15:46:49+00:00","dateModified":"2022-06-22T15:47:01+00:00","author":{"@id":"https:\/\/www.welovecycling.com\/uk\/#\/schema\/person\/60641537e070036f5291c9a9e7f4f9d2"},"inLanguage":"en-GB","potentialAction":[{"@type":"ReadAction","target":["https:\/\/www.welovecycling.com\/uk\/2022\/06\/15\/peter-sagan-wins-stage-3-at-tour-de-suisse-its-nice-to-be-back\/"]}]},{"@type":"ImageObject","inLanguage":"en-GB","@id":"https:\/\/www.welovecycling.com\/uk\/2022\/06\/15\/peter-sagan-wins-stage-3-at-tour-de-suisse-its-nice-to-be-back\/#primaryimage","url":"https:\/\/d2p6e6u75xmxt8.cloudfront.net\/18\/2022\/06\/Peter-Sagan-profimedia-0699735589-CVR.jpg","contentUrl":"https:\/\/d2p6e6u75xmxt8.cloudfront.net\/18\/2022\/06\/Peter-Sagan-profimedia-0699735589-CVR.jpg","width":990,"height":660,"caption":"Peter Sagan"},{"@type":"WebSite","@id":"https:\/\/www.welovecycling.com\/uk\/#website","url":"https:\/\/www.welovecycling.com\/uk\/","name":"\u0160koda We Love Cycling - United Kingdom","description":"\u0160koda WeLoveCycling - United Kingdom","potentialAction":[{"@type":"SearchAction","target":{"@type":"EntryPoint","urlTemplate":"https:\/\/www.welovecycling.com\/uk\/?s={search_term_string}"},"query-input":{"@type":"PropertyValueSpecification","valueRequired":true,"valueName":"search_term_string"}}],"inLanguage":"en-GB"},{"@type":"Person","@id":"https:\/\/www.welovecycling.com\/uk\/#\/schema\/person\/60641537e070036f5291c9a9e7f4f9d2","name":"judecornish","image":{"@type":"ImageObject","inLanguage":"en-GB","@id":"https:\/\/www.welovecycling.com\/uk\/#\/schema\/person\/image\/","url":"https:\/\/secure.gravatar.com\/avatar\/30b2f9a2a7c8d24803a8c271140b53f7fedcffc947be2979cb07ea01343040a6?s=96&d=mm&r=g","contentUrl":"https:\/\/secure.gravatar.com\/avatar\/30b2f9a2a7c8d24803a8c271140b53f7fedcffc947be2979cb07ea01343040a6?s=96&d=mm&r=g","caption":"judecornish"},"url":"https:\/\/www.welovecycling.com\/uk\/author\/judecornish\/"}]}},"_links":{"self":[{"href":"https:\/\/www.welovecycling.com\/uk\/wp-json\/wp\/v2\/posts\/2828","targetHints":{"allow":["GET"]}}],"collection":[{"href":"https:\/\/www.welovecycling.com\/uk\/wp-json\/wp\/v2\/posts"}],"about":[{"href":"https:\/\/www.welovecycling.com\/uk\/wp-json\/wp\/v2\/types\/post"}],"author":[{"embeddable":true,"href":"https:\/\/www.welovecycling.com\/uk\/wp-json\/wp\/v2\/users\/150"}],"replies":[{"embeddable":true,"href":"https:\/\/www.welovecycling.com\/uk\/wp-json\/wp\/v2\/comments?post=2828"}],"version-history":[{"count":1,"href":"https:\/\/www.welovecycling.com\/uk\/wp-json\/wp\/v2\/posts\/2828\/revisions"}],"predecessor-version":[{"id":2913,"href":"https:\/\/www.welovecycling.com\/uk\/wp-json\/wp\/v2\/posts\/2828\/revisions\/2913"}],"wp:featuredmedia":[{"embeddable":true,"href":"https:\/\/www.welovecycling.com\/uk\/wp-json\/wp\/v2\/media\/2857"}],"wp:attachment":[{"href":"https:\/\/www.welovecycling.com\/uk\/wp-json\/wp\/v2\/media?parent=2828"}],"wp:term":[{"taxonomy":"category","embeddable":true,"href":"https:\/\/www.welovecycling.com\/uk\/wp-json\/wp\/v2\/categories?post=2828"},{"taxonomy":"post_tag","embeddable":true,"href":"https:\/\/www.welovecycling.com\/uk\/wp-json\/wp\/v2\/tags?post=2828"},{"taxonomy":"global-categories","embeddable":true,"href":"https:\/\/www.welovecycling.com\/uk\/wp-json\/wp\/v2\/global-categories?post=2828"}],"curies":[{"name":"wp","href":"https:\/\/api.w.org\/{rel}","templated":true}]}}