{"id":167,"date":"2020-07-09T14:48:06","date_gmt":"2020-07-09T12:48:06","guid":{"rendered":"https:\/\/www.welovecycling.com\/uk\/?p=167"},"modified":"2020-10-07T12:01:02","modified_gmt":"2020-10-07T10:01:02","slug":"julien-goupil-over-80000-people-participated-in-the-virtual-tour-de-france-thats-a-good-start","status":"publish","type":"post","link":"https:\/\/www.welovecycling.com\/uk\/2020\/07\/09\/julien-goupil-over-80000-people-participated-in-the-virtual-tour-de-france-thats-a-good-start\/","title":{"rendered":"Julien Goupil: \u201cOver 80,000 People Participated in the Virtual Tour de France, That\u2019s a Good Start.\u201d"},"content":{"rendered":"<p><strong>As you might have heard, the Tour de France is undergoing a novelty approach this year, alongside the l\u2019\u00c9tape du Tour. Besides the dates being postponed, which is unheard of in the race\u2019s history, <a href=\"https:\/\/www.zwift.com\/virtual-tour-de-france\">Le Tour is going virtual<\/a> for the first time over three weekends between 4th and 19th July. We\u2019re delighted to present you with Julien Goupil, Amaury Sports Organization\u2019s (A.S.O.) Media Director, who knows the details of this unique undertaking down to a tack. Our host Laura Meseguer interviewed him yesterday as the ninth guest of the #Ride2Unite livestream series on our IG TV and we are bringing you a few highlights below.<\/strong><!--more--><\/p>\n<p>Mr Goupil honed his media and production skills in high-profile areas of the advertising field for several years before moving onto the post of A.S.O.\u2019s Media Director. As the prominent A.S.O. events include the Tour de France, he\u2019s responsible for communicating the event and all that pertains to it to cycling fans and viewers via TV, social media and various other channels. Chatting with him allowed us to pull the curtain on the inner workings and organization of such a prominent race and he and Laura went over the future of cycling races and their excitement factor for the viewer, what difficulties the pro riders face in the virtual environment, what\u2019s the world\u2019s response to the virtual Tour so far, virtual racing popularizing real-world bicycle use and a number of other topics.<\/p>\n<p>Find more about Julien Goupil and the virtualized Tour de France in our <a href=\"https:\/\/www.welovecycling.com\/wide\/2020\/07\/07\/the-ninth-ride2unite-livestream-with-julien-goupil-media-director-of-a-s-o\/\">previous article<\/a>.<\/p>\n<p>https:\/\/www.instagram.com\/p\/CCYmklap9wN\/<\/p>\n<p>Julien Goupil joined our livestream swiftly and, for starters, clarified what exactly is his mission regarding the Tour de France per Laura\u2019s first question: \u201cI\u2019m the Media Director so I\u2019m in charge of all the television production and TV distribution and I\u2019m also handling all the digital aspects, the website, the business development and, last but not least, the communication area including social networks, press relations, media partnership and so on.\u201d<\/p>\n<p>As we mentioned above, the first two weekends of the first-ever virtual Tour that is being held on Zwift, a digital cycling platform, are behind us so we are able to get some insights already. Getting straight to the core, Laura was curious how the idea of virtualizing the Grande Boucle came about. According to him, the first point was to realize that July can\u2019t be the Tour de France month this time but that there needs to be some kind of a July event and the second point was to set up a major charity operation, which was extremely important regarding the unfortunate events and crises of the past few months. Mr Goupil was also happy to announce that the first two weekends of the virtual Tour fared well: \u201cTo be honest, it has been a big success. We got good feedback from the cycling community, especially the teams and the riders as we gave them some good exposure. [\u2026] We also got good feedback from our TV broadcasters, we had twenty of them all over the world and, last but not least, the virtual Tour made a big success with over 80,000 people registering and participating in the event. So that\u2019s a good thing, a good start.\u201d Based on the numbers, the digital aspect also attracted a younger audience than usual.<\/p>\n<figure id=\"attachment_178\" aria-describedby=\"caption-attachment-178\" style=\"width: 1366px\" class=\"wp-caption alignnone\"><img loading=\"lazy\" decoding=\"async\" class=\"wp-image-178 size-full\" src=\"https:\/\/d2p6e6u75xmxt8.cloudfront.net\/18\/2020\/07\/Virtual-TdF-CVR-1.jpg\" alt=\"Virtual Tour de France\" width=\"1366\" height=\"600\" \/><figcaption id=\"caption-attachment-178\" class=\"wp-caption-text\">Virtual Tour de France is underway<\/figcaption><\/figure>\n<p>Specifying the numbers, the organizers managed to get 23 professional teams for men\u2019s and 17 teams for the women\u2019s virtual Tour, which is nearly all the teams subsequently participating in the real-life postponed Tour de France in September \u2013 something Julien Goupil also deems a great success and a lot of work well invested.<\/p>\n<p>When asked about the greatest challenges one faces when organizing this new format of racing, Julien put it this way: \u201cThe most difficult was to find the concept of the race, it really changed over the course of the past few weeks, we couldn\u2019t quite imagine a virtual race as the riders are now training at camps and so on.\u201d How it eventually went down? \u201cWe decided to build the concept together with the whole cycling community, the teams and with the riders. This is something very important and I think that was one of the big things to do. The second thing \u2013 with everyone in lockdown, it wasn\u2019t so easy to organize a big event like that when you are at home, doing so many calls, that was another challenge. Then we had to choose the right technical partners [\u2026] and Zwift clearly were the most consistent, it was a big decision. What\u2019s also very important, to feel the flavour of the Tour within the game, it has been a tough work to get all partners involved and to get good visibility.\u201d After approximately 2 months of planning, troubleshooting, hundreds of phone calls, sleepless nights and scheduling, all was finally set for the inaugural virtual Tour de France to take place.<\/p>\n<p>See our previous, <a href=\"https:\/\/www.welovecycling.com\/wide\/2020\/07\/03\/jiri-jezek-i-left-professional-cycling-i-left-races-but-ive-never-left-cycling\/\">eighth stream with Para-cyclist Ji\u0159\u00ed Je\u017eek here<\/a>.<\/p>\n<p><img id=\"hzDownscaled\" style=\"position: absolute; top: -10000px;\" \/><img id=\"hzDownscaled\" style=\"position: absolute; top: -10000px;\" \/><\/p>\n","protected":false},"excerpt":{"rendered":"<p>As you might have heard, the Tour de France is undergoing a novelty approach this year, alongside the l\u2019\u00c9tape du [&hellip;]<\/p>\n","protected":false},"author":1,"featured_media":181,"comment_status":"open","ping_status":"open","sticky":false,"template":"","format":"standard","meta":{"footnotes":""},"categories":[20,21],"tags":[],"global-categories":[],"class_list":["post-167","post","type-post","status-publish","format-standard","has-post-thumbnail","hentry","category-all-the-latest","category-saddle-up"],"yoast_head":"<!-- This site is optimized with the Yoast SEO Premium plugin v25.3 (Yoast SEO v25.9) - https:\/\/yoast.com\/wordpress\/plugins\/seo\/ -->\n<title>Julien Goupil: \u201cOver 80,000 People in the Virtual Tour de France&quot;<\/title>\n<meta name=\"description\" content=\"Mr Goupil honed skills in high-profile areas of the advertising field for several years before moving onto the post of A.S.O.\u2019s Media Director.\" \/>\n<meta name=\"robots\" content=\"index, follow, max-snippet:-1, max-image-preview:large, max-video-preview:-1\" \/>\n<link rel=\"canonical\" href=\"https:\/\/www.welovecycling.com\/uk\/2020\/07\/09\/julien-goupil-over-80000-people-participated-in-the-virtual-tour-de-france-thats-a-good-start\/\" \/>\n<meta property=\"og:locale\" content=\"en_GB\" \/>\n<meta property=\"og:type\" content=\"article\" \/>\n<meta property=\"og:title\" content=\"Julien Goupil: \u201cOver 80,000 People Participated in the Virtual Tour de France, That\u2019s a Good Start.\u201d\" \/>\n<meta property=\"og:description\" content=\"Mr Goupil honed skills in high-profile areas of the advertising field for several years before moving onto the post of A.S.O.\u2019s Media Director.\" \/>\n<meta property=\"og:url\" content=\"https:\/\/www.welovecycling.com\/uk\/2020\/07\/09\/julien-goupil-over-80000-people-participated-in-the-virtual-tour-de-france-thats-a-good-start\/\" \/>\n<meta property=\"og:site_name\" content=\"\u0160koda We Love Cycling - United Kingdom\" \/>\n<meta property=\"article:published_time\" content=\"2020-07-09T12:48:06+00:00\" \/>\n<meta property=\"article:modified_time\" content=\"2020-10-07T10:01:02+00:00\" \/>\n<meta property=\"og:image\" content=\"https:\/\/d2p6e6u75xmxt8.cloudfront.net\/18\/2020\/07\/1-6.jpg\" \/>\n\t<meta property=\"og:image:width\" content=\"1712\" \/>\n\t<meta property=\"og:image:height\" content=\"960\" \/>\n\t<meta property=\"og:image:type\" content=\"image\/jpeg\" \/>\n<meta name=\"author\" content=\"WeLoveCycling\" \/>\n<meta name=\"twitter:card\" content=\"summary_large_image\" \/>\n<meta name=\"twitter:label1\" content=\"Written by\" \/>\n\t<meta name=\"twitter:data1\" content=\"Frantiska Blazkova\" \/>\n\t<meta name=\"twitter:label2\" content=\"Est. reading time\" \/>\n\t<meta name=\"twitter:data2\" content=\"7\" \/>\n<script type=\"application\/ld+json\" class=\"yoast-schema-graph\">{\"@context\":\"https:\/\/schema.org\",\"@graph\":[{\"@type\":\"WebPage\",\"@id\":\"https:\/\/www.welovecycling.com\/uk\/2020\/07\/09\/julien-goupil-over-80000-people-participated-in-the-virtual-tour-de-france-thats-a-good-start\/\",\"url\":\"https:\/\/www.welovecycling.com\/uk\/2020\/07\/09\/julien-goupil-over-80000-people-participated-in-the-virtual-tour-de-france-thats-a-good-start\/\",\"name\":\"Julien Goupil: \u201cOver 80,000 People in the Virtual Tour de France\\\"\",\"isPartOf\":{\"@id\":\"https:\/\/www.welovecycling.com\/uk\/#website\"},\"primaryImageOfPage\":{\"@id\":\"https:\/\/www.welovecycling.com\/uk\/2020\/07\/09\/julien-goupil-over-80000-people-participated-in-the-virtual-tour-de-france-thats-a-good-start\/#primaryimage\"},\"image\":{\"@id\":\"https:\/\/www.welovecycling.com\/uk\/2020\/07\/09\/julien-goupil-over-80000-people-participated-in-the-virtual-tour-de-france-thats-a-good-start\/#primaryimage\"},\"thumbnailUrl\":\"https:\/\/d2p6e6u75xmxt8.cloudfront.net\/18\/2020\/07\/1-6.jpg\",\"datePublished\":\"2020-07-09T12:48:06+00:00\",\"dateModified\":\"2020-10-07T10:01:02+00:00\",\"author\":{\"@id\":\"https:\/\/www.welovecycling.com\/uk\/#\/schema\/person\/e5187c9cac8dd619ebc7b41bd73c2fd9\"},\"description\":\"Mr Goupil honed skills in high-profile areas of the advertising field for several years before moving onto the post of A.S.O.\u2019s Media Director.\",\"inLanguage\":\"en-GB\",\"potentialAction\":[{\"@type\":\"ReadAction\",\"target\":[\"https:\/\/www.welovecycling.com\/uk\/2020\/07\/09\/julien-goupil-over-80000-people-participated-in-the-virtual-tour-de-france-thats-a-good-start\/\"]}]},{\"@type\":\"ImageObject\",\"inLanguage\":\"en-GB\",\"@id\":\"https:\/\/www.welovecycling.com\/uk\/2020\/07\/09\/julien-goupil-over-80000-people-participated-in-the-virtual-tour-de-france-thats-a-good-start\/#primaryimage\",\"url\":\"https:\/\/d2p6e6u75xmxt8.cloudfront.net\/18\/2020\/07\/1-6.jpg\",\"contentUrl\":\"https:\/\/d2p6e6u75xmxt8.cloudfront.net\/18\/2020\/07\/1-6.jpg\",\"width\":1712,\"height\":960,\"caption\":\"Join us on Mount Ventoux!\"},{\"@type\":\"WebSite\",\"@id\":\"https:\/\/www.welovecycling.com\/uk\/#website\",\"url\":\"https:\/\/www.welovecycling.com\/uk\/\",\"name\":\"\u0160koda We Love Cycling - United Kingdom\",\"description\":\"\u0160koda WeLoveCycling - United Kingdom\",\"potentialAction\":[{\"@type\":\"SearchAction\",\"target\":{\"@type\":\"EntryPoint\",\"urlTemplate\":\"https:\/\/www.welovecycling.com\/uk\/?s={search_term_string}\"},\"query-input\":{\"@type\":\"PropertyValueSpecification\",\"valueRequired\":true,\"valueName\":\"search_term_string\"}}],\"inLanguage\":\"en-GB\"},{\"@type\":\"Person\",\"@id\":\"https:\/\/www.welovecycling.com\/uk\/#\/schema\/person\/e5187c9cac8dd619ebc7b41bd73c2fd9\",\"name\":\"WeLoveCycling\",\"image\":{\"@type\":\"ImageObject\",\"inLanguage\":\"en-GB\",\"@id\":\"https:\/\/www.welovecycling.com\/uk\/#\/schema\/person\/image\/\",\"url\":\"https:\/\/secure.gravatar.com\/avatar\/7e1ee0ecc5e294b19ef32b9f6086e0afbb9da00c3cb0d465ba4695331f4a9187?s=96&d=mm&r=g\",\"contentUrl\":\"https:\/\/secure.gravatar.com\/avatar\/7e1ee0ecc5e294b19ef32b9f6086e0afbb9da00c3cb0d465ba4695331f4a9187?s=96&d=mm&r=g\",\"caption\":\"WeLoveCycling\"},\"url\":\"https:\/\/www.welovecycling.com\/uk\/author\/lukascech\/\"}]}<\/script>\n<!-- \/ Yoast SEO Premium plugin. -->","yoast_head_json":{"title":"Julien Goupil: \u201cOver 80,000 People in the Virtual Tour de France\"","description":"Mr Goupil honed skills in high-profile areas of the advertising field for several years before moving onto the post of A.S.O.\u2019s Media Director.","robots":{"index":"index","follow":"follow","max-snippet":"max-snippet:-1","max-image-preview":"max-image-preview:large","max-video-preview":"max-video-preview:-1"},"canonical":"https:\/\/www.welovecycling.com\/uk\/2020\/07\/09\/julien-goupil-over-80000-people-participated-in-the-virtual-tour-de-france-thats-a-good-start\/","og_locale":"en_GB","og_type":"article","og_title":"Julien Goupil: \u201cOver 80,000 People Participated in the Virtual Tour de France, That\u2019s a Good Start.\u201d","og_description":"Mr Goupil honed skills in high-profile areas of the advertising field for several years before moving onto the post of A.S.O.\u2019s Media Director.","og_url":"https:\/\/www.welovecycling.com\/uk\/2020\/07\/09\/julien-goupil-over-80000-people-participated-in-the-virtual-tour-de-france-thats-a-good-start\/","og_site_name":"\u0160koda We Love Cycling - United Kingdom","article_published_time":"2020-07-09T12:48:06+00:00","article_modified_time":"2020-10-07T10:01:02+00:00","og_image":[{"width":1712,"height":960,"url":"https:\/\/d2p6e6u75xmxt8.cloudfront.net\/18\/2020\/07\/1-6.jpg","type":"image\/jpeg"}],"author":"WeLoveCycling","twitter_card":"summary_large_image","twitter_misc":{"Written by":"Frantiska Blazkova","Est. reading time":"7"},"schema":{"@context":"https:\/\/schema.org","@graph":[{"@type":"WebPage","@id":"https:\/\/www.welovecycling.com\/uk\/2020\/07\/09\/julien-goupil-over-80000-people-participated-in-the-virtual-tour-de-france-thats-a-good-start\/","url":"https:\/\/www.welovecycling.com\/uk\/2020\/07\/09\/julien-goupil-over-80000-people-participated-in-the-virtual-tour-de-france-thats-a-good-start\/","name":"Julien Goupil: \u201cOver 80,000 People in the Virtual Tour de France\"","isPartOf":{"@id":"https:\/\/www.welovecycling.com\/uk\/#website"},"primaryImageOfPage":{"@id":"https:\/\/www.welovecycling.com\/uk\/2020\/07\/09\/julien-goupil-over-80000-people-participated-in-the-virtual-tour-de-france-thats-a-good-start\/#primaryimage"},"image":{"@id":"https:\/\/www.welovecycling.com\/uk\/2020\/07\/09\/julien-goupil-over-80000-people-participated-in-the-virtual-tour-de-france-thats-a-good-start\/#primaryimage"},"thumbnailUrl":"https:\/\/d2p6e6u75xmxt8.cloudfront.net\/18\/2020\/07\/1-6.jpg","datePublished":"2020-07-09T12:48:06+00:00","dateModified":"2020-10-07T10:01:02+00:00","author":{"@id":"https:\/\/www.welovecycling.com\/uk\/#\/schema\/person\/e5187c9cac8dd619ebc7b41bd73c2fd9"},"description":"Mr Goupil honed skills in high-profile areas of the advertising field for several years before moving onto the post of A.S.O.\u2019s Media Director.","inLanguage":"en-GB","potentialAction":[{"@type":"ReadAction","target":["https:\/\/www.welovecycling.com\/uk\/2020\/07\/09\/julien-goupil-over-80000-people-participated-in-the-virtual-tour-de-france-thats-a-good-start\/"]}]},{"@type":"ImageObject","inLanguage":"en-GB","@id":"https:\/\/www.welovecycling.com\/uk\/2020\/07\/09\/julien-goupil-over-80000-people-participated-in-the-virtual-tour-de-france-thats-a-good-start\/#primaryimage","url":"https:\/\/d2p6e6u75xmxt8.cloudfront.net\/18\/2020\/07\/1-6.jpg","contentUrl":"https:\/\/d2p6e6u75xmxt8.cloudfront.net\/18\/2020\/07\/1-6.jpg","width":1712,"height":960,"caption":"Join us on Mount Ventoux!"},{"@type":"WebSite","@id":"https:\/\/www.welovecycling.com\/uk\/#website","url":"https:\/\/www.welovecycling.com\/uk\/","name":"\u0160koda We Love Cycling - United Kingdom","description":"\u0160koda WeLoveCycling - United Kingdom","potentialAction":[{"@type":"SearchAction","target":{"@type":"EntryPoint","urlTemplate":"https:\/\/www.welovecycling.com\/uk\/?s={search_term_string}"},"query-input":{"@type":"PropertyValueSpecification","valueRequired":true,"valueName":"search_term_string"}}],"inLanguage":"en-GB"},{"@type":"Person","@id":"https:\/\/www.welovecycling.com\/uk\/#\/schema\/person\/e5187c9cac8dd619ebc7b41bd73c2fd9","name":"WeLoveCycling","image":{"@type":"ImageObject","inLanguage":"en-GB","@id":"https:\/\/www.welovecycling.com\/uk\/#\/schema\/person\/image\/","url":"https:\/\/secure.gravatar.com\/avatar\/7e1ee0ecc5e294b19ef32b9f6086e0afbb9da00c3cb0d465ba4695331f4a9187?s=96&d=mm&r=g","contentUrl":"https:\/\/secure.gravatar.com\/avatar\/7e1ee0ecc5e294b19ef32b9f6086e0afbb9da00c3cb0d465ba4695331f4a9187?s=96&d=mm&r=g","caption":"WeLoveCycling"},"url":"https:\/\/www.welovecycling.com\/uk\/author\/lukascech\/"}]}},"_links":{"self":[{"href":"https:\/\/www.welovecycling.com\/uk\/wp-json\/wp\/v2\/posts\/167","targetHints":{"allow":["GET"]}}],"collection":[{"href":"https:\/\/www.welovecycling.com\/uk\/wp-json\/wp\/v2\/posts"}],"about":[{"href":"https:\/\/www.welovecycling.com\/uk\/wp-json\/wp\/v2\/types\/post"}],"author":[{"embeddable":true,"href":"https:\/\/www.welovecycling.com\/uk\/wp-json\/wp\/v2\/users\/1"}],"replies":[{"embeddable":true,"href":"https:\/\/www.welovecycling.com\/uk\/wp-json\/wp\/v2\/comments?post=167"}],"version-history":[{"count":1,"href":"https:\/\/www.welovecycling.com\/uk\/wp-json\/wp\/v2\/posts\/167\/revisions"}],"predecessor-version":[{"id":179,"href":"https:\/\/www.welovecycling.com\/uk\/wp-json\/wp\/v2\/posts\/167\/revisions\/179"}],"wp:featuredmedia":[{"embeddable":true,"href":"https:\/\/www.welovecycling.com\/uk\/wp-json\/wp\/v2\/media\/181"}],"wp:attachment":[{"href":"https:\/\/www.welovecycling.com\/uk\/wp-json\/wp\/v2\/media?parent=167"}],"wp:term":[{"taxonomy":"category","embeddable":true,"href":"https:\/\/www.welovecycling.com\/uk\/wp-json\/wp\/v2\/categories?post=167"},{"taxonomy":"post_tag","embeddable":true,"href":"https:\/\/www.welovecycling.com\/uk\/wp-json\/wp\/v2\/tags?post=167"},{"taxonomy":"global-categories","embeddable":true,"href":"https:\/\/www.welovecycling.com\/uk\/wp-json\/wp\/v2\/global-categories?post=167"}],"curies":[{"name":"wp","href":"https:\/\/api.w.org\/{rel}","templated":true}]}}