{"id":454,"count":8,"description":"Vol\u00e1m sa Juraj Lu\u010dan a budem pre v\u00e1s chv\u00ed\u013eu p\u00edsa\u0165 o kr\u00e1sach Slovenska a dostupn\u00fdch cyklo tras\u00e1ch, ktor\u00e9 by ste ur\u010dite mali vysk\u00fa\u0161a\u0165.\r\n\r\n\u0160tudujem na Katol\u00edckej univerzite v Ru\u017eomberku a ako ste mo\u017eno uh\u00e1dli, m\u00e1m ve\u013emi r\u00e1d cyklistiku. Preto som si aj zalo\u017eil blog \u201c<a href=\"http:\/\/jurajcyklista.blogspot.cz\/\" target=\"_blank\" rel=\"noopener\">jurajcyklista<\/a>\u201c, kde p\u00ed\u0161em o tom, \u010do som s bicyklom za\u017eil \u2013 jazd\u00edm hlavne po horn\u00fdch Kysuciach, ale bicykel som mal so sebou napr\u00edklad aj v Prahe a r\u00e1d ho beriem aj do Ru\u017eomberka.\r\n\r\nAk sa v\u00e1m p\u00e1\u010di, \u010do ste teraz \u010d\u00edtali, sledujte WeLoveCycling aj na\u010falej, pr\u00edpadne pozrite na m\u00f4j blog.\r\n\r\n\u2014 Juraj","link":"https:\/\/www.welovecycling.com\/sk\/tag\/juraj-lucan\/","name":"Juraj Lu\u010dan","slug":"juraj-lucan","taxonomy":"post_tag","meta":[],"yoast_head":"<!-- This site is optimized with the Yoast SEO Premium plugin v25.3 (Yoast SEO v25.9) - https:\/\/yoast.com\/wordpress\/plugins\/seo\/ -->\n<title>Juraj Lu\u010dan Archives - \u0160koda We Love Cycling Slovensko<\/title>\n<meta name=\"robots\" content=\"index, follow, max-snippet:-1, max-image-preview:large, max-video-preview:-1\" \/>\n<link rel=\"canonical\" href=\"https:\/\/www.welovecycling.com\/sk\/tag\/juraj-lucan\/\" \/>\n<meta property=\"og:locale\" content=\"sk_SK\" \/>\n<meta property=\"og:type\" content=\"article\" \/>\n<meta property=\"og:title\" content=\"Juraj Lu\u010dan Archives\" \/>\n<meta property=\"og:description\" content=\"Vol\u00e1m sa Juraj Lu\u010dan a budem pre v\u00e1s chv\u00ed\u013eu p\u00edsa\u0165 o kr\u00e1sach Slovenska a dostupn\u00fdch cyklo tras\u00e1ch, ktor\u00e9 by ste ur\u010dite mali vysk\u00fa\u0161a\u0165. \u0160tudujem na Katol\u00edckej univerzite v Ru\u017eomberku a ako ste mo\u017eno uh\u00e1dli, m\u00e1m ve\u013emi r\u00e1d cyklistiku. Preto som si aj zalo\u017eil blog \u201cjurajcyklista\u201c, kde p\u00ed\u0161em o tom, \u010do som s bicyklom za\u017eil \u2013 jazd\u00edm hlavne po horn\u00fdch Kysuciach, ale bicykel som mal so sebou napr\u00edklad aj v Prahe a r\u00e1d ho beriem aj do Ru\u017eomberka. Ak sa v\u00e1m p\u00e1\u010di, \u010do ste teraz \u010d\u00edtali, sledujte WeLoveCycling aj na\u010falej, pr\u00edpadne pozrite na m\u00f4j blog. \u2014 Juraj\" \/>\n<meta property=\"og:url\" content=\"https:\/\/www.welovecycling.com\/sk\/tag\/juraj-lucan\/\" \/>\n<meta property=\"og:site_name\" content=\"\u0160koda We Love Cycling Slovensko\" \/>\n<meta name=\"twitter:card\" content=\"summary_large_image\" \/>\n<script type=\"application\/ld+json\" class=\"yoast-schema-graph\">{\"@context\":\"https:\/\/schema.org\",\"@graph\":[{\"@type\":\"CollectionPage\",\"@id\":\"https:\/\/www.welovecycling.com\/sk\/tag\/juraj-lucan\/\",\"url\":\"https:\/\/www.welovecycling.com\/sk\/tag\/juraj-lucan\/\",\"name\":\"Juraj Lu\u010dan Archives - \u0160koda We Love Cycling Slovensko\",\"isPartOf\":{\"@id\":\"https:\/\/www.welovecycling.com\/sk\/#website\"},\"breadcrumb\":{\"@id\":\"https:\/\/www.welovecycling.com\/sk\/tag\/juraj-lucan\/#breadcrumb\"},\"inLanguage\":\"sk-SK\"},{\"@type\":\"BreadcrumbList\",\"@id\":\"https:\/\/www.welovecycling.com\/sk\/tag\/juraj-lucan\/#breadcrumb\",\"itemListElement\":[{\"@type\":\"ListItem\",\"position\":1,\"name\":\"Home\",\"item\":\"https:\/\/www.welovecycling.com\/sk\/\"},{\"@type\":\"ListItem\",\"position\":2,\"name\":\"Juraj Lu\u010dan\"}]},{\"@type\":\"WebSite\",\"@id\":\"https:\/\/www.welovecycling.com\/sk\/#website\",\"url\":\"https:\/\/www.welovecycling.com\/sk\/\",\"name\":\"\u0160koda We Love Cycling Slovensko\",\"description\":\"\u0160koda We Love Cycling Slovensko je v\u00e1\u0161 ka\u017edodenn\u00fd zdroj noviniek a in\u0161pir\u00e1cie z sveta cyklistiky\",\"potentialAction\":[{\"@type\":\"SearchAction\",\"target\":{\"@type\":\"EntryPoint\",\"urlTemplate\":\"https:\/\/www.welovecycling.com\/sk\/?s={search_term_string}\"},\"query-input\":{\"@type\":\"PropertyValueSpecification\",\"valueRequired\":true,\"valueName\":\"search_term_string\"}}],\"inLanguage\":\"sk-SK\"}]}<\/script>\n<!-- \/ Yoast SEO Premium plugin. -->","yoast_head_json":{"title":"Juraj Lu\u010dan Archives - \u0160koda We Love Cycling Slovensko","robots":{"index":"index","follow":"follow","max-snippet":"max-snippet:-1","max-image-preview":"max-image-preview:large","max-video-preview":"max-video-preview:-1"},"canonical":"https:\/\/www.welovecycling.com\/sk\/tag\/juraj-lucan\/","og_locale":"sk_SK","og_type":"article","og_title":"Juraj Lu\u010dan Archives","og_description":"Vol\u00e1m sa Juraj Lu\u010dan a budem pre v\u00e1s chv\u00ed\u013eu p\u00edsa\u0165 o kr\u00e1sach Slovenska a dostupn\u00fdch cyklo tras\u00e1ch, ktor\u00e9 by ste ur\u010dite mali vysk\u00fa\u0161a\u0165. \u0160tudujem na Katol\u00edckej univerzite v Ru\u017eomberku a ako ste mo\u017eno uh\u00e1dli, m\u00e1m ve\u013emi r\u00e1d cyklistiku. Preto som si aj zalo\u017eil blog \u201cjurajcyklista\u201c, kde p\u00ed\u0161em o tom, \u010do som s bicyklom za\u017eil \u2013 jazd\u00edm hlavne po horn\u00fdch Kysuciach, ale bicykel som mal so sebou napr\u00edklad aj v Prahe a r\u00e1d ho beriem aj do Ru\u017eomberka. Ak sa v\u00e1m p\u00e1\u010di, \u010do ste teraz \u010d\u00edtali, sledujte WeLoveCycling aj na\u010falej, pr\u00edpadne pozrite na m\u00f4j blog. \u2014 Juraj","og_url":"https:\/\/www.welovecycling.com\/sk\/tag\/juraj-lucan\/","og_site_name":"\u0160koda We Love Cycling Slovensko","twitter_card":"summary_large_image","schema":{"@context":"https:\/\/schema.org","@graph":[{"@type":"CollectionPage","@id":"https:\/\/www.welovecycling.com\/sk\/tag\/juraj-lucan\/","url":"https:\/\/www.welovecycling.com\/sk\/tag\/juraj-lucan\/","name":"Juraj Lu\u010dan Archives - \u0160koda We Love Cycling Slovensko","isPartOf":{"@id":"https:\/\/www.welovecycling.com\/sk\/#website"},"breadcrumb":{"@id":"https:\/\/www.welovecycling.com\/sk\/tag\/juraj-lucan\/#breadcrumb"},"inLanguage":"sk-SK"},{"@type":"BreadcrumbList","@id":"https:\/\/www.welovecycling.com\/sk\/tag\/juraj-lucan\/#breadcrumb","itemListElement":[{"@type":"ListItem","position":1,"name":"Home","item":"https:\/\/www.welovecycling.com\/sk\/"},{"@type":"ListItem","position":2,"name":"Juraj Lu\u010dan"}]},{"@type":"WebSite","@id":"https:\/\/www.welovecycling.com\/sk\/#website","url":"https:\/\/www.welovecycling.com\/sk\/","name":"\u0160koda We Love Cycling Slovensko","description":"\u0160koda We Love Cycling Slovensko je v\u00e1\u0161 ka\u017edodenn\u00fd zdroj noviniek a in\u0161pir\u00e1cie z sveta cyklistiky","potentialAction":[{"@type":"SearchAction","target":{"@type":"EntryPoint","urlTemplate":"https:\/\/www.welovecycling.com\/sk\/?s={search_term_string}"},"query-input":{"@type":"PropertyValueSpecification","valueRequired":true,"valueName":"search_term_string"}}],"inLanguage":"sk-SK"}]}},"_links":{"self":[{"href":"https:\/\/www.welovecycling.com\/sk\/wp-json\/wp\/v2\/tags\/454","targetHints":{"allow":["GET"]}}],"collection":[{"href":"https:\/\/www.welovecycling.com\/sk\/wp-json\/wp\/v2\/tags"}],"about":[{"href":"https:\/\/www.welovecycling.com\/sk\/wp-json\/wp\/v2\/taxonomies\/post_tag"}],"wp:post_type":[{"href":"https:\/\/www.welovecycling.com\/sk\/wp-json\/wp\/v2\/posts?tags=454"},{"href":"https:\/\/www.welovecycling.com\/sk\/wp-json\/wp\/v2\/pages?tags=454"}],"curies":[{"name":"wp","href":"https:\/\/api.w.org\/{rel}","templated":true}]}}