{"id":9990,"date":"2020-06-01T08:00:56","date_gmt":"2020-06-01T06:00:56","guid":{"rendered":"https:\/\/www.welovecycling.com\/sk\/?p=9990"},"modified":"2020-05-29T11:57:46","modified_gmt":"2020-05-29T09:57:46","slug":"cyklovylet-s-detmi-ake-mate-moznosti","status":"publish","type":"post","link":"https:\/\/www.welovecycling.com\/sk\/2020\/06\/01\/cyklovylet-s-detmi-ake-mate-moznosti\/","title":{"rendered":"Cyklov\u00fdlet s\u00a0de\u0165mi \u2013 ak\u00e9 m\u00e1te mo\u017enosti?"},"content":{"rendered":"<p><strong>Bl\u00ed\u017eia sa letn\u00e9 mesiace a mo\u017eno prem\u00fd\u0161\u013eate, ako toto obdobie str\u00e1vi\u0165 so svojimi de\u0165mi. K moru ani na nejak\u00e9 \u010falek\u00e9 exotick\u00e9 dovolenky to zatia\u013e nevyzer\u00e1. A tak mo\u017eno stoj\u00ed za \u00favahu, poobzera\u0165 sa nad mo\u017enos\u0165ami cyklov\u00fdletov s va\u0161imi de\u0165mi. Nemus\u00edte spozn\u00e1va\u0165 len bl\u00edzke okolie, ale bicykle si m\u00f4\u017eete nalo\u017ei\u0165 do auta a vyrazi\u0165 aj do in\u00fdch \u010dast\u00ed na\u0161ej krajiny. Ak\u00e9 mo\u017enosti teda m\u00e1te?<\/strong><!--more--><\/p>\n<h2><strong>Detsk\u00e1 seda\u010dka<\/strong><\/h2>\n<p>K\u00fdm s\u00fa deti mal\u00e9, dok\u00e1\u017eete ich <strong>vzia\u0165 so sebou v detskej seda\u010dke<\/strong>. Tu s\u00fa v podstate dve mo\u017enosti, a to je klasick\u00e1 seda\u010dka na stredov\u00fa r\u00farku, ako si t\u00ed star\u0161\u00ed pam\u00e4taj\u00fa z detstva. V\u00fdhodou je, \u017ee na die\u0165a vid\u00edte po\u010das jazdy. Nev\u00fdhodou je, \u017ee seda\u010dka nepr\u00edjemne zavadzia pri \u0161liapan\u00ed do ped\u00e1lov. Druhou a teraz \u010dastej\u0161ou mo\u017enos\u0165ou je seda\u010dka dozadu. Podmienkou je, aby ste na bicykel nain\u0161talovali nosi\u010d. Seda\u010dku pri troche \u0161ikovnosti viete celkom r\u00fdchlo odmontova\u0165 a vyrazi\u0165 na cesty aj bez die\u0165a\u0165a. To znamen\u00e1, \u017ee nie je potrebn\u00e9 ma\u0165 jeden \u0161peci\u00e1lny bicykel len na v\u00fdlety.<\/p>\n<p><a href=\"https:\/\/d2p6e6u75xmxt8.cloudfront.net\/4\/2020\/05\/Cyklov\u00fdlet-s-de\u0165mi_01.jpg\"><img loading=\"lazy\" decoding=\"async\" src=\"https:\/\/d2p6e6u75xmxt8.cloudfront.net\/4\/2020\/05\/Cyklov\u00fdlet-s-de\u0165mi_01.jpg\" alt=\"\" width=\"1200\" height=\"800\" class=\"alignnone size-full wp-image-9993\" \/><\/a><\/p>\n<div style=\u201dmargin-top:-20px;margin-bottom:25px;\">Zdroj foto: pixabay.com<\/div>\n<h2><strong>Cyklovoz\u00edk<\/strong><\/h2>\n<p>Ke\u010f deti trochu vyrast\u00fa a s\u00fa u\u017e do seda\u010dky pr\u00edli\u0161 \u0165a\u017ek\u00e9, alebo sa im v seda\u010dke u\u017e nep\u00e1\u010di, m\u00f4\u017eete zvoli\u0165 cyklovoz\u00edk. V \u0148om sa m\u00f4\u017eu vozi\u0165 aj dve deti naraz a <strong>maj\u00fa z\u00e1\u017eitok z jazdy vo svojom vlastnom \u201cvozidle\u201d<\/strong>. Takto dok\u00e1\u017eete cestova\u0165 naozaj aj na vzdialen\u00e9 v\u00fdlety do okolia. Majte v\u0161ak na pam\u00e4ti, \u017ee cyklovoz\u00edk nie je vhodn\u00fd na dlh\u00e9 presuny po frekventovan\u00fdch cest\u00e1ch, preto\u017ee deti s\u00fa predsa len viac ohrozen\u00e9 prem\u00e1vkou a aj v\u00fdfukov\u00e9 splodiny sa dr\u017eia pr\u00e1ve v ich \u00farovni. Na cyklocesty a\u00a0do pr\u00edrody je to v\u0161ak <strong>dokonal\u00fd dopravn\u00fd prostriedok<\/strong>. <\/p>\n<h2><strong>U\u017e na svojom vlastnom bicykli<\/strong><\/h2>\n<p>Toto boli mo\u017enosti, kedy deti boli pr\u00edli\u0161 mal\u00e9 na to, aby zvl\u00e1dali bicyklova\u0165 spolu s\u00a0rodi\u010dmi. Av\u0161ak okrem toho, \u017ee boli na \u010derstvom vzduchu,  si ve\u013emi neza\u0161portovali. Ke\u010f s\u00fa u\u017e v\u00e4\u010d\u0161ie a zvl\u00e1daj\u00fa jazdi\u0165 spolu s\u00a0vami, <strong>za\u010d\u00edna sa to spr\u00e1vne dobrodru\u017estvo<\/strong>. Optim\u00e1lne je, ke\u010f na v\u00fdlet vyraz\u00ed cel\u00e1 rodina a rodi\u010dia umiestnia deti medzi seba. Otec ako navig\u00e1tor vpredu a mama ako podporn\u00fd t\u00edm a domestik vzadu. Deti v takom pr\u00edpade <strong>bezpe\u010dne bicykluj\u00fa medzi nimi<\/strong>.<\/p>\n<p><a href=\"https:\/\/d2p6e6u75xmxt8.cloudfront.net\/4\/2020\/05\/Cyklov\u00fdlet-s-de\u0165mi_02.jpg\"><img loading=\"lazy\" decoding=\"async\" src=\"https:\/\/d2p6e6u75xmxt8.cloudfront.net\/4\/2020\/05\/Cyklov\u00fdlet-s-de\u0165mi_02.jpg\" alt=\"\" width=\"1200\" height=\"800\" class=\"alignnone size-full wp-image-9994\" \/><\/a> <\/p>\n<div style=\u201dmargin-top:-20px;margin-bottom:25px;\">Zdroj foto: pixabay.com<\/div>\n<p>Hor\u0161ie je, ak na v\u00fdlet vyraz\u00ed len jeden z\u00a0rodi\u010dov. V takom pr\u00edpade rie\u0161i ot\u00e1zku, \u010di je bezpe\u010dnej\u0161ie, aby deti bicyklovali pred n\u00edm alebo za n\u00edm. Ke\u010f id\u00fa pred n\u00edm, m\u00e1 ich s\u00edce st\u00e1le na o\u010diach, ale hroz\u00ed riziko, \u017ee prehliadnu aut\u00e1 prich\u00e1dzaj\u00face z ved\u013eaj\u0161\u00edch ciest. Popr\u00edpade je tu mo\u017enos\u0165, <strong>\u017ee nebud\u00fa vedie\u0165 zhodnoti\u0165 situ\u00e1ciu na kri\u017eovatke<\/strong>. Ak s\u00fa vzadu, tieto probl\u00e9my s\u00edce odpadaj\u00fa, ale rodi\u010dia ich zasa nemaj\u00fa st\u00e1le na o\u010diach a deti nie v\u017edy jazdia tak, ako by mali. Najlep\u0161ie aj v tomto pr\u00edpade s\u00fa cyklocesty alebo ved\u013eaj\u0161ie cesty, <strong>kde nie je hust\u00e1 prem\u00e1vka<\/strong>. <\/p>\n<p><a href=\"https:\/\/d2p6e6u75xmxt8.cloudfront.net\/4\/2020\/05\/Cyklov\u00fdlet-s-de\u0165mi_03.jpeg\"><img loading=\"lazy\" decoding=\"async\" src=\"https:\/\/d2p6e6u75xmxt8.cloudfront.net\/4\/2020\/05\/Cyklov\u00fdlet-s-de\u0165mi_03.jpeg\" alt=\"\" width=\"1200\" height=\"800\" class=\"alignnone size-full wp-image-9995\" \/><\/a><\/p>\n<div style=\u201dmargin-top:-20px;margin-bottom:25px;\">Zdroj foto: Radovan Vr\u0161ka<\/div>\n<p>Najcennej\u0161ia rada na z\u00e1ver je: <strong>Nenechajte sa odradi\u0165 a doprajte de\u0165om rados\u0165 z jazdy na bicykli, pre ktor\u00fa bicykle milujeme aj my.<\/strong> A mo\u017eno vo veku puberty na nejak\u00fd \u010das bicykel odlo\u017eia do gar\u00e1\u017ee, preto\u017ee bud\u00fa ma\u0165 in\u00e9 z\u00e1ujmy. V tomto obdob\u00ed ich u\u017e v\u00e4\u010d\u0161inou na v\u00fdlet s rodi\u010dmi nedostanete, ale nepotrv\u00e1 to dlho a <strong>znovu objavia kr\u00e1su a jednoduchos\u0165 bicyklovania<\/strong>. A vy m\u00f4\u017eete by\u0165 po tomto obdob\u00ed prv\u00ed par\u0165\u00e1ci, ktor\u00fdch predsa len zavolaj\u00fa na svoj v\u00fdjazd. <strong>Dr\u017e\u00edme v\u00e1m palce.<\/strong><\/p>\n<p>(zdroj titulnej fotografie: pixabay.com)<\/p>\n","protected":false},"excerpt":{"rendered":"<p>Bl\u00ed\u017eia sa letn\u00e9 mesiace a mo\u017eno prem\u00fd\u0161\u013eate, ako toto obdobie str\u00e1vi\u0165 so svojimi de\u0165mi. K moru ani na nejak\u00e9 \u010falek\u00e9 [&hellip;]<\/p>\n","protected":false},"author":81,"featured_media":9992,"comment_status":"open","ping_status":"open","sticky":false,"template":"","format":"standard","meta":{"footnotes":""},"categories":[51],"tags":[62,559,115,487,517,518,53,54,180,509,474,508,183,623],"global-categories":[1074],"class_list":["post-9990","post","type-post","status-publish","format-standard","has-post-thumbnail","hentry","category-deti-na-bicykloch","tag-bezpecnost","tag-bicykel","tag-cestna-cyklistika","tag-cestny-bicykel","tag-cyklosedacky","tag-cyklovozik","tag-deti","tag-detske-bicykle","tag-horska-cyklistika","tag-rodina","tag-rodinny-maraton","tag-vylet","tag-zabava","tag-zdravy-zivotny-styl","global-categories-cycling"],"yoast_head":"<!-- This site is optimized with the Yoast SEO Premium plugin v25.3 (Yoast SEO v25.9) - https:\/\/yoast.com\/wordpress\/plugins\/seo\/ -->\n<title>Cyklov\u00fdlet s\u00a0de\u0165mi \u2013 ak\u00e9 m\u00e1te mo\u017enosti? - \u0160koda We Love Cycling Slovensko<\/title>\n<meta name=\"robots\" content=\"index, follow, max-snippet:-1, max-image-preview:large, max-video-preview:-1\" \/>\n<link rel=\"canonical\" href=\"https:\/\/www.welovecycling.com\/sk\/2020\/06\/01\/cyklovylet-s-detmi-ake-mate-moznosti\/\" \/>\n<meta property=\"og:locale\" content=\"sk_SK\" \/>\n<meta property=\"og:type\" content=\"article\" \/>\n<meta property=\"og:title\" content=\"Cyklov\u00fdlet s\u00a0de\u0165mi \u2013 ak\u00e9 m\u00e1te mo\u017enosti?\" \/>\n<meta property=\"og:description\" content=\"Bl\u00ed\u017eia sa letn\u00e9 mesiace a mo\u017eno prem\u00fd\u0161\u013eate, ako toto obdobie str\u00e1vi\u0165 so svojimi de\u0165mi. K moru ani na nejak\u00e9 \u010falek\u00e9 [&hellip;]\" \/>\n<meta property=\"og:url\" content=\"https:\/\/www.welovecycling.com\/sk\/2020\/06\/01\/cyklovylet-s-detmi-ake-mate-moznosti\/\" \/>\n<meta property=\"og:site_name\" content=\"\u0160koda We Love Cycling Slovensko\" \/>\n<meta property=\"article:published_time\" content=\"2020-06-01T06:00:56+00:00\" \/>\n<meta property=\"og:image\" content=\"https:\/\/d2p6e6u75xmxt8.cloudfront.net\/4\/2020\/05\/Cyklov\u00fdlet-s-de\u0165mi_00.webp\" \/>\n\t<meta property=\"og:image:width\" content=\"1380\" \/>\n\t<meta property=\"og:image:height\" content=\"600\" \/>\n\t<meta property=\"og:image:type\" content=\"image\/webp\" \/>\n<meta name=\"twitter:card\" content=\"summary_large_image\" \/>\n<meta name=\"twitter:label1\" content=\"Written by\" \/>\n\t<meta name=\"twitter:data1\" content=\"Radovan Vr\u0161ka\" \/>\n\t<meta name=\"twitter:label2\" content=\"Est. reading time\" \/>\n\t<meta name=\"twitter:data2\" content=\"3\" \/>\n<script type=\"application\/ld+json\" class=\"yoast-schema-graph\">{\"@context\":\"https:\/\/schema.org\",\"@graph\":[{\"@type\":\"WebPage\",\"@id\":\"https:\/\/www.welovecycling.com\/sk\/2020\/06\/01\/cyklovylet-s-detmi-ake-mate-moznosti\/\",\"url\":\"https:\/\/www.welovecycling.com\/sk\/2020\/06\/01\/cyklovylet-s-detmi-ake-mate-moznosti\/\",\"name\":\"Cyklov\u00fdlet s\u00a0de\u0165mi \u2013 ak\u00e9 m\u00e1te mo\u017enosti? - \u0160koda We Love Cycling Slovensko\",\"isPartOf\":{\"@id\":\"https:\/\/www.welovecycling.com\/sk\/#website\"},\"primaryImageOfPage\":{\"@id\":\"https:\/\/www.welovecycling.com\/sk\/2020\/06\/01\/cyklovylet-s-detmi-ake-mate-moznosti\/#primaryimage\"},\"image\":{\"@id\":\"https:\/\/www.welovecycling.com\/sk\/2020\/06\/01\/cyklovylet-s-detmi-ake-mate-moznosti\/#primaryimage\"},\"thumbnailUrl\":\"https:\/\/d2p6e6u75xmxt8.cloudfront.net\/4\/2020\/05\/Cyklov\u00fdlet-s-de\u0165mi_00.webp\",\"datePublished\":\"2020-06-01T06:00:56+00:00\",\"author\":{\"@id\":\"\"},\"breadcrumb\":{\"@id\":\"https:\/\/www.welovecycling.com\/sk\/2020\/06\/01\/cyklovylet-s-detmi-ake-mate-moznosti\/#breadcrumb\"},\"inLanguage\":\"sk-SK\",\"potentialAction\":[{\"@type\":\"ReadAction\",\"target\":[\"https:\/\/www.welovecycling.com\/sk\/2020\/06\/01\/cyklovylet-s-detmi-ake-mate-moznosti\/\"]}]},{\"@type\":\"ImageObject\",\"inLanguage\":\"sk-SK\",\"@id\":\"https:\/\/www.welovecycling.com\/sk\/2020\/06\/01\/cyklovylet-s-detmi-ake-mate-moznosti\/#primaryimage\",\"url\":\"https:\/\/d2p6e6u75xmxt8.cloudfront.net\/4\/2020\/05\/Cyklov\u00fdlet-s-de\u0165mi_00.webp\",\"contentUrl\":\"https:\/\/d2p6e6u75xmxt8.cloudfront.net\/4\/2020\/05\/Cyklov\u00fdlet-s-de\u0165mi_00.webp\",\"width\":1380,\"height\":600},{\"@type\":\"BreadcrumbList\",\"@id\":\"https:\/\/www.welovecycling.com\/sk\/2020\/06\/01\/cyklovylet-s-detmi-ake-mate-moznosti\/#breadcrumb\",\"itemListElement\":[{\"@type\":\"ListItem\",\"position\":1,\"name\":\"Home\",\"item\":\"https:\/\/www.welovecycling.com\/sk\/\"},{\"@type\":\"ListItem\",\"position\":2,\"name\":\"Cyklov\u00fdlet s\u00a0de\u0165mi \u2013 ak\u00e9 m\u00e1te mo\u017enosti?\"}]},{\"@type\":\"WebSite\",\"@id\":\"https:\/\/www.welovecycling.com\/sk\/#website\",\"url\":\"https:\/\/www.welovecycling.com\/sk\/\",\"name\":\"\u0160koda We Love Cycling Slovensko\",\"description\":\"\u0160koda We Love Cycling Slovensko je v\u00e1\u0161 ka\u017edodenn\u00fd zdroj noviniek a in\u0161pir\u00e1cie z sveta cyklistiky\",\"potentialAction\":[{\"@type\":\"SearchAction\",\"target\":{\"@type\":\"EntryPoint\",\"urlTemplate\":\"https:\/\/www.welovecycling.com\/sk\/?s={search_term_string}\"},\"query-input\":{\"@type\":\"PropertyValueSpecification\",\"valueRequired\":true,\"valueName\":\"search_term_string\"}}],\"inLanguage\":\"sk-SK\"},{\"@type\":\"Person\",\"@id\":\"\",\"url\":\"https:\/\/www.welovecycling.com\/sk\/author\/\"}]}<\/script>\n<!-- \/ Yoast SEO Premium plugin. -->","yoast_head_json":{"title":"Cyklov\u00fdlet s\u00a0de\u0165mi \u2013 ak\u00e9 m\u00e1te mo\u017enosti? - \u0160koda We Love Cycling Slovensko","robots":{"index":"index","follow":"follow","max-snippet":"max-snippet:-1","max-image-preview":"max-image-preview:large","max-video-preview":"max-video-preview:-1"},"canonical":"https:\/\/www.welovecycling.com\/sk\/2020\/06\/01\/cyklovylet-s-detmi-ake-mate-moznosti\/","og_locale":"sk_SK","og_type":"article","og_title":"Cyklov\u00fdlet s\u00a0de\u0165mi \u2013 ak\u00e9 m\u00e1te mo\u017enosti?","og_description":"Bl\u00ed\u017eia sa letn\u00e9 mesiace a mo\u017eno prem\u00fd\u0161\u013eate, ako toto obdobie str\u00e1vi\u0165 so svojimi de\u0165mi. K moru ani na nejak\u00e9 \u010falek\u00e9 [&hellip;]","og_url":"https:\/\/www.welovecycling.com\/sk\/2020\/06\/01\/cyklovylet-s-detmi-ake-mate-moznosti\/","og_site_name":"\u0160koda We Love Cycling Slovensko","article_published_time":"2020-06-01T06:00:56+00:00","og_image":[{"width":1380,"height":600,"url":"https:\/\/d2p6e6u75xmxt8.cloudfront.net\/4\/2020\/05\/Cyklov\u00fdlet-s-de\u0165mi_00.webp","type":"image\/webp"}],"twitter_card":"summary_large_image","twitter_misc":{"Written by":"Radovan Vr\u0161ka","Est. reading time":"3"},"schema":{"@context":"https:\/\/schema.org","@graph":[{"@type":"WebPage","@id":"https:\/\/www.welovecycling.com\/sk\/2020\/06\/01\/cyklovylet-s-detmi-ake-mate-moznosti\/","url":"https:\/\/www.welovecycling.com\/sk\/2020\/06\/01\/cyklovylet-s-detmi-ake-mate-moznosti\/","name":"Cyklov\u00fdlet s\u00a0de\u0165mi \u2013 ak\u00e9 m\u00e1te mo\u017enosti? - \u0160koda We Love Cycling Slovensko","isPartOf":{"@id":"https:\/\/www.welovecycling.com\/sk\/#website"},"primaryImageOfPage":{"@id":"https:\/\/www.welovecycling.com\/sk\/2020\/06\/01\/cyklovylet-s-detmi-ake-mate-moznosti\/#primaryimage"},"image":{"@id":"https:\/\/www.welovecycling.com\/sk\/2020\/06\/01\/cyklovylet-s-detmi-ake-mate-moznosti\/#primaryimage"},"thumbnailUrl":"https:\/\/d2p6e6u75xmxt8.cloudfront.net\/4\/2020\/05\/Cyklov\u00fdlet-s-de\u0165mi_00.webp","datePublished":"2020-06-01T06:00:56+00:00","author":{"@id":""},"breadcrumb":{"@id":"https:\/\/www.welovecycling.com\/sk\/2020\/06\/01\/cyklovylet-s-detmi-ake-mate-moznosti\/#breadcrumb"},"inLanguage":"sk-SK","potentialAction":[{"@type":"ReadAction","target":["https:\/\/www.welovecycling.com\/sk\/2020\/06\/01\/cyklovylet-s-detmi-ake-mate-moznosti\/"]}]},{"@type":"ImageObject","inLanguage":"sk-SK","@id":"https:\/\/www.welovecycling.com\/sk\/2020\/06\/01\/cyklovylet-s-detmi-ake-mate-moznosti\/#primaryimage","url":"https:\/\/d2p6e6u75xmxt8.cloudfront.net\/4\/2020\/05\/Cyklov\u00fdlet-s-de\u0165mi_00.webp","contentUrl":"https:\/\/d2p6e6u75xmxt8.cloudfront.net\/4\/2020\/05\/Cyklov\u00fdlet-s-de\u0165mi_00.webp","width":1380,"height":600},{"@type":"BreadcrumbList","@id":"https:\/\/www.welovecycling.com\/sk\/2020\/06\/01\/cyklovylet-s-detmi-ake-mate-moznosti\/#breadcrumb","itemListElement":[{"@type":"ListItem","position":1,"name":"Home","item":"https:\/\/www.welovecycling.com\/sk\/"},{"@type":"ListItem","position":2,"name":"Cyklov\u00fdlet s\u00a0de\u0165mi \u2013 ak\u00e9 m\u00e1te mo\u017enosti?"}]},{"@type":"WebSite","@id":"https:\/\/www.welovecycling.com\/sk\/#website","url":"https:\/\/www.welovecycling.com\/sk\/","name":"\u0160koda We Love Cycling Slovensko","description":"\u0160koda We Love Cycling Slovensko je v\u00e1\u0161 ka\u017edodenn\u00fd zdroj noviniek a in\u0161pir\u00e1cie z sveta cyklistiky","potentialAction":[{"@type":"SearchAction","target":{"@type":"EntryPoint","urlTemplate":"https:\/\/www.welovecycling.com\/sk\/?s={search_term_string}"},"query-input":{"@type":"PropertyValueSpecification","valueRequired":true,"valueName":"search_term_string"}}],"inLanguage":"sk-SK"},{"@type":"Person","@id":"","url":"https:\/\/www.welovecycling.com\/sk\/author\/"}]}},"_links":{"self":[{"href":"https:\/\/www.welovecycling.com\/sk\/wp-json\/wp\/v2\/posts\/9990","targetHints":{"allow":["GET"]}}],"collection":[{"href":"https:\/\/www.welovecycling.com\/sk\/wp-json\/wp\/v2\/posts"}],"about":[{"href":"https:\/\/www.welovecycling.com\/sk\/wp-json\/wp\/v2\/types\/post"}],"author":[{"embeddable":true,"href":"https:\/\/www.welovecycling.com\/sk\/wp-json\/wp\/v2\/users\/81"}],"replies":[{"embeddable":true,"href":"https:\/\/www.welovecycling.com\/sk\/wp-json\/wp\/v2\/comments?post=9990"}],"version-history":[{"count":2,"href":"https:\/\/www.welovecycling.com\/sk\/wp-json\/wp\/v2\/posts\/9990\/revisions"}],"predecessor-version":[{"id":9999,"href":"https:\/\/www.welovecycling.com\/sk\/wp-json\/wp\/v2\/posts\/9990\/revisions\/9999"}],"wp:featuredmedia":[{"embeddable":true,"href":"https:\/\/www.welovecycling.com\/sk\/wp-json\/wp\/v2\/media\/9992"}],"wp:attachment":[{"href":"https:\/\/www.welovecycling.com\/sk\/wp-json\/wp\/v2\/media?parent=9990"}],"wp:term":[{"taxonomy":"category","embeddable":true,"href":"https:\/\/www.welovecycling.com\/sk\/wp-json\/wp\/v2\/categories?post=9990"},{"taxonomy":"post_tag","embeddable":true,"href":"https:\/\/www.welovecycling.com\/sk\/wp-json\/wp\/v2\/tags?post=9990"},{"taxonomy":"global-categories","embeddable":true,"href":"https:\/\/www.welovecycling.com\/sk\/wp-json\/wp\/v2\/global-categories?post=9990"}],"curies":[{"name":"wp","href":"https:\/\/api.w.org\/{rel}","templated":true}]}}