{"id":9976,"date":"2020-05-29T15:00:28","date_gmt":"2020-05-29T13:00:28","guid":{"rendered":"https:\/\/www.welovecycling.com\/sk\/?p=9976"},"modified":"2020-05-29T11:56:27","modified_gmt":"2020-05-29T09:56:27","slug":"mesacna-desiatka-majove-rekordy-a-kusok-historie","status":"publish","type":"post","link":"https:\/\/www.welovecycling.com\/sk\/2020\/05\/29\/mesacna-desiatka-majove-rekordy-a-kusok-historie\/","title":{"rendered":"Mesa\u010dn\u00e1 desiatka &#8211; m\u00e1jov\u00e9 rekordy a\u00a0k\u00fasok hist\u00f3rie"},"content":{"rendered":"<p><strong>E\u0161te st\u00e1le sa na svetov\u00fa cyklistiku pozer\u00e1me pov\u00e4\u010d\u0161ine zo z\u00e1znamov a\u00a0pripom\u00edname si chv\u00edle ve\u013ek\u00fdch v\u00ed\u0165azstiev. Napriek tomu sa k\u00a0n\u00e1m dost\u00e1vaj\u00fa aj povzbudiv\u00e9 spr\u00e1vy o\u00a0\u00faspechoch, pov\u00e4\u010d\u0161ine individu\u00e1lne jazdiacich pretek\u00e1rov. Aj preto sa v\u00a0tohtomesa\u010dnej desiatke pozrieme na nov\u00e9, ale aj legend\u00e1rne \u00faspechy.<\/strong><!--more--><\/p>\n<h2><strong>Everesting pohltil tis\u00edce \u013eud\u00ed &#8211; padali rekordy<\/strong><\/h2>\n<p>Pre t\u00fdch, ktor\u00fdch t\u00e1to inform\u00e1cia minula, Everesting je forma v\u00fdzvy, v\u00a0ktorej sa sna\u017e\u00ed jednotlivec <strong>dosiahnu\u0165 po\u010det nast\u00fapan\u00fdch metrov na hodnote minim\u00e1lne 8 848<\/strong>, \u010do je nadmorsk\u00e1 v\u00fd\u0161ka Mount Everestu. V\u00a0roku 2020 sa o\u00a0to pok\u00fasili viacer\u00e9 zvu\u010dn\u00e9 men\u00e1 a\u00a0okrem mu\u017esk\u00e9ho\u00a0rekordu padol aj ten \u017eensk\u00fd, ktor\u00fd na cestnom bicykli pokorila <strong>Katie Hall<\/strong>, opakuj\u00faca 3,7 km st\u00fapanie takmer 10 a\u00a0pol hodiny, pokia\u013e z\u00edskala na 205 km 8\u00a0900 metrov prev\u00fd\u0161enia. Nov\u00fd rekord\u00e9r <strong>Keegan Swenson<\/strong> toto prev\u00fd\u0161enie zdolal za 7:52 hodiny.<br \/>\nhttps:\/\/www.instagram.com\/p\/CAZB1jhFTaQ\/?utm_source=ig_embed <\/p>\n<h2><strong>Prem\u00fd\u0161\u013eate, ak\u00e9 monument\u00e1lne st\u00fapania budete po karant\u00e9ne zdol\u00e1va\u0165? M\u00e1me pre v\u00e1s tipy<\/strong><\/h2>\n<p>Taliansko je jednou zo zem\u00ed, v\u00a0ktor\u00fdch sa nach\u00e1dzaj\u00fa cel\u00e9 tucty fam\u00f3znych, legend\u00e1rnych a\u00a0\u010do je \u010dasto najlep\u0161ie &#8211; <strong>obtia\u017enych st\u00fapan\u00ed<\/strong>. Av\u0161ak, pocit po vyst\u00fapan\u00ed do v\u00fd\u0161ky nad 2 000 metrov nad morom stoj\u00ed jednoducho za to. Global Cycling Network pripravilo rebr\u00ed\u010dek <strong>desiatich najlep\u0161\u00edch talianskych kopcov<\/strong>, ktor\u00e9 by ur\u010dite nemali na va\u0161om liste ch\u00fdba\u0165!\n <lite-youtube videoid=3tavqrJn1ak params=\"enablejsapi=1\" style=\"background-image: url('https:\/\/i.ytimg.com\/vi_webp\/3tavqrJn1ak\/maxresdefault.webp');\"><\/lite-youtube>\n<h2><strong>Ako znie prav\u00e1 hudba spod kolies?<\/strong><\/h2>\n<p>Nie v\u017edy sa m\u00f4\u017eeme rozpl\u00fdva\u0165 nad neru\u0161en\u00fdm pocitom z\u00a0jazdenia, kedy k\u00a0v\u00e1m nedoliehaj\u00fa zvuky mesta, \u00e1ut alebo in\u00fdch cyklistov &#8211; jednoducho ste to vy, v\u00e1\u0161 bicykel a\u00a0chodn\u00edk. O\u00a0tom, \u017ee aj v\u00a0Chorv\u00e1tsku vl\u00e1dne rovnak\u00e1 priaze\u0148 k\u00a0dvojkolesov\u00fdm priate\u013eom, ktor\u00e1 nepodlieha ani n\u00e1rodnosti, ani geografickej polohe, v\u00e1s presved\u010d\u00ed <strong>100 sek\u00fand surov\u00e9ho jazdenia<\/strong>. Vychutnajte si ho neru\u0161ene a\u00a0preneste sa do in\u00e9ho sveta.\n<lite-youtube videoid=07JyAlW00L4 params=\"enablejsapi=1\" style=\"background-image: url('https:\/\/i.ytimg.com\/vi_webp\/07JyAlW00L4\/maxresdefault.webp');\"><\/lite-youtube>\n<h2><strong>Loic Bruni stavia v\u00a0D\u00e1nsku nov\u00e9 traily<\/strong><\/h2>\n<p>Profesion\u00e1li sa \u010dasto spoza obrazoviek javia ako nedostupn\u00e9 osobnosti, ktor\u00e9 v\u00a0\u017eivote nestretnete. To v\u0161ak v\u00a0cyklistike nie je pravda. Napr\u00edklad Loic Bruni, trojn\u00e1sobn\u00fd Majster sveta v\u00a0zjazde, v\u00a0uplynul\u00fdch d\u0148och <strong>pom\u00e1hal budova\u0165 miestne traily pre \u0161irok\u00fa verejnos\u0165<\/strong>. Tak\u00e1to pomocn\u00e1 ruka a\u00a0vedomosti o\u00a0spr\u00e1vnych sklonoch a\u00a0flow-e, by sa hodili sn\u00e1\u010f v\u00a0ka\u017edom ob\u010dianskom zdru\u017een\u00ed.<br \/>\nhttps:\/\/www.instagram.com\/p\/CAs0oD5Jk9y\/<\/p>\n<h2><strong>M\u00e1j &#8211; Gira \u010das: pripome\u0148me si niektor\u00e9 neopakovate\u013en\u00e9 momenty<\/strong><\/h2>\n<p>U\u017e 103. ro\u010dn\u00edk t\u00fdchto legend\u00e1rnych etapov\u00fdch pretekov, ktor\u00e9 sa po novom maj\u00fa kona\u0165 v\u00a0okt\u00f3bri tohto roka, vo svojej hist\u00f3rii skr\u00fdva mno\u017estvo v\u00fdznamn\u00fdch osobnost\u00ed &#8211; jednou je aj Gino Bartali, taliansky pretek\u00e1r prvej polovice 20. storo\u010dia, ktor\u00fd dok\u00e1zal <strong>zv\u00ed\u0165azi\u0165 na Gire celkovo trikr\u00e1t<\/strong>. Prip\u00edsal si 17 etapov\u00fdch v\u00fdhier a\u00a0to v\u0161etko na bicykli, na ktorom by sa mnoh\u00ed nevydali ani do obchodu. V\u00a0roku 1946 po 17 etap\u00e1ch zv\u00ed\u0165azil pred nemenej sl\u00e1vnym Faustom Coppim len o\u00a047 sek\u00fand &#8211; navy\u0161e v\u00a0dobe, kedy neexistovali t\u00edmov\u00e9 r\u00e1dia alebo \u017eiv\u00e9 meranie odstupov.<\/p>\n<p><a href=\"https:\/\/d2p6e6u75xmxt8.cloudfront.net\/4\/2020\/05\/WLC_Mesa\u010dn\u00e1-m\u00e1j_01.jpg\"><img loading=\"lazy\" decoding=\"async\" src=\"https:\/\/d2p6e6u75xmxt8.cloudfront.net\/4\/2020\/05\/WLC_Mesa\u010dn\u00e1-m\u00e1j_01.jpg\" alt=\"\" width=\"1200\" height=\"800\" class=\"alignnone size-full wp-image-9987\" \/><\/a><\/p>\n<h2><strong>Ak ni\u010d in\u00e9, pozit\u00edvum dne\u0161n\u00fdch dn\u00ed je n\u00edzka \u00farazovos\u0165 pretek\u00e1rov<\/strong><\/h2>\n<p>Zatia\u013e \u010do v\u00a0uplynul\u00fdch rokoch bol m\u00e1j jedn\u00fdm z \u201enajnehodovej\u0161\u00edch\u201c mesiacov roka, tento rok sa to z\u00e1sadne obr\u00e1tilo. Len 2 jazdci utrpeli zranenia &#8211; <strong>Arnaud D\u00e9mare a\u00a0Elynor Backstedt<\/strong>, ktor\u00fdch doba lie\u010denia sa odhaduje na mesiac. Z\u00a0minulosti si m\u00f4\u017eeme pripomen\u00fa\u0165 ne\u0161\u0165astn\u00fd p\u00e1d Stevena Kruijswijka, ktor\u00fd pr\u00e1ve kv\u00f4li nemu (asi) stratil cel\u00e9 Giro a\u00a0aj \u017eivotn\u00fd \u00faspech.<\/p>\n<lite-youtube videoid=1Py1Tr97x5o params=\"enablejsapi=1\" style=\"background-image: url('https:\/\/i.ytimg.com\/vi_webp\/1Py1Tr97x5o\/maxresdefault.webp');\"><\/lite-youtube>\n<h2><strong>Pripome\u0148me si, ak\u00e9 je to st\u00e1\u0165 pri trati a\u00a0povzbudzova\u0165<\/strong><\/h2>\n<p>Aj ke\u010f sa cesty zap\u013a\u0148aj\u00fa cyklistami v\u0161etk\u00fdch v\u00fdkonnostn\u00fdch kateg\u00f3ri\u00ed, e\u0161te st\u00e1le sme vzdialen\u00ed chv\u00ed\u013eam, kedy desa\u0165tis\u00edce fan\u00fa\u0161ikov cyklistiky obklopia krajnice ciest len preto, aby videli svoje idoly prejs\u0165 okolo. Niektor\u00ed sa v\u0161ak na tak\u00fato pr\u00edle\u017eitos\u0165 aj n\u00e1le\u017eite pripravia &#8211; oble\u010den\u00edm alebo nev\u0161edn\u00fdm prejavom &#8211; <strong>ve\u010f pos\u00fa\u010fte sami<\/strong>!<\/p>\n<lite-youtube videoid=RfabWyWmNIs params=\"enablejsapi=1\" style=\"background-image: url('https:\/\/i.ytimg.com\/vi_webp\/RfabWyWmNIs\/maxresdefault.webp');\"><\/lite-youtube>\n<h2><strong>Aj na Slovensku sa roz\u0161iruje cyklistick\u00e1 sc\u00e9na<\/strong><\/h2>\n<p>S\u00edce to nie je nov\u00fd profesion\u00e1lny WorldTour t\u00edm, av\u0161ak pr\u00e1ve vlastn\u00e1 iniciat\u00edva nad\u0161encov cyklistiky z\u00a0Trnavy je uk\u00e1\u017ekou toho, <strong>\u017ee dve koles\u00e1 jednoducho sp\u00e1jaj\u00fa \u013eud\u00ed<\/strong>. Nov\u00fd Trnava Cycling Team pozost\u00e1va z\u00a0pov\u00e4\u010d\u0161ine p\u00e1nskej zostavy, av\u0161ak to e\u0161te neznamen\u00e1, \u017ee to tak nutne mus\u00ed osta\u0165! A\u00a0\u010do vy, nem\u00e1te chu\u0165 sa prida\u0165 k\u00a0v\u00e1\u0161mu oblastn\u00e9mu klubu a\u00a0spozna\u0165 tak nov\u00e9 tv\u00e1re?<\/p>\n<lite-youtube videoid=punuHmZDRPA params=\"enablejsapi=1\" style=\"background-image: url('https:\/\/i.ytimg.com\/vi_webp\/punuHmZDRPA\/maxresdefault.webp');\"><\/lite-youtube>\n<h2><strong>Nud\u00edte sa doma? \u010co tak si pozrie\u0165 cyklistick\u00fd film?<\/strong><\/h2>\n<p>Medi\u00e1lny sponzor Svetov\u00e9ho poh\u00e1ra v\u00a0horskej cyklistike, <strong>RedBull, na svojom webe pon\u00faka nieko\u013eko zauj\u00edmav\u00fdch filmov<\/strong>, ktor\u00e9 pribli\u017euj\u00fa svet profesion\u00e1lov z\u00a0perspekt\u00edv, o\u00a0ktor\u00fdch ste doteraz nevedeli. M\u00f4\u017eete si tak pozrie\u0165 cestu Nina Schurtera za sl\u00e1vou, z\u00e1kulisn\u00e9 poh\u013eady do XCO a\u00a0DH Svetov\u00e9ho poh\u00e1ra v\u00a0MTB, alebo ak\u00e9 to je by\u0165 profesion\u00e1lnym enduro pretek\u00e1rom. Tieto a\u00a0mno\u017estvo in\u00fdch mo\u017eno nabudia va\u0161e chcenie vyrazi\u0165 a\u00a0objavova\u0165. Dostupn\u00e9 na <a href=\"https:\/\/www.redbull.com\/int-en\/discover\" rel=\"noopener noreferrer\" target=\"_blank\">tomto odkaze<\/a>.<\/p>\n<h2><strong>\u010co robi\u0165 v\u00a0nasleduj\u00facom mesiaci? \u010co tak v\u00fdzva?<\/strong><\/h2>\n<p>Na popul\u00e1rnom port\u00e1li Strava aj v\u00a0mesiaci j\u00fan je u\u017e pripraven\u00e1 v\u00fdzva s\u00a0n\u00e1zvom <strong>June Cycling Challenge<\/strong>, ktor\u00e1 je priam jednoduch\u00e1 &#8211; sta\u010d\u00ed po\u010das tohto mesiaca prejs\u0165 aspo\u0148 <strong>600 kilometrov<\/strong>, ktor\u00e9 zaznamen\u00e1te prostredn\u00edctvom aplik\u00e1cie na v\u00e1\u0161 \u00fa\u010det. Je to dobr\u00fd sp\u00f4sob, ako sa nabudi\u0165 k\u00a0jazdeniu a\u00a0navy\u0161e porovna\u0165 sa nielen so zn\u00e1mymi, ale v\u00a0s\u00fa\u010dasnosti s\u00a0a\u017e 300\u00a0000 jazdcami po celom svete!<\/p>\n<p><a href=\"https:\/\/d2p6e6u75xmxt8.cloudfront.net\/4\/2020\/05\/WLC_Mesa\u010dn\u00e1-m\u00e1j_02.jpg\"><img loading=\"lazy\" decoding=\"async\" src=\"https:\/\/d2p6e6u75xmxt8.cloudfront.net\/4\/2020\/05\/WLC_Mesa\u010dn\u00e1-m\u00e1j_02.jpg\" alt=\"\" width=\"1200\" height=\"800\" class=\"alignnone size-full wp-image-9986\" \/><\/a><\/p>\n<p>Tepl\u00e9 po\u010dasie a\u00a0dlh\u00e9 dni pln\u00e9 svetla l\u00e1kaj\u00fa do pr\u00edrody, na traily a\u00a0na cesty. Na\u0161\u0165astie n\u00e1m t\u00fato v\u00fdsadu nikto nevzal, a\u00a0preto sa m\u00f4\u017eeme, i\u00a0ke\u010f nanajv\u00fd\u0161 opatrne, <strong>prebicyklova\u0165 do \u010fal\u0161ieho mesiaca, ktor\u00fd n\u00e1m op\u00e4\u0165 prinesie cyklistick\u00e9 novinky<\/strong>.<\/p>\n<p>(zdroj fotogrrafi\u00ed: FB\/Giro dItalia)<\/p>\n","protected":false},"excerpt":{"rendered":"<p>E\u0161te st\u00e1le sa na svetov\u00fa cyklistiku pozer\u00e1me pov\u00e4\u010d\u0161ine zo z\u00e1znamov a\u00a0pripom\u00edname si chv\u00edle ve\u013ek\u00fdch v\u00ed\u0165azstiev. Napriek tomu sa k\u00a0n\u00e1m dost\u00e1vaj\u00fa [&hellip;]<\/p>\n","protected":false},"author":81,"featured_media":9985,"comment_status":"open","ping_status":"open","sticky":false,"template":"","format":"standard","meta":{"footnotes":""},"categories":[63],"tags":[150,619,115,1172,546,1231,86,1173,82,65,180,532,1040,1012,302,1109,237,883,269,183],"global-categories":[1074],"class_list":["post-9976","post","type-post","status-publish","format-standard","has-post-thumbnail","hentry","category-grand-tour","tag-arnaud-demare","tag-bicyklovanie","tag-cestna-cyklistika","tag-cyklisticky-film","tag-cyklistika","tag-everesting","tag-fausto-coppi","tag-film-o-cyklistike","tag-gino-bartali","tag-giro-d-italia","tag-horska-cyklistika","tag-jazdenie","tag-mesacna-desiatka","tag-pretekar","tag-red-bull","tag-stupanie","tag-trail","tag-uspech","tag-vitaz","tag-zabava","global-categories-cycling"],"yoast_head":"<!-- This site is optimized with the Yoast SEO Premium plugin v25.3 (Yoast SEO v25.9) - https:\/\/yoast.com\/wordpress\/plugins\/seo\/ -->\n<title>Mesa\u010dn\u00e1 desiatka - m\u00e1jov\u00e9 rekordy a\u00a0k\u00fasok hist\u00f3rie - \u0160koda We Love Cycling Slovensko<\/title>\n<meta name=\"robots\" content=\"index, follow, max-snippet:-1, max-image-preview:large, max-video-preview:-1\" \/>\n<link rel=\"canonical\" href=\"https:\/\/www.welovecycling.com\/sk\/2020\/05\/29\/mesacna-desiatka-majove-rekordy-a-kusok-historie\/\" \/>\n<meta property=\"og:locale\" content=\"sk_SK\" \/>\n<meta property=\"og:type\" content=\"article\" \/>\n<meta property=\"og:title\" content=\"Mesa\u010dn\u00e1 desiatka - m\u00e1jov\u00e9 rekordy a\u00a0k\u00fasok hist\u00f3rie\" \/>\n<meta property=\"og:description\" content=\"E\u0161te st\u00e1le sa na svetov\u00fa cyklistiku pozer\u00e1me pov\u00e4\u010d\u0161ine zo z\u00e1znamov a\u00a0pripom\u00edname si chv\u00edle ve\u013ek\u00fdch v\u00ed\u0165azstiev. Napriek tomu sa k\u00a0n\u00e1m dost\u00e1vaj\u00fa [&hellip;]\" \/>\n<meta property=\"og:url\" content=\"https:\/\/www.welovecycling.com\/sk\/2020\/05\/29\/mesacna-desiatka-majove-rekordy-a-kusok-historie\/\" \/>\n<meta property=\"og:site_name\" content=\"\u0160koda We Love Cycling Slovensko\" \/>\n<meta property=\"article:published_time\" content=\"2020-05-29T13:00:28+00:00\" \/>\n<meta property=\"og:image\" content=\"https:\/\/d2p6e6u75xmxt8.cloudfront.net\/4\/2020\/05\/WLC_Mesa\u010dn\u00e1-m\u00e1j_00.webp\" \/>\n\t<meta property=\"og:image:width\" content=\"1380\" \/>\n\t<meta property=\"og:image:height\" content=\"600\" \/>\n\t<meta property=\"og:image:type\" content=\"image\/webp\" \/>\n<meta name=\"twitter:card\" content=\"summary_large_image\" \/>\n<meta name=\"twitter:label1\" content=\"Written by\" \/>\n\t<meta name=\"twitter:data1\" content=\"WeLoveCycling\" \/>\n\t<meta name=\"twitter:label2\" content=\"Est. reading time\" \/>\n\t<meta name=\"twitter:data2\" content=\"5\" \/>\n<script type=\"application\/ld+json\" class=\"yoast-schema-graph\">{\"@context\":\"https:\/\/schema.org\",\"@graph\":[{\"@type\":\"WebPage\",\"@id\":\"https:\/\/www.welovecycling.com\/sk\/2020\/05\/29\/mesacna-desiatka-majove-rekordy-a-kusok-historie\/\",\"url\":\"https:\/\/www.welovecycling.com\/sk\/2020\/05\/29\/mesacna-desiatka-majove-rekordy-a-kusok-historie\/\",\"name\":\"Mesa\u010dn\u00e1 desiatka - m\u00e1jov\u00e9 rekordy a\u00a0k\u00fasok hist\u00f3rie - \u0160koda We Love Cycling Slovensko\",\"isPartOf\":{\"@id\":\"https:\/\/www.welovecycling.com\/sk\/#website\"},\"primaryImageOfPage\":{\"@id\":\"https:\/\/www.welovecycling.com\/sk\/2020\/05\/29\/mesacna-desiatka-majove-rekordy-a-kusok-historie\/#primaryimage\"},\"image\":{\"@id\":\"https:\/\/www.welovecycling.com\/sk\/2020\/05\/29\/mesacna-desiatka-majove-rekordy-a-kusok-historie\/#primaryimage\"},\"thumbnailUrl\":\"https:\/\/d2p6e6u75xmxt8.cloudfront.net\/4\/2020\/05\/WLC_Mesa\u010dn\u00e1-m\u00e1j_00.webp\",\"datePublished\":\"2020-05-29T13:00:28+00:00\",\"author\":{\"@id\":\"\"},\"breadcrumb\":{\"@id\":\"https:\/\/www.welovecycling.com\/sk\/2020\/05\/29\/mesacna-desiatka-majove-rekordy-a-kusok-historie\/#breadcrumb\"},\"inLanguage\":\"sk-SK\",\"potentialAction\":[{\"@type\":\"ReadAction\",\"target\":[\"https:\/\/www.welovecycling.com\/sk\/2020\/05\/29\/mesacna-desiatka-majove-rekordy-a-kusok-historie\/\"]}]},{\"@type\":\"ImageObject\",\"inLanguage\":\"sk-SK\",\"@id\":\"https:\/\/www.welovecycling.com\/sk\/2020\/05\/29\/mesacna-desiatka-majove-rekordy-a-kusok-historie\/#primaryimage\",\"url\":\"https:\/\/d2p6e6u75xmxt8.cloudfront.net\/4\/2020\/05\/WLC_Mesa\u010dn\u00e1-m\u00e1j_00.webp\",\"contentUrl\":\"https:\/\/d2p6e6u75xmxt8.cloudfront.net\/4\/2020\/05\/WLC_Mesa\u010dn\u00e1-m\u00e1j_00.webp\",\"width\":1380,\"height\":600},{\"@type\":\"BreadcrumbList\",\"@id\":\"https:\/\/www.welovecycling.com\/sk\/2020\/05\/29\/mesacna-desiatka-majove-rekordy-a-kusok-historie\/#breadcrumb\",\"itemListElement\":[{\"@type\":\"ListItem\",\"position\":1,\"name\":\"Home\",\"item\":\"https:\/\/www.welovecycling.com\/sk\/\"},{\"@type\":\"ListItem\",\"position\":2,\"name\":\"Mesa\u010dn\u00e1 desiatka &#8211; m\u00e1jov\u00e9 rekordy a\u00a0k\u00fasok hist\u00f3rie\"}]},{\"@type\":\"WebSite\",\"@id\":\"https:\/\/www.welovecycling.com\/sk\/#website\",\"url\":\"https:\/\/www.welovecycling.com\/sk\/\",\"name\":\"\u0160koda We Love Cycling Slovensko\",\"description\":\"\u0160koda We Love Cycling Slovensko je v\u00e1\u0161 ka\u017edodenn\u00fd zdroj noviniek a in\u0161pir\u00e1cie z sveta cyklistiky\",\"potentialAction\":[{\"@type\":\"SearchAction\",\"target\":{\"@type\":\"EntryPoint\",\"urlTemplate\":\"https:\/\/www.welovecycling.com\/sk\/?s={search_term_string}\"},\"query-input\":{\"@type\":\"PropertyValueSpecification\",\"valueRequired\":true,\"valueName\":\"search_term_string\"}}],\"inLanguage\":\"sk-SK\"},{\"@type\":\"Person\",\"@id\":\"\",\"url\":\"https:\/\/www.welovecycling.com\/sk\/author\/\"}]}<\/script>\n<!-- \/ Yoast SEO Premium plugin. -->","yoast_head_json":{"title":"Mesa\u010dn\u00e1 desiatka - m\u00e1jov\u00e9 rekordy a\u00a0k\u00fasok hist\u00f3rie - \u0160koda We Love Cycling Slovensko","robots":{"index":"index","follow":"follow","max-snippet":"max-snippet:-1","max-image-preview":"max-image-preview:large","max-video-preview":"max-video-preview:-1"},"canonical":"https:\/\/www.welovecycling.com\/sk\/2020\/05\/29\/mesacna-desiatka-majove-rekordy-a-kusok-historie\/","og_locale":"sk_SK","og_type":"article","og_title":"Mesa\u010dn\u00e1 desiatka - m\u00e1jov\u00e9 rekordy a\u00a0k\u00fasok hist\u00f3rie","og_description":"E\u0161te st\u00e1le sa na svetov\u00fa cyklistiku pozer\u00e1me pov\u00e4\u010d\u0161ine zo z\u00e1znamov a\u00a0pripom\u00edname si chv\u00edle ve\u013ek\u00fdch v\u00ed\u0165azstiev. Napriek tomu sa k\u00a0n\u00e1m dost\u00e1vaj\u00fa [&hellip;]","og_url":"https:\/\/www.welovecycling.com\/sk\/2020\/05\/29\/mesacna-desiatka-majove-rekordy-a-kusok-historie\/","og_site_name":"\u0160koda We Love Cycling Slovensko","article_published_time":"2020-05-29T13:00:28+00:00","og_image":[{"width":1380,"height":600,"url":"https:\/\/d2p6e6u75xmxt8.cloudfront.net\/4\/2020\/05\/WLC_Mesa\u010dn\u00e1-m\u00e1j_00.webp","type":"image\/webp"}],"twitter_card":"summary_large_image","twitter_misc":{"Written by":"WeLoveCycling","Est. reading time":"5"},"schema":{"@context":"https:\/\/schema.org","@graph":[{"@type":"WebPage","@id":"https:\/\/www.welovecycling.com\/sk\/2020\/05\/29\/mesacna-desiatka-majove-rekordy-a-kusok-historie\/","url":"https:\/\/www.welovecycling.com\/sk\/2020\/05\/29\/mesacna-desiatka-majove-rekordy-a-kusok-historie\/","name":"Mesa\u010dn\u00e1 desiatka - m\u00e1jov\u00e9 rekordy a\u00a0k\u00fasok hist\u00f3rie - \u0160koda We Love Cycling Slovensko","isPartOf":{"@id":"https:\/\/www.welovecycling.com\/sk\/#website"},"primaryImageOfPage":{"@id":"https:\/\/www.welovecycling.com\/sk\/2020\/05\/29\/mesacna-desiatka-majove-rekordy-a-kusok-historie\/#primaryimage"},"image":{"@id":"https:\/\/www.welovecycling.com\/sk\/2020\/05\/29\/mesacna-desiatka-majove-rekordy-a-kusok-historie\/#primaryimage"},"thumbnailUrl":"https:\/\/d2p6e6u75xmxt8.cloudfront.net\/4\/2020\/05\/WLC_Mesa\u010dn\u00e1-m\u00e1j_00.webp","datePublished":"2020-05-29T13:00:28+00:00","author":{"@id":""},"breadcrumb":{"@id":"https:\/\/www.welovecycling.com\/sk\/2020\/05\/29\/mesacna-desiatka-majove-rekordy-a-kusok-historie\/#breadcrumb"},"inLanguage":"sk-SK","potentialAction":[{"@type":"ReadAction","target":["https:\/\/www.welovecycling.com\/sk\/2020\/05\/29\/mesacna-desiatka-majove-rekordy-a-kusok-historie\/"]}]},{"@type":"ImageObject","inLanguage":"sk-SK","@id":"https:\/\/www.welovecycling.com\/sk\/2020\/05\/29\/mesacna-desiatka-majove-rekordy-a-kusok-historie\/#primaryimage","url":"https:\/\/d2p6e6u75xmxt8.cloudfront.net\/4\/2020\/05\/WLC_Mesa\u010dn\u00e1-m\u00e1j_00.webp","contentUrl":"https:\/\/d2p6e6u75xmxt8.cloudfront.net\/4\/2020\/05\/WLC_Mesa\u010dn\u00e1-m\u00e1j_00.webp","width":1380,"height":600},{"@type":"BreadcrumbList","@id":"https:\/\/www.welovecycling.com\/sk\/2020\/05\/29\/mesacna-desiatka-majove-rekordy-a-kusok-historie\/#breadcrumb","itemListElement":[{"@type":"ListItem","position":1,"name":"Home","item":"https:\/\/www.welovecycling.com\/sk\/"},{"@type":"ListItem","position":2,"name":"Mesa\u010dn\u00e1 desiatka &#8211; m\u00e1jov\u00e9 rekordy a\u00a0k\u00fasok hist\u00f3rie"}]},{"@type":"WebSite","@id":"https:\/\/www.welovecycling.com\/sk\/#website","url":"https:\/\/www.welovecycling.com\/sk\/","name":"\u0160koda We Love Cycling Slovensko","description":"\u0160koda We Love Cycling Slovensko je v\u00e1\u0161 ka\u017edodenn\u00fd zdroj noviniek a in\u0161pir\u00e1cie z sveta cyklistiky","potentialAction":[{"@type":"SearchAction","target":{"@type":"EntryPoint","urlTemplate":"https:\/\/www.welovecycling.com\/sk\/?s={search_term_string}"},"query-input":{"@type":"PropertyValueSpecification","valueRequired":true,"valueName":"search_term_string"}}],"inLanguage":"sk-SK"},{"@type":"Person","@id":"","url":"https:\/\/www.welovecycling.com\/sk\/author\/"}]}},"_links":{"self":[{"href":"https:\/\/www.welovecycling.com\/sk\/wp-json\/wp\/v2\/posts\/9976","targetHints":{"allow":["GET"]}}],"collection":[{"href":"https:\/\/www.welovecycling.com\/sk\/wp-json\/wp\/v2\/posts"}],"about":[{"href":"https:\/\/www.welovecycling.com\/sk\/wp-json\/wp\/v2\/types\/post"}],"author":[{"embeddable":true,"href":"https:\/\/www.welovecycling.com\/sk\/wp-json\/wp\/v2\/users\/81"}],"replies":[{"embeddable":true,"href":"https:\/\/www.welovecycling.com\/sk\/wp-json\/wp\/v2\/comments?post=9976"}],"version-history":[{"count":2,"href":"https:\/\/www.welovecycling.com\/sk\/wp-json\/wp\/v2\/posts\/9976\/revisions"}],"predecessor-version":[{"id":10000,"href":"https:\/\/www.welovecycling.com\/sk\/wp-json\/wp\/v2\/posts\/9976\/revisions\/10000"}],"wp:featuredmedia":[{"embeddable":true,"href":"https:\/\/www.welovecycling.com\/sk\/wp-json\/wp\/v2\/media\/9985"}],"wp:attachment":[{"href":"https:\/\/www.welovecycling.com\/sk\/wp-json\/wp\/v2\/media?parent=9976"}],"wp:term":[{"taxonomy":"category","embeddable":true,"href":"https:\/\/www.welovecycling.com\/sk\/wp-json\/wp\/v2\/categories?post=9976"},{"taxonomy":"post_tag","embeddable":true,"href":"https:\/\/www.welovecycling.com\/sk\/wp-json\/wp\/v2\/tags?post=9976"},{"taxonomy":"global-categories","embeddable":true,"href":"https:\/\/www.welovecycling.com\/sk\/wp-json\/wp\/v2\/global-categories?post=9976"}],"curies":[{"name":"wp","href":"https:\/\/api.w.org\/{rel}","templated":true}]}}