{"id":9938,"date":"2020-05-25T07:58:08","date_gmt":"2020-05-25T05:58:08","guid":{"rendered":"https:\/\/www.welovecycling.com\/sk\/?p=9938"},"modified":"2023-04-17T13:58:44","modified_gmt":"2023-04-17T11:58:44","slug":"skoda-bike-open-tour-2020-zapretekame-si-este-v-tomto-roku","status":"publish","type":"post","link":"https:\/\/www.welovecycling.com\/sk\/2020\/05\/25\/skoda-bike-open-tour-2020-zapretekame-si-este-v-tomto-roku\/","title":{"rendered":"\u0160koda BIKE OPEN TOUR 2020 &#8211; zapretek\u00e1me si e\u0161te v\u00a0tomto roku?"},"content":{"rendered":"<p><strong>Nepr\u00edjemn\u00e9 spr\u00e1vy spojen\u00e9 s\u00a0ru\u0161en\u00edm nielen profesion\u00e1lnych, ale aj amat\u00e9rskych a\u00a0region\u00e1lnych pretekov neobi\u0161li ani Slovensko. Aj ke\u010f od mnoh\u00fdch z\u00a0nich n\u00e1s delia mesiace, viacer\u00ed organiz\u00e1tori u\u017e poskytli svoje stanovisk\u00e1 o\u00a0konan\u00ed alebo nekonan\u00ed sa jednotliv\u00fdch podujat\u00ed. Ako je to so \u0160koda BIKE OPEN TOUR 2020?<\/strong><!--more--><\/p>\n<p>Pod\u013ea s\u00fa\u010dasn\u00e9ho stavu sa pomaly dost\u00e1vame z\u00a0uzavretej karant\u00e9ny op\u00e4\u0165 do \u201enorm\u00e1lneho\u201c \u017eivota. Pre cyklistov je najd\u00f4le\u017eitej\u0161ou spr\u00e1vou <strong>nepovinn\u00e9 nosenie r\u00fa\u0161ok pri jazden\u00ed<\/strong>, ako aj mo\u017enos\u0165 <strong>organizova\u0165 podujatia do 100 \u013eud\u00ed<\/strong>. Zatia\u013e \u010do prv\u00e1 inform\u00e1cia je v\u00fdslovne pozit\u00edvna, druh\u00e1 e\u0161te v\u017edy znemo\u017e\u0148uje konanie sa klasick\u00fdch marat\u00f3nov tak, ako ich z\u00a0uplynul\u00fdch rokov pozn\u00e1me.<\/p>\n<p><a href=\"https:\/\/d2p6e6u75xmxt8.cloudfront.net\/4\/2020\/05\/WLC_SBOT-2020_01.jpg\"><img loading=\"lazy\" decoding=\"async\" class=\"alignnone size-full wp-image-9941\" src=\"https:\/\/d2p6e6u75xmxt8.cloudfront.net\/4\/2020\/05\/WLC_SBOT-2020_01.jpg\" alt=\"\" width=\"1200\" height=\"800\" \/><\/a><\/p>\n<p>Ako u\u017e bolo spomenut\u00e9, mnoh\u00ed z t\u00fdch najpovolanej\u0161\u00edch &#8211; usporiadate\u013eov, <strong>u\u017e vyjadrili svoje postoje k\u00a0mo\u017en\u00e9mu zru\u0161eniu pretekov<\/strong>. Samozrejmos\u0165ou je aj inform\u00e1cia samotn\u00e9ho hlavn\u00e9ho partnera celej s\u00e9rie, <strong>\u0160koda AUTO Slovensko<\/strong>. Jan Steyrer, ved\u00faci Marketingu \u0160koda AUTO Slovensko na adresu s\u00e9rie povedal: <em>\u201eS\u00e9riu \u0160koda BIKE OPEN TOUR sme pre tento rok museli preru\u0161i\u0165. Je to ve\u013ek\u00e1 \u0161koda, preto\u017ee po skvelej minuloro\u010dnej s\u00e9rii sme mali nieko\u013eko d\u00f4le\u017eit\u00fdch noviniek a vylep\u0161en\u00ed. Ako bude vyzera\u0165 druh\u00e1 polovica roka, bude z\u00e1visl\u00e9 od nariadenia vl\u00e1dy &#8211; v\u0161etci by sme si priali u\u017ei\u0165 na\u017eivo aspo\u0148 nieko\u013eko posledn\u00fdch pretekov! Ale aby sme len ne\u010dakali, pripravujeme teraz \u0160koda BIKE <span style=\"color: #00ff00;\">ONLINE<\/span> TOUR. Je to n\u00e1hrada zru\u0161enej s\u00e9rie, kedy nebudeme tvrdo s\u00fa\u0165a\u017ei\u0165 o sekundy, ale vz\u00e1jomne sa motivova\u0165 k cyklistike &#8211; o syst\u00e9me, s\u00fa\u0165a\u017eiach a podpore budeme \u010doskoro informova\u0165.\u201c<\/em><\/p>\n<p><a href=\"https:\/\/d2p6e6u75xmxt8.cloudfront.net\/4\/2020\/05\/WLC_SBOT-2020_02.jpg\"><img loading=\"lazy\" decoding=\"async\" class=\"alignnone size-full wp-image-9942\" src=\"https:\/\/d2p6e6u75xmxt8.cloudfront.net\/4\/2020\/05\/WLC_SBOT-2020_02.jpg\" alt=\"\" width=\"1200\" height=\"800\" \/><\/a><\/p>\n<p>Aj ke\u010f preru\u0161enie znamenalo neuskuto\u010dnenie sa troch podujat\u00ed, <strong>e\u0161te st\u00e1le ost\u00e1vaj\u00fa v\u00a0hre \u010fal\u0161ie tri<\/strong>. V\u00a0apr\u00edli sme museli o\u017eelie\u0165 \u0160koda Sv\u00e4tojursk\u00fd MTB marat\u00f3n, za\u010diatkom m\u00e1ja \u0160koda Vlko Hron MTB marat\u00f3n a\u00a0na konci m\u00e1ja \u0160koda marat\u00f3n Levo\u010dsk\u00e9 vrchy. Ich d\u00e1tumy konania sa nach\u00e1dzali v\u00a0obdob\u00ed, kedy na Slovensku prebiehala celoplo\u0161n\u00e1 karant\u00e9na. Pr\u00e1ve posledn\u00fd menovan\u00fd, \u0160koda marat\u00f3n Levo\u010dsk\u00e9 vrchy sa mal uskuto\u010dni\u0165 u\u017e o\u00a0nieko\u013eko dn\u00ed, av\u0161ak s\u00fa\u010dasn\u00fd stav ukon\u010dil aj jeho n\u00e1deje.<\/p>\n<p><a href=\"https:\/\/d2p6e6u75xmxt8.cloudfront.net\/4\/2020\/05\/WLC_SBOT-2020_03.jpg\"><img loading=\"lazy\" decoding=\"async\" class=\"alignnone size-full wp-image-9943\" src=\"https:\/\/d2p6e6u75xmxt8.cloudfront.net\/4\/2020\/05\/WLC_SBOT-2020_03.jpg\" alt=\"\" width=\"1200\" height=\"800\" \/><\/a><\/p>\n<p>Jan Steyrer, ved\u00faci Marketingu \u0160koda AUTO Slovensko <strong>povzbudil nad\u0161encov cyklistiky<\/strong> &#8211; t\u00fdch, ktor\u00ed sa pl\u00e1novali z\u00fa\u010dastni\u0165 jednotliv\u00fdch marat\u00f3nov, ale aj v\u0161etk\u00fdch t\u00fdch, ktor\u00ed jednoducho ob\u013eubuj\u00fa jazdu na dvoch koles\u00e1ch slovami: <em>\u201eCyklistika je pre n\u00e1s ve\u013emi d\u00f4le\u017eit\u00e1 a skvele nastaven\u00e1 sez\u00f3na 2020 je z v\u00e4\u010d\u0161ej \u010dasti pre\u010d. V\u0161etci d\u00fafame, \u017ee tie najd\u00f4le\u017eitej\u0161ie preteky, teda Tour de France, sa uskuto\u010dnia a rovnako tie\u017e preteky na Slovensku. Za n\u00e1s v\u0161etk\u00fdch d\u00fafam, \u017ee si druh\u00fa polovicu roka na bicykli poriadne u\u017eijeme! Ve\u010f aj pln\u00e9 cyklotrasy horsk\u00fdch bicyklov alebo bicykle na cest\u00e1ch s\u00fa d\u00f4kazom, \u017ee cyklistika \u017eije!\u201c<\/em><\/p>\n<p><a href=\"https:\/\/d2p6e6u75xmxt8.cloudfront.net\/4\/2020\/05\/WLC_SBOT-2020_04.jpg\"><img loading=\"lazy\" decoding=\"async\" class=\"alignnone size-full wp-image-9944\" src=\"https:\/\/d2p6e6u75xmxt8.cloudfront.net\/4\/2020\/05\/WLC_SBOT-2020_04.jpg\" alt=\"\" width=\"1200\" height=\"800\" \/><\/a><\/p>\n<p>Pr\u00e1ve ost\u00e1vaj\u00faca polovica roka, ktor\u00e1 e\u0161te m\u00f4\u017ee by\u0165 \u201eplodn\u00e1\u201c na spolo\u010densk\u00e9 a\u00a0\u0161portov\u00e9 akcie, m\u00e1 e\u0161te v\u00a0ruk\u00e1ve tri tromfy. Ide o\u00a0spom\u00ednan\u00e9 <strong>tri marat\u00f3ny<\/strong>, \u0160koda HORAL MTB marat\u00f3n, ktor\u00fd sa m\u00e1 kona\u0165 <strong>8. augusta<\/strong>, \u0160koda Slovensk\u00fd raj s\u00a0term\u00ednom <strong>5. septembra<\/strong> a\u00a0nakoniec vyvrcholenie sez\u00f3ny so\u00a0\u0160koda MTB marat\u00f3n Rajeck\u00e9 Teplice na konci septembra, konkr\u00e9tne <strong>26. septembra 2020<\/strong>. Vzh\u013eadom na to, \u017ee od ich \u0161tartu n\u00e1s delia minim\u00e1lne vy\u0161e dva mesiace, v\u0161etko je otvoren\u00e9.<\/p>\n<p>Preto sa sna\u017eme aj my, <strong>svojimi ka\u017edodenn\u00fdmi skutkami a\u00a0zodpovedn\u00fdm spr\u00e1van\u00edm sa<\/strong>, minimalizova\u0165 op\u00e4tovn\u00fd n\u00e1vrat tejto spolo\u010denskej kr\u00edzy. A\u00a0mo\u017eno, ak sa v\u0161etko podar\u00ed tak, ako m\u00e1, budeme (pozit\u00edvne) \u013eutova\u0165 na\u0161e nohy a\u00a0tel\u00e1, <strong>ktor\u00e9 bud\u00fa v\u00a0druhej polovici roka trpie\u0165 na t\u00fdchto marat\u00f3noch<\/strong>.<\/p>\n","protected":false},"excerpt":{"rendered":"<p>Nepr\u00edjemn\u00e9 spr\u00e1vy spojen\u00e9 s\u00a0ru\u0161en\u00edm nielen profesion\u00e1lnych, ale aj amat\u00e9rskych a\u00a0region\u00e1lnych pretekov neobi\u0161li ani Slovensko. Aj ke\u010f od mnoh\u00fdch z\u00a0nich n\u00e1s [&hellip;]<\/p>\n","protected":false},"author":172,"featured_media":9940,"comment_status":"open","ping_status":"open","sticky":false,"template":"","format":"standard","meta":{"footnotes":""},"categories":[33],"tags":[478,619,180,532,178,179,1009,35,92],"global-categories":[1074],"class_list":["post-9938","post","type-post","status-publish","format-standard","has-post-thumbnail","hentry","category-sbot","tag-akcia","tag-bicyklovanie","tag-horska-cyklistika","tag-jazdenie","tag-maraton","tag-preteky","tag-skoda-auto","tag-sbot","tag-skoda-tim","global-categories-cycling"],"yoast_head":"<!-- This site is optimized with the Yoast SEO Premium plugin v25.3 (Yoast SEO v25.9) - https:\/\/yoast.com\/wordpress\/plugins\/seo\/ -->\n<title>\u0160koda BIKE OPEN TOUR 2020 - zapretek\u00e1me si e\u0161te v\u00a0tomto roku?<\/title>\n<meta name=\"description\" content=\"Nepr\u00edjemn\u00e9 spr\u00e1vy spojen\u00e9 s\u00a0ru\u0161en\u00edm nielen profesion\u00e1lnych, ale aj amat\u00e9rskych a\u00a0region\u00e1lnych pretekov neobi\u0161li ani Slovensko.\" \/>\n<meta name=\"robots\" content=\"index, follow, max-snippet:-1, max-image-preview:large, max-video-preview:-1\" \/>\n<link rel=\"canonical\" href=\"https:\/\/www.welovecycling.com\/sk\/2020\/05\/25\/skoda-bike-open-tour-2020-zapretekame-si-este-v-tomto-roku\/\" \/>\n<meta property=\"og:locale\" content=\"sk_SK\" \/>\n<meta property=\"og:type\" content=\"article\" \/>\n<meta property=\"og:title\" content=\"\u0160koda BIKE OPEN TOUR 2020 - zapretek\u00e1me si e\u0161te v\u00a0tomto roku?\" \/>\n<meta property=\"og:description\" content=\"Nepr\u00edjemn\u00e9 spr\u00e1vy spojen\u00e9 s\u00a0ru\u0161en\u00edm nielen profesion\u00e1lnych, ale aj amat\u00e9rskych a\u00a0region\u00e1lnych pretekov neobi\u0161li ani Slovensko.\" \/>\n<meta property=\"og:url\" content=\"https:\/\/www.welovecycling.com\/sk\/2020\/05\/25\/skoda-bike-open-tour-2020-zapretekame-si-este-v-tomto-roku\/\" \/>\n<meta property=\"og:site_name\" content=\"\u0160koda We Love Cycling Slovensko\" \/>\n<meta property=\"article:published_time\" content=\"2020-05-25T05:58:08+00:00\" \/>\n<meta property=\"article:modified_time\" content=\"2023-04-17T11:58:44+00:00\" \/>\n<meta property=\"og:image\" content=\"https:\/\/d2p6e6u75xmxt8.cloudfront.net\/4\/2020\/05\/WLC_SBOT-2020_00.webp\" \/>\n\t<meta property=\"og:image:width\" content=\"1380\" \/>\n\t<meta property=\"og:image:height\" content=\"600\" \/>\n\t<meta property=\"og:image:type\" content=\"image\/webp\" \/>\n<meta name=\"author\" content=\"dominika\" \/>\n<meta name=\"twitter:card\" content=\"summary_large_image\" \/>\n<meta name=\"twitter:label1\" content=\"Written by\" \/>\n\t<meta name=\"twitter:data1\" content=\"WeLoveCycling\" \/>\n\t<meta name=\"twitter:label2\" content=\"Est. reading time\" \/>\n\t<meta name=\"twitter:data2\" content=\"3\" \/>\n<script type=\"application\/ld+json\" class=\"yoast-schema-graph\">{\"@context\":\"https:\/\/schema.org\",\"@graph\":[{\"@type\":\"WebPage\",\"@id\":\"https:\/\/www.welovecycling.com\/sk\/2020\/05\/25\/skoda-bike-open-tour-2020-zapretekame-si-este-v-tomto-roku\/\",\"url\":\"https:\/\/www.welovecycling.com\/sk\/2020\/05\/25\/skoda-bike-open-tour-2020-zapretekame-si-este-v-tomto-roku\/\",\"name\":\"\u0160koda BIKE OPEN TOUR 2020 - zapretek\u00e1me si e\u0161te v\u00a0tomto roku?\",\"isPartOf\":{\"@id\":\"https:\/\/www.welovecycling.com\/sk\/#website\"},\"primaryImageOfPage\":{\"@id\":\"https:\/\/www.welovecycling.com\/sk\/2020\/05\/25\/skoda-bike-open-tour-2020-zapretekame-si-este-v-tomto-roku\/#primaryimage\"},\"image\":{\"@id\":\"https:\/\/www.welovecycling.com\/sk\/2020\/05\/25\/skoda-bike-open-tour-2020-zapretekame-si-este-v-tomto-roku\/#primaryimage\"},\"thumbnailUrl\":\"https:\/\/d2p6e6u75xmxt8.cloudfront.net\/4\/2020\/05\/WLC_SBOT-2020_00.webp\",\"datePublished\":\"2020-05-25T05:58:08+00:00\",\"dateModified\":\"2023-04-17T11:58:44+00:00\",\"author\":{\"@id\":\"https:\/\/www.welovecycling.com\/sk\/#\/schema\/person\/533b62b98b6c41bd5135ebfb1f742624\"},\"description\":\"Nepr\u00edjemn\u00e9 spr\u00e1vy spojen\u00e9 s\u00a0ru\u0161en\u00edm nielen profesion\u00e1lnych, ale aj amat\u00e9rskych a\u00a0region\u00e1lnych pretekov neobi\u0161li ani Slovensko.\",\"breadcrumb\":{\"@id\":\"https:\/\/www.welovecycling.com\/sk\/2020\/05\/25\/skoda-bike-open-tour-2020-zapretekame-si-este-v-tomto-roku\/#breadcrumb\"},\"inLanguage\":\"sk-SK\",\"potentialAction\":[{\"@type\":\"ReadAction\",\"target\":[\"https:\/\/www.welovecycling.com\/sk\/2020\/05\/25\/skoda-bike-open-tour-2020-zapretekame-si-este-v-tomto-roku\/\"]}]},{\"@type\":\"ImageObject\",\"inLanguage\":\"sk-SK\",\"@id\":\"https:\/\/www.welovecycling.com\/sk\/2020\/05\/25\/skoda-bike-open-tour-2020-zapretekame-si-este-v-tomto-roku\/#primaryimage\",\"url\":\"https:\/\/d2p6e6u75xmxt8.cloudfront.net\/4\/2020\/05\/WLC_SBOT-2020_00.webp\",\"contentUrl\":\"https:\/\/d2p6e6u75xmxt8.cloudfront.net\/4\/2020\/05\/WLC_SBOT-2020_00.webp\",\"width\":1380,\"height\":600},{\"@type\":\"BreadcrumbList\",\"@id\":\"https:\/\/www.welovecycling.com\/sk\/2020\/05\/25\/skoda-bike-open-tour-2020-zapretekame-si-este-v-tomto-roku\/#breadcrumb\",\"itemListElement\":[{\"@type\":\"ListItem\",\"position\":1,\"name\":\"Home\",\"item\":\"https:\/\/www.welovecycling.com\/sk\/\"},{\"@type\":\"ListItem\",\"position\":2,\"name\":\"\u0160koda BIKE OPEN TOUR 2020 &#8211; zapretek\u00e1me si e\u0161te v\u00a0tomto roku?\"}]},{\"@type\":\"WebSite\",\"@id\":\"https:\/\/www.welovecycling.com\/sk\/#website\",\"url\":\"https:\/\/www.welovecycling.com\/sk\/\",\"name\":\"\u0160koda We Love Cycling Slovensko\",\"description\":\"\u0160koda We Love Cycling Slovensko je v\u00e1\u0161 ka\u017edodenn\u00fd zdroj noviniek a in\u0161pir\u00e1cie z sveta cyklistiky\",\"potentialAction\":[{\"@type\":\"SearchAction\",\"target\":{\"@type\":\"EntryPoint\",\"urlTemplate\":\"https:\/\/www.welovecycling.com\/sk\/?s={search_term_string}\"},\"query-input\":{\"@type\":\"PropertyValueSpecification\",\"valueRequired\":true,\"valueName\":\"search_term_string\"}}],\"inLanguage\":\"sk-SK\"},{\"@type\":\"Person\",\"@id\":\"https:\/\/www.welovecycling.com\/sk\/#\/schema\/person\/533b62b98b6c41bd5135ebfb1f742624\",\"name\":\"dominika\",\"image\":{\"@type\":\"ImageObject\",\"inLanguage\":\"sk-SK\",\"@id\":\"https:\/\/www.welovecycling.com\/sk\/#\/schema\/person\/image\/\",\"url\":\"https:\/\/secure.gravatar.com\/avatar\/ded6f274ba2ec3e17fff153f7d9d96a4b33c2cb63907f75d9a5309c599a7f3e6?s=96&d=mm&r=g\",\"contentUrl\":\"https:\/\/secure.gravatar.com\/avatar\/ded6f274ba2ec3e17fff153f7d9d96a4b33c2cb63907f75d9a5309c599a7f3e6?s=96&d=mm&r=g\",\"caption\":\"dominika\"},\"url\":\"https:\/\/www.welovecycling.com\/sk\/author\/dominika\/\"}]}<\/script>\n<!-- \/ Yoast SEO Premium plugin. -->","yoast_head_json":{"title":"\u0160koda BIKE OPEN TOUR 2020 - zapretek\u00e1me si e\u0161te v\u00a0tomto roku?","description":"Nepr\u00edjemn\u00e9 spr\u00e1vy spojen\u00e9 s\u00a0ru\u0161en\u00edm nielen profesion\u00e1lnych, ale aj amat\u00e9rskych a\u00a0region\u00e1lnych pretekov neobi\u0161li ani Slovensko.","robots":{"index":"index","follow":"follow","max-snippet":"max-snippet:-1","max-image-preview":"max-image-preview:large","max-video-preview":"max-video-preview:-1"},"canonical":"https:\/\/www.welovecycling.com\/sk\/2020\/05\/25\/skoda-bike-open-tour-2020-zapretekame-si-este-v-tomto-roku\/","og_locale":"sk_SK","og_type":"article","og_title":"\u0160koda BIKE OPEN TOUR 2020 - zapretek\u00e1me si e\u0161te v\u00a0tomto roku?","og_description":"Nepr\u00edjemn\u00e9 spr\u00e1vy spojen\u00e9 s\u00a0ru\u0161en\u00edm nielen profesion\u00e1lnych, ale aj amat\u00e9rskych a\u00a0region\u00e1lnych pretekov neobi\u0161li ani Slovensko.","og_url":"https:\/\/www.welovecycling.com\/sk\/2020\/05\/25\/skoda-bike-open-tour-2020-zapretekame-si-este-v-tomto-roku\/","og_site_name":"\u0160koda We Love Cycling Slovensko","article_published_time":"2020-05-25T05:58:08+00:00","article_modified_time":"2023-04-17T11:58:44+00:00","og_image":[{"width":1380,"height":600,"url":"https:\/\/d2p6e6u75xmxt8.cloudfront.net\/4\/2020\/05\/WLC_SBOT-2020_00.webp","type":"image\/webp"}],"author":"dominika","twitter_card":"summary_large_image","twitter_misc":{"Written by":"WeLoveCycling","Est. reading time":"3"},"schema":{"@context":"https:\/\/schema.org","@graph":[{"@type":"WebPage","@id":"https:\/\/www.welovecycling.com\/sk\/2020\/05\/25\/skoda-bike-open-tour-2020-zapretekame-si-este-v-tomto-roku\/","url":"https:\/\/www.welovecycling.com\/sk\/2020\/05\/25\/skoda-bike-open-tour-2020-zapretekame-si-este-v-tomto-roku\/","name":"\u0160koda BIKE OPEN TOUR 2020 - zapretek\u00e1me si e\u0161te v\u00a0tomto roku?","isPartOf":{"@id":"https:\/\/www.welovecycling.com\/sk\/#website"},"primaryImageOfPage":{"@id":"https:\/\/www.welovecycling.com\/sk\/2020\/05\/25\/skoda-bike-open-tour-2020-zapretekame-si-este-v-tomto-roku\/#primaryimage"},"image":{"@id":"https:\/\/www.welovecycling.com\/sk\/2020\/05\/25\/skoda-bike-open-tour-2020-zapretekame-si-este-v-tomto-roku\/#primaryimage"},"thumbnailUrl":"https:\/\/d2p6e6u75xmxt8.cloudfront.net\/4\/2020\/05\/WLC_SBOT-2020_00.webp","datePublished":"2020-05-25T05:58:08+00:00","dateModified":"2023-04-17T11:58:44+00:00","author":{"@id":"https:\/\/www.welovecycling.com\/sk\/#\/schema\/person\/533b62b98b6c41bd5135ebfb1f742624"},"description":"Nepr\u00edjemn\u00e9 spr\u00e1vy spojen\u00e9 s\u00a0ru\u0161en\u00edm nielen profesion\u00e1lnych, ale aj amat\u00e9rskych a\u00a0region\u00e1lnych pretekov neobi\u0161li ani Slovensko.","breadcrumb":{"@id":"https:\/\/www.welovecycling.com\/sk\/2020\/05\/25\/skoda-bike-open-tour-2020-zapretekame-si-este-v-tomto-roku\/#breadcrumb"},"inLanguage":"sk-SK","potentialAction":[{"@type":"ReadAction","target":["https:\/\/www.welovecycling.com\/sk\/2020\/05\/25\/skoda-bike-open-tour-2020-zapretekame-si-este-v-tomto-roku\/"]}]},{"@type":"ImageObject","inLanguage":"sk-SK","@id":"https:\/\/www.welovecycling.com\/sk\/2020\/05\/25\/skoda-bike-open-tour-2020-zapretekame-si-este-v-tomto-roku\/#primaryimage","url":"https:\/\/d2p6e6u75xmxt8.cloudfront.net\/4\/2020\/05\/WLC_SBOT-2020_00.webp","contentUrl":"https:\/\/d2p6e6u75xmxt8.cloudfront.net\/4\/2020\/05\/WLC_SBOT-2020_00.webp","width":1380,"height":600},{"@type":"BreadcrumbList","@id":"https:\/\/www.welovecycling.com\/sk\/2020\/05\/25\/skoda-bike-open-tour-2020-zapretekame-si-este-v-tomto-roku\/#breadcrumb","itemListElement":[{"@type":"ListItem","position":1,"name":"Home","item":"https:\/\/www.welovecycling.com\/sk\/"},{"@type":"ListItem","position":2,"name":"\u0160koda BIKE OPEN TOUR 2020 &#8211; zapretek\u00e1me si e\u0161te v\u00a0tomto roku?"}]},{"@type":"WebSite","@id":"https:\/\/www.welovecycling.com\/sk\/#website","url":"https:\/\/www.welovecycling.com\/sk\/","name":"\u0160koda We Love Cycling Slovensko","description":"\u0160koda We Love Cycling Slovensko je v\u00e1\u0161 ka\u017edodenn\u00fd zdroj noviniek a in\u0161pir\u00e1cie z sveta cyklistiky","potentialAction":[{"@type":"SearchAction","target":{"@type":"EntryPoint","urlTemplate":"https:\/\/www.welovecycling.com\/sk\/?s={search_term_string}"},"query-input":{"@type":"PropertyValueSpecification","valueRequired":true,"valueName":"search_term_string"}}],"inLanguage":"sk-SK"},{"@type":"Person","@id":"https:\/\/www.welovecycling.com\/sk\/#\/schema\/person\/533b62b98b6c41bd5135ebfb1f742624","name":"dominika","image":{"@type":"ImageObject","inLanguage":"sk-SK","@id":"https:\/\/www.welovecycling.com\/sk\/#\/schema\/person\/image\/","url":"https:\/\/secure.gravatar.com\/avatar\/ded6f274ba2ec3e17fff153f7d9d96a4b33c2cb63907f75d9a5309c599a7f3e6?s=96&d=mm&r=g","contentUrl":"https:\/\/secure.gravatar.com\/avatar\/ded6f274ba2ec3e17fff153f7d9d96a4b33c2cb63907f75d9a5309c599a7f3e6?s=96&d=mm&r=g","caption":"dominika"},"url":"https:\/\/www.welovecycling.com\/sk\/author\/dominika\/"}]}},"_links":{"self":[{"href":"https:\/\/www.welovecycling.com\/sk\/wp-json\/wp\/v2\/posts\/9938","targetHints":{"allow":["GET"]}}],"collection":[{"href":"https:\/\/www.welovecycling.com\/sk\/wp-json\/wp\/v2\/posts"}],"about":[{"href":"https:\/\/www.welovecycling.com\/sk\/wp-json\/wp\/v2\/types\/post"}],"author":[{"embeddable":true,"href":"https:\/\/www.welovecycling.com\/sk\/wp-json\/wp\/v2\/users\/172"}],"replies":[{"embeddable":true,"href":"https:\/\/www.welovecycling.com\/sk\/wp-json\/wp\/v2\/comments?post=9938"}],"version-history":[{"count":2,"href":"https:\/\/www.welovecycling.com\/sk\/wp-json\/wp\/v2\/posts\/9938\/revisions"}],"predecessor-version":[{"id":9947,"href":"https:\/\/www.welovecycling.com\/sk\/wp-json\/wp\/v2\/posts\/9938\/revisions\/9947"}],"wp:featuredmedia":[{"embeddable":true,"href":"https:\/\/www.welovecycling.com\/sk\/wp-json\/wp\/v2\/media\/9940"}],"wp:attachment":[{"href":"https:\/\/www.welovecycling.com\/sk\/wp-json\/wp\/v2\/media?parent=9938"}],"wp:term":[{"taxonomy":"category","embeddable":true,"href":"https:\/\/www.welovecycling.com\/sk\/wp-json\/wp\/v2\/categories?post=9938"},{"taxonomy":"post_tag","embeddable":true,"href":"https:\/\/www.welovecycling.com\/sk\/wp-json\/wp\/v2\/tags?post=9938"},{"taxonomy":"global-categories","embeddable":true,"href":"https:\/\/www.welovecycling.com\/sk\/wp-json\/wp\/v2\/global-categories?post=9938"}],"curies":[{"name":"wp","href":"https:\/\/api.w.org\/{rel}","templated":true}]}}