{"id":9917,"date":"2020-05-27T09:00:55","date_gmt":"2020-05-27T07:00:55","guid":{"rendered":"https:\/\/www.welovecycling.com\/sk\/?p=9917"},"modified":"2020-05-26T08:02:48","modified_gmt":"2020-05-26T06:02:48","slug":"rozhovor-s-oz-laborecka-mtb-cyklisticky-zivot-na-vychode-slovenska","status":"publish","type":"post","link":"https:\/\/www.welovecycling.com\/sk\/2020\/05\/27\/rozhovor-s-oz-laborecka-mtb-cyklisticky-zivot-na-vychode-slovenska\/","title":{"rendered":"Rozhovor s\u00a0OZ Laboreck\u00e1 MTB &#8211; cyklistick\u00fd \u017eivot na v\u00fdchode Slovenska"},"content":{"rendered":"<p><strong>V\u00a0dne\u0161nom rozhovore si predstav\u00edme partiu cyklistov, ktor\u00ed sa staraj\u00fa o\u00a0organizovanie podujat\u00ed, zna\u010denie chodn\u00edkov a\u00a0taktie\u017e vytv\u00e1ranie nov\u00fdch cyklotr\u00e1s, ktor\u00e9 prispievaj\u00fa k\u00a0roz\u0161irovaniu povedomia o\u00a0tomto \u0161porte. Ich p\u00f4sobisko je v\u00a0okol\u00ed Humenn\u00e9ho, kde sa aktivizuj\u00fa u\u017e 5 rokov.<\/strong><!--more--><\/p>\n<p><strong>Ahojte, vedeli by ste sa n\u00e1m v\u00a0kr\u00e1tkosti predstavi\u0165?<\/strong><br \/>\n<em>Sme ob\u010dianske zdru\u017eenie p\u00f4sobiace v\u00a0oblasti horskej cyklistiky. O.z. vzniklo na z\u00e1klade dopytu po MTB marat\u00f3noch v\u00a0na\u0161om regi\u00f3ne. Ke\u010f\u017ee sme to chceli ma\u0165 ako partia nad\u0161encov, \u010do najd\u00f4slednej\u0161ie prepracovan\u00e9, rozhodli sme sa vytvori\u0165 ob\u010dianske zdru\u017eenie Laboreck\u00e1 MTB.<\/em><\/p>\n<p><strong>V\u00a0\u010dom v\u0161etkom m\u00e1te v\u00a0s\u00fa\u010dasnosti \u201eprsty\u201c?<\/strong><br \/>\n<em>V\u00a0prvom rade je to organiz\u00e1cia MTB marat\u00f3nu Cez I\u013eovn\u00edcky hrebe\u0148, ktor\u00fd sa u\u017e tradi\u010dne kon\u00e1 za\u010diatkom sez\u00f3ny, v\u017edy na prelome mesiacov apr\u00edl a\u00a0m\u00e1j. Sna\u017e\u00edme sa udr\u017eiava\u0165 a\u00a0obnovova\u0165 chodn\u00edky, ktor\u00e9 sl\u00fa\u017eia ako tzv. pr\u00edrodn\u00e9 singl\u00e1\u010de. Komunikujeme s\u00a0miestnymi samospr\u00e1vami a\u00a0organiz\u00e1ciami k\u00a0zlep\u0161eniu cyklistick\u00e9ho prostredia v\u00a0na\u0161om regi\u00f3ne. Taktie\u017e m\u00e1me v\u00a0na\u0161om kalend\u00e1ri aj celkom unik\u00e1tne no\u010dn\u00e9 preteky Night Riders. Po minuloro\u010dnej sk\u00fasenosti sme zistili, \u017ee je to naozaj atrakt\u00edvny sp\u00f4sob pretekania aj ke\u010f iba na kr\u00e1tkej vzdialenosti (13-15 km). M\u00e1 to v\u0161ak \u00faplne in\u00fd adrenal\u00ednov\u00fd charakter, ke\u010f\u017ee sa jazd\u00ed v\u00a0oblasti Humenn\u00e9 \u2013 Hubkov\u00e1, \u010do je sple\u0165 pr\u00edrodn\u00fdch chodn\u00edkov a\u00a0singl\u00e1\u010dov v\u00a0miestnom lesoparku. Sna\u017e\u00edme sa pom\u00f4c\u0165 k\u00a0vybudovaniu ofici\u00e1lnych singletrackov v\u00a0obci Modr\u00e1 nad Cirochou (10 km od Humenn\u00e9ho a\u00a010 km od Sniny). Dedina sa nach\u00e1dza priamo pod Vihorlatsk\u00fdmi vrchmi a\u00a0bude sp\u013a\u0148a\u0165 krit\u00e9ria singl\u00e1\u010dov vhodn\u00fdch pre za\u010d\u00ednaj\u00facich cyklistov, rodiny s\u00a0de\u0165mi, ako aj n\u00e1ro\u010dnej\u0161\u00edch cyklistov.<\/em><\/p>\n<div id='gallery-1' class='gallery galleryid-9917 gallery-columns-2 gallery-size-full'><figure class='gallery-item'>\n\t\t\t<div class='gallery-icon landscape'>\n\t\t\t\t<a href='https:\/\/d2p6e6u75xmxt8.cloudfront.net\/4\/2020\/05\/WLC_Rozhovor-OZ-Laboreck\u00e1-MTb_07.webp'><img loading=\"lazy\" decoding=\"async\" width=\"1200\" height=\"800\" src=\"https:\/\/d2p6e6u75xmxt8.cloudfront.net\/4\/2020\/05\/WLC_Rozhovor-OZ-Laboreck\u00e1-MTb_07.webp\" class=\"attachment-full size-full\" alt=\"\" srcset=\"https:\/\/d2p6e6u75xmxt8.cloudfront.net\/4\/2020\/05\/WLC_Rozhovor-OZ-Laboreck\u00e1-MTb_07.webp 1200w, https:\/\/d2p6e6u75xmxt8.cloudfront.net\/4\/2020\/05\/WLC_Rozhovor-OZ-Laboreck\u00e1-MTb_07-300x200.webp 300w, https:\/\/d2p6e6u75xmxt8.cloudfront.net\/4\/2020\/05\/WLC_Rozhovor-OZ-Laboreck\u00e1-MTb_07-1024x683.webp 1024w, https:\/\/d2p6e6u75xmxt8.cloudfront.net\/4\/2020\/05\/WLC_Rozhovor-OZ-Laboreck\u00e1-MTb_07-768x512.webp 768w, https:\/\/d2p6e6u75xmxt8.cloudfront.net\/4\/2020\/05\/WLC_Rozhovor-OZ-Laboreck\u00e1-MTb_07-272x182.webp 272w\" sizes=\"auto, (max-width: 1200px) 100vw, 1200px\" \/><\/a>\n\t\t\t<\/div><\/figure><figure class='gallery-item'>\n\t\t\t<div class='gallery-icon landscape'>\n\t\t\t\t<a href='https:\/\/d2p6e6u75xmxt8.cloudfront.net\/4\/2020\/05\/WLC_Rozhovor-OZ-Laboreck\u00e1-MTb_09.webp'><img loading=\"lazy\" decoding=\"async\" width=\"1200\" height=\"800\" src=\"https:\/\/d2p6e6u75xmxt8.cloudfront.net\/4\/2020\/05\/WLC_Rozhovor-OZ-Laboreck\u00e1-MTb_09.webp\" class=\"attachment-full size-full\" alt=\"\" srcset=\"https:\/\/d2p6e6u75xmxt8.cloudfront.net\/4\/2020\/05\/WLC_Rozhovor-OZ-Laboreck\u00e1-MTb_09.webp 1200w, https:\/\/d2p6e6u75xmxt8.cloudfront.net\/4\/2020\/05\/WLC_Rozhovor-OZ-Laboreck\u00e1-MTb_09-300x200.webp 300w, https:\/\/d2p6e6u75xmxt8.cloudfront.net\/4\/2020\/05\/WLC_Rozhovor-OZ-Laboreck\u00e1-MTb_09-1024x683.webp 1024w, https:\/\/d2p6e6u75xmxt8.cloudfront.net\/4\/2020\/05\/WLC_Rozhovor-OZ-Laboreck\u00e1-MTb_09-768x512.webp 768w, https:\/\/d2p6e6u75xmxt8.cloudfront.net\/4\/2020\/05\/WLC_Rozhovor-OZ-Laboreck\u00e1-MTb_09-272x182.webp 272w\" sizes=\"auto, (max-width: 1200px) 100vw, 1200px\" \/><\/a>\n\t\t\t<\/div><\/figure>\n\t\t<\/div>\n\n<p><strong>Slovensko za\u017e\u00edva v\u00a0posledn\u00fdch rokoch tzv. cyklistick\u00fd boom. Vid\u00edte n\u00e1rast z\u00e1ujmu o\u00a0tento \u0161port aj u\u00a0v\u00e1s?<\/strong><br \/>\n<em>Cyklistick\u00fd boom v\u00a0prvej vlne za\u010dal spolu s\u00a0n\u00e1rastom marat\u00f3nov a\u00a0\u201eSaganom\u00e1niou\u201c. V\u00a0tomto obdob\u00ed, ke\u010f sme boli obmedzen\u00ed nov\u00fdm koronav\u00edrusom COVID-19, z\u00e1ujem o\u00a0cyklistiku ako tak\u00fa bol enormn\u00fd. Miestne cyklistick\u00e9 obchody boli plne vy\u0165a\u017een\u00e9, \u010di u\u017e servisom alebo samotn\u00fdm predajom bicyklov. \u013dudia maj\u00fa \u0161ancu tak \u0161portova\u0165, \u010di u\u017e na miestnych ofici\u00e1lnych alebo neofici\u00e1lnych tras\u00e1ch. Nemal\u00fa \u00falohu na zv\u00fd\u0161en\u00ed povedomia cyklistiky vytv\u00e1raj\u00fa aj soci\u00e1lne m\u00e9dia n\u00e1\u0161ho ob\u010dianskeho zdru\u017eenia Laboreck\u00e1 MTB. Funguje to ako tzv. domino efekt. Ak toti\u017e niektor\u00ed z\u00a0na\u0161ich zn\u00e1mych zdie\u013ea fotku z\u00a0pekn\u00e9ho v\u00fdjazdu a\u00a0s\u00e1m nikdy nebol \u0161portovo orientovan\u00fd, v\u00e4\u010d\u0161ina jeho zn\u00e1mych, \u010di u\u017e z\u00a0jemnej z\u00e1visti alebo \u0161portov\u00e9ho nutkania, chce taktie\u017e \u0161portova\u0165. V\u00fdsledok je asi tak\u00fd, \u017ee vid\u00edme obrovsk\u00fd n\u00e1rast, \u010di u\u017e rekrea\u010dn\u00fdch \u0161portovcov alebo amat\u00e9rskych pretek\u00e1rov.<\/em><\/p>\n<p><a href=\"https:\/\/d2p6e6u75xmxt8.cloudfront.net\/4\/2020\/05\/WLC_Rozhovor-OZ-Laboreck\u00e1-MTb_03.jpg\"><img loading=\"lazy\" decoding=\"async\" class=\"alignnone size-full wp-image-9922\" src=\"https:\/\/d2p6e6u75xmxt8.cloudfront.net\/4\/2020\/05\/WLC_Rozhovor-OZ-Laboreck\u00e1-MTb_03.jpg\" alt=\"\" width=\"1200\" height=\"800\" \/><\/a><\/p>\n<p><strong>Organizujete okrem cyklistick\u00fdch akci\u00ed aj be\u017eeck\u00e9. Ako to zvl\u00e1date? Zd\u00e1 sa v\u00e1m, \u017ee \u00fa\u010dastn\u00edci jedn\u00fdch pretekov nach\u00e1dzaj\u00fa cestu aj k druh\u00e9mu \u0161portu?<\/strong><br \/>\n<em>Lesn\u00e9 be\u017eeck\u00e9 preteky sme zaradili do na\u0161ich aktiv\u00edt z\u00a0d\u00f4vodu vyu\u017eitia existuj\u00facich trailov cez I\u013eovn\u00edcky hrebe\u0148. Je to pre n\u00e1s \u010dasovo ve\u013emi n\u00e1ro\u010dn\u00e9, av\u0161ak pri pomoci miestnych dobrovo\u013en\u00edkov, samospr\u00e1v a\u00a0hlavne sponzorov vieme pripravi\u0165 kvalitn\u00e9 podujatie. Vytv\u00e1ra sa n\u00e1m tu komunita \u0161portovcov ako tak\u00fdch, mnoh\u00ed z\u00a0nich si doslova chc\u00fa okrem cyklistiky vychutna\u0165 aj beh v\u00a0s\u00fa\u0165a\u017enom tempe. Prostredie, v\u00a0ktorom \u017eijeme, je naozaj ide\u00e1lne, ke\u010f\u017ee sa nach\u00e1dzame aj bl\u00edzko Vihorlatsk\u00fdch vrchov, Zempl\u00ednskej \u0160\u00edravy, Doma\u0161e, I\u013eovn\u00edckeho hrebe\u0148a, ktor\u00fd sp\u00e1ja dve okresn\u00e9 mest\u00e1 Humenn\u00e9 a\u00a0Sninu. V\u00a0zimn\u00fdch mesiacoch sa okrem spom\u00ednan\u00fdch lokal\u00edt viete \u0161portovo vy\u017ei\u0165 aj v ne\u010falek\u00fdch Polonin\u00e1ch. M\u00f4\u017eete tak aj v\u00a0relat\u00edvne zlej zimnej sez\u00f3ne vyu\u017ei\u0165 Poloniny k\u00a0be\u017ekovaniu alebo skialpinizmu.<\/em><\/p>\n<div id='gallery-2' class='gallery galleryid-9917 gallery-columns-2 gallery-size-full'><figure class='gallery-item'>\n\t\t\t<div class='gallery-icon landscape'>\n\t\t\t\t<a href='https:\/\/d2p6e6u75xmxt8.cloudfront.net\/4\/2020\/05\/WLC_Rozhovor-OZ-Laboreck\u00e1-MTb_04.webp'><img loading=\"lazy\" decoding=\"async\" width=\"1200\" height=\"800\" src=\"https:\/\/d2p6e6u75xmxt8.cloudfront.net\/4\/2020\/05\/WLC_Rozhovor-OZ-Laboreck\u00e1-MTb_04.webp\" class=\"attachment-full size-full\" alt=\"\" srcset=\"https:\/\/d2p6e6u75xmxt8.cloudfront.net\/4\/2020\/05\/WLC_Rozhovor-OZ-Laboreck\u00e1-MTb_04.webp 1200w, https:\/\/d2p6e6u75xmxt8.cloudfront.net\/4\/2020\/05\/WLC_Rozhovor-OZ-Laboreck\u00e1-MTb_04-300x200.webp 300w, https:\/\/d2p6e6u75xmxt8.cloudfront.net\/4\/2020\/05\/WLC_Rozhovor-OZ-Laboreck\u00e1-MTb_04-1024x683.webp 1024w, https:\/\/d2p6e6u75xmxt8.cloudfront.net\/4\/2020\/05\/WLC_Rozhovor-OZ-Laboreck\u00e1-MTb_04-768x512.webp 768w, https:\/\/d2p6e6u75xmxt8.cloudfront.net\/4\/2020\/05\/WLC_Rozhovor-OZ-Laboreck\u00e1-MTb_04-272x182.webp 272w\" sizes=\"auto, (max-width: 1200px) 100vw, 1200px\" \/><\/a>\n\t\t\t<\/div><\/figure><figure class='gallery-item'>\n\t\t\t<div class='gallery-icon landscape'>\n\t\t\t\t<a href='https:\/\/d2p6e6u75xmxt8.cloudfront.net\/4\/2020\/05\/WLC_Rozhovor-OZ-Laboreck\u00e1-MTb_05.webp'><img loading=\"lazy\" decoding=\"async\" width=\"1200\" height=\"800\" src=\"https:\/\/d2p6e6u75xmxt8.cloudfront.net\/4\/2020\/05\/WLC_Rozhovor-OZ-Laboreck\u00e1-MTb_05.webp\" class=\"attachment-full size-full\" alt=\"\" srcset=\"https:\/\/d2p6e6u75xmxt8.cloudfront.net\/4\/2020\/05\/WLC_Rozhovor-OZ-Laboreck\u00e1-MTb_05.webp 1200w, https:\/\/d2p6e6u75xmxt8.cloudfront.net\/4\/2020\/05\/WLC_Rozhovor-OZ-Laboreck\u00e1-MTb_05-300x200.webp 300w, https:\/\/d2p6e6u75xmxt8.cloudfront.net\/4\/2020\/05\/WLC_Rozhovor-OZ-Laboreck\u00e1-MTb_05-1024x683.webp 1024w, https:\/\/d2p6e6u75xmxt8.cloudfront.net\/4\/2020\/05\/WLC_Rozhovor-OZ-Laboreck\u00e1-MTb_05-768x512.webp 768w, https:\/\/d2p6e6u75xmxt8.cloudfront.net\/4\/2020\/05\/WLC_Rozhovor-OZ-Laboreck\u00e1-MTb_05-272x182.webp 272w\" sizes=\"auto, (max-width: 1200px) 100vw, 1200px\" \/><\/a>\n\t\t\t<\/div><\/figure>\n\t\t<\/div>\n\n<p><strong>Pred ned\u00e1vnom sa uskuto\u010dnil prv\u00fd virtu\u00e1lny marat\u00f3n s\u00a0n\u00e1zvom STRAVA &#8211; NEMEC\u00ae Cez I\u013eovn\u00edcky hrebe\u0148 2020. Ako ste s\u00a0n\u00edm spokojn\u00fd? \u010co v\u00e1m toto podujatie prinieslo?<\/strong><br \/>\n<em>Hlavnou \u00falohou organizovania tejto v\u00fdzvy bolo, aby d\u00e1tum marat\u00f3nu neupadol do zabudnutia. Nov\u00fd koronav\u00edrus COVID-19 n\u00e1m s\u00edce skr\u00ed\u017eil pl\u00e1ny, ale pozreli sme sa na to z\u00a0in\u00e9ho uhla a\u00a0chceli sme vyu\u017ei\u0165 tento d\u00e1tum k\u00a0\u0161portovaniu a\u00a0jazde po I\u013eovn\u00edckom hrebeni a\u00a0Sninsk\u00fdch singletrackoch. Z\u00a0na\u0161ich inform\u00e1ci\u00ed vieme, \u017ee sme boli medzi prv\u00fdmi, ktor\u00ed tak\u00fdto druh pretekov zorganizovali. Preto sme mali mnoho nezodpovedan\u00fdch ot\u00e1zok a\u00a0museli sme citlivo nastavi\u0165 v\u0161etky pravidl\u00e1 tak, aby boli \u013eudia motivovan\u00ed sa z\u00fa\u010dastni\u0165 a\u00a0poda\u0165 \u010do najlep\u0161ie v\u00fdkony. Cel\u00e1 v\u00fdzva trvala 10 dn\u00ed a\u00a0po\u010das tohto obdobia sme museli zabezpe\u010di\u0165 plynul\u00fd chod cez trasu, ktor\u00e1 nebola zna\u010den\u00e1. Na\u0161\u0165astie miestne samospr\u00e1vy, ako aj s\u00fahlas R\u00daVZ v\u00a0Humennom (Hygiena), n\u00e1m pomohli doslova o\u00a05 min\u00fat 12 zorganizova\u0165 t\u00fato v\u00fdzvu. Tejto v\u00fdzvy sa pok\u00fa\u0161alo z\u00fa\u010dastni\u0165 a\u017e 58 pretek\u00e1rov. Niektor\u00ed absolvovali viac pokusov, \u010do dovo\u013eovali nami zostaven\u00e9 pravidl\u00e1. Prim\u00e1rne sme dosiahli, \u017ee t\u00e1to trasa cez l\u00faky a\u00a0pr\u00edrodne singl\u00e1\u010de bola jazden\u00e1 a\u00a0objaven\u00e1 aj nov\u00fdmi cyklistami, ktor\u00ed by nemali mo\u017eno odvahu z\u00fa\u010dastni\u0165 sa klasick\u00e9ho MTB marat\u00f3nu s\u00a0hromadn\u00fdm \u0161tartom.<\/em><\/p>\n<div id='gallery-3' class='gallery galleryid-9917 gallery-columns-2 gallery-size-full'><figure class='gallery-item'>\n\t\t\t<div class='gallery-icon landscape'>\n\t\t\t\t<a href='https:\/\/d2p6e6u75xmxt8.cloudfront.net\/4\/2020\/05\/WLC_Rozhovor-OZ-Laboreck\u00e1-MTb_09-1.webp'><img loading=\"lazy\" decoding=\"async\" width=\"1200\" height=\"800\" src=\"https:\/\/d2p6e6u75xmxt8.cloudfront.net\/4\/2020\/05\/WLC_Rozhovor-OZ-Laboreck\u00e1-MTb_09-1.webp\" class=\"attachment-full size-full\" alt=\"\" srcset=\"https:\/\/d2p6e6u75xmxt8.cloudfront.net\/4\/2020\/05\/WLC_Rozhovor-OZ-Laboreck\u00e1-MTb_09-1.webp 1200w, https:\/\/d2p6e6u75xmxt8.cloudfront.net\/4\/2020\/05\/WLC_Rozhovor-OZ-Laboreck\u00e1-MTb_09-1-300x200.webp 300w, https:\/\/d2p6e6u75xmxt8.cloudfront.net\/4\/2020\/05\/WLC_Rozhovor-OZ-Laboreck\u00e1-MTb_09-1-1024x683.webp 1024w, https:\/\/d2p6e6u75xmxt8.cloudfront.net\/4\/2020\/05\/WLC_Rozhovor-OZ-Laboreck\u00e1-MTb_09-1-768x512.webp 768w, https:\/\/d2p6e6u75xmxt8.cloudfront.net\/4\/2020\/05\/WLC_Rozhovor-OZ-Laboreck\u00e1-MTb_09-1-272x182.webp 272w\" sizes=\"auto, (max-width: 1200px) 100vw, 1200px\" \/><\/a>\n\t\t\t<\/div><\/figure><figure class='gallery-item'>\n\t\t\t<div class='gallery-icon landscape'>\n\t\t\t\t<a href='https:\/\/d2p6e6u75xmxt8.cloudfront.net\/4\/2020\/05\/WLC_Rozhovor-OZ-Laboreck\u00e1-MTb_12.webp'><img loading=\"lazy\" decoding=\"async\" width=\"1200\" height=\"800\" src=\"https:\/\/d2p6e6u75xmxt8.cloudfront.net\/4\/2020\/05\/WLC_Rozhovor-OZ-Laboreck\u00e1-MTb_12.webp\" class=\"attachment-full size-full\" alt=\"\" srcset=\"https:\/\/d2p6e6u75xmxt8.cloudfront.net\/4\/2020\/05\/WLC_Rozhovor-OZ-Laboreck\u00e1-MTb_12.webp 1200w, https:\/\/d2p6e6u75xmxt8.cloudfront.net\/4\/2020\/05\/WLC_Rozhovor-OZ-Laboreck\u00e1-MTb_12-300x200.webp 300w, https:\/\/d2p6e6u75xmxt8.cloudfront.net\/4\/2020\/05\/WLC_Rozhovor-OZ-Laboreck\u00e1-MTb_12-1024x683.webp 1024w, https:\/\/d2p6e6u75xmxt8.cloudfront.net\/4\/2020\/05\/WLC_Rozhovor-OZ-Laboreck\u00e1-MTb_12-768x512.webp 768w, https:\/\/d2p6e6u75xmxt8.cloudfront.net\/4\/2020\/05\/WLC_Rozhovor-OZ-Laboreck\u00e1-MTb_12-272x182.webp 272w\" sizes=\"auto, (max-width: 1200px) 100vw, 1200px\" \/><\/a>\n\t\t\t<\/div><\/figure>\n\t\t<\/div>\n\n<p><strong>V\u0161etci vieme, \u017ee bez podpory to nejde. Vo v\u00e4\u010d\u0161\u00edch komunit\u00e1ch sa organizuj\u00fa brig\u00e1dy, projekty sponzoruj\u00fa mest\u00e1. Ako je to u\u00a0v\u00e1s? Ste spokojn\u00ed so s\u00fa\u010dasn\u00fdm stavom?<\/strong><br \/>\n<em>Ponuka k\u00a0aktivit\u00e1m alebo podpore nepr\u00edde od samospr\u00e1v len tak sama od seba. Nad\u0161enci a\u00a0dobrovo\u013en\u00edci musia vytv\u00e1ra\u0165 ur\u010dit\u00fd tlak k\u00a0tomu, aby sa zlep\u0161ovalo prostredie pre rekrea\u010dn\u00e9 \u0161portovanie. Nie sme naivn\u00ed, vieme, \u017ee prv\u00fd krok v\u017edy mus\u00ed urobi\u0165 skupina nad\u0161encov, \u010do sa n\u00e1m v\u00a0tomto regi\u00f3ne celkom dar\u00ed. Mnohokr\u00e1t sa dohodneme len tak nieko\u013eko dn\u00ed vopred a\u00a0ideme \u010disti\u0165 \u00fasek turistick\u00e9ho chodn\u00edka svojpomocne. Sp\u00e1jame tak pr\u00edjemn\u00e9 s\u00a0u\u017eito\u010dn\u00fdm a\u00a0na\u0161e traily zost\u00e1vaj\u00fa v\u017edy v\u00a0dobrom stave, hlavne v\u010faka miestnej komunite \u013eud\u00ed. Na\u0161e projekty podporuje obec Lackovce a\u00a0mesto Humenn\u00e9. Rovnako n\u00e1s podporuj\u00fa v\u0161etky obce, ktor\u00e9 sa nach\u00e1dzaj\u00fa na trase I\u013eovn\u00edckeho hrebe\u0148a a\u00a0zabezpe\u010dia bezprobl\u00e9mov\u00fd prechod cez ich katastr\u00e1lne \u00fazemie. Bez kvalitn\u00fdch sponzorov by nebolo mo\u017en\u00e9 zorganizova\u0165 ani tretinu z\u00a0toho, \u010do vytv\u00e1rame. V\u017edy n\u00e1jdeme nad\u0161encov, ktor\u00ed ochotne pom\u00f4\u017eu finan\u010dne alebo materi\u00e1lne a\u00a0nejedn\u00e1 sa o\u00a0mal\u00e9 sumy. D\u00fafame, \u017ee v\u00a0bud\u00facnosti bud\u00fa m\u00f4c\u0165 firmy a\u00a0podnikatelia pom\u00f4c\u0165 tak\u00fdmto projektom a\u00a0pretekom tak, aby to bolo zoh\u013eadnen\u00e9 aj pri ich daniach. Ak by nastala tak\u00e1to zmena k\u00a0e\u0161te lep\u0161ej \u00farovni pretekov.<\/em><\/p>\n<div id='gallery-4' class='gallery galleryid-9917 gallery-columns-2 gallery-size-full'><figure class='gallery-item'>\n\t\t\t<div class='gallery-icon landscape'>\n\t\t\t\t<a href='https:\/\/d2p6e6u75xmxt8.cloudfront.net\/4\/2020\/05\/WLC_Rozhovor-OZ-Laboreck\u00e1-MTb_06.webp'><img loading=\"lazy\" decoding=\"async\" width=\"1200\" height=\"800\" src=\"https:\/\/d2p6e6u75xmxt8.cloudfront.net\/4\/2020\/05\/WLC_Rozhovor-OZ-Laboreck\u00e1-MTb_06.webp\" class=\"attachment-full size-full\" alt=\"\" srcset=\"https:\/\/d2p6e6u75xmxt8.cloudfront.net\/4\/2020\/05\/WLC_Rozhovor-OZ-Laboreck\u00e1-MTb_06.webp 1200w, https:\/\/d2p6e6u75xmxt8.cloudfront.net\/4\/2020\/05\/WLC_Rozhovor-OZ-Laboreck\u00e1-MTb_06-300x200.webp 300w, https:\/\/d2p6e6u75xmxt8.cloudfront.net\/4\/2020\/05\/WLC_Rozhovor-OZ-Laboreck\u00e1-MTb_06-1024x683.webp 1024w, https:\/\/d2p6e6u75xmxt8.cloudfront.net\/4\/2020\/05\/WLC_Rozhovor-OZ-Laboreck\u00e1-MTb_06-768x512.webp 768w, https:\/\/d2p6e6u75xmxt8.cloudfront.net\/4\/2020\/05\/WLC_Rozhovor-OZ-Laboreck\u00e1-MTb_06-272x182.webp 272w\" sizes=\"auto, (max-width: 1200px) 100vw, 1200px\" \/><\/a>\n\t\t\t<\/div><\/figure><figure class='gallery-item'>\n\t\t\t<div class='gallery-icon landscape'>\n\t\t\t\t<a href='https:\/\/d2p6e6u75xmxt8.cloudfront.net\/4\/2020\/05\/WLC_Rozhovor-OZ-Laboreck\u00e1-MTb_11.webp'><img loading=\"lazy\" decoding=\"async\" width=\"1200\" height=\"800\" src=\"https:\/\/d2p6e6u75xmxt8.cloudfront.net\/4\/2020\/05\/WLC_Rozhovor-OZ-Laboreck\u00e1-MTb_11.webp\" class=\"attachment-full size-full\" alt=\"\" srcset=\"https:\/\/d2p6e6u75xmxt8.cloudfront.net\/4\/2020\/05\/WLC_Rozhovor-OZ-Laboreck\u00e1-MTb_11.webp 1200w, https:\/\/d2p6e6u75xmxt8.cloudfront.net\/4\/2020\/05\/WLC_Rozhovor-OZ-Laboreck\u00e1-MTb_11-300x200.webp 300w, https:\/\/d2p6e6u75xmxt8.cloudfront.net\/4\/2020\/05\/WLC_Rozhovor-OZ-Laboreck\u00e1-MTb_11-1024x683.webp 1024w, https:\/\/d2p6e6u75xmxt8.cloudfront.net\/4\/2020\/05\/WLC_Rozhovor-OZ-Laboreck\u00e1-MTb_11-768x512.webp 768w, https:\/\/d2p6e6u75xmxt8.cloudfront.net\/4\/2020\/05\/WLC_Rozhovor-OZ-Laboreck\u00e1-MTb_11-272x182.webp 272w\" sizes=\"auto, (max-width: 1200px) 100vw, 1200px\" \/><\/a>\n\t\t\t<\/div><\/figure>\n\t\t<\/div>\n\n<p><strong>V\u00a0\u010dom vid\u00edte najv\u00e4\u010d\u0161\u00ed potenci\u00e1l kraja, v\u00a0ktorom \u017eijete a\u00a0ktor\u00fd je \u010diasto\u010dne menej zn\u00e1my, ne\u017e sk\u00f4r z\u00e1padnej\u0161ie oblasti Slovenska?<\/strong><br \/>\n<em>Komunita MTB cyklistov je na v\u00fdchodnom Slovensku ve\u013emi ve\u013ek\u00e1 a\u00a0aj na\u0161a \u00fa\u010das\u0165 vo V\u00fdchod MTB lige zaru\u010duje ur\u010dit\u00fa kvalitu. Preto chceme stava\u0165 na tom a\u00a0budeme prin\u00e1\u0161a\u0165 kvalitn\u00e9 podujatia, ktor\u00e9 nebud\u00fa len na \u00farovni mal\u00e9ho regi\u00f3nu. Radi by sme pril\u00e1kali na na\u0161e podujatie aj jazdcov z\u00a0okolit\u00fdch kraj\u00edn (Po\u013esko, Ukrajina, Ma\u010farsko), ktor\u00ed to maj\u00fa relat\u00edvne bl\u00edzko. Ich \u00fa\u010das\u0165 sme u\u017e na na\u0161ich podujatiach zaznamenali a\u00a0st\u00e1le sa k\u00a0n\u00e1m rok \u010do rok vracaj\u00fa.<\/em><\/p>\n<div id='gallery-5' class='gallery galleryid-9917 gallery-columns-2 gallery-size-full'><figure class='gallery-item'>\n\t\t\t<div class='gallery-icon landscape'>\n\t\t\t\t<a href='https:\/\/d2p6e6u75xmxt8.cloudfront.net\/4\/2020\/05\/WLC_Rozhovor-OZ-Laboreck\u00e1-MTb_10.webp'><img loading=\"lazy\" decoding=\"async\" width=\"1200\" height=\"800\" src=\"https:\/\/d2p6e6u75xmxt8.cloudfront.net\/4\/2020\/05\/WLC_Rozhovor-OZ-Laboreck\u00e1-MTb_10.webp\" class=\"attachment-full size-full\" alt=\"\" srcset=\"https:\/\/d2p6e6u75xmxt8.cloudfront.net\/4\/2020\/05\/WLC_Rozhovor-OZ-Laboreck\u00e1-MTb_10.webp 1200w, https:\/\/d2p6e6u75xmxt8.cloudfront.net\/4\/2020\/05\/WLC_Rozhovor-OZ-Laboreck\u00e1-MTb_10-300x200.webp 300w, https:\/\/d2p6e6u75xmxt8.cloudfront.net\/4\/2020\/05\/WLC_Rozhovor-OZ-Laboreck\u00e1-MTb_10-1024x683.webp 1024w, https:\/\/d2p6e6u75xmxt8.cloudfront.net\/4\/2020\/05\/WLC_Rozhovor-OZ-Laboreck\u00e1-MTb_10-768x512.webp 768w, https:\/\/d2p6e6u75xmxt8.cloudfront.net\/4\/2020\/05\/WLC_Rozhovor-OZ-Laboreck\u00e1-MTb_10-272x182.webp 272w\" sizes=\"auto, (max-width: 1200px) 100vw, 1200px\" \/><\/a>\n\t\t\t<\/div><\/figure><figure class='gallery-item'>\n\t\t\t<div class='gallery-icon landscape'>\n\t\t\t\t<a href='https:\/\/d2p6e6u75xmxt8.cloudfront.net\/4\/2020\/05\/WLC_Rozhovor-OZ-Laboreck\u00e1-MTb_16.webp'><img loading=\"lazy\" decoding=\"async\" width=\"1200\" height=\"800\" src=\"https:\/\/d2p6e6u75xmxt8.cloudfront.net\/4\/2020\/05\/WLC_Rozhovor-OZ-Laboreck\u00e1-MTb_16.webp\" class=\"attachment-full size-full\" alt=\"\" srcset=\"https:\/\/d2p6e6u75xmxt8.cloudfront.net\/4\/2020\/05\/WLC_Rozhovor-OZ-Laboreck\u00e1-MTb_16.webp 1200w, https:\/\/d2p6e6u75xmxt8.cloudfront.net\/4\/2020\/05\/WLC_Rozhovor-OZ-Laboreck\u00e1-MTb_16-300x200.webp 300w, https:\/\/d2p6e6u75xmxt8.cloudfront.net\/4\/2020\/05\/WLC_Rozhovor-OZ-Laboreck\u00e1-MTb_16-1024x683.webp 1024w, https:\/\/d2p6e6u75xmxt8.cloudfront.net\/4\/2020\/05\/WLC_Rozhovor-OZ-Laboreck\u00e1-MTb_16-768x512.webp 768w, https:\/\/d2p6e6u75xmxt8.cloudfront.net\/4\/2020\/05\/WLC_Rozhovor-OZ-Laboreck\u00e1-MTb_16-272x182.webp 272w\" sizes=\"auto, (max-width: 1200px) 100vw, 1200px\" \/><\/a>\n\t\t\t<\/div><\/figure>\n\t\t<\/div>\n\n<p><strong>Ktor\u00e1 z\u00a0tr\u00e1s v\u00a0r\u00e1mci Horn\u00e9ho Zempl\u00edna je pod\u013ea v\u00e1s t\u00e1, ktor\u00fa by ste odporu\u010dili jazdcom, nepoznaj\u00facim t\u00fato \u010das\u0165 Slovenska?<\/strong><br \/>\n<em>Prvou trasou by mohla by\u0165 ofici\u00e1lna cyklotrasa okolo vod\u00e1renskej n\u00e1dr\u017ee Starina. M\u00f4\u017eete si tam pozrie\u0165 star\u00e9 vojensk\u00e9 cintor\u00edny z\u00a01. sv. vojny, miesta vys\u0165ahovan\u00fdch obc\u00ed tohto okolia a\u00a0trasa m\u00f4\u017ee vies\u0165 ako okruh cez obec Runina, alebo m\u00f4\u017eete pokra\u010dova\u0165 z\u00a0obce Rusk\u00e9 na Rusk\u00e9 sedlo, kde prech\u00e1dzate po starej obchodnej ceste Porta Rusica a\u017e na po\u013esk\u00fa hranicu. Druhou trasou je n\u00e1v\u0161teva Morsk\u00e9ho Oka po ofici\u00e1lnej cyklotrase z\u00a0ju\u017enej strany od obce Remetsk\u00e9 H\u00e1mre alebo zo severnej strany pohoria z\u00a0obce Zempl\u00ednske H\u00e1mre, kde vyu\u017eijete cyklotrasu vytvoren\u00fa po starej \u00fazkoko\u013eajke.<br \/>\nPre n\u00e1ro\u010dnej\u0161\u00edch cyklistov, ktor\u00ed maj\u00fa radi singl\u00e1\u010de, odpor\u00fa\u010dame nieko\u013eko tr\u00e1s, ako napr\u00edklad Humenn\u00e9 \u2013 Hubkov\u00e1, Sninsk\u00e9 Singletracky pod vrchom Patria alebo \u00fapln\u00fa lah\u00f4dku, hrebe\u0148ovku Vihorlatu.<\/em><\/p>\n<p><strong>Ke\u010f u\u017e sme pri samotn\u00fdch tras\u00e1ch, pre ak\u00e9 typy cyklistov s\u00fa prim\u00e1rne ur\u010den\u00e9? Ide sk\u00f4r o\u00a0menej a\u00a0stredne n\u00e1ro\u010dn\u00e9 chodn\u00edky, alebo sa medzi nimi n\u00e1jdu aj technickej\u0161ie \u00faseky?<\/strong><br \/>\n<em>V\u00a0na\u0161om kraji sa n\u00e1jdu v\u0161etky typy n\u00e1ro\u010dnost\u00ed, ke\u010f\u017ee m\u00e1me dve rieky (Laborec a\u00a0Cirocha), ktor\u00e9 vytv\u00e1raj\u00fa n\u00e1dhern\u00fa dolinu, kde nie s\u00fa popri ich tokoch \u017eiadne vysok\u00e9 prev\u00fd\u0161enia. Naopak pre n\u00e1ro\u010dn\u00fdch cyklistov, AMEN-akov, XC dupa\u010dov s\u00fa vhodn\u00e9 v\u0161etky hrebe\u0148ovky v\u00a0okol\u00ed, vr\u00e1tane n\u00e1dhern\u00fdch Polon\u00edn.<\/em><\/p>\n<p><strong>Ste v\u00a0kontakte aj s\u00a0in\u00fdmi organiz\u00e1ciami, sna\u017eiacimi sa o\u00a0rozvoj \u0161portu a\u00a0turizmu vo va\u0161om okrese? Vid\u00edte ochotu vytv\u00e1ra\u0165 nov\u00e9 pr\u00edle\u017eitosti, ako spr\u00edstupni\u0165 \u010dasto zazn\u00e1van\u00fd v\u00fdchod Slovenska \u0161ir\u0161ej verejnosti?<\/strong><br \/>\n<em>V\u017edy mus\u00edme za\u010da\u0165 od seba. Nem\u00f4\u017eeme \u010daka\u0165, ako sme sa vyjadrili predt\u00fdm na nejak\u00fa ponuku. Moment\u00e1lne sa sna\u017e\u00edme z\u00a0obcou Modr\u00e1 nad Cirochou vytvori\u0165 \u010do najlep\u0161ie podmienky pre ofici\u00e1lne singletracky. Vieme, \u017ee mnoh\u00e9 neofici\u00e1lne singl\u00e1\u010de nemusia ma\u0165 dlh\u00fa \u017eivotnos\u0165 a\u00a0u\u017e v\u00f4bec nie pochopenie in\u00fdch u\u017e\u00edvate\u013eov lesa. Preto je ve\u013emi d\u00f4le\u017eit\u00e9, aby sme na\u0161li spolo\u010dn\u00fa re\u010d a\u00a0vedeli vyu\u017ei\u0165 les aj in\u00fdm sp\u00f4sobom tak, aby bol u\u017eito\u010dn\u00fd nielen pre hospod\u00e1rov a\u00a0po\u013eovn\u00edkov, ale aj pre turistov a\u00a0cyklistov. Na\u0161im cie\u013eom je vytvori\u0165 pekn\u00e9 bike centrum, ktor\u00e9 nebude prek\u00e1\u017ea\u0165 in\u00fdm u\u017e\u00edvate\u013eom a\u00a0bude na \u00fa\u017eitok \u0161irokej verejnosti, \u0161portovcom a\u00a0de\u0165om.<\/em><\/p>\n<div id='gallery-6' class='gallery galleryid-9917 gallery-columns-2 gallery-size-full'><figure class='gallery-item'>\n\t\t\t<div class='gallery-icon landscape'>\n\t\t\t\t<a href='https:\/\/d2p6e6u75xmxt8.cloudfront.net\/4\/2020\/05\/WLC_Rozhovor-OZ-Laboreck\u00e1-MTb_01.webp'><img loading=\"lazy\" decoding=\"async\" width=\"1200\" height=\"800\" src=\"https:\/\/d2p6e6u75xmxt8.cloudfront.net\/4\/2020\/05\/WLC_Rozhovor-OZ-Laboreck\u00e1-MTb_01.webp\" class=\"attachment-full size-full\" alt=\"\" srcset=\"https:\/\/d2p6e6u75xmxt8.cloudfront.net\/4\/2020\/05\/WLC_Rozhovor-OZ-Laboreck\u00e1-MTb_01.webp 1200w, https:\/\/d2p6e6u75xmxt8.cloudfront.net\/4\/2020\/05\/WLC_Rozhovor-OZ-Laboreck\u00e1-MTb_01-300x200.webp 300w, https:\/\/d2p6e6u75xmxt8.cloudfront.net\/4\/2020\/05\/WLC_Rozhovor-OZ-Laboreck\u00e1-MTb_01-1024x683.webp 1024w, https:\/\/d2p6e6u75xmxt8.cloudfront.net\/4\/2020\/05\/WLC_Rozhovor-OZ-Laboreck\u00e1-MTb_01-768x512.webp 768w, https:\/\/d2p6e6u75xmxt8.cloudfront.net\/4\/2020\/05\/WLC_Rozhovor-OZ-Laboreck\u00e1-MTb_01-272x182.webp 272w\" sizes=\"auto, (max-width: 1200px) 100vw, 1200px\" \/><\/a>\n\t\t\t<\/div><\/figure><figure class='gallery-item'>\n\t\t\t<div class='gallery-icon landscape'>\n\t\t\t\t<a href='https:\/\/d2p6e6u75xmxt8.cloudfront.net\/4\/2020\/05\/WLC_Rozhovor-OZ-Laboreck\u00e1-MTb_13.webp'><img loading=\"lazy\" decoding=\"async\" width=\"1200\" height=\"800\" src=\"https:\/\/d2p6e6u75xmxt8.cloudfront.net\/4\/2020\/05\/WLC_Rozhovor-OZ-Laboreck\u00e1-MTb_13.webp\" class=\"attachment-full size-full\" alt=\"\" srcset=\"https:\/\/d2p6e6u75xmxt8.cloudfront.net\/4\/2020\/05\/WLC_Rozhovor-OZ-Laboreck\u00e1-MTb_13.webp 1200w, https:\/\/d2p6e6u75xmxt8.cloudfront.net\/4\/2020\/05\/WLC_Rozhovor-OZ-Laboreck\u00e1-MTb_13-300x200.webp 300w, https:\/\/d2p6e6u75xmxt8.cloudfront.net\/4\/2020\/05\/WLC_Rozhovor-OZ-Laboreck\u00e1-MTb_13-1024x683.webp 1024w, https:\/\/d2p6e6u75xmxt8.cloudfront.net\/4\/2020\/05\/WLC_Rozhovor-OZ-Laboreck\u00e1-MTb_13-768x512.webp 768w, https:\/\/d2p6e6u75xmxt8.cloudfront.net\/4\/2020\/05\/WLC_Rozhovor-OZ-Laboreck\u00e1-MTb_13-272x182.webp 272w\" sizes=\"auto, (max-width: 1200px) 100vw, 1200px\" \/><\/a>\n\t\t\t<\/div><\/figure>\n\t\t<\/div>\n\n<p><strong>Pl\u00e1nujete v\u00a0bud\u00facnosti aj nejak\u00e9 novinky, alebo sa budete sna\u017ei\u0165 rozv\u00edja\u0165 doteraj\u0161ie z\u00e1mery &#8211; marat\u00f3n, no\u010dn\u00e9 preteky, zna\u010denie tr\u00e1s a\u00a0pod.?<\/strong><br \/>\n<em>Ve\u013emi n\u00e1s zaujala my\u0161lienka vytvori\u0165 s\u00e9riu XCO. Pravdepodobne na u\u017e spom\u00ednan\u00fdch singl\u00e1\u010doch v\u00a0Modrej nad Cirochou. Mnoh\u00ed z\u00a0n\u00e1s poznaj\u00fa tieto XCO z\u00a0Ko\u0161\u00edc a\u00a0vid\u00edme v\u00a0tom obrovsk\u00fd potenci\u00e1l, ako si m\u00f4\u017eu \u013eudia odjazdi\u0165 v\u00a0pretek\u00e1rskom tempe za kr\u00e1tky \u010das na upraven\u00fdch okruhoch. Chceme ur\u010dite zachova\u0165 trad\u00edciu no\u010dn\u00fdch pretekov, ktor\u00fd je ve\u013emi zauj\u00edmav\u00fdm projektom. Ka\u017edoro\u010dne m\u00e1me tzv. ukon\u010denie cyklistickej sez\u00f3ny, ktor\u00e9 sa kon\u00e1 spolo\u010dn\u00fdm v\u00fdjazdom severne od Humenn\u00e9ho. Minul\u00fd rok sme toto ukon\u010denie sez\u00f3ny spojili aj s\u00a0memori\u00e1lom Tibora Herbsta, ktor\u00fd tragicky zahynul v\u00a0roku 2018 na tejto trase. Na\u0161im cie\u013eom je vytvori\u0165 ofici\u00e1lnu cyklotrasu a\u00a0turistick\u00fa trasu na I\u013eovn\u00edckom hrebeni, aby sme spojili mest\u00e1 Humenn\u00e9 a\u00a0Sninu mimo hlavn\u00fdch ciest.<\/em><\/p>\n<p><strong>Nakoniec e\u0161te jedna \u0161pekulat\u00edvna ot\u00e1zka: Kde sa vid\u00edte o\u00a05 rokov? \u010co je va\u0161im snom?<\/strong><br \/>\n<em>Na\u0161im cie\u013eom je ma\u0165 kvalitn\u00e9 podujatia, prim\u00e1rne v\u0161ak MTB marat\u00f3n. Moment\u00e1lne sa ho z\u00fa\u010dast\u0148uj\u00fa v\u00e4\u010d\u0161inou amat\u00e9rski \u0161portovci. Radi by sme v\u0161ak vytvorili nato\u013eko atrakt\u00edvne a\u00a0popul\u00e1rne podujatie, aby sme pril\u00e1kali \u010do najv\u00e4\u010d\u0161ie mno\u017estvo \u0161pi\u010dkov\u00fdch jazdcov. \u010co by n\u00e1s v\u0161ak ve\u013emi te\u0161ilo, keby \u010do najviac \u013eud\u00ed pod\u013eahlo tomuto \u0161portu a\u00a0pravidelne jazdili, rovnako tak pril\u00e1ka\u0165 k\u00a0tomuto \u0161portu aj rodiny s\u00a0de\u0165mi a\u00a0samotn\u00e9 deti.<\/em><\/p>\n<p><strong>\u010eakujeme za rozhovor a\u00a0prajeme v\u0161etko dobr\u00e9!<\/strong><\/p>\n<p>Zdroj fotografi\u00ed: OZ Laboreck\u00e1 MTB<\/p>\n","protected":false},"excerpt":{"rendered":"<p>V\u00a0dne\u0161nom rozhovore si predstav\u00edme partiu cyklistov, ktor\u00ed sa staraj\u00fa o\u00a0organizovanie podujat\u00ed, zna\u010denie chodn\u00edkov a\u00a0taktie\u017e vytv\u00e1ranie nov\u00fdch cyklotr\u00e1s, ktor\u00e9 prispievaj\u00fa k\u00a0roz\u0161irovaniu [&hellip;]<\/p>\n","protected":false},"author":81,"featured_media":9919,"comment_status":"open","ping_status":"open","sticky":false,"template":"","format":"standard","meta":{"footnotes":""},"categories":[3],"tags":[319,1125,62,559,587,53,180,532,178,412,179,509,501,239,523,813],"global-categories":[1074],"class_list":["post-9917","post","type-post","status-publish","format-standard","has-post-thumbnail","hentry","category-mtb","tag-adrenalin","tag-beh","tag-bezpecnost","tag-bicykel","tag-cyklochodnik","tag-deti","tag-horska-cyklistika","tag-jazdenie","tag-maraton","tag-mtb","tag-preteky","tag-rodina","tag-rozhovor","tag-singletrail","tag-slovensko","tag-sport","global-categories-cycling"],"yoast_head":"<!-- This site is optimized with the Yoast SEO Premium plugin v25.3 (Yoast SEO v25.9) - https:\/\/yoast.com\/wordpress\/plugins\/seo\/ -->\n<title>Rozhovor s\u00a0OZ Laboreck\u00e1 MTB - cyklistick\u00fd \u017eivot na v\u00fdchode Slovenska - \u0160koda We Love Cycling Slovensko<\/title>\n<meta name=\"robots\" content=\"index, follow, max-snippet:-1, max-image-preview:large, max-video-preview:-1\" \/>\n<link rel=\"canonical\" href=\"https:\/\/www.welovecycling.com\/sk\/2020\/05\/27\/rozhovor-s-oz-laborecka-mtb-cyklisticky-zivot-na-vychode-slovenska\/\" \/>\n<meta property=\"og:locale\" content=\"sk_SK\" \/>\n<meta property=\"og:type\" content=\"article\" \/>\n<meta property=\"og:title\" content=\"Rozhovor s\u00a0OZ Laboreck\u00e1 MTB - cyklistick\u00fd \u017eivot na v\u00fdchode Slovenska\" \/>\n<meta property=\"og:description\" content=\"V\u00a0dne\u0161nom rozhovore si predstav\u00edme partiu cyklistov, ktor\u00ed sa staraj\u00fa o\u00a0organizovanie podujat\u00ed, zna\u010denie chodn\u00edkov a\u00a0taktie\u017e vytv\u00e1ranie nov\u00fdch cyklotr\u00e1s, ktor\u00e9 prispievaj\u00fa k\u00a0roz\u0161irovaniu [&hellip;]\" \/>\n<meta property=\"og:url\" content=\"https:\/\/www.welovecycling.com\/sk\/2020\/05\/27\/rozhovor-s-oz-laborecka-mtb-cyklisticky-zivot-na-vychode-slovenska\/\" \/>\n<meta property=\"og:site_name\" content=\"\u0160koda We Love Cycling Slovensko\" \/>\n<meta property=\"article:published_time\" content=\"2020-05-27T07:00:55+00:00\" \/>\n<meta property=\"og:image\" content=\"https:\/\/d2p6e6u75xmxt8.cloudfront.net\/4\/2020\/05\/WLC_Rozhovor-OZ-Laboreck\u00e1-MTb_00.webp\" \/>\n\t<meta property=\"og:image:width\" content=\"1380\" \/>\n\t<meta property=\"og:image:height\" content=\"600\" \/>\n\t<meta property=\"og:image:type\" content=\"image\/webp\" \/>\n<meta name=\"twitter:card\" content=\"summary_large_image\" \/>\n<meta name=\"twitter:label1\" content=\"Written by\" \/>\n\t<meta name=\"twitter:data1\" content=\"WeLoveCycling\" \/>\n\t<meta name=\"twitter:label2\" content=\"Est. reading time\" \/>\n\t<meta name=\"twitter:data2\" content=\"8\" \/>\n<script type=\"application\/ld+json\" class=\"yoast-schema-graph\">{\"@context\":\"https:\/\/schema.org\",\"@graph\":[{\"@type\":\"WebPage\",\"@id\":\"https:\/\/www.welovecycling.com\/sk\/2020\/05\/27\/rozhovor-s-oz-laborecka-mtb-cyklisticky-zivot-na-vychode-slovenska\/\",\"url\":\"https:\/\/www.welovecycling.com\/sk\/2020\/05\/27\/rozhovor-s-oz-laborecka-mtb-cyklisticky-zivot-na-vychode-slovenska\/\",\"name\":\"Rozhovor s\u00a0OZ Laboreck\u00e1 MTB - cyklistick\u00fd \u017eivot na v\u00fdchode Slovenska - \u0160koda We Love Cycling Slovensko\",\"isPartOf\":{\"@id\":\"https:\/\/www.welovecycling.com\/sk\/#website\"},\"primaryImageOfPage\":{\"@id\":\"https:\/\/www.welovecycling.com\/sk\/2020\/05\/27\/rozhovor-s-oz-laborecka-mtb-cyklisticky-zivot-na-vychode-slovenska\/#primaryimage\"},\"image\":{\"@id\":\"https:\/\/www.welovecycling.com\/sk\/2020\/05\/27\/rozhovor-s-oz-laborecka-mtb-cyklisticky-zivot-na-vychode-slovenska\/#primaryimage\"},\"thumbnailUrl\":\"https:\/\/d2p6e6u75xmxt8.cloudfront.net\/4\/2020\/05\/WLC_Rozhovor-OZ-Laboreck\u00e1-MTb_00.webp\",\"datePublished\":\"2020-05-27T07:00:55+00:00\",\"author\":{\"@id\":\"\"},\"breadcrumb\":{\"@id\":\"https:\/\/www.welovecycling.com\/sk\/2020\/05\/27\/rozhovor-s-oz-laborecka-mtb-cyklisticky-zivot-na-vychode-slovenska\/#breadcrumb\"},\"inLanguage\":\"sk-SK\",\"potentialAction\":[{\"@type\":\"ReadAction\",\"target\":[\"https:\/\/www.welovecycling.com\/sk\/2020\/05\/27\/rozhovor-s-oz-laborecka-mtb-cyklisticky-zivot-na-vychode-slovenska\/\"]}]},{\"@type\":\"ImageObject\",\"inLanguage\":\"sk-SK\",\"@id\":\"https:\/\/www.welovecycling.com\/sk\/2020\/05\/27\/rozhovor-s-oz-laborecka-mtb-cyklisticky-zivot-na-vychode-slovenska\/#primaryimage\",\"url\":\"https:\/\/d2p6e6u75xmxt8.cloudfront.net\/4\/2020\/05\/WLC_Rozhovor-OZ-Laboreck\u00e1-MTb_00.webp\",\"contentUrl\":\"https:\/\/d2p6e6u75xmxt8.cloudfront.net\/4\/2020\/05\/WLC_Rozhovor-OZ-Laboreck\u00e1-MTb_00.webp\",\"width\":1380,\"height\":600},{\"@type\":\"BreadcrumbList\",\"@id\":\"https:\/\/www.welovecycling.com\/sk\/2020\/05\/27\/rozhovor-s-oz-laborecka-mtb-cyklisticky-zivot-na-vychode-slovenska\/#breadcrumb\",\"itemListElement\":[{\"@type\":\"ListItem\",\"position\":1,\"name\":\"Home\",\"item\":\"https:\/\/www.welovecycling.com\/sk\/\"},{\"@type\":\"ListItem\",\"position\":2,\"name\":\"Rozhovor s\u00a0OZ Laboreck\u00e1 MTB &#8211; cyklistick\u00fd \u017eivot na v\u00fdchode Slovenska\"}]},{\"@type\":\"WebSite\",\"@id\":\"https:\/\/www.welovecycling.com\/sk\/#website\",\"url\":\"https:\/\/www.welovecycling.com\/sk\/\",\"name\":\"\u0160koda We Love Cycling Slovensko\",\"description\":\"\u0160koda We Love Cycling Slovensko je v\u00e1\u0161 ka\u017edodenn\u00fd zdroj noviniek a in\u0161pir\u00e1cie z sveta cyklistiky\",\"potentialAction\":[{\"@type\":\"SearchAction\",\"target\":{\"@type\":\"EntryPoint\",\"urlTemplate\":\"https:\/\/www.welovecycling.com\/sk\/?s={search_term_string}\"},\"query-input\":{\"@type\":\"PropertyValueSpecification\",\"valueRequired\":true,\"valueName\":\"search_term_string\"}}],\"inLanguage\":\"sk-SK\"},{\"@type\":\"Person\",\"@id\":\"\",\"url\":\"https:\/\/www.welovecycling.com\/sk\/author\/\"}]}<\/script>\n<!-- \/ Yoast SEO Premium plugin. -->","yoast_head_json":{"title":"Rozhovor s\u00a0OZ Laboreck\u00e1 MTB - cyklistick\u00fd \u017eivot na v\u00fdchode Slovenska - \u0160koda We Love Cycling Slovensko","robots":{"index":"index","follow":"follow","max-snippet":"max-snippet:-1","max-image-preview":"max-image-preview:large","max-video-preview":"max-video-preview:-1"},"canonical":"https:\/\/www.welovecycling.com\/sk\/2020\/05\/27\/rozhovor-s-oz-laborecka-mtb-cyklisticky-zivot-na-vychode-slovenska\/","og_locale":"sk_SK","og_type":"article","og_title":"Rozhovor s\u00a0OZ Laboreck\u00e1 MTB - cyklistick\u00fd \u017eivot na v\u00fdchode Slovenska","og_description":"V\u00a0dne\u0161nom rozhovore si predstav\u00edme partiu cyklistov, ktor\u00ed sa staraj\u00fa o\u00a0organizovanie podujat\u00ed, zna\u010denie chodn\u00edkov a\u00a0taktie\u017e vytv\u00e1ranie nov\u00fdch cyklotr\u00e1s, ktor\u00e9 prispievaj\u00fa k\u00a0roz\u0161irovaniu [&hellip;]","og_url":"https:\/\/www.welovecycling.com\/sk\/2020\/05\/27\/rozhovor-s-oz-laborecka-mtb-cyklisticky-zivot-na-vychode-slovenska\/","og_site_name":"\u0160koda We Love Cycling Slovensko","article_published_time":"2020-05-27T07:00:55+00:00","og_image":[{"width":1380,"height":600,"url":"https:\/\/d2p6e6u75xmxt8.cloudfront.net\/4\/2020\/05\/WLC_Rozhovor-OZ-Laboreck\u00e1-MTb_00.webp","type":"image\/webp"}],"twitter_card":"summary_large_image","twitter_misc":{"Written by":"WeLoveCycling","Est. reading time":"8"},"schema":{"@context":"https:\/\/schema.org","@graph":[{"@type":"WebPage","@id":"https:\/\/www.welovecycling.com\/sk\/2020\/05\/27\/rozhovor-s-oz-laborecka-mtb-cyklisticky-zivot-na-vychode-slovenska\/","url":"https:\/\/www.welovecycling.com\/sk\/2020\/05\/27\/rozhovor-s-oz-laborecka-mtb-cyklisticky-zivot-na-vychode-slovenska\/","name":"Rozhovor s\u00a0OZ Laboreck\u00e1 MTB - cyklistick\u00fd \u017eivot na v\u00fdchode Slovenska - \u0160koda We Love Cycling Slovensko","isPartOf":{"@id":"https:\/\/www.welovecycling.com\/sk\/#website"},"primaryImageOfPage":{"@id":"https:\/\/www.welovecycling.com\/sk\/2020\/05\/27\/rozhovor-s-oz-laborecka-mtb-cyklisticky-zivot-na-vychode-slovenska\/#primaryimage"},"image":{"@id":"https:\/\/www.welovecycling.com\/sk\/2020\/05\/27\/rozhovor-s-oz-laborecka-mtb-cyklisticky-zivot-na-vychode-slovenska\/#primaryimage"},"thumbnailUrl":"https:\/\/d2p6e6u75xmxt8.cloudfront.net\/4\/2020\/05\/WLC_Rozhovor-OZ-Laboreck\u00e1-MTb_00.webp","datePublished":"2020-05-27T07:00:55+00:00","author":{"@id":""},"breadcrumb":{"@id":"https:\/\/www.welovecycling.com\/sk\/2020\/05\/27\/rozhovor-s-oz-laborecka-mtb-cyklisticky-zivot-na-vychode-slovenska\/#breadcrumb"},"inLanguage":"sk-SK","potentialAction":[{"@type":"ReadAction","target":["https:\/\/www.welovecycling.com\/sk\/2020\/05\/27\/rozhovor-s-oz-laborecka-mtb-cyklisticky-zivot-na-vychode-slovenska\/"]}]},{"@type":"ImageObject","inLanguage":"sk-SK","@id":"https:\/\/www.welovecycling.com\/sk\/2020\/05\/27\/rozhovor-s-oz-laborecka-mtb-cyklisticky-zivot-na-vychode-slovenska\/#primaryimage","url":"https:\/\/d2p6e6u75xmxt8.cloudfront.net\/4\/2020\/05\/WLC_Rozhovor-OZ-Laboreck\u00e1-MTb_00.webp","contentUrl":"https:\/\/d2p6e6u75xmxt8.cloudfront.net\/4\/2020\/05\/WLC_Rozhovor-OZ-Laboreck\u00e1-MTb_00.webp","width":1380,"height":600},{"@type":"BreadcrumbList","@id":"https:\/\/www.welovecycling.com\/sk\/2020\/05\/27\/rozhovor-s-oz-laborecka-mtb-cyklisticky-zivot-na-vychode-slovenska\/#breadcrumb","itemListElement":[{"@type":"ListItem","position":1,"name":"Home","item":"https:\/\/www.welovecycling.com\/sk\/"},{"@type":"ListItem","position":2,"name":"Rozhovor s\u00a0OZ Laboreck\u00e1 MTB &#8211; cyklistick\u00fd \u017eivot na v\u00fdchode Slovenska"}]},{"@type":"WebSite","@id":"https:\/\/www.welovecycling.com\/sk\/#website","url":"https:\/\/www.welovecycling.com\/sk\/","name":"\u0160koda We Love Cycling Slovensko","description":"\u0160koda We Love Cycling Slovensko je v\u00e1\u0161 ka\u017edodenn\u00fd zdroj noviniek a in\u0161pir\u00e1cie z sveta cyklistiky","potentialAction":[{"@type":"SearchAction","target":{"@type":"EntryPoint","urlTemplate":"https:\/\/www.welovecycling.com\/sk\/?s={search_term_string}"},"query-input":{"@type":"PropertyValueSpecification","valueRequired":true,"valueName":"search_term_string"}}],"inLanguage":"sk-SK"},{"@type":"Person","@id":"","url":"https:\/\/www.welovecycling.com\/sk\/author\/"}]}},"_links":{"self":[{"href":"https:\/\/www.welovecycling.com\/sk\/wp-json\/wp\/v2\/posts\/9917","targetHints":{"allow":["GET"]}}],"collection":[{"href":"https:\/\/www.welovecycling.com\/sk\/wp-json\/wp\/v2\/posts"}],"about":[{"href":"https:\/\/www.welovecycling.com\/sk\/wp-json\/wp\/v2\/types\/post"}],"author":[{"embeddable":true,"href":"https:\/\/www.welovecycling.com\/sk\/wp-json\/wp\/v2\/users\/81"}],"replies":[{"embeddable":true,"href":"https:\/\/www.welovecycling.com\/sk\/wp-json\/wp\/v2\/comments?post=9917"}],"version-history":[{"count":2,"href":"https:\/\/www.welovecycling.com\/sk\/wp-json\/wp\/v2\/posts\/9917\/revisions"}],"predecessor-version":[{"id":9949,"href":"https:\/\/www.welovecycling.com\/sk\/wp-json\/wp\/v2\/posts\/9917\/revisions\/9949"}],"wp:featuredmedia":[{"embeddable":true,"href":"https:\/\/www.welovecycling.com\/sk\/wp-json\/wp\/v2\/media\/9919"}],"wp:attachment":[{"href":"https:\/\/www.welovecycling.com\/sk\/wp-json\/wp\/v2\/media?parent=9917"}],"wp:term":[{"taxonomy":"category","embeddable":true,"href":"https:\/\/www.welovecycling.com\/sk\/wp-json\/wp\/v2\/categories?post=9917"},{"taxonomy":"post_tag","embeddable":true,"href":"https:\/\/www.welovecycling.com\/sk\/wp-json\/wp\/v2\/tags?post=9917"},{"taxonomy":"global-categories","embeddable":true,"href":"https:\/\/www.welovecycling.com\/sk\/wp-json\/wp\/v2\/global-categories?post=9917"}],"curies":[{"name":"wp","href":"https:\/\/api.w.org\/{rel}","templated":true}]}}