{"id":9902,"date":"2020-05-18T07:43:11","date_gmt":"2020-05-18T05:43:11","guid":{"rendered":"https:\/\/www.welovecycling.com\/sk\/?p=9902"},"modified":"2020-05-15T14:28:37","modified_gmt":"2020-05-15T12:28:37","slug":"kava-a-cyklistika-nerozlucna-dvojica","status":"publish","type":"post","link":"https:\/\/www.welovecycling.com\/sk\/2020\/05\/18\/kava-a-cyklistika-nerozlucna-dvojica\/","title":{"rendered":"K\u00e1va a cyklistika &#8211; nerozlu\u010dn\u00e1 dvojica"},"content":{"rendered":"<p><strong>K\u00e1vu bu\u010f pijete alebo nie. Neexistuje ni\u010d medzit\u00fdm, \u017eiadne &#8211; \u201cpr\u00edle\u017eitostne si d\u00e1m\u201d. Alebo jej chu\u0165 milujete, alebo ju nen\u00e1vid\u00edte. St\u00e1le v\u0161ak nem\u00f4\u017eem uveri\u0165, \u017ee na svete existuj\u00fa aj tak\u00ed \u013eudia, \u010do k\u00e1vu nepij\u00fa. No asi som sa pr\u00e1ve priznal, \u017ee som v\u00e1\u0161niv\u00fd k\u00e1vi\u010dk\u00e1r.<\/strong><!--more--><\/p>\n<p>Dejiny k\u00e1vy <strong>za\u010d\u00ednaj\u00fa v\u00a0deviatom storo\u010d\u00ed<\/strong> a\u00a0kde inde, ke\u010f nie v\u00a0\u010diernej Afrike. Ako to u\u017e ale b\u00fdva, \u0165a\u017eko dok\u00e1za\u0165, \u010di to naozaj bolo tam. Ale aj in\u00e9 n\u00e1rody maj\u00fa svoje vlastn\u00e9 legendy. Napr\u00edklad t\u00e1 najzn\u00e1mej\u0161ia je z\u00a0Orientu o\u00a0pastierovi s\u00a0kozami, ktor\u00e9 pojedli plody ak\u00e9hosi kr\u00edka a\u00a0boli <strong>zrazu divok\u00e9 a\u00a0pln\u00e9 energie<\/strong>.<\/p>\n<p>Dos\u0165 bolo ale \u010falekej hist\u00f3rie a\u00a0po\u010fme sa pozrie\u0165 do tridsiatych rokov minul\u00e9ho storo\u010dia. Vtedy k\u00e1vu <strong>objavili aj profesion\u00e1lni cyklisti<\/strong>. Jej objavite\u013e bol Gino Bartali, taliansky cyklista, ktor\u00fd trikr\u00e1t vyhral Giro d&#8217;Italia a\u00a0dvakr\u00e1t zv\u00ed\u0165azil na Tour de France. Jeho be\u017en\u00e1 d\u00e1vka bolo desa\u0165 \u0161\u00e1lok a\u00a0v\u00a0niektor\u00e9 dni aj viac.<\/p>\n<p><div id='gallery-1' class='gallery galleryid-9902 gallery-columns-2 gallery-size-full'><figure class='gallery-item'>\n\t\t\t<div class='gallery-icon landscape'>\n\t\t\t\t<a href='https:\/\/d2p6e6u75xmxt8.cloudfront.net\/4\/2020\/05\/K\u00e1va-a-cyklistika_02.webp'><img loading=\"lazy\" decoding=\"async\" width=\"1200\" height=\"800\" src=\"https:\/\/d2p6e6u75xmxt8.cloudfront.net\/4\/2020\/05\/K\u00e1va-a-cyklistika_02.webp\" class=\"attachment-full size-full\" alt=\"\" srcset=\"https:\/\/d2p6e6u75xmxt8.cloudfront.net\/4\/2020\/05\/K\u00e1va-a-cyklistika_02.webp 1200w, https:\/\/d2p6e6u75xmxt8.cloudfront.net\/4\/2020\/05\/K\u00e1va-a-cyklistika_02-300x200.webp 300w, https:\/\/d2p6e6u75xmxt8.cloudfront.net\/4\/2020\/05\/K\u00e1va-a-cyklistika_02-1024x683.webp 1024w, https:\/\/d2p6e6u75xmxt8.cloudfront.net\/4\/2020\/05\/K\u00e1va-a-cyklistika_02-768x512.webp 768w, https:\/\/d2p6e6u75xmxt8.cloudfront.net\/4\/2020\/05\/K\u00e1va-a-cyklistika_02-272x182.webp 272w\" sizes=\"auto, (max-width: 1200px) 100vw, 1200px\" \/><\/a>\n\t\t\t<\/div><\/figure><figure class='gallery-item'>\n\t\t\t<div class='gallery-icon landscape'>\n\t\t\t\t<a href='https:\/\/d2p6e6u75xmxt8.cloudfront.net\/4\/2020\/05\/K\u00e1va-a-cyklistika_01.webp'><img loading=\"lazy\" decoding=\"async\" width=\"1200\" height=\"800\" src=\"https:\/\/d2p6e6u75xmxt8.cloudfront.net\/4\/2020\/05\/K\u00e1va-a-cyklistika_01.webp\" class=\"attachment-full size-full\" alt=\"\" srcset=\"https:\/\/d2p6e6u75xmxt8.cloudfront.net\/4\/2020\/05\/K\u00e1va-a-cyklistika_01.webp 1200w, https:\/\/d2p6e6u75xmxt8.cloudfront.net\/4\/2020\/05\/K\u00e1va-a-cyklistika_01-300x200.webp 300w, https:\/\/d2p6e6u75xmxt8.cloudfront.net\/4\/2020\/05\/K\u00e1va-a-cyklistika_01-1024x683.webp 1024w, https:\/\/d2p6e6u75xmxt8.cloudfront.net\/4\/2020\/05\/K\u00e1va-a-cyklistika_01-768x512.webp 768w, https:\/\/d2p6e6u75xmxt8.cloudfront.net\/4\/2020\/05\/K\u00e1va-a-cyklistika_01-272x182.webp 272w\" sizes=\"auto, (max-width: 1200px) 100vw, 1200px\" \/><\/a>\n\t\t\t<\/div><\/figure>\n\t\t<\/div>\nFoto: pixabay.com<\/p>\n<p>Dne\u0161n\u00ed profesion\u00e1li v\u00a0pit\u00ed k\u00e1vy za Ginom nezaost\u00e1vaj\u00fa a\u00a0napr\u00edklad ani Peter Sagan nie je v\u00fdnimkou. R\u00e1d si pochutn\u00e1 na kvalitnom espresse aj on. T\u00e1 dokonca patr\u00ed k\u00a0jeho <strong>pravideln\u00fdm ritu\u00e1lom pred pretekmi<\/strong>. Boli \u010dasy, kedy sa dokonca Svetov\u00e1 antidopingov\u00e1 organiz\u00e1cia sna\u017eila obmedzi\u0165 mno\u017estvo k\u00e1vy pri u\u017e\u00edvan\u00ed \u0161portovcami. Av\u0161ak neuspela a po \u010dase boli tieto obmedzenia zru\u0161en\u00e9.\u00a0Cyklisti po\u010das pretekov <strong>vypij\u00fa ve\u013ek\u00fd objem tejto tekutiny<\/strong>, ale v\u00e4\u010d\u0161iu \u010das\u0165 z toho pred v\u00fdkonom. Delia sa do dvoch kateg\u00f3ri\u00ed &#8211; jedni ju pij\u00fa len preto, aby dostali do tela kofe\u00edn a t\u00ed druh\u00ed okrem \u00fa\u010dinku kofe\u00ednu miluj\u00fa najm\u00e4 pre jej chu\u0165. T\u00ed potom holduj\u00fa jej pop\u00edjaniu aj mimo cyklistickej sez\u00f3ny.<\/p>\n<p>V\u00e4\u010d\u0161ina z\u00a0n\u00e1s sa cyklistike venuje len ako kon\u00ed\u010dku, napriek tomu k\u00a0tr\u00e9ningom pristupujeme zodpovedne. Chceme, aby sa na\u0161e v\u00fdkony st\u00e1le zlep\u0161ovali a\u00a0k\u00a0tomu <strong>n\u00e1m k\u00e1va dok\u00e1\u017ee pom\u00f4c\u0165<\/strong>, takisto ako profesion\u00e1lom. Niektor\u00e9 \u0161t\u00fadie uv\u00e1dzaj\u00fa, \u017ee tento n\u00e1poj pom\u00e1ha zvy\u0161ova\u0165 metabolizmus tukov, \u010do ocenia t\u00ed, ktor\u00ed chc\u00fa schudn\u00fa\u0165. St\u00e1le plat\u00ed, \u017ee v\u00e1s nabud\u00ed a pom\u00f4\u017ee poda\u0165 vy\u0161\u0161\u00ed v\u00fdkon. Jej \u00fa\u010dinok v\u0161ak trv\u00e1 pribli\u017ene hodinu a tak je d\u00f4le\u017eit\u00e9 si vypi\u0165 svoju k\u00e1vu tesne pred v\u00fdkonom, pr\u00edpadne sa zastavi\u0165 na \u0161\u00e1lku po\u010das v\u00fdjazdu \u010di tr\u00e9ningu.<\/p>\n<p><a href=\"https:\/\/d2p6e6u75xmxt8.cloudfront.net\/4\/2020\/05\/K\u00e1va-a-cyklistika_111.jpg\"><img loading=\"lazy\" decoding=\"async\" src=\"https:\/\/d2p6e6u75xmxt8.cloudfront.net\/4\/2020\/05\/K\u00e1va-a-cyklistika_111.jpg\" alt=\"\" width=\"1200\" height=\"800\" class=\"alignnone size-full wp-image-9906\" \/><\/a>Foto: pixabay.com<\/p>\n<p>Cyklisti sa po celom svete radi zastavia na dobr\u00fa k\u00e1vi\u010dku.\u00a0Sved\u010dia o tom aj mnoh\u00e9 \u0161tylizovan\u00e9 kaviarne napr\u00edklad Standert Cycling Caf\u00e9 v Berl\u00edne, Steel Cyclewear &#038; Caf\u00e9 v Par\u00ed\u017ei, La Bicicleta Caf\u00e9 v Madride \u010di Up Cycle Caf\u00e9 v Mil\u00e1ne.\u00a0<strong>S\u00fa to miesta, kde sa budete c\u00edti\u0165 dobre<\/strong>, na sten\u00e1ch visia bicykle a\u00a0nikto sa nebude pozastavova\u0165 nad t\u00fdm, \u017ee m\u00e1te na sebe dres, prilbu \u010di rukavice. Ur\u010dite m\u00e1te aj vy svoje ob\u013e\u00faben\u00e9 miesta, kde sa radi zastav\u00edte a\u00a0viete, \u017ee tam v\u017edy stretnete nejak\u00fdch spriatelen\u00fdch kolegov na bicykloch.<\/p>\n<p><a href=\"https:\/\/d2p6e6u75xmxt8.cloudfront.net\/4\/2020\/05\/K\u00e1va-a-cyklistika_03.jpg\"><img loading=\"lazy\" decoding=\"async\" src=\"https:\/\/d2p6e6u75xmxt8.cloudfront.net\/4\/2020\/05\/K\u00e1va-a-cyklistika_03.jpg\" alt=\"\" width=\"1200\" height=\"800\" class=\"alignnone size-full wp-image-9907\" \/><\/a>Foto: pixabay.com<\/p>\n<p>Nakoniec je dobr\u00e9 sa pozrie\u0165, <strong>ak\u00fd k\u00e1vi\u010dk\u00e1r vlastne ste<\/strong>. Pijete ju r\u00fdchlo alebo pomaly? Napad\u00e1 mi prirovnanie k\u00a0faj\u010diarom, ale to sa na str\u00e1nky o cyklistike asi nehod\u00ed. No ale aj tak to predsa nap\u00ed\u0161em. S\u00fa faj\u010diari, ktor\u00ed cigaretu vyfaj\u010dia na dva tri \u0165ahy, aby do tela r\u00fdchlo dostali nikot\u00edn. Na druhej strane s\u00fa tak\u00ed, ktor\u00ed si cigaretu vychutn\u00e1vaj\u00fa, porozpr\u00e1vaj\u00fa sa medzit\u00fdm s priate\u013emi, \u010di pozoruj\u00fa okolie.<\/p>\n<p>No a k\u00e1vi\u010dk\u00e1ri sa rovnako rozde\u013euj\u00fa na t\u00fdch, ktor\u00ed r\u00fdchlo vypij\u00fa svoju d\u00e1vku kofe\u00ednu a\u00a0t\u00fdch, ktor\u00ed si pritom radi nie\u010do pre\u010d\u00edtaj\u00fa, alebo sa porozpr\u00e1vaj\u00fa s priate\u013emi.\u00a0Niektor\u00ed ob\u013eubuj\u00fa klasick\u00e9ho \u201cturka\u201d. In\u00ed nedaj\u00fa dopusti\u0165 na pr\u00edpravu v\u00a0aeropresse. Mo\u017enost\u00ed je viacero a\u00a0ka\u017ed\u00fd sp\u00f4sob pr\u00edpravy m\u00e1 svoje \u010daro a\u00a0nezamenite\u013ene ovplyvn\u00ed v\u00fdsledn\u00fa chu\u0165. V\u00a0kaviar\u0148ach si v\u0161ak naj\u010dastej\u0161ie d\u00e1vame <strong>\u010dierny n\u00e1poj pripraven\u00fd v\u00a0kvalitn\u00fdch p\u00e1kov\u00fdch strojoch<\/strong>, ktor\u00e9 dok\u00e1\u017eu spravi\u0165 t\u00fa nezamenite\u013en\u00fa cremu na povrchu.<\/p>\n<p><a href=\"https:\/\/d2p6e6u75xmxt8.cloudfront.net\/4\/2020\/05\/K\u00e1va-a-cyklistika_04.jpeg\"><img loading=\"lazy\" decoding=\"async\" src=\"https:\/\/d2p6e6u75xmxt8.cloudfront.net\/4\/2020\/05\/K\u00e1va-a-cyklistika_04.jpeg\" alt=\"\" width=\"1200\" height=\"800\" class=\"alignnone size-full wp-image-9908\" \/><\/a>Foto: Radovan Vr\u0161ka<\/p>\n<p>\u010ci u\u017e k\u00e1vu pijete bez cukru, s\u00a0cukrom, alebo si prid\u00e1vate mlieko, \u010di preferujete cappuccino alebo latte to u\u017e je ka\u017ed\u00e9ho osobn\u00e1 vo\u013eba. No nezab\u00fadajte, <strong>\u017ee k\u00e1va a\u00a0cyklistika s\u00fa nerozlu\u010dn\u00e1 dvojica<\/strong>. Dokonca sa hovor\u00ed, \u017ee \u00faspech cyklistu z\u00e1vis\u00ed od mno\u017estva kofe\u00ednu v\u00a0tele. \ud83d\ude42<\/p>\n<p>(zdroj tituln\u00e1 fotografia: pexels.com)<\/p>\n","protected":false},"excerpt":{"rendered":"<p>K\u00e1vu bu\u010f pijete alebo nie. Neexistuje ni\u010d medzit\u00fdm, \u017eiadne &#8211; \u201cpr\u00edle\u017eitostne si d\u00e1m\u201d. Alebo jej chu\u0165 milujete, alebo ju nen\u00e1vid\u00edte. [&hellip;]<\/p>\n","protected":false},"author":81,"featured_media":9915,"comment_status":"open","ping_status":"open","sticky":false,"template":"","format":"standard","meta":{"footnotes":""},"categories":[2],"tags":[619,115,597,514,180,572,767,665,46,179,163,55,318,1097,161,623],"global-categories":[1074],"class_list":["post-9902","post","type-post","status-publish","format-standard","has-post-thumbnail","hentry","category-zdravie-trening","tag-bicyklovanie","tag-cestna-cyklistika","tag-cyklista","tag-energia","tag-horska-cyklistika","tag-kava","tag-motivacia","tag-napoj","tag-peter-sagan","tag-preteky","tag-strava","tag-trening","tag-vyjazd","tag-vykon","tag-zdravie","tag-zdravy-zivotny-styl","global-categories-cycling"],"yoast_head":"<!-- This site is optimized with the Yoast SEO Premium plugin v25.3 (Yoast SEO v25.9) - https:\/\/yoast.com\/wordpress\/plugins\/seo\/ -->\n<title>K\u00e1va a cyklistika - nerozlu\u010dn\u00e1 dvojica - \u0160koda We Love Cycling Slovensko<\/title>\n<meta name=\"robots\" content=\"index, follow, max-snippet:-1, max-image-preview:large, max-video-preview:-1\" \/>\n<link rel=\"canonical\" href=\"https:\/\/www.welovecycling.com\/sk\/2020\/05\/18\/kava-a-cyklistika-nerozlucna-dvojica\/\" \/>\n<meta property=\"og:locale\" content=\"sk_SK\" \/>\n<meta property=\"og:type\" content=\"article\" \/>\n<meta property=\"og:title\" content=\"K\u00e1va a cyklistika - nerozlu\u010dn\u00e1 dvojica\" \/>\n<meta property=\"og:description\" content=\"K\u00e1vu bu\u010f pijete alebo nie. Neexistuje ni\u010d medzit\u00fdm, \u017eiadne &#8211; \u201cpr\u00edle\u017eitostne si d\u00e1m\u201d. Alebo jej chu\u0165 milujete, alebo ju nen\u00e1vid\u00edte. [&hellip;]\" \/>\n<meta property=\"og:url\" content=\"https:\/\/www.welovecycling.com\/sk\/2020\/05\/18\/kava-a-cyklistika-nerozlucna-dvojica\/\" \/>\n<meta property=\"og:site_name\" content=\"\u0160koda We Love Cycling Slovensko\" \/>\n<meta property=\"article:published_time\" content=\"2020-05-18T05:43:11+00:00\" \/>\n<meta property=\"og:image\" content=\"https:\/\/d2p6e6u75xmxt8.cloudfront.net\/4\/2020\/05\/K\u00e1va-a-cyklistika_00_1.webp\" \/>\n\t<meta property=\"og:image:width\" content=\"1380\" \/>\n\t<meta property=\"og:image:height\" content=\"600\" \/>\n\t<meta property=\"og:image:type\" content=\"image\/webp\" \/>\n<meta name=\"twitter:card\" content=\"summary_large_image\" \/>\n<meta name=\"twitter:label1\" content=\"Written by\" \/>\n\t<meta name=\"twitter:data1\" content=\"Radovan Vr\u0161ka\" \/>\n\t<meta name=\"twitter:label2\" content=\"Est. reading time\" \/>\n\t<meta name=\"twitter:data2\" content=\"4\" \/>\n<script type=\"application\/ld+json\" class=\"yoast-schema-graph\">{\"@context\":\"https:\/\/schema.org\",\"@graph\":[{\"@type\":\"WebPage\",\"@id\":\"https:\/\/www.welovecycling.com\/sk\/2020\/05\/18\/kava-a-cyklistika-nerozlucna-dvojica\/\",\"url\":\"https:\/\/www.welovecycling.com\/sk\/2020\/05\/18\/kava-a-cyklistika-nerozlucna-dvojica\/\",\"name\":\"K\u00e1va a cyklistika - nerozlu\u010dn\u00e1 dvojica - \u0160koda We Love Cycling Slovensko\",\"isPartOf\":{\"@id\":\"https:\/\/www.welovecycling.com\/sk\/#website\"},\"primaryImageOfPage\":{\"@id\":\"https:\/\/www.welovecycling.com\/sk\/2020\/05\/18\/kava-a-cyklistika-nerozlucna-dvojica\/#primaryimage\"},\"image\":{\"@id\":\"https:\/\/www.welovecycling.com\/sk\/2020\/05\/18\/kava-a-cyklistika-nerozlucna-dvojica\/#primaryimage\"},\"thumbnailUrl\":\"https:\/\/d2p6e6u75xmxt8.cloudfront.net\/4\/2020\/05\/K\u00e1va-a-cyklistika_00_1.webp\",\"datePublished\":\"2020-05-18T05:43:11+00:00\",\"author\":{\"@id\":\"\"},\"breadcrumb\":{\"@id\":\"https:\/\/www.welovecycling.com\/sk\/2020\/05\/18\/kava-a-cyklistika-nerozlucna-dvojica\/#breadcrumb\"},\"inLanguage\":\"sk-SK\",\"potentialAction\":[{\"@type\":\"ReadAction\",\"target\":[\"https:\/\/www.welovecycling.com\/sk\/2020\/05\/18\/kava-a-cyklistika-nerozlucna-dvojica\/\"]}]},{\"@type\":\"ImageObject\",\"inLanguage\":\"sk-SK\",\"@id\":\"https:\/\/www.welovecycling.com\/sk\/2020\/05\/18\/kava-a-cyklistika-nerozlucna-dvojica\/#primaryimage\",\"url\":\"https:\/\/d2p6e6u75xmxt8.cloudfront.net\/4\/2020\/05\/K\u00e1va-a-cyklistika_00_1.webp\",\"contentUrl\":\"https:\/\/d2p6e6u75xmxt8.cloudfront.net\/4\/2020\/05\/K\u00e1va-a-cyklistika_00_1.webp\",\"width\":1380,\"height\":600},{\"@type\":\"BreadcrumbList\",\"@id\":\"https:\/\/www.welovecycling.com\/sk\/2020\/05\/18\/kava-a-cyklistika-nerozlucna-dvojica\/#breadcrumb\",\"itemListElement\":[{\"@type\":\"ListItem\",\"position\":1,\"name\":\"Home\",\"item\":\"https:\/\/www.welovecycling.com\/sk\/\"},{\"@type\":\"ListItem\",\"position\":2,\"name\":\"K\u00e1va a cyklistika &#8211; nerozlu\u010dn\u00e1 dvojica\"}]},{\"@type\":\"WebSite\",\"@id\":\"https:\/\/www.welovecycling.com\/sk\/#website\",\"url\":\"https:\/\/www.welovecycling.com\/sk\/\",\"name\":\"\u0160koda We Love Cycling Slovensko\",\"description\":\"\u0160koda We Love Cycling Slovensko je v\u00e1\u0161 ka\u017edodenn\u00fd zdroj noviniek a in\u0161pir\u00e1cie z sveta cyklistiky\",\"potentialAction\":[{\"@type\":\"SearchAction\",\"target\":{\"@type\":\"EntryPoint\",\"urlTemplate\":\"https:\/\/www.welovecycling.com\/sk\/?s={search_term_string}\"},\"query-input\":{\"@type\":\"PropertyValueSpecification\",\"valueRequired\":true,\"valueName\":\"search_term_string\"}}],\"inLanguage\":\"sk-SK\"},{\"@type\":\"Person\",\"@id\":\"\",\"url\":\"https:\/\/www.welovecycling.com\/sk\/author\/\"}]}<\/script>\n<!-- \/ Yoast SEO Premium plugin. -->","yoast_head_json":{"title":"K\u00e1va a cyklistika - nerozlu\u010dn\u00e1 dvojica - \u0160koda We Love Cycling Slovensko","robots":{"index":"index","follow":"follow","max-snippet":"max-snippet:-1","max-image-preview":"max-image-preview:large","max-video-preview":"max-video-preview:-1"},"canonical":"https:\/\/www.welovecycling.com\/sk\/2020\/05\/18\/kava-a-cyklistika-nerozlucna-dvojica\/","og_locale":"sk_SK","og_type":"article","og_title":"K\u00e1va a cyklistika - nerozlu\u010dn\u00e1 dvojica","og_description":"K\u00e1vu bu\u010f pijete alebo nie. Neexistuje ni\u010d medzit\u00fdm, \u017eiadne &#8211; \u201cpr\u00edle\u017eitostne si d\u00e1m\u201d. Alebo jej chu\u0165 milujete, alebo ju nen\u00e1vid\u00edte. [&hellip;]","og_url":"https:\/\/www.welovecycling.com\/sk\/2020\/05\/18\/kava-a-cyklistika-nerozlucna-dvojica\/","og_site_name":"\u0160koda We Love Cycling Slovensko","article_published_time":"2020-05-18T05:43:11+00:00","og_image":[{"width":1380,"height":600,"url":"https:\/\/d2p6e6u75xmxt8.cloudfront.net\/4\/2020\/05\/K\u00e1va-a-cyklistika_00_1.webp","type":"image\/webp"}],"twitter_card":"summary_large_image","twitter_misc":{"Written by":"Radovan Vr\u0161ka","Est. reading time":"4"},"schema":{"@context":"https:\/\/schema.org","@graph":[{"@type":"WebPage","@id":"https:\/\/www.welovecycling.com\/sk\/2020\/05\/18\/kava-a-cyklistika-nerozlucna-dvojica\/","url":"https:\/\/www.welovecycling.com\/sk\/2020\/05\/18\/kava-a-cyklistika-nerozlucna-dvojica\/","name":"K\u00e1va a cyklistika - nerozlu\u010dn\u00e1 dvojica - \u0160koda We Love Cycling Slovensko","isPartOf":{"@id":"https:\/\/www.welovecycling.com\/sk\/#website"},"primaryImageOfPage":{"@id":"https:\/\/www.welovecycling.com\/sk\/2020\/05\/18\/kava-a-cyklistika-nerozlucna-dvojica\/#primaryimage"},"image":{"@id":"https:\/\/www.welovecycling.com\/sk\/2020\/05\/18\/kava-a-cyklistika-nerozlucna-dvojica\/#primaryimage"},"thumbnailUrl":"https:\/\/d2p6e6u75xmxt8.cloudfront.net\/4\/2020\/05\/K\u00e1va-a-cyklistika_00_1.webp","datePublished":"2020-05-18T05:43:11+00:00","author":{"@id":""},"breadcrumb":{"@id":"https:\/\/www.welovecycling.com\/sk\/2020\/05\/18\/kava-a-cyklistika-nerozlucna-dvojica\/#breadcrumb"},"inLanguage":"sk-SK","potentialAction":[{"@type":"ReadAction","target":["https:\/\/www.welovecycling.com\/sk\/2020\/05\/18\/kava-a-cyklistika-nerozlucna-dvojica\/"]}]},{"@type":"ImageObject","inLanguage":"sk-SK","@id":"https:\/\/www.welovecycling.com\/sk\/2020\/05\/18\/kava-a-cyklistika-nerozlucna-dvojica\/#primaryimage","url":"https:\/\/d2p6e6u75xmxt8.cloudfront.net\/4\/2020\/05\/K\u00e1va-a-cyklistika_00_1.webp","contentUrl":"https:\/\/d2p6e6u75xmxt8.cloudfront.net\/4\/2020\/05\/K\u00e1va-a-cyklistika_00_1.webp","width":1380,"height":600},{"@type":"BreadcrumbList","@id":"https:\/\/www.welovecycling.com\/sk\/2020\/05\/18\/kava-a-cyklistika-nerozlucna-dvojica\/#breadcrumb","itemListElement":[{"@type":"ListItem","position":1,"name":"Home","item":"https:\/\/www.welovecycling.com\/sk\/"},{"@type":"ListItem","position":2,"name":"K\u00e1va a cyklistika &#8211; nerozlu\u010dn\u00e1 dvojica"}]},{"@type":"WebSite","@id":"https:\/\/www.welovecycling.com\/sk\/#website","url":"https:\/\/www.welovecycling.com\/sk\/","name":"\u0160koda We Love Cycling Slovensko","description":"\u0160koda We Love Cycling Slovensko je v\u00e1\u0161 ka\u017edodenn\u00fd zdroj noviniek a in\u0161pir\u00e1cie z sveta cyklistiky","potentialAction":[{"@type":"SearchAction","target":{"@type":"EntryPoint","urlTemplate":"https:\/\/www.welovecycling.com\/sk\/?s={search_term_string}"},"query-input":{"@type":"PropertyValueSpecification","valueRequired":true,"valueName":"search_term_string"}}],"inLanguage":"sk-SK"},{"@type":"Person","@id":"","url":"https:\/\/www.welovecycling.com\/sk\/author\/"}]}},"_links":{"self":[{"href":"https:\/\/www.welovecycling.com\/sk\/wp-json\/wp\/v2\/posts\/9902","targetHints":{"allow":["GET"]}}],"collection":[{"href":"https:\/\/www.welovecycling.com\/sk\/wp-json\/wp\/v2\/posts"}],"about":[{"href":"https:\/\/www.welovecycling.com\/sk\/wp-json\/wp\/v2\/types\/post"}],"author":[{"embeddable":true,"href":"https:\/\/www.welovecycling.com\/sk\/wp-json\/wp\/v2\/users\/81"}],"replies":[{"embeddable":true,"href":"https:\/\/www.welovecycling.com\/sk\/wp-json\/wp\/v2\/comments?post=9902"}],"version-history":[{"count":2,"href":"https:\/\/www.welovecycling.com\/sk\/wp-json\/wp\/v2\/posts\/9902\/revisions"}],"predecessor-version":[{"id":9914,"href":"https:\/\/www.welovecycling.com\/sk\/wp-json\/wp\/v2\/posts\/9902\/revisions\/9914"}],"wp:featuredmedia":[{"embeddable":true,"href":"https:\/\/www.welovecycling.com\/sk\/wp-json\/wp\/v2\/media\/9915"}],"wp:attachment":[{"href":"https:\/\/www.welovecycling.com\/sk\/wp-json\/wp\/v2\/media?parent=9902"}],"wp:term":[{"taxonomy":"category","embeddable":true,"href":"https:\/\/www.welovecycling.com\/sk\/wp-json\/wp\/v2\/categories?post=9902"},{"taxonomy":"post_tag","embeddable":true,"href":"https:\/\/www.welovecycling.com\/sk\/wp-json\/wp\/v2\/tags?post=9902"},{"taxonomy":"global-categories","embeddable":true,"href":"https:\/\/www.welovecycling.com\/sk\/wp-json\/wp\/v2\/global-categories?post=9902"}],"curies":[{"name":"wp","href":"https:\/\/api.w.org\/{rel}","templated":true}]}}