{"id":9890,"date":"2020-05-22T07:57:12","date_gmt":"2020-05-22T05:57:12","guid":{"rendered":"https:\/\/www.welovecycling.com\/sk\/?p=9890"},"modified":"2020-05-21T13:58:11","modified_gmt":"2020-05-21T11:58:11","slug":"informacie-ktore-vam-o-cyklistike-nikto-nepovie","status":"publish","type":"post","link":"https:\/\/www.welovecycling.com\/sk\/2020\/05\/22\/informacie-ktore-vam-o-cyklistike-nikto-nepovie\/","title":{"rendered":"Inform\u00e1cie, ktor\u00e9 v\u00e1m o cyklistike nikto nepovie"},"content":{"rendered":"<p><strong>Keby som sa mohol prenies\u0165 v \u010dase sp\u00e4\u0165 a poradi\u0165 m\u00f4jmu mlad\u0161iemu ja, tak pod\u013ea v\u0161etk\u00e9ho by som s cyklistikou v\u00f4bec neza\u010dal. Na druhej strane je to st\u00e1le v\u00fdborn\u00fd \u0161port, no nie?<\/strong><!--more--><\/p>\n<p>St\u00e1le budete <strong>t\u00fa\u017ei\u0165 ma\u0165 viac \u010dasu na bicykel<\/strong>, bez oh\u013eadu na to, ko\u013eko si na\u0148 re\u00e1lne vyhrad\u00edte.<\/p>\n<p>Napriek oslepuj\u00facej sa cyklistickej infra\u0161trukt\u00fare, oddelen\u00fdm cyklistick\u00fdm pruhom, obmedzeniam pre automobily a st\u00e1le narastaj\u00facemu po\u010dtu oh\u013eadupln\u00fdch vodi\u010dov, <strong>je doch\u00e1dzanie do pr\u00e1ce na bicykli st\u00e1le stresuj\u00face<\/strong>.<\/p>\n<p>Defekt je <strong>pomsta \u201cz hora\u201d<\/strong> za to, \u017ee ste nechali doma pumpu a n\u00e1hradn\u00fa du\u0161u.<\/p>\n<p>Kdeko\u013evek ste, v\u017edy je v okol\u00ed <strong>sk\u00fasenej\u0161\u00ed a v\u00fdkonnej\u0161\u00ed cyklista<\/strong>. Navy\u0161e s hor\u0161\u00edm bicyklom, ne\u017e m\u00e1te vy.<\/p>\n<p>Rad\u0161ej nikdy neum\u00fdvajte bicykel <strong>doma v k\u00fape\u013eni<\/strong>.<\/p>\n<figure id=\"attachment_9891\" aria-describedby=\"caption-attachment-9891\" style=\"width: 1250px\" class=\"wp-caption alignnone\"><img loading=\"lazy\" decoding=\"async\" class=\"size-full wp-image-9891\" src=\"https:\/\/d2p6e6u75xmxt8.cloudfront.net\/4\/2020\/05\/Bike-Cleaning-profimedia-0293788537.jpg\" alt=\"\" width=\"1250\" height=\"833\" \/><figcaption id=\"caption-attachment-9891\" class=\"wp-caption-text\">Um\u00fdvanie bicykla v t\u00edme Sky po\u010das prv\u00e9ho vo\u013en\u00e9ho d\u0148a na 103. ro\u010dn\u00edku Tour de France v Andorre, 11. j\u00fala 2016. (Nie, to nie je v k\u00fape\u013eni). \u00a9 YORICK JANSENS \/ AFP \/ Profimedia<\/figcaption><\/figure>\n<p>Napriek tomu, \u017ee si bezpe\u010dne zaistite bicykel z\u00e1mkom, ak\u00fdko\u013evek model m\u00f4\u017ee by\u0165 ukradnut\u00fd a va\u0161a pois\u0165ov\u0148a sa bude sna\u017ei\u0165 <strong>nevyplati\u0165 v\u00e1m n\u00e1hradu za vzniknut\u00fa \u0161kodu<\/strong>.<\/p>\n<p>Prevoz bicykla lietadlom je <strong>zl\u00fd sen<\/strong>.<\/p>\n<p>Protivietor v\u00e1s bude jednoducho tr\u00e1pi\u0165 v\u017edy &#8211; <strong>bez oh\u013eadu na to, ak\u00ed siln\u00ed ste<\/strong>.<\/p>\n<p>V\u00e4\u010d\u0161ina vodi\u010dov by v\u00e1s <strong>rad\u0161ej nevideli<\/strong> v ich pruhu.<\/p>\n<p>Na to, aby ste sa celkovo udr\u017eali fit a uchr\u00e1nili od bolesti chrbta, budete musie\u0165 okrem bicyklovania aj <strong>osobitne cvi\u010di\u0165<\/strong>. <\/p>\n<p>Kone\u010dn\u00fd po\u010det bicyklov neexistuje. V\u017edy bude existova\u0165 <strong>tak\u00fd model, ktor\u00fd e\u0161te nem\u00e1te<\/strong>. Teda rovnica pre dostatok bicyklov je n+1, kedy n je s\u00fa\u010dasn\u00fd po\u010det bicyklov.<\/p>\n<p>Nezabudnite, \u017ee mus\u00edte pozna\u0165 dopravn\u00e9 zna\u010denie a <strong>pravidl\u00e1 cestnej prem\u00e1vky<\/strong> lep\u0161ie, ne\u017e samotn\u00ed vodi\u010di.<\/p>\n<figure id=\"attachment_9892\" aria-describedby=\"caption-attachment-9892\" style=\"width: 1250px\" class=\"wp-caption alignnone\"><img loading=\"lazy\" decoding=\"async\" class=\"size-full wp-image-9892\" src=\"https:\/\/d2p6e6u75xmxt8.cloudfront.net\/4\/2020\/05\/Cycling-City-profimedia-0038709429.jpg\" alt=\"\" width=\"1250\" height=\"833\" \/><figcaption id=\"caption-attachment-9892\" class=\"wp-caption-text\">Ma\u010farsk\u00ed cyklisti dr\u017eia bicykle nad svojimi hlavami po\u010das demon\u0161tr\u00e1cie na podporu ekologickej\u0161ej dopravy v bl\u00edzkosti radnice v Budape\u0161ti, 22. septembra 2009. \u00a9 BALINT PORNECZI \/ AFP \/ Profimedia<\/figcaption><\/figure>\n<p>Existuje <strong>nep\u00edsan\u00fd z\u00e1kon<\/strong>, ktor\u00fd zapr\u00ed\u010di\u0148uje nekon\u010diace probl\u00e9my a poruchy predov\u0161etk\u00fdm zadnej prehadzova\u010dky. Samozrejme, je jedno, ak\u00fa zna\u010dku si vyberiete.<\/p>\n<p>Dokonca aj v 21. storo\u010d\u00ed, bez oh\u013eadu na to, ako dobre vy\u010dist\u00edte re\u0165az, <strong>sa nevyhnete ne\u010distot\u00e1m<\/strong>, lepiacim sa na \u0148u.<\/p>\n<p>Sledovanie Red Bull Rampage v\u00e1s s\u00edce m\u00f4\u017ee namotivova\u0165 sk\u00fa\u0161a\u0165 \u0161ialen\u00e9 veci, na ktor\u00e9 ste nikdy (z rozumn\u00fdch d\u00f4vodov) nemali gur\u00e1\u017e. Av\u0161ak s ve\u013ekou pravdepodobnos\u0165ou sa t\u00e1to z\u00e1bava skon\u010d\u00ed nepr\u00edjemn\u00fdm \u00farazom &#8211; <strong>sk\u00f4r \u010di nesk\u00f4r<\/strong>. Ve\u010f aj profesion\u00e1li padaj\u00fa. Av\u0161ak jeden rozdiel je v tom, \u017ee v\u010faka ich \u010dast\u00fdm p\u00e1dom u\u017e dok\u00e1\u017eu predv\u00edda\u0165, \u010do sa stane a dopadn\u00fa\u0165 bez v\u00e4\u010d\u0161\u00edch probl\u00e9mov &#8211; nie je to v\u0161ak v\u00e1\u0161 pr\u00edpad.<\/p>\n<p>Ke\u010f sa dostane ne\u010distota do bowdenov\u00fdch laniek, radenie u\u017e <strong>nikdy nebude tak\u00e9 ako predt\u00fdm<\/strong>.<\/p>\n","protected":false},"excerpt":{"rendered":"<p>Keby som sa mohol prenies\u0165 v \u010dase sp\u00e4\u0165 a poradi\u0165 m\u00f4jmu mlad\u0161iemu ja, tak pod\u013ea v\u0161etk\u00e9ho by som s cyklistikou [&hellip;]<\/p>\n","protected":false},"author":81,"featured_media":6326,"comment_status":"open","ping_status":"open","sticky":false,"template":"","format":"standard","meta":{"footnotes":""},"categories":[2],"tags":[319,62,559,619,115,289,323,546,385,180,532,767,863,864,304,631,813,55,183,161,623],"global-categories":[],"class_list":["post-9890","post","type-post","status-publish","format-standard","has-post-thumbnail","hentry","category-zdravie-trening","tag-adrenalin","tag-bezpecnost","tag-bicykel","tag-bicyklovanie","tag-cestna-cyklistika","tag-cistenie","tag-cvicenie","tag-cyklistika","tag-do-prace-na-bicykli","tag-horska-cyklistika","tag-jazdenie","tag-motivacia","tag-pravidla","tag-pravidla-cestnej-premavky","tag-rampage","tag-retaz","tag-sport","tag-trening","tag-zabava","tag-zdravie","tag-zdravy-zivotny-styl"],"yoast_head":"<!-- This site is optimized with the Yoast SEO Premium plugin v25.3 (Yoast SEO v25.9) - https:\/\/yoast.com\/wordpress\/plugins\/seo\/ -->\n<title>Inform\u00e1cie, ktor\u00e9 v\u00e1m o cyklistike nikto nepovie - \u0160koda We Love Cycling Slovensko<\/title>\n<meta name=\"robots\" content=\"index, follow, max-snippet:-1, max-image-preview:large, max-video-preview:-1\" \/>\n<link rel=\"canonical\" href=\"https:\/\/www.welovecycling.com\/sk\/2020\/05\/22\/informacie-ktore-vam-o-cyklistike-nikto-nepovie\/\" \/>\n<meta property=\"og:locale\" content=\"sk_SK\" \/>\n<meta property=\"og:type\" content=\"article\" \/>\n<meta property=\"og:title\" content=\"Inform\u00e1cie, ktor\u00e9 v\u00e1m o cyklistike nikto nepovie\" \/>\n<meta property=\"og:description\" content=\"Keby som sa mohol prenies\u0165 v \u010dase sp\u00e4\u0165 a poradi\u0165 m\u00f4jmu mlad\u0161iemu ja, tak pod\u013ea v\u0161etk\u00e9ho by som s cyklistikou [&hellip;]\" \/>\n<meta property=\"og:url\" content=\"https:\/\/www.welovecycling.com\/sk\/2020\/05\/22\/informacie-ktore-vam-o-cyklistike-nikto-nepovie\/\" \/>\n<meta property=\"og:site_name\" content=\"\u0160koda We Love Cycling Slovensko\" \/>\n<meta property=\"article:published_time\" content=\"2020-05-22T05:57:12+00:00\" \/>\n<meta property=\"og:image\" content=\"https:\/\/d2p6e6u75xmxt8.cloudfront.net\/4\/2019\/02\/Cyclist-Sleep-CVR.webp\" \/>\n\t<meta property=\"og:image:width\" content=\"1366\" \/>\n\t<meta property=\"og:image:height\" content=\"600\" \/>\n\t<meta property=\"og:image:type\" content=\"image\/webp\" \/>\n<meta name=\"twitter:card\" content=\"summary_large_image\" \/>\n<meta name=\"twitter:label1\" content=\"Written by\" \/>\n\t<meta name=\"twitter:data1\" content=\"Adam Mar\u0161al\" \/>\n\t<meta name=\"twitter:label2\" content=\"Est. reading time\" \/>\n\t<meta name=\"twitter:data2\" content=\"5\" \/>\n<script type=\"application\/ld+json\" class=\"yoast-schema-graph\">{\"@context\":\"https:\/\/schema.org\",\"@graph\":[{\"@type\":\"WebPage\",\"@id\":\"https:\/\/www.welovecycling.com\/sk\/2020\/05\/22\/informacie-ktore-vam-o-cyklistike-nikto-nepovie\/\",\"url\":\"https:\/\/www.welovecycling.com\/sk\/2020\/05\/22\/informacie-ktore-vam-o-cyklistike-nikto-nepovie\/\",\"name\":\"Inform\u00e1cie, ktor\u00e9 v\u00e1m o cyklistike nikto nepovie - \u0160koda We Love Cycling Slovensko\",\"isPartOf\":{\"@id\":\"https:\/\/www.welovecycling.com\/sk\/#website\"},\"primaryImageOfPage\":{\"@id\":\"https:\/\/www.welovecycling.com\/sk\/2020\/05\/22\/informacie-ktore-vam-o-cyklistike-nikto-nepovie\/#primaryimage\"},\"image\":{\"@id\":\"https:\/\/www.welovecycling.com\/sk\/2020\/05\/22\/informacie-ktore-vam-o-cyklistike-nikto-nepovie\/#primaryimage\"},\"thumbnailUrl\":\"https:\/\/d2p6e6u75xmxt8.cloudfront.net\/4\/2019\/02\/Cyclist-Sleep-CVR.webp\",\"datePublished\":\"2020-05-22T05:57:12+00:00\",\"author\":{\"@id\":\"\"},\"breadcrumb\":{\"@id\":\"https:\/\/www.welovecycling.com\/sk\/2020\/05\/22\/informacie-ktore-vam-o-cyklistike-nikto-nepovie\/#breadcrumb\"},\"inLanguage\":\"sk-SK\",\"potentialAction\":[{\"@type\":\"ReadAction\",\"target\":[\"https:\/\/www.welovecycling.com\/sk\/2020\/05\/22\/informacie-ktore-vam-o-cyklistike-nikto-nepovie\/\"]}]},{\"@type\":\"ImageObject\",\"inLanguage\":\"sk-SK\",\"@id\":\"https:\/\/www.welovecycling.com\/sk\/2020\/05\/22\/informacie-ktore-vam-o-cyklistike-nikto-nepovie\/#primaryimage\",\"url\":\"https:\/\/d2p6e6u75xmxt8.cloudfront.net\/4\/2019\/02\/Cyclist-Sleep-CVR.webp\",\"contentUrl\":\"https:\/\/d2p6e6u75xmxt8.cloudfront.net\/4\/2019\/02\/Cyclist-Sleep-CVR.webp\",\"width\":1366,\"height\":600},{\"@type\":\"BreadcrumbList\",\"@id\":\"https:\/\/www.welovecycling.com\/sk\/2020\/05\/22\/informacie-ktore-vam-o-cyklistike-nikto-nepovie\/#breadcrumb\",\"itemListElement\":[{\"@type\":\"ListItem\",\"position\":1,\"name\":\"Home\",\"item\":\"https:\/\/www.welovecycling.com\/sk\/\"},{\"@type\":\"ListItem\",\"position\":2,\"name\":\"Inform\u00e1cie, ktor\u00e9 v\u00e1m o cyklistike nikto nepovie\"}]},{\"@type\":\"WebSite\",\"@id\":\"https:\/\/www.welovecycling.com\/sk\/#website\",\"url\":\"https:\/\/www.welovecycling.com\/sk\/\",\"name\":\"\u0160koda We Love Cycling Slovensko\",\"description\":\"\u0160koda We Love Cycling Slovensko je v\u00e1\u0161 ka\u017edodenn\u00fd zdroj noviniek a in\u0161pir\u00e1cie z sveta cyklistiky\",\"potentialAction\":[{\"@type\":\"SearchAction\",\"target\":{\"@type\":\"EntryPoint\",\"urlTemplate\":\"https:\/\/www.welovecycling.com\/sk\/?s={search_term_string}\"},\"query-input\":{\"@type\":\"PropertyValueSpecification\",\"valueRequired\":true,\"valueName\":\"search_term_string\"}}],\"inLanguage\":\"sk-SK\"},{\"@type\":\"Person\",\"@id\":\"\",\"url\":\"https:\/\/www.welovecycling.com\/sk\/author\/\"}]}<\/script>\n<!-- \/ Yoast SEO Premium plugin. -->","yoast_head_json":{"title":"Inform\u00e1cie, ktor\u00e9 v\u00e1m o cyklistike nikto nepovie - \u0160koda We Love Cycling Slovensko","robots":{"index":"index","follow":"follow","max-snippet":"max-snippet:-1","max-image-preview":"max-image-preview:large","max-video-preview":"max-video-preview:-1"},"canonical":"https:\/\/www.welovecycling.com\/sk\/2020\/05\/22\/informacie-ktore-vam-o-cyklistike-nikto-nepovie\/","og_locale":"sk_SK","og_type":"article","og_title":"Inform\u00e1cie, ktor\u00e9 v\u00e1m o cyklistike nikto nepovie","og_description":"Keby som sa mohol prenies\u0165 v \u010dase sp\u00e4\u0165 a poradi\u0165 m\u00f4jmu mlad\u0161iemu ja, tak pod\u013ea v\u0161etk\u00e9ho by som s cyklistikou [&hellip;]","og_url":"https:\/\/www.welovecycling.com\/sk\/2020\/05\/22\/informacie-ktore-vam-o-cyklistike-nikto-nepovie\/","og_site_name":"\u0160koda We Love Cycling Slovensko","article_published_time":"2020-05-22T05:57:12+00:00","og_image":[{"width":1366,"height":600,"url":"https:\/\/d2p6e6u75xmxt8.cloudfront.net\/4\/2019\/02\/Cyclist-Sleep-CVR.webp","type":"image\/webp"}],"twitter_card":"summary_large_image","twitter_misc":{"Written by":"Adam Mar\u0161al","Est. reading time":"5"},"schema":{"@context":"https:\/\/schema.org","@graph":[{"@type":"WebPage","@id":"https:\/\/www.welovecycling.com\/sk\/2020\/05\/22\/informacie-ktore-vam-o-cyklistike-nikto-nepovie\/","url":"https:\/\/www.welovecycling.com\/sk\/2020\/05\/22\/informacie-ktore-vam-o-cyklistike-nikto-nepovie\/","name":"Inform\u00e1cie, ktor\u00e9 v\u00e1m o cyklistike nikto nepovie - \u0160koda We Love Cycling Slovensko","isPartOf":{"@id":"https:\/\/www.welovecycling.com\/sk\/#website"},"primaryImageOfPage":{"@id":"https:\/\/www.welovecycling.com\/sk\/2020\/05\/22\/informacie-ktore-vam-o-cyklistike-nikto-nepovie\/#primaryimage"},"image":{"@id":"https:\/\/www.welovecycling.com\/sk\/2020\/05\/22\/informacie-ktore-vam-o-cyklistike-nikto-nepovie\/#primaryimage"},"thumbnailUrl":"https:\/\/d2p6e6u75xmxt8.cloudfront.net\/4\/2019\/02\/Cyclist-Sleep-CVR.webp","datePublished":"2020-05-22T05:57:12+00:00","author":{"@id":""},"breadcrumb":{"@id":"https:\/\/www.welovecycling.com\/sk\/2020\/05\/22\/informacie-ktore-vam-o-cyklistike-nikto-nepovie\/#breadcrumb"},"inLanguage":"sk-SK","potentialAction":[{"@type":"ReadAction","target":["https:\/\/www.welovecycling.com\/sk\/2020\/05\/22\/informacie-ktore-vam-o-cyklistike-nikto-nepovie\/"]}]},{"@type":"ImageObject","inLanguage":"sk-SK","@id":"https:\/\/www.welovecycling.com\/sk\/2020\/05\/22\/informacie-ktore-vam-o-cyklistike-nikto-nepovie\/#primaryimage","url":"https:\/\/d2p6e6u75xmxt8.cloudfront.net\/4\/2019\/02\/Cyclist-Sleep-CVR.webp","contentUrl":"https:\/\/d2p6e6u75xmxt8.cloudfront.net\/4\/2019\/02\/Cyclist-Sleep-CVR.webp","width":1366,"height":600},{"@type":"BreadcrumbList","@id":"https:\/\/www.welovecycling.com\/sk\/2020\/05\/22\/informacie-ktore-vam-o-cyklistike-nikto-nepovie\/#breadcrumb","itemListElement":[{"@type":"ListItem","position":1,"name":"Home","item":"https:\/\/www.welovecycling.com\/sk\/"},{"@type":"ListItem","position":2,"name":"Inform\u00e1cie, ktor\u00e9 v\u00e1m o cyklistike nikto nepovie"}]},{"@type":"WebSite","@id":"https:\/\/www.welovecycling.com\/sk\/#website","url":"https:\/\/www.welovecycling.com\/sk\/","name":"\u0160koda We Love Cycling Slovensko","description":"\u0160koda We Love Cycling Slovensko je v\u00e1\u0161 ka\u017edodenn\u00fd zdroj noviniek a in\u0161pir\u00e1cie z sveta cyklistiky","potentialAction":[{"@type":"SearchAction","target":{"@type":"EntryPoint","urlTemplate":"https:\/\/www.welovecycling.com\/sk\/?s={search_term_string}"},"query-input":{"@type":"PropertyValueSpecification","valueRequired":true,"valueName":"search_term_string"}}],"inLanguage":"sk-SK"},{"@type":"Person","@id":"","url":"https:\/\/www.welovecycling.com\/sk\/author\/"}]}},"_links":{"self":[{"href":"https:\/\/www.welovecycling.com\/sk\/wp-json\/wp\/v2\/posts\/9890","targetHints":{"allow":["GET"]}}],"collection":[{"href":"https:\/\/www.welovecycling.com\/sk\/wp-json\/wp\/v2\/posts"}],"about":[{"href":"https:\/\/www.welovecycling.com\/sk\/wp-json\/wp\/v2\/types\/post"}],"author":[{"embeddable":true,"href":"https:\/\/www.welovecycling.com\/sk\/wp-json\/wp\/v2\/users\/81"}],"replies":[{"embeddable":true,"href":"https:\/\/www.welovecycling.com\/sk\/wp-json\/wp\/v2\/comments?post=9890"}],"version-history":[{"count":2,"href":"https:\/\/www.welovecycling.com\/sk\/wp-json\/wp\/v2\/posts\/9890\/revisions"}],"predecessor-version":[{"id":9896,"href":"https:\/\/www.welovecycling.com\/sk\/wp-json\/wp\/v2\/posts\/9890\/revisions\/9896"}],"wp:featuredmedia":[{"embeddable":true,"href":"https:\/\/www.welovecycling.com\/sk\/wp-json\/wp\/v2\/media\/6326"}],"wp:attachment":[{"href":"https:\/\/www.welovecycling.com\/sk\/wp-json\/wp\/v2\/media?parent=9890"}],"wp:term":[{"taxonomy":"category","embeddable":true,"href":"https:\/\/www.welovecycling.com\/sk\/wp-json\/wp\/v2\/categories?post=9890"},{"taxonomy":"post_tag","embeddable":true,"href":"https:\/\/www.welovecycling.com\/sk\/wp-json\/wp\/v2\/tags?post=9890"},{"taxonomy":"global-categories","embeddable":true,"href":"https:\/\/www.welovecycling.com\/sk\/wp-json\/wp\/v2\/global-categories?post=9890"}],"curies":[{"name":"wp","href":"https:\/\/api.w.org\/{rel}","templated":true}]}}