{"id":9836,"date":"2020-05-04T08:00:09","date_gmt":"2020-05-04T06:00:09","guid":{"rendered":"https:\/\/www.welovecycling.com\/sk\/?p=9836"},"modified":"2020-04-30T16:25:57","modified_gmt":"2020-04-30T14:25:57","slug":"grand-tours-2020-skutocnost-alebo-nesplnitelny-sen","status":"publish","type":"post","link":"https:\/\/www.welovecycling.com\/sk\/2020\/05\/04\/grand-tours-2020-skutocnost-alebo-nesplnitelny-sen\/","title":{"rendered":"Grand Tours 2020 &#8211; skuto\u010dnos\u0165 alebo nesplnite\u013en\u00fd sen?"},"content":{"rendered":"<p><strong>Ako to vyzer\u00e1 s\u00a0jedn\u00fdmi z\u00a0najv\u00e4\u010d\u0161\u00edch a\u00a0nasledovanej\u0161\u00edch podujat\u00ed sez\u00f3ny? Dok\u00e1\u017eu organiz\u00e1tori zvl\u00e1dnu\u0165 priebeh trojt\u00fd\u017ed\u0148ov\u00fdch etapov\u00fdch pretekov, alebo sa ich do\u010dk\u00e1me najsk\u00f4r v\u00a0bud\u00facej sez\u00f3ne?<\/strong><!--more--><\/p>\n<p>S\u00fa\u010dasn\u00e1 situ\u00e1cia, alebo ak chcete, kr\u00edza, m\u00e1 n\u00e1sledky nielen na s\u00fa\u010dasnom stave, ale rovnako <strong>ovplyv\u0148uje aj bl\u00edzku \u010di vzdialenej\u0161iu bud\u00facnos\u0165<\/strong>. Ak ste usporiadate\u013eom podujatia, ktor\u00e9 sa m\u00e1 uskuto\u010dni\u0165 po\u010das 21 dn\u00ed, navy\u0161e s\u00a0d\u013a\u017ekou vy\u0161e 3\u00a0000 kilometrov a\u00a0so st\u00e1tis\u00edcovou div\u00e1ckou kulisou okolo trate, <strong>nem\u00f4\u017eete nech\u00e1va\u0165 svoje rozhodnutia na posledn\u00fa chv\u00ed\u013eu<\/strong>.<\/p>\n<p><a href=\"https:\/\/d2p6e6u75xmxt8.cloudfront.net\/4\/2020\/04\/WLC_GrandTours-2020_00-1.jpg\"><img loading=\"lazy\" decoding=\"async\" src=\"https:\/\/d2p6e6u75xmxt8.cloudfront.net\/4\/2020\/04\/WLC_GrandTours-2020_00-1.jpg\" alt=\"\" width=\"1200\" height=\"800\" class=\"alignnone size-full wp-image-9841\" \/><\/a><\/p>\n<div style=\u201dmargin-top:-20px;margin-bottom:25px;\">Foto: FB\/GirodItalia<\/div>\n<p>S\u00fa\u010dasne v\u0161ak nie je jednoduch\u00e9 r\u00e1zne a\u00a0rezol\u00fatne poveda\u0165 nie &#8211; m\u00e1te z\u00e1v\u00e4zky vo\u010di sponzorom, pretek\u00e1rom, fan\u00fa\u0161ikom a\u00a0samozrejme vo\u010di sebe. Je to situ\u00e1cia ako zo zl\u00e9ho sna &#8211; ste postaven\u00ed medzi dva mlynsk\u00e9 kamene a\u00a0neviete, ktor\u00e1 z\u00a0mo\u017enost\u00ed je t\u00e1 spr\u00e1vna. V\u00a0tom pr\u00edpade prich\u00e1dza <strong>rie\u0161enie dilemy v\u00a0podobe kompromisu<\/strong>. Ak\u00fd kompromis teda na\u0161li organiz\u00e1tori Giro d&#8217;Italia, Tour de France a\u00a0Vuelta a\u00a0Espa\u00f1a?<\/p>\n<h2><strong>M\u00e1jov\u00e9 Giro v\u00a0nedoh\u013eadne<\/strong><\/h2>\n<p>Eur\u00f3pskym najviac postihnut\u00fdm \u0161t\u00e1tom v\u00a0uplynul\u00fdch t\u00fd\u017ed\u0148och bolo pr\u00e1ve Taliansko &#8211; rodisko a\u00a0z\u00e1zemie jednej z\u00a0trojice Grand Tours. Prirodzene, t\u00e1to situ\u00e1cia <strong>nedovo\u013eovala ak\u00e9ko\u013evek uva\u017eovanie o\u00a0organiz\u00e1cii<\/strong> &#8211; najm\u00e4 v\u00a0momente, kedy p\u00f4sobenie v\u00edrusu malo st\u00fapaj\u00faci charakter. Jedin\u00fdm svetl\u00fdm bodom bola \u010dasov\u00e1 vzdialenos\u0165 od za\u010diatku.<\/p>\n<p>https:\/\/www.instagram.com\/p\/B9rOXleIMXH\/<\/p>\n<p>13. marca <strong>vydala rada organiz\u00e1torov Gira stanovisko<\/strong>, v\u00a0ktorom sa uv\u00e1dza, \u017ee <em>\u201ekv\u00f4li roz\u0161\u00edreniu koronav\u00edrusu ma\u010farsk\u00e1 vl\u00e1da vyhl\u00e1sila stav pohotovosti. To znemo\u017e\u0148uje organiz\u00e1ciu masov\u00fdch podujat\u00ed a\u00a0neumo\u017e\u0148uje organizova\u0165 medzin\u00e1rodn\u00e9 akcie. Ako n\u00e1sledok, Organiza\u010dn\u00fd v\u00fdbor Gira d&#8217;Italia vyhl\u00e1silo, \u017ee \u0161tart Gira sa nem\u00f4\u017ee kona\u0165 v\u00a0Ma\u010farsku v\u00a0p\u00f4vodne stanovenom term\u00edne&#8230;. RCS Sport po zv\u00e1\u017een\u00ed n\u00e1rodnej a\u00a0medzin\u00e1rodnej situ\u00e1cie ozn\u00e1milo, \u017ee d\u00e1tum 103. ro\u010dn\u00edka Gira bude prelo\u017een\u00fd.\u201c<\/em> Toto vyjadrenie malo by\u0165 upresnen\u00e9 najsk\u00f4r 4. apr\u00edla.<\/p>\n<p><a href=\"https:\/\/d2p6e6u75xmxt8.cloudfront.net\/4\/2020\/04\/WLC_GrandTours-2020_01.jpg\"><img loading=\"lazy\" decoding=\"async\" src=\"https:\/\/d2p6e6u75xmxt8.cloudfront.net\/4\/2020\/04\/WLC_GrandTours-2020_01.jpg\" alt=\"\" width=\"1200\" height=\"800\" class=\"alignnone size-full wp-image-9844\" \/><\/a><\/p>\n<div style=\u201dmargin-top:-20px;margin-bottom:25px;\">Foto: FB\/GirodItalia<\/div>\n<p>Konkr\u00e9tnej\u0161\u00ed d\u00e1tum Gira v\u0161ak do dne\u0161n\u00fdch dn\u00ed e\u0161te nebol stanoven\u00fd, ke\u010f\u017ee inform\u00e1cie o\u00a0priebehu ochorenia sa neust\u00e1le menia. V. Spadafora, taliansky minister \u0161portu, predned\u00e1vnom vyhl\u00e1sil, \u017ee vzh\u013eadom na zlep\u0161uj\u00faci sa stav v\u00a0Taliansku, <strong>pl\u00e1nuje postupn\u00e9 uvo\u013e\u0148ovanie opatren\u00ed<\/strong> &#8211; prim\u00e1rne vo futbale. Prezident talianskej cyklistickej feder\u00e1cie, R. Di Rocco na druhej strane povedal, \u017ee <em>\u201eide\u00e1lne by bolo vr\u00e1ti\u0165 sa k\u00a0pretekaniu v\u00a0auguste, mo\u017eno na konci j\u00fala, nie v\u0161ak sk\u00f4r.\u201c<\/em> <\/p>\n<p>V\u00a0s\u00fa\u010dasnosti to vyzer\u00e1 tak, \u017ee <strong>Giro sa bude kona\u0165 a\u017e v\u00a0okt\u00f3bri<\/strong> &#8211; po majstrovstv\u00e1ch sveta (20. &#8211; 27. september). Kone\u010dn\u00e9 term\u00edny s\u00fa ale samozrejme sk\u00f4r \u0161pekul\u00e1ciami a\u00a0snahou odlo\u017ei\u0165 konanie sa Gira na \u010do najschodnej\u0161\u00ed d\u00e1tum.<\/p>\n<h2><strong>Star\u00e1 d\u00e1ma so zmenou &#8211; av\u0161ak re\u00e1lnou?<\/strong><\/h2>\n<p>Zatia\u013e \u010do Giro je prv\u00fdm na rade, term\u00edn \u0161tartu Tour de France je <strong>vzdialen\u00fd takmer o\u00a0dva mesiace<\/strong>. Napriek tomu zodpovednos\u0165 organiz\u00e1torov nedovolila necha\u0165 v\u00fdvoj okolnost\u00ed n\u00e1hode. Z\u00a0tohto d\u00f4vodu sa usporiadatelia Tour de France, spolu s\u00a0UCI a\u00a0nariaden\u00edm prezidenta Franc\u00fazska zo d\u0148a 13.&nbsp;apr\u00edla 2020, rozhodli definit\u00edvne prelo\u017ei\u0165 konanie sa tohto etap\u00e1ku na <strong>29. augusta a\u017e 20. septembra 2020<\/strong>. Oproti predch\u00e1dzaj\u00facemu term\u00ednu, 27. j\u00fan 2020, tak z\u00edskaj\u00fa cel\u00e9 dva mesiace na upokojenie situ\u00e1cie. <\/p>\n<p><a href=\"https:\/\/d2p6e6u75xmxt8.cloudfront.net\/4\/2020\/04\/WLC_GrandTours-2020_02.jpg\"><img loading=\"lazy\" decoding=\"async\" src=\"https:\/\/d2p6e6u75xmxt8.cloudfront.net\/4\/2020\/04\/WLC_GrandTours-2020_02.jpg\" alt=\"\" width=\"1200\" height=\"800\" class=\"alignnone size-full wp-image-9845\" \/><\/a><\/p>\n<div style=\u201dmargin-top:-20px;margin-bottom:25px;\">Foto: FB\/TdF A.S.O \/ Pauline Ballet<\/div>\n<p>Ako sa vyjadril samotn\u00fd riadite\u013e pretekov, Ch. Prudhomme, <em>\u201eTour de France sa bude kona\u0165 na konci augusta bez zmeny v\u00a0pl\u00e1novanej trase. Hovoril som so 49 miestnymi poslancami, ktor\u00ed p\u00f4sobia v\u00a0mieste konania sa jednotliv\u00fdch et\u00e1p, s\u00a0ktor\u00fdmi sme konzultovali mo\u017enosti konania sa TdF&#8230; Po\u010das hist\u00f3rie t\u00fdchto pretekov sa e\u0161te nikdy ne\u0161tartovalo takto neskoro. Cyklisti potrebuj\u00fa 4-6 t\u00fd\u017ed\u0148ov tr\u00e9ningu na ceste, a\u00a0navy\u0161e o\u00a0nie\u010do menej ne\u017e mesiac pretekan\u00edm. Napr\u00edklad na Crit\u00e9rium du Dauphin\u00e9, o\u00a0ktorom d\u00fafam, \u017ee sa v\u00a0skr\u00e1tenej forme bude kona\u0165 a\u00a0bude formou pr\u00edpravy na Tour de France. Cyklisti potrebuj\u00fa m\u00f4c\u0165 tr\u00e9nova\u0165. V\u00a0s\u00fa\u010dasnosti s\u00fa v\u0161etci zavret\u00ed doma a\u00a0to je najd\u00f4le\u017eitej\u0161ia spr\u00e1va.\u201c<\/em><\/p>\n<p>Franc\u00fazsko predned\u00e1vnom s\u00fa\u010dasne zak\u00e1zalo ak\u00e9ko\u013evek podujatia s\u00a0po\u010dtom \u00fa\u010dastn\u00edkov (aj div\u00e1kov), <strong>prevy\u0161uj\u00facim 5\u00a0000 os\u00f4b do konca augusta<\/strong>. Vyjadrenie Ministerstva bolo v\u00a0s\u00favislosti s\u00a0Tour de France doplnen\u00e9 o\u00a0inform\u00e1ciu, \u017ee konanie tohto podujatia by to nemalo ovplyvni\u0165.<\/p>\n<p><a href=\"https:\/\/d2p6e6u75xmxt8.cloudfront.net\/4\/2020\/04\/WLC_GrandTours-2020_03.jpg\"><img loading=\"lazy\" decoding=\"async\" src=\"https:\/\/d2p6e6u75xmxt8.cloudfront.net\/4\/2020\/04\/WLC_GrandTours-2020_03.jpg\" alt=\"\" width=\"1200\" height=\"800\" class=\"alignnone size-full wp-image-9846\" \/><\/a><\/p>\n<div style=\u201dmargin-top:-20px;margin-bottom:25px;\">Foto: FB\/TdF A.S.O \/ Pauline Ballet<\/div>\n<p>D\u00f4le\u017eit\u00fdm faktorom pri rozhodovan\u00ed sa o\u00a0\u0161tarte alebo prelo\u017een\u00ed, je aj medzin\u00e1rodn\u00fd rozmer t\u00fdchto podujat\u00ed. Napr\u00edklad pri trojt\u00fd\u017ed\u0148ovom etap\u00e1ku cestuj\u00fa desa\u0165tis\u00edce \u013eud\u00ed do miesta konania, navy\u0161e doslova z\u00a0cel\u00e9ho sveta. Ot\u00e1zne je preto, do akej miery by boli organiz\u00e1tori schopn\u00ed pripusti\u0165 Tour bez div\u00e1kov &#8211; predov\u0161etk\u00fdm okolo trate. <strong>Nekonanie sa tak rozsiahleho podujatia ako Tour m\u00e1 aj ekonomick\u00e9 n\u00e1sledky<\/strong> &#8211; pre organiz\u00e1torov, sponzorov, t\u00edmy a\u00a0cestovn\u00fd sektor ako tak\u00fd. Niektor\u00e9 hlasy hovoria o\u00a0permanentnej jazve do bud\u00facich rokov, ktor\u00fa bude \u0165a\u017eko prekr\u00fdva\u0165.<\/p>\n<h2><strong>\u0160panielska Vuelta v\u00a0nedoh\u013eadne<\/strong><\/h2>\n<p>Z\u00a0poh\u013eadu term\u00ednu za\u010diatku Grand Tour bola na tom doposia\u013e najlep\u0161ie La Vuelta. So zmenami v\u00a0harmonograme Gira a\u00a0Tour ale pri\u0161la zmena aj pre \u0148u. Ke\u010f\u017ee Tour sa presunula na september, po ktorom bezprostredne nasleduj\u00fa majstrovstv\u00e1 sveta a\u00a0za nimi Giro, Vuelte ostalo nepopul\u00e1rne posledn\u00e9 miesto, ktor\u00e9 ju ods\u00fava a\u017e na <strong>prelom okt\u00f3bra a\u00a0novembra<\/strong>. Aj napriek teplej\u0161ej kl\u00edme o\u00a0oblasti pri Stredozemnom mori je ot\u00e1zne, ak\u00e9 podmienky bud\u00fa naozaj panova\u0165. V\u00fdhodou je takmer polro\u010dn\u00fd \u010dasov\u00fd priestor, ktor\u00fd n\u00e1s od nej del\u00ed. <\/p>\n<p>https:\/\/www.instagram.com\/p\/B_jkYSFDICN\/<\/p>\n<p>Organiz\u00e1tori Vuelty pred p\u00e1r d\u0148ami vyhl\u00e1sili, \u017ee p\u00f4vodn\u00fd \u0161tart v\u00a0Utrechte,\u00a0Holandsku, kde sa mali kona\u0165 \u00favodn\u00e9 etapy, je zru\u0161en\u00fd. Holandsk\u00e1 aj \u0161panielska strana sa nakoniec dohodli na kone\u010dnom ustanoven\u00ed: <em>\u201e\u0160tart La Vuelty 20 z\u00a0Holanska bol projektom, ktor\u00fd bol navrhnut\u00fd na sp\u00f4sob ve\u013ekej letnej oslavy. Ke\u010f\u017ee \u010del\u00edme neistote a\u00a0nemo\u017enosti zaru\u010di\u0165 sa za pl\u00e1novan\u00fd ofici\u00e1lny \u0161tart, La Holanda uprednostnila po\u017eiadanie o\u00a0zru\u0161enie.\u201c<\/em><\/p>\n<p>To v\u0161ak e\u0161te nie je koniec holandsk\u00fdm n\u00e1dejam. Riadite\u013e Vuelty, Javier Guill\u00e9n, potvrdil, \u017ee zru\u0161enie e\u0161te <strong>neznamen\u00e1 definit\u00edvny koniec spolupr\u00e1ce t\u00fdchto dvoch zem\u00ed<\/strong>. Pr\u00e1ve naopak. Najbli\u017e\u0161\u00edm mo\u017en\u00fdm term\u00ednom pre opakovan\u00fd \u0161tart v\u00a0Holandsku je u\u017e rok 2022, o\u00a0ktorom sa za\u010dne diskutova\u0165 v\u00a0bl\u00edzkej bud\u00facnosti. <\/p>\n<p><a href=\"https:\/\/d2p6e6u75xmxt8.cloudfront.net\/4\/2020\/04\/WLC_GrandTours-2020_04.jpg\"><img loading=\"lazy\" decoding=\"async\" src=\"https:\/\/d2p6e6u75xmxt8.cloudfront.net\/4\/2020\/04\/WLC_GrandTours-2020_04.jpg\" alt=\"\" width=\"1200\" height=\"800\" class=\"alignnone size-full wp-image-9847\" \/><\/a><\/p>\n<div style=\u201dmargin-top:-20px;margin-bottom:25px;\">Foto: FB\/La Vuelta Sarah MEYSSONNIER<\/div>\n<p>S\u00fa\u010dasne so zru\u0161en\u00edm prv\u00fdch et\u00e1p sa potvrdil aj odklad La Vuelty.<em> \u201eLa Vuelta 20 sa mala p\u00f4vodne kona\u0165 medzi 14. augustom a\u00a06. septembrom, za\u010d\u00ednaj\u00fac v\u00a0Holandsku. Av\u0161ak, nevyhnutn\u00e9 prepracovanie celoro\u010dn\u00e9ho cyklistick\u00e9ho kalend\u00e1ra n\u00e1sledkom glob\u00e1lnej kr\u00edzy, viedlo k\u00a0nechcen\u00e9mu pozmeneniu pl\u00e1nov. La Vuelta 20 &#8211; ktorej nov\u00fd term\u00edn e\u0161te nebol stanoven\u00fd UCI &#8211; bude pozost\u00e1va\u0165 z\u00a018 et\u00e1p so za\u010diatkom v\u00a0Baskicku.\u201c<\/em> To je prv\u00fdkr\u00e1t od roku 1985, kedy tieto trojt\u00fd\u017ed\u0148ov\u00e9 etapov\u00e9 preteky trvali menej ne\u017e 21 dn\u00ed. <\/p>\n<p>Ako to teda vid\u00edte vy? Podar\u00ed sa nakoniec zorganizova\u0165 v\u0161etky Grand Tour a\u00a0<strong>za\u017eehna\u0165 toto nepr\u00edjemn\u00e9 obdobie netradi\u010dn\u00fdm kalend\u00e1rom pretekov<\/strong>, alebo je to u\u017e vopred ods\u00faden\u00e9 na ne\u00faspech? <\/p>\n<p>(zdroj tituln\u00e1 fotografia: FB\/GirodItalia)<\/p>\n","protected":false},"excerpt":{"rendered":"<p>Ako to vyzer\u00e1 s\u00a0jedn\u00fdmi z\u00a0najv\u00e4\u010d\u0161\u00edch a\u00a0nasledovanej\u0161\u00edch podujat\u00ed sez\u00f3ny? Dok\u00e1\u017eu organiz\u00e1tori zvl\u00e1dnu\u0165 priebeh trojt\u00fd\u017ed\u0148ov\u00fdch etapov\u00fdch pretekov, alebo sa ich do\u010dk\u00e1me najsk\u00f4r [&hellip;]<\/p>\n","protected":false},"author":81,"featured_media":9840,"comment_status":"open","ping_status":"open","sticky":false,"template":"","format":"standard","meta":{"footnotes":""},"categories":[63],"tags":[559,619,115,487,597,546,331,65,268,179,256,20,1072,55,219],"global-categories":[1074],"class_list":["post-9836","post","type-post","status-publish","format-standard","has-post-thumbnail","hentry","category-grand-tour","tag-bicykel","tag-bicyklovanie","tag-cestna-cyklistika","tag-cestny-bicykel","tag-cyklista","tag-cyklistika","tag-etapove-preteky","tag-giro-d-italia","tag-grand-tour","tag-preteky","tag-sezona","tag-tour-de-france","tag-trat","tag-trening","tag-vuelta-a-espana","global-categories-cycling"],"yoast_head":"<!-- This site is optimized with the Yoast SEO Premium plugin v25.3 (Yoast SEO v25.9) - https:\/\/yoast.com\/wordpress\/plugins\/seo\/ -->\n<title>Grand Tours 2020 - skuto\u010dnos\u0165 alebo nesplnite\u013en\u00fd sen? - \u0160koda We Love Cycling Slovensko<\/title>\n<meta name=\"robots\" content=\"index, follow, max-snippet:-1, max-image-preview:large, max-video-preview:-1\" \/>\n<link rel=\"canonical\" href=\"https:\/\/www.welovecycling.com\/sk\/2020\/05\/04\/grand-tours-2020-skutocnost-alebo-nesplnitelny-sen\/\" \/>\n<meta property=\"og:locale\" content=\"sk_SK\" \/>\n<meta property=\"og:type\" content=\"article\" \/>\n<meta property=\"og:title\" content=\"Grand Tours 2020 - skuto\u010dnos\u0165 alebo nesplnite\u013en\u00fd sen?\" \/>\n<meta property=\"og:description\" content=\"Ako to vyzer\u00e1 s\u00a0jedn\u00fdmi z\u00a0najv\u00e4\u010d\u0161\u00edch a\u00a0nasledovanej\u0161\u00edch podujat\u00ed sez\u00f3ny? Dok\u00e1\u017eu organiz\u00e1tori zvl\u00e1dnu\u0165 priebeh trojt\u00fd\u017ed\u0148ov\u00fdch etapov\u00fdch pretekov, alebo sa ich do\u010dk\u00e1me najsk\u00f4r [&hellip;]\" \/>\n<meta property=\"og:url\" content=\"https:\/\/www.welovecycling.com\/sk\/2020\/05\/04\/grand-tours-2020-skutocnost-alebo-nesplnitelny-sen\/\" \/>\n<meta property=\"og:site_name\" content=\"\u0160koda We Love Cycling Slovensko\" \/>\n<meta property=\"article:published_time\" content=\"2020-05-04T06:00:09+00:00\" \/>\n<meta property=\"og:image\" content=\"https:\/\/d2p6e6u75xmxt8.cloudfront.net\/4\/2020\/04\/WLC_GrandTours-2020_00.webp\" \/>\n\t<meta property=\"og:image:width\" content=\"1380\" \/>\n\t<meta property=\"og:image:height\" content=\"600\" \/>\n\t<meta property=\"og:image:type\" content=\"image\/webp\" \/>\n<meta name=\"twitter:card\" content=\"summary_large_image\" \/>\n<meta name=\"twitter:label1\" content=\"Written by\" \/>\n\t<meta name=\"twitter:data1\" content=\"WeLoveCycling\" \/>\n\t<meta name=\"twitter:label2\" content=\"Est. reading time\" \/>\n\t<meta name=\"twitter:data2\" content=\"5\" \/>\n<script type=\"application\/ld+json\" class=\"yoast-schema-graph\">{\"@context\":\"https:\/\/schema.org\",\"@graph\":[{\"@type\":\"WebPage\",\"@id\":\"https:\/\/www.welovecycling.com\/sk\/2020\/05\/04\/grand-tours-2020-skutocnost-alebo-nesplnitelny-sen\/\",\"url\":\"https:\/\/www.welovecycling.com\/sk\/2020\/05\/04\/grand-tours-2020-skutocnost-alebo-nesplnitelny-sen\/\",\"name\":\"Grand Tours 2020 - skuto\u010dnos\u0165 alebo nesplnite\u013en\u00fd sen? - \u0160koda We Love Cycling Slovensko\",\"isPartOf\":{\"@id\":\"https:\/\/www.welovecycling.com\/sk\/#website\"},\"primaryImageOfPage\":{\"@id\":\"https:\/\/www.welovecycling.com\/sk\/2020\/05\/04\/grand-tours-2020-skutocnost-alebo-nesplnitelny-sen\/#primaryimage\"},\"image\":{\"@id\":\"https:\/\/www.welovecycling.com\/sk\/2020\/05\/04\/grand-tours-2020-skutocnost-alebo-nesplnitelny-sen\/#primaryimage\"},\"thumbnailUrl\":\"https:\/\/d2p6e6u75xmxt8.cloudfront.net\/4\/2020\/04\/WLC_GrandTours-2020_00.webp\",\"datePublished\":\"2020-05-04T06:00:09+00:00\",\"author\":{\"@id\":\"\"},\"breadcrumb\":{\"@id\":\"https:\/\/www.welovecycling.com\/sk\/2020\/05\/04\/grand-tours-2020-skutocnost-alebo-nesplnitelny-sen\/#breadcrumb\"},\"inLanguage\":\"sk-SK\",\"potentialAction\":[{\"@type\":\"ReadAction\",\"target\":[\"https:\/\/www.welovecycling.com\/sk\/2020\/05\/04\/grand-tours-2020-skutocnost-alebo-nesplnitelny-sen\/\"]}]},{\"@type\":\"ImageObject\",\"inLanguage\":\"sk-SK\",\"@id\":\"https:\/\/www.welovecycling.com\/sk\/2020\/05\/04\/grand-tours-2020-skutocnost-alebo-nesplnitelny-sen\/#primaryimage\",\"url\":\"https:\/\/d2p6e6u75xmxt8.cloudfront.net\/4\/2020\/04\/WLC_GrandTours-2020_00.webp\",\"contentUrl\":\"https:\/\/d2p6e6u75xmxt8.cloudfront.net\/4\/2020\/04\/WLC_GrandTours-2020_00.webp\",\"width\":1380,\"height\":600},{\"@type\":\"BreadcrumbList\",\"@id\":\"https:\/\/www.welovecycling.com\/sk\/2020\/05\/04\/grand-tours-2020-skutocnost-alebo-nesplnitelny-sen\/#breadcrumb\",\"itemListElement\":[{\"@type\":\"ListItem\",\"position\":1,\"name\":\"Home\",\"item\":\"https:\/\/www.welovecycling.com\/sk\/\"},{\"@type\":\"ListItem\",\"position\":2,\"name\":\"Grand Tours 2020 &#8211; skuto\u010dnos\u0165 alebo nesplnite\u013en\u00fd sen?\"}]},{\"@type\":\"WebSite\",\"@id\":\"https:\/\/www.welovecycling.com\/sk\/#website\",\"url\":\"https:\/\/www.welovecycling.com\/sk\/\",\"name\":\"\u0160koda We Love Cycling Slovensko\",\"description\":\"\u0160koda We Love Cycling Slovensko je v\u00e1\u0161 ka\u017edodenn\u00fd zdroj noviniek a in\u0161pir\u00e1cie z sveta cyklistiky\",\"potentialAction\":[{\"@type\":\"SearchAction\",\"target\":{\"@type\":\"EntryPoint\",\"urlTemplate\":\"https:\/\/www.welovecycling.com\/sk\/?s={search_term_string}\"},\"query-input\":{\"@type\":\"PropertyValueSpecification\",\"valueRequired\":true,\"valueName\":\"search_term_string\"}}],\"inLanguage\":\"sk-SK\"},{\"@type\":\"Person\",\"@id\":\"\",\"url\":\"https:\/\/www.welovecycling.com\/sk\/author\/\"}]}<\/script>\n<!-- \/ Yoast SEO Premium plugin. -->","yoast_head_json":{"title":"Grand Tours 2020 - skuto\u010dnos\u0165 alebo nesplnite\u013en\u00fd sen? - \u0160koda We Love Cycling Slovensko","robots":{"index":"index","follow":"follow","max-snippet":"max-snippet:-1","max-image-preview":"max-image-preview:large","max-video-preview":"max-video-preview:-1"},"canonical":"https:\/\/www.welovecycling.com\/sk\/2020\/05\/04\/grand-tours-2020-skutocnost-alebo-nesplnitelny-sen\/","og_locale":"sk_SK","og_type":"article","og_title":"Grand Tours 2020 - skuto\u010dnos\u0165 alebo nesplnite\u013en\u00fd sen?","og_description":"Ako to vyzer\u00e1 s\u00a0jedn\u00fdmi z\u00a0najv\u00e4\u010d\u0161\u00edch a\u00a0nasledovanej\u0161\u00edch podujat\u00ed sez\u00f3ny? Dok\u00e1\u017eu organiz\u00e1tori zvl\u00e1dnu\u0165 priebeh trojt\u00fd\u017ed\u0148ov\u00fdch etapov\u00fdch pretekov, alebo sa ich do\u010dk\u00e1me najsk\u00f4r [&hellip;]","og_url":"https:\/\/www.welovecycling.com\/sk\/2020\/05\/04\/grand-tours-2020-skutocnost-alebo-nesplnitelny-sen\/","og_site_name":"\u0160koda We Love Cycling Slovensko","article_published_time":"2020-05-04T06:00:09+00:00","og_image":[{"width":1380,"height":600,"url":"https:\/\/d2p6e6u75xmxt8.cloudfront.net\/4\/2020\/04\/WLC_GrandTours-2020_00.webp","type":"image\/webp"}],"twitter_card":"summary_large_image","twitter_misc":{"Written by":"WeLoveCycling","Est. reading time":"5"},"schema":{"@context":"https:\/\/schema.org","@graph":[{"@type":"WebPage","@id":"https:\/\/www.welovecycling.com\/sk\/2020\/05\/04\/grand-tours-2020-skutocnost-alebo-nesplnitelny-sen\/","url":"https:\/\/www.welovecycling.com\/sk\/2020\/05\/04\/grand-tours-2020-skutocnost-alebo-nesplnitelny-sen\/","name":"Grand Tours 2020 - skuto\u010dnos\u0165 alebo nesplnite\u013en\u00fd sen? - \u0160koda We Love Cycling Slovensko","isPartOf":{"@id":"https:\/\/www.welovecycling.com\/sk\/#website"},"primaryImageOfPage":{"@id":"https:\/\/www.welovecycling.com\/sk\/2020\/05\/04\/grand-tours-2020-skutocnost-alebo-nesplnitelny-sen\/#primaryimage"},"image":{"@id":"https:\/\/www.welovecycling.com\/sk\/2020\/05\/04\/grand-tours-2020-skutocnost-alebo-nesplnitelny-sen\/#primaryimage"},"thumbnailUrl":"https:\/\/d2p6e6u75xmxt8.cloudfront.net\/4\/2020\/04\/WLC_GrandTours-2020_00.webp","datePublished":"2020-05-04T06:00:09+00:00","author":{"@id":""},"breadcrumb":{"@id":"https:\/\/www.welovecycling.com\/sk\/2020\/05\/04\/grand-tours-2020-skutocnost-alebo-nesplnitelny-sen\/#breadcrumb"},"inLanguage":"sk-SK","potentialAction":[{"@type":"ReadAction","target":["https:\/\/www.welovecycling.com\/sk\/2020\/05\/04\/grand-tours-2020-skutocnost-alebo-nesplnitelny-sen\/"]}]},{"@type":"ImageObject","inLanguage":"sk-SK","@id":"https:\/\/www.welovecycling.com\/sk\/2020\/05\/04\/grand-tours-2020-skutocnost-alebo-nesplnitelny-sen\/#primaryimage","url":"https:\/\/d2p6e6u75xmxt8.cloudfront.net\/4\/2020\/04\/WLC_GrandTours-2020_00.webp","contentUrl":"https:\/\/d2p6e6u75xmxt8.cloudfront.net\/4\/2020\/04\/WLC_GrandTours-2020_00.webp","width":1380,"height":600},{"@type":"BreadcrumbList","@id":"https:\/\/www.welovecycling.com\/sk\/2020\/05\/04\/grand-tours-2020-skutocnost-alebo-nesplnitelny-sen\/#breadcrumb","itemListElement":[{"@type":"ListItem","position":1,"name":"Home","item":"https:\/\/www.welovecycling.com\/sk\/"},{"@type":"ListItem","position":2,"name":"Grand Tours 2020 &#8211; skuto\u010dnos\u0165 alebo nesplnite\u013en\u00fd sen?"}]},{"@type":"WebSite","@id":"https:\/\/www.welovecycling.com\/sk\/#website","url":"https:\/\/www.welovecycling.com\/sk\/","name":"\u0160koda We Love Cycling Slovensko","description":"\u0160koda We Love Cycling Slovensko je v\u00e1\u0161 ka\u017edodenn\u00fd zdroj noviniek a in\u0161pir\u00e1cie z sveta cyklistiky","potentialAction":[{"@type":"SearchAction","target":{"@type":"EntryPoint","urlTemplate":"https:\/\/www.welovecycling.com\/sk\/?s={search_term_string}"},"query-input":{"@type":"PropertyValueSpecification","valueRequired":true,"valueName":"search_term_string"}}],"inLanguage":"sk-SK"},{"@type":"Person","@id":"","url":"https:\/\/www.welovecycling.com\/sk\/author\/"}]}},"_links":{"self":[{"href":"https:\/\/www.welovecycling.com\/sk\/wp-json\/wp\/v2\/posts\/9836","targetHints":{"allow":["GET"]}}],"collection":[{"href":"https:\/\/www.welovecycling.com\/sk\/wp-json\/wp\/v2\/posts"}],"about":[{"href":"https:\/\/www.welovecycling.com\/sk\/wp-json\/wp\/v2\/types\/post"}],"author":[{"embeddable":true,"href":"https:\/\/www.welovecycling.com\/sk\/wp-json\/wp\/v2\/users\/81"}],"replies":[{"embeddable":true,"href":"https:\/\/www.welovecycling.com\/sk\/wp-json\/wp\/v2\/comments?post=9836"}],"version-history":[{"count":2,"href":"https:\/\/www.welovecycling.com\/sk\/wp-json\/wp\/v2\/posts\/9836\/revisions"}],"predecessor-version":[{"id":9852,"href":"https:\/\/www.welovecycling.com\/sk\/wp-json\/wp\/v2\/posts\/9836\/revisions\/9852"}],"wp:featuredmedia":[{"embeddable":true,"href":"https:\/\/www.welovecycling.com\/sk\/wp-json\/wp\/v2\/media\/9840"}],"wp:attachment":[{"href":"https:\/\/www.welovecycling.com\/sk\/wp-json\/wp\/v2\/media?parent=9836"}],"wp:term":[{"taxonomy":"category","embeddable":true,"href":"https:\/\/www.welovecycling.com\/sk\/wp-json\/wp\/v2\/categories?post=9836"},{"taxonomy":"post_tag","embeddable":true,"href":"https:\/\/www.welovecycling.com\/sk\/wp-json\/wp\/v2\/tags?post=9836"},{"taxonomy":"global-categories","embeddable":true,"href":"https:\/\/www.welovecycling.com\/sk\/wp-json\/wp\/v2\/global-categories?post=9836"}],"curies":[{"name":"wp","href":"https:\/\/api.w.org\/{rel}","templated":true}]}}