{"id":9820,"date":"2020-04-29T13:29:13","date_gmt":"2020-04-29T11:29:13","guid":{"rendered":"https:\/\/www.welovecycling.com\/sk\/?p=9820"},"modified":"2020-04-29T13:29:13","modified_gmt":"2020-04-29T11:29:13","slug":"mesacna-desiatka-april-pocas-uplynulej-dekady","status":"publish","type":"post","link":"https:\/\/www.welovecycling.com\/sk\/2020\/04\/29\/mesacna-desiatka-april-pocas-uplynulej-dekady\/","title":{"rendered":"Mesa\u010dn\u00e1 desiatka &#8211; apr\u00edl po\u010das uplynulej dek\u00e1dy"},"content":{"rendered":"<p><strong>Situ\u00e1cia je tak\u00e1, ak\u00e1 je. Pre v\u00edrus sa svet uzavrel do dom\u00e1ceho re\u017eimu, \u010do nepraje ani spravodajstvu o\u00a0cyklistike. Navy\u0161e po\u010d\u00fava\u0165 st\u00e1le o\u00a0spr\u00e1vach spojen\u00fdch s\u00a0vplyvom koronav\u00edrusu, je u\u017e prinajmen\u0161om \u00fanavn\u00e9.<\/strong><!--more--><\/p>\n<p>Aj z\u00a0tohto d\u00f4vodu bude tohtomesa\u010dn\u00e1 desiatka <strong>venovan\u00e1 udalostiam cestnej cyklistiky z\u00a0apr\u00edlov predch\u00e1dzaj\u00facich desiatich rokov<\/strong>. Pozrieme sa na legend\u00e1rne v\u00ed\u0165azstv\u00e1, boje a\u00a0v\u0161etko, \u010do k\u00a0cyklistick\u00e9mu svetu jednoducho patr\u00ed. Ve\u010f ako sa hovor\u00ed, bud\u00facnos\u0165 je len napodoben\u00e1 minulos\u0165. <\/p>\n<h2><strong>Cancellara a\u00a0pav\u00e9 &#8211; neprekonate\u013en\u00e1 kombin\u00e1cia<\/strong><\/h2>\n<p>Sn\u00e1\u010f si e\u0161te pam\u00e4t\u00e1me posledn\u00e9 vyst\u00fapenie <strong>F. Cancellaru na Okolo Fl\u00e1mska<\/strong>, kedy ho prekonal pr\u00e1ve P. Sagan na Paterbergu. V\u00a0roku 2010 v\u0161ak na Par\u00ed\u017e-Roubaix to bol pr\u00e1ve \u0160vaj\u010diar, ktor\u00fd nedal nikomu \u0161ancu. D\u00f4vodom pre tak\u00e9to kon\u0161tatovanie <strong>je jeho fenomen\u00e1lna jazda<\/strong>, ktor\u00e1 v\u00a0cieli na velodr\u00f3me v\u00a0Roubaix znamenala s\u00f3lov\u00fd prejazd s\u00a0dvojmin\u00fatov\u00fdm n\u00e1skokom na bud\u00faceho majstra sveta, T. Hushovda. S\u00fa\u010dasne to bol moment, kedy nieko\u013ek\u00ed za\u010dali obvi\u0148ova\u0165 Cancellaru z\u00a0pou\u017e\u00edvania motora v\u00a0r\u00e1me. Pos\u00fa\u010fte sami ?.<\/p>\n<lite-youtube videoid=v2jBBUJUS4w params=\"enablejsapi=1\" style=\"background-image: url('https:\/\/i.ytimg.com\/vi_webp\/v2jBBUJUS4w\/maxresdefault.webp');\"><\/lite-youtube>\n<h2><strong>Tri v\u00ed\u0165azstv\u00e1 Gilberta v\u00a0rade<\/strong><\/h2>\n<p>Rok 2011 bol zauj\u00edmav\u00fd nielen debutov\u00fdm a\u00a0posledn\u00fdm v\u00ed\u0165azstvom austr\u00e1lskeho matadora, C.&nbsp;Evansa, ale aj <strong>jarn\u00fdmi klasikami, ktor\u00e9 si podmanil Gilbert<\/strong>. Ten dok\u00e1zal v\u00a0rozmedz\u00ed siedmych dn\u00ed vyhra\u0165 hne\u010f 3, hodnoten\u00e9 najvy\u0161\u0161ou kateg\u00f3riou. Prv\u00e9 bolo Amstel Gold Race, nasledovan\u00e9 dvomi belgick\u00fdmi, teda dom\u00e1cimi podujatiami. V\u00a0stredu Val\u00f3nsky \u0161\u00edp, kde op\u00e4\u0165 s\u00a0tesn\u00fdm n\u00e1skokom zdolal J.&nbsp;Rodr\u00edgueza alebo S. S\u00e1ncheza, a\u00a0v\u00a0nede\u013eu na Li\u00e8ge &#8211; Bastogne &#8211; Li\u00e8ge mu nedok\u00e1zali kontrova\u0165 ani obaja bratia Schleckovci, ktor\u00fdch prekonal v\u00a0cie\u013eovom \u0161printe.<\/p>\n<lite-youtube videoid=KjYGuL89vAo params=\"enablejsapi=1\" style=\"background-image: url('https:\/\/i.ytimg.com\/vi_webp\/KjYGuL89vAo\/maxresdefault.webp');\"><\/lite-youtube>\n<h2><strong>Rok 2012 bol rokom B. Wigginsa<\/strong><\/h2>\n<p>Z\u00e1bery, kedy sa t\u00edm Sky po prv\u00fdkr\u00e1t v\u00a0\u017eltom drese <strong>objavil na Champs-Elys\u00e9es a\u00a0zapo\u010dal tak dlh\u00fa \u0161n\u00faru neprekonate\u013en\u00fdch v\u00fdkonov<\/strong>, bud\u00fa st\u00e1le legendou. Na ich po\u010diatku st\u00e1l Angli\u010dan, Bradley Wiggins, ktor\u00fd ako prv\u00fd z\u00edskal tento cenn\u00fd triumf. V\u00a0tom roku v\u0161ak tie\u017e dominoval na marcovom Par\u00ed\u017e-Nice a\u00a0na apr\u00edlovom Tour de Romandie, kde celkov\u00e9 v\u00ed\u0165azstvo spe\u010datil v\u00a0individu\u00e1lnej \u010dasovke &#8211; jemu tak bl\u00edzkej. Odsunul aj dovtedaj\u0161ieho l\u00eddra, L. L. S\u00e1ncheza z\u00a0boja o\u00a0cenn\u00fd triumf.<\/p>\n<p><a href=\"https:\/\/d2p6e6u75xmxt8.cloudfront.net\/4\/2020\/04\/WLC_desiatka-apr\u00edl_02.jpg\"><img loading=\"lazy\" decoding=\"async\" src=\"https:\/\/d2p6e6u75xmxt8.cloudfront.net\/4\/2020\/04\/WLC_desiatka-apr\u00edl_02.jpg\" alt=\"\" width=\"1200\" height=\"800\" class=\"alignnone size-full wp-image-9829\" \/><\/a><\/p>\n<h2><strong>Fam\u00f3zny Kreuziger z\u00edskal prv\u00fa a (zatia\u013e) posledn\u00fa klasiku<\/strong><\/h2>\n<p>Jeden zo s\u00fa\u010dasnej gener\u00e1cie \u010desk\u00fdch cyklistov, R. Kreuziger, za posledn\u00fdch desa\u0165 rokov <strong>z\u00edskal viacero v\u00fdhier<\/strong>, av\u0161ak jednor\u00e1zovky sa mu zdali by\u0165 nedosiahnute\u013en\u00e9. V\u0161etko a\u017e do roku 2013. Po\u010das jedinej holandskej klasiky, Amstel Gold Race, dok\u00e1zal v\u00a0z\u00e1vere unikn\u00fa\u0165 po\u010detnej skupine a\u00a0s\u00a0takmer polmin\u00fatov\u00fdm n\u00e1skokom pri\u0161iel do cie\u013ea po 6 a\u00a0pol hodin\u00e1ch ako v\u00ed\u0165az. Sladk\u00e9 v\u00ed\u0165azstvo mohlo by\u0165 e\u0161te slad\u0161ie, keby na Tour de France nemusel ako domestik pom\u00e1ha\u0165 Albertovi Contadorovi a\u00a0vylep\u0161i\u0165 kone\u010dn\u00e9 5. miesto v\u00a0celkovej klasifik\u00e1cii. Av\u0161ak &#8211; keby, keby keby&#8230;<\/p>\n<lite-youtube videoid=zoMVWmQNC1I params=\"enablejsapi=1\" style=\"background-image: url('https:\/\/i.ytimg.com\/vi_webp\/zoMVWmQNC1I\/maxresdefault.webp');\"><\/lite-youtube>\n<h2><strong>L. Armstrong verejne prehl\u00e1sil men\u00e1 komplicov<\/strong><\/h2>\n<p>Amb\u00edcia by\u0165 najlep\u0161\u00edm si \u010dasto m\u00fdli poctivos\u0165 s\u00a0heroizmom. Hviezdne v\u00fdkony cyklistov, ktor\u00e9 by aj bez dopingu boli nad\u013eudsk\u00e9, <strong>str\u00e1caj\u00fa hodnotu vo chv\u00edli, ke\u010f sa na v\u0161etko pr\u00edde<\/strong>. B\u00fdval\u00fd sedemn\u00e1sobn\u00fd v\u00ed\u0165az Tour de France bol uznan\u00fd za vinn\u00e9ho z\u00a0dopingu. V\u00a0roku 2014, ale aj v\u00a0nasleduj\u00facich, postupne vypl\u00e1vali na povrch nov\u00e9 a\u00a0nov\u00e9 spojenia. V\u00a0apr\u00edli toho roku boli zverejnen\u00e9 Armstrongom priznan\u00e9 osoby, medzi ktor\u00e9 patril tr\u00e9ner Pepi Marti, Dr. Pedro Celaya, Dr. Michele Ferrari alebo Dr. Luis Garca del Moral. T\u00ed, ale aj \u010fal\u0161\u00ed pom\u00e1hali profesion\u00e1lom neleg\u00e1lnym sp\u00f4sobom dopingu.<\/p>\n<h2><strong>Alaphilippe pomaly ukazuje svoje kvality<\/strong><\/h2>\n<p>Pred piatimi rokmi sa mnoho dovtedaj\u0161\u00edch legiend pomaly vytr\u00e1calo z\u00a0pelot\u00f3nu a\u00a0nahr\u00e1dzali ich (tak ako je tomu st\u00e1le) nov\u00e9 n\u00e1deje, <strong>o\u00a0ktor\u00fdch e\u0161te v\u00a0tej dobe nevedeli, \u017ee bud\u00fa st\u00e1\u0165 na najvy\u0161\u0161\u00edch prie\u010dkach<\/strong>. J. Alaphilippe je profesion\u00e1lom od roku 2011, av\u0161ak v\u00a0roku 2015 uk\u00e1zal svoju v\u00fdbu\u0161nos\u0165 napr\u00edklad na Val\u00f3nskom \u0161\u00edpe, kde ako domestik Kwiatkovsk\u00e9ho dok\u00e1zal v\u00a0z\u00e1vere\u010dnom \u0161printe na brut\u00e1lnom Mur de Huy bojova\u0165 o\u00a0v\u00ed\u0165azstvo s\u00a0Alejandrom Valverdem. Rovnako tomu bolo aj \u0161tyri dni na to, kedy taktie\u017e nesta\u010dil jedine Valverdemu na Li\u00e8ge &#8211; Bastogne &#8211; Li\u00e8ge.<\/p>\n<lite-youtube videoid=dmANoHMS64E params=\"enablejsapi=1\" style=\"background-image: url('https:\/\/i.ytimg.com\/vi_webp\/dmANoHMS64E\/maxresdefault.webp');\"><\/lite-youtube>\n<h2><strong>Hist\u00f3ria sa prepisuje &#8211; Sagan ukon\u010dil svoje \u010dakanie<\/strong><\/h2>\n<p>V\u00a0roku 2016 u\u017e Peter Sagan samozrejme na svojom konte <strong>mal viacero cenn\u00fdch v\u00ed\u0165azstiev<\/strong> &#8211; okrem in\u00e9ho aj majstra sveta. Pr\u00e1ve v\u00a0d\u00fahovom drese sa postavil na \u0161tart jednej z\u00a0najcennej\u0161\u00edch klas\u00edk &#8211; monumentu Okolo Fl\u00e1mska. Tu na poslednom st\u00fapan\u00ed na Peterberg nedal \u0161ancu ani Vanmarckovi ani Cancellarovi. Aj na posledn\u00fdch 15 kilometroch dok\u00e1zal odol\u00e1va\u0165 dobiehaniu t\u00fdchto dvoch pretek\u00e1rov a\u00a0po prv\u00fdkr\u00e1t z\u00edskal belgick\u00fd triumf vo farb\u00e1ch majstra sveta.<\/p>\n<lite-youtube videoid=XFqfqO6CQko params=\"enablejsapi=1\" style=\"background-image: url('https:\/\/i.ytimg.com\/vi_webp\/XFqfqO6CQko\/maxresdefault.webp');\"><\/lite-youtube>\n<h2><strong>Pred tromi rokmi sme sa rozl\u00fa\u010dili s\u00a0M. Scarponim<\/strong><\/h2>\n<p>K\u00a0cyklistike patria aj smutn\u00e9 spr\u00e1vy &#8211; tak, ako ku ka\u017edej oblasti \u017eivota. Pred p\u00e1r rokmi sme <strong>pr\u00e1ve v\u00a0apr\u00edli dostali tragick\u00fa spr\u00e1vu<\/strong> o\u00a0osude jedn\u00e9ho z\u00a0najpopul\u00e1rnej\u0161\u00edch talianskych cyklistov tejto gener\u00e1cie &#8211; Michele Scarponiho. Jeho \u017eivot vyhasol pod kolesami dod\u00e1vky v\u00a0bl\u00edzkosti domova, iba de\u0148 po skon\u010den\u00ed Tour de Alps a\u00a0nieko\u013eko t\u00fd\u017ed\u0148ov pred Giro d&#8217;Italia. Poctu mu vzdali viacer\u00ed pretek\u00e1ri, medzi in\u00fdmi aj Peter Sagan v\u00ed\u0165azstvom na majstrovstv\u00e1ch sveta.<\/p>\n<lite-youtube videoid=Rt0aTHUKHb8 params=\"enablejsapi=1\" style=\"background-image: url('https:\/\/i.ytimg.com\/vi_webp\/Rt0aTHUKHb8\/maxresdefault.webp');\"><\/lite-youtube>\n<h2><strong>Op\u00e4\u0165 triumf Sagana a\u00a0temn\u00e1 spomienka na Roubaix<\/strong><\/h2>\n<p>P\u00e4\u0165 pokusov o\u00a0zisk naj\u0165a\u017e\u0161ej jednor\u00e1zovky s\u00fa\u010dasnej profesion\u00e1lnej cyklistike, Par\u00ed\u017e-Roubaix, bolo potrebn\u00fdch pre slovensk\u00e9ho rod\u00e1ka predt\u00fdm, ako vy\u0161e 55 kilometrov pred koncom so <strong>s\u00f3lov\u00fdm \u00fanikom<\/strong> a\u00a0n\u00e1slednou spolupr\u00e1cou s Dillierom dok\u00e1zal prejs\u0165 tra\u0165 s\u00a0charakteristick\u00fdmi ma\u010dac\u00edmi hlavami ako prv\u00fd. Tento ro\u010dn\u00edk bol aj tragick\u00fdm. Po dvesto kilometroch pretekov sa k\u00a0zemi por\u00fa\u010dal Belgi\u010dan Goolaerts. N\u00e1sledne sa ho u\u017e nepodarilo o\u017eivi\u0165. V\u00a023 rokoch dostal infarkt.<\/p>\n<p><a href=\"https:\/\/d2p6e6u75xmxt8.cloudfront.net\/4\/2020\/04\/WLC_desiatka-apr\u00edl_03.jpg\"><img loading=\"lazy\" decoding=\"async\" src=\"https:\/\/d2p6e6u75xmxt8.cloudfront.net\/4\/2020\/04\/WLC_desiatka-apr\u00edl_03.jpg\" alt=\"\" width=\"1200\" height=\"800\" class=\"alignnone size-full wp-image-9830\" \/><\/a><\/p>\n<h2><strong>Raketa menom M. van der Poel<\/strong><\/h2>\n<p>S\u00a0t\u00fdmto menom sme sa v\u00a0uplynul\u00fdch troch rokoch stret\u00e1vali \u010dastej\u0161ie a\u00a0\u010dastej\u0161ie. Najprv v\u00a0cyklokrose, n\u00e1sledne v\u00a0horskej cyklistike a\u00a0pred dvomi rokmi aj v\u00a0tej cestnej &#8211; navy\u0161e v\u00a0elitnej kateg\u00f3rii WorldTour. Pr\u00e1ve minul\u00fd rok dok\u00e1zal tento Holan\u010fan <strong>z\u00edska\u0165 hne\u010f dve klasiky z\u00a0najvy\u0161\u0161ej kateg\u00f3rie<\/strong>, z\u00a0ktor\u00fdch asi najcennej\u0161ou bola Amstel Gold Race pred dom\u00e1cim publikom. V\u00ed\u0165azstvo v\u00a0z\u00e1vere\u010dnom \u0161printe by nebolo \u201eni\u010d\u00edm\u201c prevratn\u00fdm, av\u0161ak heroickos\u0165 van der Poela tkvie v\u00a0tom, \u017ee na posledn\u00fdch 30 kilometroch dok\u00e1zal takmer s\u00e1m eliminova\u0165 min\u00fatov\u00fd n\u00e1skok \u010dela a\u00a0v\u00a0z\u00e1vere\u010dn\u00fdch stovk\u00e1ch metroch ich aj pre\u0161printova\u0165.<\/p>\n<lite-youtube videoid=J6rA9zou0PU params=\"enablejsapi=1\" style=\"background-image: url('https:\/\/i.ytimg.com\/vi_webp\/J6rA9zou0PU\/maxresdefault.webp');\"><\/lite-youtube>\n<p>\u0160koda, \u017ee tento rok k\u00a0tomuto zoznamu nem\u00f4\u017eeme okrem \u201edom\u00e1cich\u201c pretekov na trena\u017e\u00e9roch prida\u0165 skuto\u010dn\u00e9 v\u00fdkony na legend\u00e1rnych tratiach svetov\u00fdch podujat\u00ed. <strong>Ale kto vie, bude bud\u00faci mesiac u\u017e in\u00fd?<\/strong><\/p>\n","protected":false},"excerpt":{"rendered":"<p>Situ\u00e1cia je tak\u00e1, ak\u00e1 je. Pre v\u00edrus sa svet uzavrel do dom\u00e1ceho re\u017eimu, \u010do nepraje ani spravodajstvu o\u00a0cyklistike. Navy\u0161e po\u010d\u00fava\u0165 [&hellip;]<\/p>\n","protected":false},"author":81,"featured_media":9828,"comment_status":"open","ping_status":"open","sticky":false,"template":"","format":"standard","meta":{"footnotes":""},"categories":[63],"tags":[121,115,597,359,961,331,876,418,498,281,704,1040,429,46,256,270,20,55],"global-categories":[1074],"class_list":["post-9820","post","type-post","status-publish","format-standard","has-post-thumbnail","hentry","category-grand-tour","tag-alberto-contador","tag-cestna-cyklistika","tag-cyklista","tag-doping","tag-etapa","tag-etapove-preteky","tag-historia","tag-jarne-klasiky","tag-julian-alaphilippe","tag-majstrovstva-sveta","tag-mathieu-van-der-poel","tag-mesacna-desiatka","tag-okolo-flamska","tag-peter-sagan","tag-sezona","tag-team-sky","tag-tour-de-france","tag-trening","global-categories-cycling"],"yoast_head":"<!-- This site is optimized with the Yoast SEO Premium plugin v25.3 (Yoast SEO v25.9) - https:\/\/yoast.com\/wordpress\/plugins\/seo\/ -->\n<title>Mesa\u010dn\u00e1 desiatka - apr\u00edl po\u010das uplynulej dek\u00e1dy - \u0160koda We Love Cycling Slovensko<\/title>\n<meta name=\"robots\" content=\"index, follow, max-snippet:-1, max-image-preview:large, max-video-preview:-1\" \/>\n<link rel=\"canonical\" href=\"https:\/\/www.welovecycling.com\/sk\/2020\/04\/29\/mesacna-desiatka-april-pocas-uplynulej-dekady\/\" \/>\n<meta property=\"og:locale\" content=\"sk_SK\" \/>\n<meta property=\"og:type\" content=\"article\" \/>\n<meta property=\"og:title\" content=\"Mesa\u010dn\u00e1 desiatka - apr\u00edl po\u010das uplynulej dek\u00e1dy\" \/>\n<meta property=\"og:description\" content=\"Situ\u00e1cia je tak\u00e1, ak\u00e1 je. Pre v\u00edrus sa svet uzavrel do dom\u00e1ceho re\u017eimu, \u010do nepraje ani spravodajstvu o\u00a0cyklistike. Navy\u0161e po\u010d\u00fava\u0165 [&hellip;]\" \/>\n<meta property=\"og:url\" content=\"https:\/\/www.welovecycling.com\/sk\/2020\/04\/29\/mesacna-desiatka-april-pocas-uplynulej-dekady\/\" \/>\n<meta property=\"og:site_name\" content=\"\u0160koda We Love Cycling Slovensko\" \/>\n<meta property=\"article:published_time\" content=\"2020-04-29T11:29:13+00:00\" \/>\n<meta property=\"og:image\" content=\"https:\/\/d2p6e6u75xmxt8.cloudfront.net\/4\/2020\/04\/WLC_desiatka-apr\u00edl_00.webp\" \/>\n\t<meta property=\"og:image:width\" content=\"1380\" \/>\n\t<meta property=\"og:image:height\" content=\"600\" \/>\n\t<meta property=\"og:image:type\" content=\"image\/webp\" \/>\n<meta name=\"twitter:card\" content=\"summary_large_image\" \/>\n<meta name=\"twitter:label1\" content=\"Written by\" \/>\n\t<meta name=\"twitter:data1\" content=\"WeLoveCycling\" \/>\n\t<meta name=\"twitter:label2\" content=\"Est. reading time\" \/>\n\t<meta name=\"twitter:data2\" content=\"5\" \/>\n<script type=\"application\/ld+json\" class=\"yoast-schema-graph\">{\"@context\":\"https:\/\/schema.org\",\"@graph\":[{\"@type\":\"WebPage\",\"@id\":\"https:\/\/www.welovecycling.com\/sk\/2020\/04\/29\/mesacna-desiatka-april-pocas-uplynulej-dekady\/\",\"url\":\"https:\/\/www.welovecycling.com\/sk\/2020\/04\/29\/mesacna-desiatka-april-pocas-uplynulej-dekady\/\",\"name\":\"Mesa\u010dn\u00e1 desiatka - apr\u00edl po\u010das uplynulej dek\u00e1dy - \u0160koda We Love Cycling Slovensko\",\"isPartOf\":{\"@id\":\"https:\/\/www.welovecycling.com\/sk\/#website\"},\"primaryImageOfPage\":{\"@id\":\"https:\/\/www.welovecycling.com\/sk\/2020\/04\/29\/mesacna-desiatka-april-pocas-uplynulej-dekady\/#primaryimage\"},\"image\":{\"@id\":\"https:\/\/www.welovecycling.com\/sk\/2020\/04\/29\/mesacna-desiatka-april-pocas-uplynulej-dekady\/#primaryimage\"},\"thumbnailUrl\":\"https:\/\/d2p6e6u75xmxt8.cloudfront.net\/4\/2020\/04\/WLC_desiatka-apr\u00edl_00.webp\",\"datePublished\":\"2020-04-29T11:29:13+00:00\",\"author\":{\"@id\":\"\"},\"breadcrumb\":{\"@id\":\"https:\/\/www.welovecycling.com\/sk\/2020\/04\/29\/mesacna-desiatka-april-pocas-uplynulej-dekady\/#breadcrumb\"},\"inLanguage\":\"sk-SK\",\"potentialAction\":[{\"@type\":\"ReadAction\",\"target\":[\"https:\/\/www.welovecycling.com\/sk\/2020\/04\/29\/mesacna-desiatka-april-pocas-uplynulej-dekady\/\"]}]},{\"@type\":\"ImageObject\",\"inLanguage\":\"sk-SK\",\"@id\":\"https:\/\/www.welovecycling.com\/sk\/2020\/04\/29\/mesacna-desiatka-april-pocas-uplynulej-dekady\/#primaryimage\",\"url\":\"https:\/\/d2p6e6u75xmxt8.cloudfront.net\/4\/2020\/04\/WLC_desiatka-apr\u00edl_00.webp\",\"contentUrl\":\"https:\/\/d2p6e6u75xmxt8.cloudfront.net\/4\/2020\/04\/WLC_desiatka-apr\u00edl_00.webp\",\"width\":1380,\"height\":600},{\"@type\":\"BreadcrumbList\",\"@id\":\"https:\/\/www.welovecycling.com\/sk\/2020\/04\/29\/mesacna-desiatka-april-pocas-uplynulej-dekady\/#breadcrumb\",\"itemListElement\":[{\"@type\":\"ListItem\",\"position\":1,\"name\":\"Home\",\"item\":\"https:\/\/www.welovecycling.com\/sk\/\"},{\"@type\":\"ListItem\",\"position\":2,\"name\":\"Mesa\u010dn\u00e1 desiatka &#8211; apr\u00edl po\u010das uplynulej dek\u00e1dy\"}]},{\"@type\":\"WebSite\",\"@id\":\"https:\/\/www.welovecycling.com\/sk\/#website\",\"url\":\"https:\/\/www.welovecycling.com\/sk\/\",\"name\":\"\u0160koda We Love Cycling Slovensko\",\"description\":\"\u0160koda We Love Cycling Slovensko je v\u00e1\u0161 ka\u017edodenn\u00fd zdroj noviniek a in\u0161pir\u00e1cie z sveta cyklistiky\",\"potentialAction\":[{\"@type\":\"SearchAction\",\"target\":{\"@type\":\"EntryPoint\",\"urlTemplate\":\"https:\/\/www.welovecycling.com\/sk\/?s={search_term_string}\"},\"query-input\":{\"@type\":\"PropertyValueSpecification\",\"valueRequired\":true,\"valueName\":\"search_term_string\"}}],\"inLanguage\":\"sk-SK\"},{\"@type\":\"Person\",\"@id\":\"\",\"url\":\"https:\/\/www.welovecycling.com\/sk\/author\/\"}]}<\/script>\n<!-- \/ Yoast SEO Premium plugin. -->","yoast_head_json":{"title":"Mesa\u010dn\u00e1 desiatka - apr\u00edl po\u010das uplynulej dek\u00e1dy - \u0160koda We Love Cycling Slovensko","robots":{"index":"index","follow":"follow","max-snippet":"max-snippet:-1","max-image-preview":"max-image-preview:large","max-video-preview":"max-video-preview:-1"},"canonical":"https:\/\/www.welovecycling.com\/sk\/2020\/04\/29\/mesacna-desiatka-april-pocas-uplynulej-dekady\/","og_locale":"sk_SK","og_type":"article","og_title":"Mesa\u010dn\u00e1 desiatka - apr\u00edl po\u010das uplynulej dek\u00e1dy","og_description":"Situ\u00e1cia je tak\u00e1, ak\u00e1 je. Pre v\u00edrus sa svet uzavrel do dom\u00e1ceho re\u017eimu, \u010do nepraje ani spravodajstvu o\u00a0cyklistike. Navy\u0161e po\u010d\u00fava\u0165 [&hellip;]","og_url":"https:\/\/www.welovecycling.com\/sk\/2020\/04\/29\/mesacna-desiatka-april-pocas-uplynulej-dekady\/","og_site_name":"\u0160koda We Love Cycling Slovensko","article_published_time":"2020-04-29T11:29:13+00:00","og_image":[{"width":1380,"height":600,"url":"https:\/\/d2p6e6u75xmxt8.cloudfront.net\/4\/2020\/04\/WLC_desiatka-apr\u00edl_00.webp","type":"image\/webp"}],"twitter_card":"summary_large_image","twitter_misc":{"Written by":"WeLoveCycling","Est. reading time":"5"},"schema":{"@context":"https:\/\/schema.org","@graph":[{"@type":"WebPage","@id":"https:\/\/www.welovecycling.com\/sk\/2020\/04\/29\/mesacna-desiatka-april-pocas-uplynulej-dekady\/","url":"https:\/\/www.welovecycling.com\/sk\/2020\/04\/29\/mesacna-desiatka-april-pocas-uplynulej-dekady\/","name":"Mesa\u010dn\u00e1 desiatka - apr\u00edl po\u010das uplynulej dek\u00e1dy - \u0160koda We Love Cycling Slovensko","isPartOf":{"@id":"https:\/\/www.welovecycling.com\/sk\/#website"},"primaryImageOfPage":{"@id":"https:\/\/www.welovecycling.com\/sk\/2020\/04\/29\/mesacna-desiatka-april-pocas-uplynulej-dekady\/#primaryimage"},"image":{"@id":"https:\/\/www.welovecycling.com\/sk\/2020\/04\/29\/mesacna-desiatka-april-pocas-uplynulej-dekady\/#primaryimage"},"thumbnailUrl":"https:\/\/d2p6e6u75xmxt8.cloudfront.net\/4\/2020\/04\/WLC_desiatka-apr\u00edl_00.webp","datePublished":"2020-04-29T11:29:13+00:00","author":{"@id":""},"breadcrumb":{"@id":"https:\/\/www.welovecycling.com\/sk\/2020\/04\/29\/mesacna-desiatka-april-pocas-uplynulej-dekady\/#breadcrumb"},"inLanguage":"sk-SK","potentialAction":[{"@type":"ReadAction","target":["https:\/\/www.welovecycling.com\/sk\/2020\/04\/29\/mesacna-desiatka-april-pocas-uplynulej-dekady\/"]}]},{"@type":"ImageObject","inLanguage":"sk-SK","@id":"https:\/\/www.welovecycling.com\/sk\/2020\/04\/29\/mesacna-desiatka-april-pocas-uplynulej-dekady\/#primaryimage","url":"https:\/\/d2p6e6u75xmxt8.cloudfront.net\/4\/2020\/04\/WLC_desiatka-apr\u00edl_00.webp","contentUrl":"https:\/\/d2p6e6u75xmxt8.cloudfront.net\/4\/2020\/04\/WLC_desiatka-apr\u00edl_00.webp","width":1380,"height":600},{"@type":"BreadcrumbList","@id":"https:\/\/www.welovecycling.com\/sk\/2020\/04\/29\/mesacna-desiatka-april-pocas-uplynulej-dekady\/#breadcrumb","itemListElement":[{"@type":"ListItem","position":1,"name":"Home","item":"https:\/\/www.welovecycling.com\/sk\/"},{"@type":"ListItem","position":2,"name":"Mesa\u010dn\u00e1 desiatka &#8211; apr\u00edl po\u010das uplynulej dek\u00e1dy"}]},{"@type":"WebSite","@id":"https:\/\/www.welovecycling.com\/sk\/#website","url":"https:\/\/www.welovecycling.com\/sk\/","name":"\u0160koda We Love Cycling Slovensko","description":"\u0160koda We Love Cycling Slovensko je v\u00e1\u0161 ka\u017edodenn\u00fd zdroj noviniek a in\u0161pir\u00e1cie z sveta cyklistiky","potentialAction":[{"@type":"SearchAction","target":{"@type":"EntryPoint","urlTemplate":"https:\/\/www.welovecycling.com\/sk\/?s={search_term_string}"},"query-input":{"@type":"PropertyValueSpecification","valueRequired":true,"valueName":"search_term_string"}}],"inLanguage":"sk-SK"},{"@type":"Person","@id":"","url":"https:\/\/www.welovecycling.com\/sk\/author\/"}]}},"_links":{"self":[{"href":"https:\/\/www.welovecycling.com\/sk\/wp-json\/wp\/v2\/posts\/9820","targetHints":{"allow":["GET"]}}],"collection":[{"href":"https:\/\/www.welovecycling.com\/sk\/wp-json\/wp\/v2\/posts"}],"about":[{"href":"https:\/\/www.welovecycling.com\/sk\/wp-json\/wp\/v2\/types\/post"}],"author":[{"embeddable":true,"href":"https:\/\/www.welovecycling.com\/sk\/wp-json\/wp\/v2\/users\/81"}],"replies":[{"embeddable":true,"href":"https:\/\/www.welovecycling.com\/sk\/wp-json\/wp\/v2\/comments?post=9820"}],"version-history":[{"count":2,"href":"https:\/\/www.welovecycling.com\/sk\/wp-json\/wp\/v2\/posts\/9820\/revisions"}],"predecessor-version":[{"id":9835,"href":"https:\/\/www.welovecycling.com\/sk\/wp-json\/wp\/v2\/posts\/9820\/revisions\/9835"}],"wp:featuredmedia":[{"embeddable":true,"href":"https:\/\/www.welovecycling.com\/sk\/wp-json\/wp\/v2\/media\/9828"}],"wp:attachment":[{"href":"https:\/\/www.welovecycling.com\/sk\/wp-json\/wp\/v2\/media?parent=9820"}],"wp:term":[{"taxonomy":"category","embeddable":true,"href":"https:\/\/www.welovecycling.com\/sk\/wp-json\/wp\/v2\/categories?post=9820"},{"taxonomy":"post_tag","embeddable":true,"href":"https:\/\/www.welovecycling.com\/sk\/wp-json\/wp\/v2\/tags?post=9820"},{"taxonomy":"global-categories","embeddable":true,"href":"https:\/\/www.welovecycling.com\/sk\/wp-json\/wp\/v2\/global-categories?post=9820"}],"curies":[{"name":"wp","href":"https:\/\/api.w.org\/{rel}","templated":true}]}}