{"id":9802,"date":"2020-05-02T07:59:16","date_gmt":"2020-05-02T05:59:16","guid":{"rendered":"https:\/\/www.welovecycling.com\/sk\/?p=9802"},"modified":"2020-04-29T10:56:14","modified_gmt":"2020-04-29T08:56:14","slug":"preco-je-cyklistika-osamote-ta-najlepsia","status":"publish","type":"post","link":"https:\/\/www.welovecycling.com\/sk\/2020\/05\/02\/preco-je-cyklistika-osamote-ta-najlepsia\/","title":{"rendered":"Pre\u010do je cyklistika \u201cosamote\u201d t\u00e1 najlep\u0161ia?"},"content":{"rendered":"<p><strong>\u010ci u\u017e je to be\u017en\u00fd v\u00fdjazd s priate\u013emi alebo pl\u00e1novan\u00e1 trasa s va\u0161\u00edm lok\u00e1lnym cyklistick\u00fdm klubom, bicyklovanie v skupine m\u00f4\u017ee prinies\u0165 mnoho z\u00e1bavy. Je to rovnako mo\u017enos\u0165, ktor\u00e1 mnoh\u00fdch z n\u00e1s v s\u00fa\u010dasnosti obch\u00e1dza. A navy\u0161e sa tento stav m\u00f4\u017ee pred\u013a\u017ei\u0165 na n\u00e1m e\u0161te nezn\u00e1me obdobie. Preto sme si mysleli, \u017ee by bolo vhodn\u00e9, pozrie\u0165 sa bli\u017e\u0161ie na niektor\u00e9 z  v\u00fdhod, ktor\u00e9 pom\u00e1haj\u00fa urobi\u0165 s\u00f3lov\u00fa jazdu zados\u0165u\u010di\u0148uj\u00facim a pr\u00edjemn\u00fdm z\u00e1\u017eitkom. Povedzme si to otvorene &#8211; ak sme niekedy mali \u010das na objavovanie skuto\u010dnosti, \u017ee na\u0161\u00edm najlep\u0161\u00edm par\u0165\u00e1kom sme my sami &#8211; je to pr\u00e1ve s\u00fa\u010dasn\u00e9 obdobie. Tak\u017ee, \u010di u\u017e ste v\u017edy boli osamel\u00fdm jazdcom alebo len za\u010d\u00ednate spozn\u00e1va\u0165 pozit\u00edva s\u00f3lovej jazdy, pon\u00fakame v\u00e1m nieko\u013eko d\u00f4vodov, pre\u010do je cyklistika bez ostatn\u00fdch o\u010daruj\u00facou.<\/strong><!--more--><\/p>\n<h2><strong>Neviazanos\u0165 je to najz\u00e1kladnej\u0161ie<\/strong><\/h2>\n<p>V\u0161etci ste u\u017e po\u010das spolo\u010dnej jazdy za\u017eili pocit, kedy ste chceli odbo\u010di\u0165 z pl\u00e1novanej trasy a \u00eds\u0165 presk\u00fama\u0165 t\u00fa odbo\u010dku, na ktorej ste e\u0161te neboli alebo sa zastavi\u0165 na pr\u00edjemnom mieste, a da\u0165 si <strong>chv\u00ed\u013eu pauzu v lone pr\u00edrody<\/strong>. V pr\u00edpade, ak ste sami, nie je potrebn\u00e9 zastavova\u0165 a dohadova\u0165 sa, \u010di sa to oplat\u00ed alebo nie. Jednoducho <strong>ste sebe p\u00e1nmi<\/strong> a \u010do si zmysl\u00edte, to urob\u00edte. Taktie\u017e sa nemus\u00edte podvo\u013eova\u0165 ak\u00e9muko\u013evek spolo\u010dn\u00e9mu \u010dasu &#8211; vyraz\u00edte, kedy chcete a rovnako aj doraz\u00edte sp\u00e4\u0165. Pomaly \u010di r\u00fdchlo, p\u00e1r kilometrov alebo nieko\u013eko stoviek &#8211; <strong>je to predsa len na v\u00e1s<\/strong>. Ak aj m\u00e1te pocit, \u017ee by\u0165 nato\u013eko slobodn\u00fd je \u010diasto\u010dne desiv\u00e9 &#8211; neviete odhadn\u00fa\u0165 tempo, ko\u013eko energie potrebujete alebo profil najbli\u017e\u0161\u00edch kilometrov &#8211; st\u00e1le sa predsa m\u00f4\u017eete skontaktova\u0165 so svojimi priate\u013emi alebo n\u00e1js\u0165 radu na cyklistickom f\u00f3re. In\u0161pirujte sa in\u00fdmi a s\u00fa\u010dasne in\u0161pirujte aj vy ostatn\u00fdch. <strong>Pam\u00e4tajte si &#8211; m\u00f4\u017eete by\u0165 s\u00e1m, ale nikdy nie ste osamel\u00fd!<\/strong><\/p>\n<p>https:\/\/www.instagram.com\/p\/B-36R5VA8Uf\/<\/p>\n<h2><strong>Bez strachu, \u017ee nebudete st\u00edha\u0165<\/strong><\/h2>\n<p>Pre mnoho cyklistov je najhor\u0161\u00edm z\u00e1\u017eitkom pri jazde v skupine pocit, kedy nesta\u010d\u00edte ostatn\u00fdm a mus\u00edte sa odpoji\u0165. \u010ci u\u017e len m\u00e1te zl\u00fd de\u0148 alebo ste podcenili oddych a stravu, niekedy na to, aby ste sa s ostatn\u00fdmi udr\u017eali, jednoducho <strong>nesta\u010d\u00ed ani maxim\u00e1lne odhodlanie<\/strong>. V z\u00e1vislosti od zlo\u017eenia grupetta, v ktorom sa nach\u00e1dzate, neraz zn\u00e1\u0161ate aj \u201epriate\u013esk\u00e9\u201c nar\u00e1\u017eky na svoju osobu, zatia\u013e \u010do vy lap\u00e1te na vrchole st\u00fapania po dychu. \u017diaden z tak\u00fdchto scen\u00e1rov v\u00e1m nehroz\u00ed, ak idete sami. Ak v\u00e1m d\u00f4jde \u201epara\u201c sk\u00f4r, ne\u017e ste o\u010dak\u00e1vali, sta\u010d\u00ed len spomali\u0165 a d\u00f4js\u0165 domov o pol hodinu nesk\u00f4r. Nikomu nemus\u00edte ni\u010d dokazova\u0165 a ani sa porovn\u00e1va\u0165. <strong>Je to \u010disto va\u0161a osobn\u00e1 vec.<\/strong><\/p>\n<h2><strong>Slobodne sa ponori\u0165 do svojich my\u0161lienok<\/strong><\/h2>\n<p>Len m\u00e1lokto asi pochybuje o tom, \u017ee <strong>cyklistika m\u00f4\u017ee by\u0165 neskuto\u010dne uvo\u013e\u0148uj\u00faca<\/strong> &#8211; najm\u00e4 pre va\u0161u hlavu. St\u00e1le sa opakuj\u00faci pohyb n\u00f4h, ktor\u00fd si nevy\u017eaduje pr\u00edli\u0161n\u00fa pozornos\u0165, pom\u00e1ha zab\u00fada\u0165 na plynutie \u010dasu a nech\u00e1va v\u00e1s akoby zotrv\u00e1va\u0165 v pr\u00edtomnom momente. To je pr\u00e1ve pr\u00edle\u017eitos\u0165 pre \u201eodpojenie sa\u201c a \u201edobitie bateriek\u201c. Ak ste sami, nikto nebude tento moment preru\u0161ova\u0165 nepotrebn\u00fdmi konverz\u00e1ciami. Tento \u010das v\u00e1m pon\u00faka mo\u017enos\u0165 z\u017ei\u0165 sa so sebou vo vlastnej intimite. U\u017eite si tak chv\u00ed\u013eku skuto\u010dne svojho \u010dasu.<\/p>\n<h2><strong>Pr\u00edle\u017eitos\u0165 vybudova\u0165 si sebad\u00f4veru<\/strong><\/h2>\n<p>Ke\u010f hovor\u00edme o lep\u0161om spoznan\u00ed seba sam\u00e9ho, s\u00f3lov\u00e1 cyklistika je v\u00fdborn\u00fdm sp\u00f4sobom ako <strong>kultivova\u0165 sebaistotu a s\u00fastredi\u0165 sa na budovanie osobnosti<\/strong>. Prejs\u0165 na bicykli stovky kilometrov bez podpory je \u00faspechom, ktor\u00fd stoj\u00ed za to, aby ste si sami pogratulovali. Ak va\u0161a myse\u013e za\u010dne bl\u00fadi\u0165 po nepr\u00edjemn\u00fdch alebo nudn\u00fdch miestach, sta\u010d\u00ed, ak si pripomeniete, \u017ee rob\u00edte nie\u010do pre seba, \u010do podporuje schopnos\u0165 spo\u013eahn\u00fa\u0165 sa na seba a dok\u00e1za\u0165 rie\u0161i\u0165 probl\u00e9my. Po kr\u00e1tkom \u010dase sami pr\u00eddete na to, \u017ee existuje mnoho vec\u00ed, <strong>z ktor\u00fdch budete ma\u0165 rados<\/strong>\u0165.<\/p>\n<p>https:\/\/www.instagram.com\/p\/B9re6uPAceY\/<\/p>\n<h2><strong>Dok\u00e1za\u0165 plni\u0165 svoj tr\u00e9ningov\u00fd pl\u00e1n<\/strong><\/h2>\n<p>V pr\u00edpade, \u017ee ste mali probl\u00e9my n\u00e1js\u0165 si priestor a \u010das pre to, aby ste sa plnohodnotne s\u00fastredili na svoj osobn\u00fd tr\u00e9ningov\u00fd pl\u00e1n, teraz je t\u00e1 chv\u00ed\u013ea, kedy to m\u00f4\u017eete dobehn\u00fa\u0165. Cyklistika bez partnerov <strong>pon\u00faka ide\u00e1lne podmienky<\/strong> na to, aby ste sa koncentrovali na intervalov\u00e9 \u00faseky, zlep\u0161ovanie sa v st\u00fapaniach alebo \u0161printovanie. Rovnako v\u00e1m poskytuje flexibilitu prisp\u00f4sobi\u0165 tr\u00e9ning tomu, ako sa va\u0161e telo v konkr\u00e9tny de\u0148 c\u00edti. Ur\u010dite mo\u017eno budete musie\u0165 popracova\u0165 na tom, aby ste vykompenzovali atmosf\u00e9ru a energiu, ktor\u00fa v\u00e1m dod\u00e1va jazda v skupine. Av\u0161ak, ak sa s\u00fastred\u00edte na jeden d\u00f4le\u017eit\u00fd cie\u013e, dozaista ocen\u00edte mo\u017enos\u0165 plne sa mu odda\u0165, bez potreby s\u00fastredi\u0165 sa aj na z\u00e1ujmy skupiny.<\/p>\n<h2><strong>Hlavne v\u0161ak nezabudnite na bezpe\u010dnos\u0165!<\/strong><\/h2>\n<p>V\u0161etko to, \u010do u\u017e bolo povedan\u00e9, s\u00favis\u00ed s jednou z\u00e1kladnou vecou: <strong>jazda osamote znamen\u00e1 v\u00e4\u010d\u0161iu d\u00e1vku pozornosti a zv\u00fd\u0161en\u00fa bezpe\u010dnos\u0165<\/strong>. Aj v dobe zn\u00ed\u017eenej prem\u00e1vky a povinn\u00e9ho dodr\u017eiavania odstupov jeden od druh\u00e9ho, existuje nieko\u013eko nebezpe\u010d\u00ed, na ktor\u00e9 by ste nemali zab\u00fada\u0165. Ke\u010f sa vyd\u00e1vate do pr\u00edrody sami, dbajte na to, aby ste boli poriadne pripraven\u00ed na to, \u010do v\u00e1s m\u00f4\u017ee \u010daka\u0165. Rovnako sa nevystavujte nadmern\u00e9mu riziku. Vo v\u0161etkom je v\u0161ak potrebn\u00e9 n\u00e1js\u0165 stredn\u00fa cestu &#8211; <strong>skombinova\u0165 slobodu so zodpovednos\u0165ou<\/strong>.<\/p>\n","protected":false},"excerpt":{"rendered":"<p>\u010ci u\u017e je to be\u017en\u00fd v\u00fdjazd s priate\u013emi alebo pl\u00e1novan\u00e1 trasa s va\u0161\u00edm lok\u00e1lnym cyklistick\u00fdm klubom, bicyklovanie v skupine m\u00f4\u017ee [&hellip;]<\/p>\n","protected":false},"author":81,"featured_media":9805,"comment_status":"open","ping_status":"open","sticky":false,"template":"","format":"standard","meta":{"footnotes":""},"categories":[4],"tags":[62,559,619,794,275,115,487,597,546,1191,532,767,793,826,1089,1006,1109,55,883,318,183,1117,161,623],"global-categories":[],"class_list":["post-9802","post","type-post","status-publish","format-standard","has-post-thumbnail","hentry","category-cestna-cyklisitika","tag-bezpecnost","tag-bicykel","tag-bicyklovanie","tag-cas","tag-cesta","tag-cestna-cyklistika","tag-cestny-bicykel","tag-cyklista","tag-cyklistika","tag-jazda","tag-jazdenie","tag-motivacia","tag-planovanie","tag-radost","tag-solo-jazda","tag-sprinter","tag-stupanie","tag-trening","tag-uspech","tag-vyjazd","tag-zabava","tag-zazitok","tag-zdravie","tag-zdravy-zivotny-styl"],"yoast_head":"<!-- This site is optimized with the Yoast SEO Premium plugin v25.3 (Yoast SEO v25.9) - https:\/\/yoast.com\/wordpress\/plugins\/seo\/ -->\n<title>Pre\u010do je cyklistika \u201cosamote\u201d t\u00e1 najlep\u0161ia? - \u0160koda We Love Cycling Slovensko<\/title>\n<meta name=\"robots\" content=\"index, follow, max-snippet:-1, max-image-preview:large, max-video-preview:-1\" \/>\n<link rel=\"canonical\" href=\"https:\/\/www.welovecycling.com\/sk\/2020\/05\/02\/preco-je-cyklistika-osamote-ta-najlepsia\/\" \/>\n<meta property=\"og:locale\" content=\"sk_SK\" \/>\n<meta property=\"og:type\" content=\"article\" \/>\n<meta property=\"og:title\" content=\"Pre\u010do je cyklistika \u201cosamote\u201d t\u00e1 najlep\u0161ia?\" \/>\n<meta property=\"og:description\" content=\"\u010ci u\u017e je to be\u017en\u00fd v\u00fdjazd s priate\u013emi alebo pl\u00e1novan\u00e1 trasa s va\u0161\u00edm lok\u00e1lnym cyklistick\u00fdm klubom, bicyklovanie v skupine m\u00f4\u017ee [&hellip;]\" \/>\n<meta property=\"og:url\" content=\"https:\/\/www.welovecycling.com\/sk\/2020\/05\/02\/preco-je-cyklistika-osamote-ta-najlepsia\/\" \/>\n<meta property=\"og:site_name\" content=\"\u0160koda We Love Cycling Slovensko\" \/>\n<meta property=\"article:published_time\" content=\"2020-05-02T05:59:16+00:00\" \/>\n<meta property=\"og:image\" content=\"https:\/\/d2p6e6u75xmxt8.cloudfront.net\/4\/2020\/04\/Solo-Cycling-CVR-profimedia-0513759448.webp\" \/>\n\t<meta property=\"og:image:width\" content=\"1366\" \/>\n\t<meta property=\"og:image:height\" content=\"600\" \/>\n\t<meta property=\"og:image:type\" content=\"image\/webp\" \/>\n<meta name=\"twitter:card\" content=\"summary_large_image\" \/>\n<meta name=\"twitter:label1\" content=\"Written by\" \/>\n\t<meta name=\"twitter:data1\" content=\"Megan Flottorp\" \/>\n\t<meta name=\"twitter:label2\" content=\"Est. reading time\" \/>\n\t<meta name=\"twitter:data2\" content=\"7\" \/>\n<script type=\"application\/ld+json\" class=\"yoast-schema-graph\">{\"@context\":\"https:\/\/schema.org\",\"@graph\":[{\"@type\":\"WebPage\",\"@id\":\"https:\/\/www.welovecycling.com\/sk\/2020\/05\/02\/preco-je-cyklistika-osamote-ta-najlepsia\/\",\"url\":\"https:\/\/www.welovecycling.com\/sk\/2020\/05\/02\/preco-je-cyklistika-osamote-ta-najlepsia\/\",\"name\":\"Pre\u010do je cyklistika \u201cosamote\u201d t\u00e1 najlep\u0161ia? - \u0160koda We Love Cycling Slovensko\",\"isPartOf\":{\"@id\":\"https:\/\/www.welovecycling.com\/sk\/#website\"},\"primaryImageOfPage\":{\"@id\":\"https:\/\/www.welovecycling.com\/sk\/2020\/05\/02\/preco-je-cyklistika-osamote-ta-najlepsia\/#primaryimage\"},\"image\":{\"@id\":\"https:\/\/www.welovecycling.com\/sk\/2020\/05\/02\/preco-je-cyklistika-osamote-ta-najlepsia\/#primaryimage\"},\"thumbnailUrl\":\"https:\/\/d2p6e6u75xmxt8.cloudfront.net\/4\/2020\/04\/Solo-Cycling-CVR-profimedia-0513759448.webp\",\"datePublished\":\"2020-05-02T05:59:16+00:00\",\"author\":{\"@id\":\"\"},\"breadcrumb\":{\"@id\":\"https:\/\/www.welovecycling.com\/sk\/2020\/05\/02\/preco-je-cyklistika-osamote-ta-najlepsia\/#breadcrumb\"},\"inLanguage\":\"sk-SK\",\"potentialAction\":[{\"@type\":\"ReadAction\",\"target\":[\"https:\/\/www.welovecycling.com\/sk\/2020\/05\/02\/preco-je-cyklistika-osamote-ta-najlepsia\/\"]}]},{\"@type\":\"ImageObject\",\"inLanguage\":\"sk-SK\",\"@id\":\"https:\/\/www.welovecycling.com\/sk\/2020\/05\/02\/preco-je-cyklistika-osamote-ta-najlepsia\/#primaryimage\",\"url\":\"https:\/\/d2p6e6u75xmxt8.cloudfront.net\/4\/2020\/04\/Solo-Cycling-CVR-profimedia-0513759448.webp\",\"contentUrl\":\"https:\/\/d2p6e6u75xmxt8.cloudfront.net\/4\/2020\/04\/Solo-Cycling-CVR-profimedia-0513759448.webp\",\"width\":1366,\"height\":600},{\"@type\":\"BreadcrumbList\",\"@id\":\"https:\/\/www.welovecycling.com\/sk\/2020\/05\/02\/preco-je-cyklistika-osamote-ta-najlepsia\/#breadcrumb\",\"itemListElement\":[{\"@type\":\"ListItem\",\"position\":1,\"name\":\"Home\",\"item\":\"https:\/\/www.welovecycling.com\/sk\/\"},{\"@type\":\"ListItem\",\"position\":2,\"name\":\"Pre\u010do je cyklistika \u201cosamote\u201d t\u00e1 najlep\u0161ia?\"}]},{\"@type\":\"WebSite\",\"@id\":\"https:\/\/www.welovecycling.com\/sk\/#website\",\"url\":\"https:\/\/www.welovecycling.com\/sk\/\",\"name\":\"\u0160koda We Love Cycling Slovensko\",\"description\":\"\u0160koda We Love Cycling Slovensko je v\u00e1\u0161 ka\u017edodenn\u00fd zdroj noviniek a in\u0161pir\u00e1cie z sveta cyklistiky\",\"potentialAction\":[{\"@type\":\"SearchAction\",\"target\":{\"@type\":\"EntryPoint\",\"urlTemplate\":\"https:\/\/www.welovecycling.com\/sk\/?s={search_term_string}\"},\"query-input\":{\"@type\":\"PropertyValueSpecification\",\"valueRequired\":true,\"valueName\":\"search_term_string\"}}],\"inLanguage\":\"sk-SK\"},{\"@type\":\"Person\",\"@id\":\"\",\"url\":\"https:\/\/www.welovecycling.com\/sk\/author\/\"}]}<\/script>\n<!-- \/ Yoast SEO Premium plugin. -->","yoast_head_json":{"title":"Pre\u010do je cyklistika \u201cosamote\u201d t\u00e1 najlep\u0161ia? - \u0160koda We Love Cycling Slovensko","robots":{"index":"index","follow":"follow","max-snippet":"max-snippet:-1","max-image-preview":"max-image-preview:large","max-video-preview":"max-video-preview:-1"},"canonical":"https:\/\/www.welovecycling.com\/sk\/2020\/05\/02\/preco-je-cyklistika-osamote-ta-najlepsia\/","og_locale":"sk_SK","og_type":"article","og_title":"Pre\u010do je cyklistika \u201cosamote\u201d t\u00e1 najlep\u0161ia?","og_description":"\u010ci u\u017e je to be\u017en\u00fd v\u00fdjazd s priate\u013emi alebo pl\u00e1novan\u00e1 trasa s va\u0161\u00edm lok\u00e1lnym cyklistick\u00fdm klubom, bicyklovanie v skupine m\u00f4\u017ee [&hellip;]","og_url":"https:\/\/www.welovecycling.com\/sk\/2020\/05\/02\/preco-je-cyklistika-osamote-ta-najlepsia\/","og_site_name":"\u0160koda We Love Cycling Slovensko","article_published_time":"2020-05-02T05:59:16+00:00","og_image":[{"width":1366,"height":600,"url":"https:\/\/d2p6e6u75xmxt8.cloudfront.net\/4\/2020\/04\/Solo-Cycling-CVR-profimedia-0513759448.webp","type":"image\/webp"}],"twitter_card":"summary_large_image","twitter_misc":{"Written by":"Megan Flottorp","Est. reading time":"7"},"schema":{"@context":"https:\/\/schema.org","@graph":[{"@type":"WebPage","@id":"https:\/\/www.welovecycling.com\/sk\/2020\/05\/02\/preco-je-cyklistika-osamote-ta-najlepsia\/","url":"https:\/\/www.welovecycling.com\/sk\/2020\/05\/02\/preco-je-cyklistika-osamote-ta-najlepsia\/","name":"Pre\u010do je cyklistika \u201cosamote\u201d t\u00e1 najlep\u0161ia? - \u0160koda We Love Cycling Slovensko","isPartOf":{"@id":"https:\/\/www.welovecycling.com\/sk\/#website"},"primaryImageOfPage":{"@id":"https:\/\/www.welovecycling.com\/sk\/2020\/05\/02\/preco-je-cyklistika-osamote-ta-najlepsia\/#primaryimage"},"image":{"@id":"https:\/\/www.welovecycling.com\/sk\/2020\/05\/02\/preco-je-cyklistika-osamote-ta-najlepsia\/#primaryimage"},"thumbnailUrl":"https:\/\/d2p6e6u75xmxt8.cloudfront.net\/4\/2020\/04\/Solo-Cycling-CVR-profimedia-0513759448.webp","datePublished":"2020-05-02T05:59:16+00:00","author":{"@id":""},"breadcrumb":{"@id":"https:\/\/www.welovecycling.com\/sk\/2020\/05\/02\/preco-je-cyklistika-osamote-ta-najlepsia\/#breadcrumb"},"inLanguage":"sk-SK","potentialAction":[{"@type":"ReadAction","target":["https:\/\/www.welovecycling.com\/sk\/2020\/05\/02\/preco-je-cyklistika-osamote-ta-najlepsia\/"]}]},{"@type":"ImageObject","inLanguage":"sk-SK","@id":"https:\/\/www.welovecycling.com\/sk\/2020\/05\/02\/preco-je-cyklistika-osamote-ta-najlepsia\/#primaryimage","url":"https:\/\/d2p6e6u75xmxt8.cloudfront.net\/4\/2020\/04\/Solo-Cycling-CVR-profimedia-0513759448.webp","contentUrl":"https:\/\/d2p6e6u75xmxt8.cloudfront.net\/4\/2020\/04\/Solo-Cycling-CVR-profimedia-0513759448.webp","width":1366,"height":600},{"@type":"BreadcrumbList","@id":"https:\/\/www.welovecycling.com\/sk\/2020\/05\/02\/preco-je-cyklistika-osamote-ta-najlepsia\/#breadcrumb","itemListElement":[{"@type":"ListItem","position":1,"name":"Home","item":"https:\/\/www.welovecycling.com\/sk\/"},{"@type":"ListItem","position":2,"name":"Pre\u010do je cyklistika \u201cosamote\u201d t\u00e1 najlep\u0161ia?"}]},{"@type":"WebSite","@id":"https:\/\/www.welovecycling.com\/sk\/#website","url":"https:\/\/www.welovecycling.com\/sk\/","name":"\u0160koda We Love Cycling Slovensko","description":"\u0160koda We Love Cycling Slovensko je v\u00e1\u0161 ka\u017edodenn\u00fd zdroj noviniek a in\u0161pir\u00e1cie z sveta cyklistiky","potentialAction":[{"@type":"SearchAction","target":{"@type":"EntryPoint","urlTemplate":"https:\/\/www.welovecycling.com\/sk\/?s={search_term_string}"},"query-input":{"@type":"PropertyValueSpecification","valueRequired":true,"valueName":"search_term_string"}}],"inLanguage":"sk-SK"},{"@type":"Person","@id":"","url":"https:\/\/www.welovecycling.com\/sk\/author\/"}]}},"_links":{"self":[{"href":"https:\/\/www.welovecycling.com\/sk\/wp-json\/wp\/v2\/posts\/9802","targetHints":{"allow":["GET"]}}],"collection":[{"href":"https:\/\/www.welovecycling.com\/sk\/wp-json\/wp\/v2\/posts"}],"about":[{"href":"https:\/\/www.welovecycling.com\/sk\/wp-json\/wp\/v2\/types\/post"}],"author":[{"embeddable":true,"href":"https:\/\/www.welovecycling.com\/sk\/wp-json\/wp\/v2\/users\/81"}],"replies":[{"embeddable":true,"href":"https:\/\/www.welovecycling.com\/sk\/wp-json\/wp\/v2\/comments?post=9802"}],"version-history":[{"count":2,"href":"https:\/\/www.welovecycling.com\/sk\/wp-json\/wp\/v2\/posts\/9802\/revisions"}],"predecessor-version":[{"id":9810,"href":"https:\/\/www.welovecycling.com\/sk\/wp-json\/wp\/v2\/posts\/9802\/revisions\/9810"}],"wp:featuredmedia":[{"embeddable":true,"href":"https:\/\/www.welovecycling.com\/sk\/wp-json\/wp\/v2\/media\/9805"}],"wp:attachment":[{"href":"https:\/\/www.welovecycling.com\/sk\/wp-json\/wp\/v2\/media?parent=9802"}],"wp:term":[{"taxonomy":"category","embeddable":true,"href":"https:\/\/www.welovecycling.com\/sk\/wp-json\/wp\/v2\/categories?post=9802"},{"taxonomy":"post_tag","embeddable":true,"href":"https:\/\/www.welovecycling.com\/sk\/wp-json\/wp\/v2\/tags?post=9802"},{"taxonomy":"global-categories","embeddable":true,"href":"https:\/\/www.welovecycling.com\/sk\/wp-json\/wp\/v2\/global-categories?post=9802"}],"curies":[{"name":"wp","href":"https:\/\/api.w.org\/{rel}","templated":true}]}}