{"id":9789,"date":"2020-04-24T08:40:55","date_gmt":"2020-04-24T06:40:55","guid":{"rendered":"https:\/\/www.welovecycling.com\/sk\/?p=9789"},"modified":"2020-04-21T08:41:06","modified_gmt":"2020-04-21T06:41:06","slug":"the-athertons-surodenci-na-horskych-bicykloch","status":"publish","type":"post","link":"https:\/\/www.welovecycling.com\/sk\/2020\/04\/24\/the-athertons-surodenci-na-horskych-bicykloch\/","title":{"rendered":"The Athertons \u2013 s\u00farodenci na horsk\u00fdch bicykloch"},"content":{"rendered":"<p><strong>Najsl\u00e1vnej\u0161\u00ed s\u00farodenci v\u00a0kateg\u00f3rii horskej cyklistiky &#8211; dvaja bratia a jedna\u00a0sestra. Ka\u017ed\u00fd z\u00a0nich je osobnos\u0165, ka\u017ed\u00fd je svojsk\u00fdm sp\u00f4sobom talentovan\u00fd.  Dan, Gee a\u00a0Rachel Atherton. V pr\u00edpade niektor\u00fdch sl\u00e1vnych a\u00a0\u00faspe\u0161n\u00fdch \u0161portovcov tomu bolo tak, \u017ee k \u0161portu ich viedli a\u00a0mo\u017eno dokonca n\u00fatili rodi\u010dia. V tejto rodine cel\u00e9 nad\u0161enie pre cyklistiku priniesol najstar\u0161\u00ed brat Dan.<\/strong><!--more--><\/p>\n<p>Dan ako die\u0165a, nad\u0161ene jazdil BMX, ale v podstate jazdil na \u010domko\u013evek, <strong>\u010do mu poskytlo p\u00f4\u017eitok z r\u00fdchlosti<\/strong>. \u010coskoro sa za\u010dal z\u00fa\u010dast\u0148ova\u0165 na region\u00e1lnych pretekoch a\u00a0dokonca ich vyhr\u00e1val. Samozrejme, cel\u00e1 rodina chodila na preteky s n\u00edm a tam niekde sa zrodilo nad\u0161enie aj ostatn\u00fdch s\u00farodencov, akt\u00edvne podporovan\u00e9 z Danovej strany.\u00a0<strong>Rachel za\u010dala jazdi\u0165 u\u017e ako osemro\u010dn\u00e1.<\/strong><\/p>\n<p>Ke\u010f sa rodina pres\u0165ahovala do Devonu, nastal probl\u00e9m, \u017ee v okol\u00ed neboli \u017eiadne mo\u017enosti pre BMX, a tak sa preorientovali na MTB. \u0160pecializovali sa na <strong>four-cross a downhill<\/strong>.\u00a0Ve\u013ek\u00e9 \u0161\u0165astie mali aj v\u00a0rodi\u010doch, ktor\u00ed boli dostato\u010dne hippie, aby im dovolili robi\u0165 tieto discipl\u00edny a tr\u00e1vili spolu vonku ve\u013ea \u010dasu.\u00a0<em>\u201dJe to skvel\u00e9, navz\u00e1jom sa motivujeme a\u00a0tla\u010d\u00edme k\u00a0lep\u0161\u00edm v\u00fdkonom,\u201d<\/em> poznamen\u00e1va jeden zo s\u00faredencov.<\/p>\n<figure id=\"attachment_9792\" aria-describedby=\"caption-attachment-9792\" style=\"width: 1200px\" class=\"wp-caption alignnone\"><a href=\"https:\/\/d2p6e6u75xmxt8.cloudfront.net\/4\/2020\/04\/The-Athertons_01.jpg\"><img loading=\"lazy\" decoding=\"async\" src=\"https:\/\/d2p6e6u75xmxt8.cloudfront.net\/4\/2020\/04\/The-Athertons_01.jpg\" alt=\"\" width=\"1200\" height=\"800\" class=\"size-full wp-image-9792\" \/><\/a><figcaption id=\"caption-attachment-9792\" class=\"wp-caption-text\">Foto: Nathan Gallagher\/Red Bull Content Pool<\/figcaption><\/figure>\n<h2><strong>Zr\u00e1\u017eka s autom<\/strong><\/h2>\n<p>Tento druh \u0161portu si v\u0161ak vyber\u00e1 svoju da\u0148 v\u00a0podobe men\u0161\u00edch \u010di v\u00e4\u010d\u0161\u00edch zranen\u00ed. Tie v\u00e4\u010d\u0161ie a\u00a0v\u00e1\u017enej\u0161ie dok\u00e1\u017eu ohrozi\u0165 nielen aktu\u00e1lnu sez\u00f3nu, ale \u010dasto aj cel\u00fa kari\u00e9ru. Tak to bolo aj v\u00a0roku 2010, ke\u010f mal <strong>Dan v\u00e1\u017ene zranenie a\u00a0zlomil si dva stavce v\u00a0kr\u010dnej chrbtici<\/strong>. Zranenie ohrozovalo jeho \u017eivot a\u00a0chv\u00ed\u013eami v\u00e1\u017ene uva\u017eoval, \u017ee s\u00a0jazden\u00edm skon\u010d\u00ed. Napriek tomu, v\u0161ak v\u00a0sebe znovu objavil chu\u0165 preteka\u0165.  <\/p>\n<p>V roku 2009 po\u010das tr\u00e9ningu v\u00a0Kalifornii, mala Rachel <strong>v\u00e1\u017eny \u00faraz hlavy<\/strong>, po zr\u00e1\u017eke s autom a vynechala cel\u00fa sez\u00f3nu. Gee takisto prizn\u00e1va, \u017ee u\u017e s\u00a0t\u00fdm chcel nieko\u013ekokr\u00e1t skon\u010di\u0165, hlavne ke\u010f bol zranen\u00fd, alebo v\u00a0momentoch, ke\u010f prist\u00e1l v\u00a0prachu a\u00a0blate. Na druh\u00fa stranu, ale st\u00e1le miluje ten adrenal\u00edn, miluje to, \u010do rob\u00ed.<\/p>\n<h2><strong>Vlastn\u00e1 zna\u010dka bicyklov<\/strong><\/h2>\n<p>Od roku 2007 jazdili pre Animal Commen\u00e7al, v roku 2012 podp\u00edsali zmluvu s GT Bicycles a v roku 2015 s Trek Bikes. Nakoniec za\u010diatkom roku 2019 <strong>ukon\u010dili aj t\u00fato spolupr\u00e1cu a\u00a0cel\u00fd svet \u010dakal, s\u00a0akou zna\u010dkou podp\u00ed\u0161u zmluvu tentokr\u00e1t<\/strong>.<\/p>\n<p>V\u0161etk\u00fdch prekvapili spr\u00e1vou, ktor\u00fa nikto ne\u010dakal. Uviedli na trh vlastn\u00fa zna\u010dku bicyklov <strong>Atherton Bikes<\/strong>. Na ich v\u00fdvoji spolupracovali s\u00a0viacer\u00fdmi ve\u013ek\u00fdmi menami, ako napr\u00edklad Dave Weagle, ktor\u00fd vyvinul zn\u00e1my syst\u00e9m pru\u017eenia DW-link. Finan\u010dne podporil zna\u010dku aj Piers Linney, podnikate\u013e zn\u00e1my z\u00a0telev\u00edznej rel\u00e1cie Dragons\u00b4 Den. Bicykle chc\u00fa pred\u00e1va\u0165 priamo cez ich web str\u00e1nky do cel\u00e9ho sveta. Chc\u00fa zaru\u010di\u0165 t\u00fa <strong>najlep\u0161iu cenu a spo\u013eahliv\u00fd servis<\/strong>.<\/p>\n<p>Dobr\u00e1 spr\u00e1va je, \u017ee bicykle, ktor\u00e9 bud\u00fa pon\u00faka\u0165 pre verejnos\u0165, bud\u00fa ma\u0165 rovnak\u00e9 komponenty ako tie, na ktor\u00fdch jazdia na pretekoch. V\u017edy ich roz\u010du\u013eovalo, pre\u010do in\u00e9 zna\u010dky pon\u00fakaj\u00fa rozdielne modely pre pretek\u00e1rov a\u00a0in\u00e9 pre masov\u00fd predaj.\u00a0Dokonca vyv\u00edjaj\u00fa aj ebike a Rachel, ako spr\u00e1vna \u017eena, sa zauj\u00edma aj o v\u00fdvoj detsk\u00fdch bicyklov.<\/p>\n<figure id=\"attachment_9793\" aria-describedby=\"caption-attachment-9793\" style=\"width: 1200px\" class=\"wp-caption alignnone\"><a href=\"https:\/\/d2p6e6u75xmxt8.cloudfront.net\/4\/2020\/04\/The-Athertons_02.jpg\"><img loading=\"lazy\" decoding=\"async\" src=\"https:\/\/d2p6e6u75xmxt8.cloudfront.net\/4\/2020\/04\/The-Athertons_02.jpg\" alt=\"\" width=\"1200\" height=\"800\" class=\"size-full wp-image-9793\" \/><\/a><figcaption id=\"caption-attachment-9793\" class=\"wp-caption-text\">Foto: Nathan Gallagher\/Red Bull Content Pool<\/figcaption><\/figure>\n<h2><strong>Dyfi Bike Park<\/strong><\/h2>\n<p>Dyfi Bike Park je projekt, ktor\u00fd pripravovali nieko\u013eko rokov a <strong>nach\u00e1dza sa vo Walese, kde moment\u00e1lne \u017eij\u00fa<\/strong>. Po tom, \u010do sa tam pris\u0165ahovali, na\u0161li v okol\u00ed najvy\u0161\u0161\u00ed vrch a vybrali sa tam na vych\u00e1dzku, aby zv\u00e1\u017eili mo\u017enosti vybudovania trate.\u00a0Ich snom je usporiada\u0165 v\u00a0bikeparku Svetov\u00fd poh\u00e1r. Po vybudovan\u00ed je Dyfi Bike Park otvoren\u00fd pre verejnos\u0165 a <strong>pon\u00faka \u0161tyri zauj\u00edmav\u00e9 trate<\/strong>, na ktor\u00fdch si u\u017eijete ve\u013ea adrenal\u00ednu a z\u00e1bavy. Zjazd dolu be\u017en\u00e9mu smrte\u013en\u00edkovi trv\u00e1 pribli\u017ene 10 a\u017e 12 min\u00fat, ale napr\u00edklad tak\u00fd Dan Atherton to d\u00e1va za 4 a pol min\u00faty. Len v\u00e1s pros\u00edm, nesk\u00fa\u0161ajte dosiahnu\u0165 jeho \u010das, mohli by ste skon\u010di\u0165 v nemocnici.\u00a0<\/p>\n<p>Po rokoch \u00faspechov a mno\u017estve v\u00ed\u0165azstiev, <strong>chc\u00fa tomuto \u0161portu vr\u00e1ti\u0165 sp\u00e4\u0165 aspo\u0148 \u010das\u0165 z\u00a0toho, \u010do im priniesol<\/strong>. Tak sa pustili okrem bikeparku aj do projektu Atherton Academy, v\u00a0ktorom sa venuj\u00fa mlad\u00fdm talentom.\u00a0<\/p>\n<h2><strong>V\u00ed\u0165azstv\u00e1<\/strong><\/h2>\n<p>T\u00edto s\u00farodenci maj\u00fa obrovsk\u00e9 mno\u017estvo v\u00ed\u0165azstiev a medail\u00ed. Pre porovnanie, len samotn\u00e1 Rachel m\u00e1 desa\u0165 v\u00ed\u0165azstiev zo Svetov\u00fdch poh\u00e1rov.\u00a0Tie\u017e z\u00edskala ocenenie ako najlep\u0161ia downhill bajkerka v\u0161etk\u00fdch \u010dias. Dokonca m\u00e1 aj jednu zauj\u00edmav\u00fa s\u00faperku &#8211; <strong>Tahn\u00e9e Seagrave<\/strong>, ktor\u00e1 v\u00a0\u010dase, ke\u010f Rachel z\u00edskavala u\u017e ocenenia na t\u00fdch najv\u00e4\u010d\u0161\u00edch s\u00fa\u0165a\u017eiach, bola e\u0161te len mal\u00e9 diev\u010datko. <strong>Teraz u\u017e spolu s\u00faperia na spolo\u010dn\u00fdch podujatiach.<\/strong><\/p>\n<figure id=\"attachment_9794\" aria-describedby=\"caption-attachment-9794\" style=\"width: 1200px\" class=\"wp-caption alignnone\"><a href=\"https:\/\/d2p6e6u75xmxt8.cloudfront.net\/4\/2020\/04\/The-Athertons_03.jpg\"><img loading=\"lazy\" decoding=\"async\" src=\"https:\/\/d2p6e6u75xmxt8.cloudfront.net\/4\/2020\/04\/The-Athertons_03.jpg\" alt=\"\" width=\"1200\" height=\"800\" class=\"size-full wp-image-9794\" \/><\/a><figcaption id=\"caption-attachment-9794\" class=\"wp-caption-text\">Foto: Nathan Gallagher\/Red Bull Content Pool<\/figcaption><\/figure>\n<h2><strong>D\u00fahov\u00e9 dresy vo vt\u00e1\u010dej klietke<\/strong><\/h2>\n<p>Svetov\u00e9 poh\u00e1re jazdia u\u017e dvadsa\u0165 rokov a <strong>stali sa legendami<\/strong>. Ke\u010f sa r\u00fatia dolu tra\u0165ou, nevn\u00edmaj\u00fa okolie a c\u00edtia sa ako v medit\u00e1cii. Vn\u00edmaj\u00fa svoj dych, ka\u017ed\u00fd k\u00fasok svojho tela a ke\u010f pretn\u00fa cie\u013eov\u00fa p\u00e1sku, trv\u00e1 im nejak\u00fd \u010das, k\u00fdm si uvedomia, \u010do sa okolo nich deje. Je to skvel\u00fd sp\u00f4sob, ako vypn\u00fa\u0165 a aspo\u0148 na chv\u00ed\u013eu na ni\u010d nemyslie\u0165 a netr\u00e1pi\u0165 sa zbyto\u010dnos\u0165ami.<\/p>\n<p>Rachel je ozna\u010dovan\u00e1 ako kr\u00e1\u013eovn\u00e1 downhill a osobne si mysl\u00ed, \u017ee pl\u00e1novanie svadby je ove\u013ea viac stresuj\u00face, ako zvl\u00e1dnu\u0165 preteky.\u00a0Zauj\u00edmavos\u0165ou je, \u017ee svoje d\u00fahov\u00e9 dresy nem\u00e1 zar\u00e1movan\u00e9 na stene, ale m\u00e1 ich odlo\u017een\u00e9 vo vt\u00e1\u010dej klietke. <strong>\u00c1no \u010d\u00edtate dobre &#8211; vo vt\u00e1\u010dej klietke.<\/strong> Je to skuto\u010dne origin\u00e1lny n\u00e1pad, ale d\u00f4vodom je aj to, \u017ee si ich rada vyberie, aby si pripomenula chv\u00edle ke\u010f tieto dresy z\u00edskala.<\/p>\n<p>(zdroj tituln\u00e1 fotografia: Nathan Gallagher\/Red Bull Content Pool)<\/p>\n","protected":false},"excerpt":{"rendered":"<p>Najsl\u00e1vnej\u0161\u00ed s\u00farodenci v\u00a0kateg\u00f3rii horskej cyklistiky &#8211; dvaja bratia a jedna\u00a0sestra. Ka\u017ed\u00fd z\u00a0nich je osobnos\u0165, ka\u017ed\u00fd je svojsk\u00fdm sp\u00f4sobom talentovan\u00fd. Dan, [&hellip;]<\/p>\n","protected":false},"author":81,"featured_media":9791,"comment_status":"open","ping_status":"open","sticky":false,"template":"","format":"standard","meta":{"footnotes":""},"categories":[3],"tags":[319,809,62,626,180,532,767,412,179,302,813,237,55,696,269,886,183,161],"global-categories":[1074],"class_list":["post-9789","post","type-post","status-publish","format-standard","has-post-thumbnail","hentry","category-mtb","tag-adrenalin","tag-athertonovci","tag-bezpecnost","tag-bmx","tag-horska-cyklistika","tag-jazdenie","tag-motivacia","tag-mtb","tag-preteky","tag-red-bull","tag-sport","tag-trail","tag-trening","tag-uraz","tag-vitaz","tag-vitazstvo","tag-zabava","tag-zdravie","global-categories-cycling"],"yoast_head":"<!-- This site is optimized with the Yoast SEO Premium plugin v25.3 (Yoast SEO v25.9) - https:\/\/yoast.com\/wordpress\/plugins\/seo\/ -->\n<title>The Athertons \u2013 s\u00farodenci na horsk\u00fdch bicykloch - \u0160koda We Love Cycling Slovensko<\/title>\n<meta name=\"robots\" content=\"index, follow, max-snippet:-1, max-image-preview:large, max-video-preview:-1\" \/>\n<link rel=\"canonical\" href=\"https:\/\/www.welovecycling.com\/sk\/2020\/04\/24\/the-athertons-surodenci-na-horskych-bicykloch\/\" \/>\n<meta property=\"og:locale\" content=\"sk_SK\" \/>\n<meta property=\"og:type\" content=\"article\" \/>\n<meta property=\"og:title\" content=\"The Athertons \u2013 s\u00farodenci na horsk\u00fdch bicykloch\" \/>\n<meta property=\"og:description\" content=\"Najsl\u00e1vnej\u0161\u00ed s\u00farodenci v\u00a0kateg\u00f3rii horskej cyklistiky &#8211; dvaja bratia a jedna\u00a0sestra. Ka\u017ed\u00fd z\u00a0nich je osobnos\u0165, ka\u017ed\u00fd je svojsk\u00fdm sp\u00f4sobom talentovan\u00fd. Dan, [&hellip;]\" \/>\n<meta property=\"og:url\" content=\"https:\/\/www.welovecycling.com\/sk\/2020\/04\/24\/the-athertons-surodenci-na-horskych-bicykloch\/\" \/>\n<meta property=\"og:site_name\" content=\"\u0160koda We Love Cycling Slovensko\" \/>\n<meta property=\"article:published_time\" content=\"2020-04-24T06:40:55+00:00\" \/>\n<meta property=\"og:image\" content=\"https:\/\/d2p6e6u75xmxt8.cloudfront.net\/4\/2020\/04\/The-Athertons_00.webp\" \/>\n\t<meta property=\"og:image:width\" content=\"1380\" \/>\n\t<meta property=\"og:image:height\" content=\"600\" \/>\n\t<meta property=\"og:image:type\" content=\"image\/webp\" \/>\n<meta name=\"twitter:card\" content=\"summary_large_image\" \/>\n<meta name=\"twitter:label1\" content=\"Written by\" \/>\n\t<meta name=\"twitter:data1\" content=\"Radovan Vr\u0161ka\" \/>\n\t<meta name=\"twitter:label2\" content=\"Est. reading time\" \/>\n\t<meta name=\"twitter:data2\" content=\"5\" \/>\n<script type=\"application\/ld+json\" class=\"yoast-schema-graph\">{\"@context\":\"https:\/\/schema.org\",\"@graph\":[{\"@type\":\"WebPage\",\"@id\":\"https:\/\/www.welovecycling.com\/sk\/2020\/04\/24\/the-athertons-surodenci-na-horskych-bicykloch\/\",\"url\":\"https:\/\/www.welovecycling.com\/sk\/2020\/04\/24\/the-athertons-surodenci-na-horskych-bicykloch\/\",\"name\":\"The Athertons \u2013 s\u00farodenci na horsk\u00fdch bicykloch - \u0160koda We Love Cycling Slovensko\",\"isPartOf\":{\"@id\":\"https:\/\/www.welovecycling.com\/sk\/#website\"},\"primaryImageOfPage\":{\"@id\":\"https:\/\/www.welovecycling.com\/sk\/2020\/04\/24\/the-athertons-surodenci-na-horskych-bicykloch\/#primaryimage\"},\"image\":{\"@id\":\"https:\/\/www.welovecycling.com\/sk\/2020\/04\/24\/the-athertons-surodenci-na-horskych-bicykloch\/#primaryimage\"},\"thumbnailUrl\":\"https:\/\/d2p6e6u75xmxt8.cloudfront.net\/4\/2020\/04\/The-Athertons_00.webp\",\"datePublished\":\"2020-04-24T06:40:55+00:00\",\"author\":{\"@id\":\"\"},\"breadcrumb\":{\"@id\":\"https:\/\/www.welovecycling.com\/sk\/2020\/04\/24\/the-athertons-surodenci-na-horskych-bicykloch\/#breadcrumb\"},\"inLanguage\":\"sk-SK\",\"potentialAction\":[{\"@type\":\"ReadAction\",\"target\":[\"https:\/\/www.welovecycling.com\/sk\/2020\/04\/24\/the-athertons-surodenci-na-horskych-bicykloch\/\"]}]},{\"@type\":\"ImageObject\",\"inLanguage\":\"sk-SK\",\"@id\":\"https:\/\/www.welovecycling.com\/sk\/2020\/04\/24\/the-athertons-surodenci-na-horskych-bicykloch\/#primaryimage\",\"url\":\"https:\/\/d2p6e6u75xmxt8.cloudfront.net\/4\/2020\/04\/The-Athertons_00.webp\",\"contentUrl\":\"https:\/\/d2p6e6u75xmxt8.cloudfront.net\/4\/2020\/04\/The-Athertons_00.webp\",\"width\":1380,\"height\":600,\"caption\":\"Rachel, Gee and Dan Atherton pose for a portrait in UK on February 5th 2014 \/\/ Nathan Gallagher \/ Red Bull Content Pool \/\/ 1395231394615-210124386 \/\/ Usage for editorial use only \/\/\"},{\"@type\":\"BreadcrumbList\",\"@id\":\"https:\/\/www.welovecycling.com\/sk\/2020\/04\/24\/the-athertons-surodenci-na-horskych-bicykloch\/#breadcrumb\",\"itemListElement\":[{\"@type\":\"ListItem\",\"position\":1,\"name\":\"Home\",\"item\":\"https:\/\/www.welovecycling.com\/sk\/\"},{\"@type\":\"ListItem\",\"position\":2,\"name\":\"The Athertons \u2013 s\u00farodenci na horsk\u00fdch bicykloch\"}]},{\"@type\":\"WebSite\",\"@id\":\"https:\/\/www.welovecycling.com\/sk\/#website\",\"url\":\"https:\/\/www.welovecycling.com\/sk\/\",\"name\":\"\u0160koda We Love Cycling Slovensko\",\"description\":\"\u0160koda We Love Cycling Slovensko je v\u00e1\u0161 ka\u017edodenn\u00fd zdroj noviniek a in\u0161pir\u00e1cie z sveta cyklistiky\",\"potentialAction\":[{\"@type\":\"SearchAction\",\"target\":{\"@type\":\"EntryPoint\",\"urlTemplate\":\"https:\/\/www.welovecycling.com\/sk\/?s={search_term_string}\"},\"query-input\":{\"@type\":\"PropertyValueSpecification\",\"valueRequired\":true,\"valueName\":\"search_term_string\"}}],\"inLanguage\":\"sk-SK\"},{\"@type\":\"Person\",\"@id\":\"\",\"url\":\"https:\/\/www.welovecycling.com\/sk\/author\/\"}]}<\/script>\n<!-- \/ Yoast SEO Premium plugin. -->","yoast_head_json":{"title":"The Athertons \u2013 s\u00farodenci na horsk\u00fdch bicykloch - \u0160koda We Love Cycling Slovensko","robots":{"index":"index","follow":"follow","max-snippet":"max-snippet:-1","max-image-preview":"max-image-preview:large","max-video-preview":"max-video-preview:-1"},"canonical":"https:\/\/www.welovecycling.com\/sk\/2020\/04\/24\/the-athertons-surodenci-na-horskych-bicykloch\/","og_locale":"sk_SK","og_type":"article","og_title":"The Athertons \u2013 s\u00farodenci na horsk\u00fdch bicykloch","og_description":"Najsl\u00e1vnej\u0161\u00ed s\u00farodenci v\u00a0kateg\u00f3rii horskej cyklistiky &#8211; dvaja bratia a jedna\u00a0sestra. Ka\u017ed\u00fd z\u00a0nich je osobnos\u0165, ka\u017ed\u00fd je svojsk\u00fdm sp\u00f4sobom talentovan\u00fd. Dan, [&hellip;]","og_url":"https:\/\/www.welovecycling.com\/sk\/2020\/04\/24\/the-athertons-surodenci-na-horskych-bicykloch\/","og_site_name":"\u0160koda We Love Cycling Slovensko","article_published_time":"2020-04-24T06:40:55+00:00","og_image":[{"width":1380,"height":600,"url":"https:\/\/d2p6e6u75xmxt8.cloudfront.net\/4\/2020\/04\/The-Athertons_00.webp","type":"image\/webp"}],"twitter_card":"summary_large_image","twitter_misc":{"Written by":"Radovan Vr\u0161ka","Est. reading time":"5"},"schema":{"@context":"https:\/\/schema.org","@graph":[{"@type":"WebPage","@id":"https:\/\/www.welovecycling.com\/sk\/2020\/04\/24\/the-athertons-surodenci-na-horskych-bicykloch\/","url":"https:\/\/www.welovecycling.com\/sk\/2020\/04\/24\/the-athertons-surodenci-na-horskych-bicykloch\/","name":"The Athertons \u2013 s\u00farodenci na horsk\u00fdch bicykloch - \u0160koda We Love Cycling Slovensko","isPartOf":{"@id":"https:\/\/www.welovecycling.com\/sk\/#website"},"primaryImageOfPage":{"@id":"https:\/\/www.welovecycling.com\/sk\/2020\/04\/24\/the-athertons-surodenci-na-horskych-bicykloch\/#primaryimage"},"image":{"@id":"https:\/\/www.welovecycling.com\/sk\/2020\/04\/24\/the-athertons-surodenci-na-horskych-bicykloch\/#primaryimage"},"thumbnailUrl":"https:\/\/d2p6e6u75xmxt8.cloudfront.net\/4\/2020\/04\/The-Athertons_00.webp","datePublished":"2020-04-24T06:40:55+00:00","author":{"@id":""},"breadcrumb":{"@id":"https:\/\/www.welovecycling.com\/sk\/2020\/04\/24\/the-athertons-surodenci-na-horskych-bicykloch\/#breadcrumb"},"inLanguage":"sk-SK","potentialAction":[{"@type":"ReadAction","target":["https:\/\/www.welovecycling.com\/sk\/2020\/04\/24\/the-athertons-surodenci-na-horskych-bicykloch\/"]}]},{"@type":"ImageObject","inLanguage":"sk-SK","@id":"https:\/\/www.welovecycling.com\/sk\/2020\/04\/24\/the-athertons-surodenci-na-horskych-bicykloch\/#primaryimage","url":"https:\/\/d2p6e6u75xmxt8.cloudfront.net\/4\/2020\/04\/The-Athertons_00.webp","contentUrl":"https:\/\/d2p6e6u75xmxt8.cloudfront.net\/4\/2020\/04\/The-Athertons_00.webp","width":1380,"height":600,"caption":"Rachel, Gee and Dan Atherton pose for a portrait in UK on February 5th 2014 \/\/ Nathan Gallagher \/ Red Bull Content Pool \/\/ 1395231394615-210124386 \/\/ Usage for editorial use only \/\/"},{"@type":"BreadcrumbList","@id":"https:\/\/www.welovecycling.com\/sk\/2020\/04\/24\/the-athertons-surodenci-na-horskych-bicykloch\/#breadcrumb","itemListElement":[{"@type":"ListItem","position":1,"name":"Home","item":"https:\/\/www.welovecycling.com\/sk\/"},{"@type":"ListItem","position":2,"name":"The Athertons \u2013 s\u00farodenci na horsk\u00fdch bicykloch"}]},{"@type":"WebSite","@id":"https:\/\/www.welovecycling.com\/sk\/#website","url":"https:\/\/www.welovecycling.com\/sk\/","name":"\u0160koda We Love Cycling Slovensko","description":"\u0160koda We Love Cycling Slovensko je v\u00e1\u0161 ka\u017edodenn\u00fd zdroj noviniek a in\u0161pir\u00e1cie z sveta cyklistiky","potentialAction":[{"@type":"SearchAction","target":{"@type":"EntryPoint","urlTemplate":"https:\/\/www.welovecycling.com\/sk\/?s={search_term_string}"},"query-input":{"@type":"PropertyValueSpecification","valueRequired":true,"valueName":"search_term_string"}}],"inLanguage":"sk-SK"},{"@type":"Person","@id":"","url":"https:\/\/www.welovecycling.com\/sk\/author\/"}]}},"_links":{"self":[{"href":"https:\/\/www.welovecycling.com\/sk\/wp-json\/wp\/v2\/posts\/9789","targetHints":{"allow":["GET"]}}],"collection":[{"href":"https:\/\/www.welovecycling.com\/sk\/wp-json\/wp\/v2\/posts"}],"about":[{"href":"https:\/\/www.welovecycling.com\/sk\/wp-json\/wp\/v2\/types\/post"}],"author":[{"embeddable":true,"href":"https:\/\/www.welovecycling.com\/sk\/wp-json\/wp\/v2\/users\/81"}],"replies":[{"embeddable":true,"href":"https:\/\/www.welovecycling.com\/sk\/wp-json\/wp\/v2\/comments?post=9789"}],"version-history":[{"count":2,"href":"https:\/\/www.welovecycling.com\/sk\/wp-json\/wp\/v2\/posts\/9789\/revisions"}],"predecessor-version":[{"id":9800,"href":"https:\/\/www.welovecycling.com\/sk\/wp-json\/wp\/v2\/posts\/9789\/revisions\/9800"}],"wp:featuredmedia":[{"embeddable":true,"href":"https:\/\/www.welovecycling.com\/sk\/wp-json\/wp\/v2\/media\/9791"}],"wp:attachment":[{"href":"https:\/\/www.welovecycling.com\/sk\/wp-json\/wp\/v2\/media?parent=9789"}],"wp:term":[{"taxonomy":"category","embeddable":true,"href":"https:\/\/www.welovecycling.com\/sk\/wp-json\/wp\/v2\/categories?post=9789"},{"taxonomy":"post_tag","embeddable":true,"href":"https:\/\/www.welovecycling.com\/sk\/wp-json\/wp\/v2\/tags?post=9789"},{"taxonomy":"global-categories","embeddable":true,"href":"https:\/\/www.welovecycling.com\/sk\/wp-json\/wp\/v2\/global-categories?post=9789"}],"curies":[{"name":"wp","href":"https:\/\/api.w.org\/{rel}","templated":true}]}}