{"id":9703,"date":"2020-04-15T10:00:42","date_gmt":"2020-04-15T08:00:42","guid":{"rendered":"https:\/\/www.welovecycling.com\/sk\/?p=9703"},"modified":"2020-04-16T07:20:37","modified_gmt":"2020-04-16T05:20:37","slug":"na-bicykli-so-psom-ako-som-sa-k-tomu-dostal","status":"publish","type":"post","link":"https:\/\/www.welovecycling.com\/sk\/2020\/04\/15\/na-bicykli-so-psom-ako-som-sa-k-tomu-dostal\/","title":{"rendered":"Na bicykli so psom &#8211; ako som sa k tomu dostal"},"content":{"rendered":"<p><strong>V t\u00fdchto d\u0148och je t\u00e1to t\u00e9ma e\u0161te aktu\u00e1lnejsia. \u0160portovanie v skupin\u00e1ch je zak\u00e1zan\u00e9 a ur\u010dite pom\u00f4\u017ee ma\u0165 alternat\u00edvu. \u010co si tak za\u0161portova\u0165 s va\u0161\u00edm \u0161tvornoh\u00fdm priate\u013eom? Po\u010fme sa na to bli\u017e\u0161ie pozrie\u0165.<\/strong><!--more--><\/p>\n<p>K\u00fapili sme si psa. Poviete si, \u017ee \u010do je na tom, ve\u010f psa m\u00e1 ka\u017ed\u00e1 druh\u00e1 rodina, ak nie rovno ka\u017ed\u00e1. Len\u017ee my sme okrem rybi\u010diek v akv\u00e1riu, <strong>nikdy nemali in\u00e9 zvieratko v byte<\/strong>. A to hlavne z toho d\u00f4vodu, \u017ee n\u00e1m pri\u0161lo \u013e\u00fato zatv\u00e1ra\u0165 ak\u00e9ko\u013evek v\u00e4\u010d\u0161ie zviera v byte. Len\u017ee v momente, ako sme cel\u00e1 rodina za\u010dali \u017ei\u0165 akt\u00edvnym \u017eivotom a ve\u013ea \u0161portova\u0165, <strong>zrazu malo zmysel ma\u0165 aj dom\u00e1ceho mil\u00e1\u010dika<\/strong>.\u00a0<\/p>\n<h2><strong>V\u00fdber spr\u00e1vneho plemena<\/strong><\/h2>\n<p>H\u013eadali sme toho spr\u00e1vneho psa, ktor\u00fd by sa hodil do panel\u00e1ka, ale z\u00e1rove\u0148 by zvl\u00e1dal s nami beha\u0165 a bicyklova\u0165 (bicyklova\u0165 budeme my, nie ten pes ? ). To znamen\u00e1, \u017ee pes by nemal by\u0165 ve\u013emi ve\u013ek\u00fd, ale z\u00e1rove\u0148 na svojich men\u0161\u00edch noh\u00e1ch <strong>zvl\u00e1dne beha\u0165 a m\u00e1 v\u00fddr\u017e<\/strong>. Vo\u013eba padla na rasu Jack Russell a to hlavne preto, \u017ee na v\u0161etk\u00fdch f\u00f3rach varovali pred jeho hyperaktivitou. A to bolo to, \u010do sme potrebovali.<\/p>\n<h2><strong>Canicross pr\u00edprava<\/strong><\/h2>\n<p>Na to, aby som ho mohol zobra\u0165 na bicykel, som si ale musel po\u010dka\u0165, pok\u00fdm nebude ma\u0165 aspo\u0148 rok. Je to d\u00f4le\u017eit\u00e9, preto\u017ee mlad\u00fd pes sa vyv\u00edja a\u00a0mohol by si po\u0161kodi\u0165 k\u013aby. Dovtedy si <strong>pomaly zvykal na pravideln\u00e9 \u0161portovanie aspo\u0148 behom<\/strong>. Beh so psom je \u0161portov\u00e1 kateg\u00f3ria, ktor\u00e1 sa naz\u00fdva canicross. V takom pr\u00edpade <strong>pes \u0165ah\u00e1 be\u017eca, ktor\u00fd je so psom spojen\u00fd \u0161peci\u00e1lnym popruhom<\/strong>. Tu takisto plat\u00ed, \u017ee pok\u00fdm pes nedosiahol aspo\u0148 rok, nemal by e\u0161te \u0165aha\u0165 v plnom v\u00fdkone, ale viac menej be\u017ea\u0165 s vami \u010di ved\u013ea v\u00e1s.<\/p>\n<p><a href=\"https:\/\/d2p6e6u75xmxt8.cloudfront.net\/4\/2020\/04\/Na-bicykli-so-psom_01.jpg\"><img loading=\"lazy\" decoding=\"async\" src=\"https:\/\/d2p6e6u75xmxt8.cloudfront.net\/4\/2020\/04\/Na-bicykli-so-psom_01.jpg\" alt=\"\" width=\"1200\" height=\"800\" class=\"alignnone size-full wp-image-9709\" \/><\/a><\/p>\n<div style=\"margin-top:-20px;margin-bottom: 35px;\">Autor foto: Radovan Vr\u0161ka<\/div>\n<h2><strong>Kone\u010dne na bicykel<\/strong><\/h2>\n<p>Pri\u0161iel ale \u010das, kedy som sa s n\u00edm mohol kone\u010dne pusti\u0165 aj na bicykel. Zvolil som variant, kedy pes be\u017e\u00ed ved\u013ea bicykla a to najm\u00e4 vzh\u013eadom na jeho ve\u013ekos\u0165. Predsa len som ho nechcel tr\u00e1pi\u0165 s\u00a0\u0165ahan\u00edm bicykla. Treba si zadov\u00e1\u017ei\u0165 set, ktor\u00fd obsahuje <strong>di\u0161tan\u010dn\u00fa ty\u010d s dr\u017eiakom k sedlu, pru\u017einu a kr\u00e1tke vod\u00edtko<\/strong>. Ke\u010f\u017ee sa ty\u010d upevn\u00ed k\u00a0sedlu, pes bude be\u017ea\u0165 ved\u013ea zadn\u00e9ho kolesa a di\u0161tan\u010dn\u00e1 ty\u010d zabr\u00e1ni tomu, aby pes vbehol pod koleso alebo naopak sa rozbehol za nejak\u00fdm zajacom, ktor\u00fd vybehne z kr\u00edkov. Ale v takomto pr\u00edpade je <strong>d\u00f4le\u017eit\u00e1 poslu\u0161nos\u0165 psa a bl\u00edzky vz\u0165ah s jazdcom<\/strong>.\u00a0<\/p>\n<p><strong>Zop\u00e1r r\u00e1d pre t\u00fdch, ktor\u00ed chc\u00fa za\u010da\u0165:<\/strong><\/p>\n<ul>\n<li>Berte oh\u013ead na kond\u00edciu psa, napriek tomu, \u017ee je to akt\u00edvna rasa, nemus\u00ed by\u0165 ten v\u00e1\u0161 hne\u010f na za\u010diatku v dobrej kond\u00edcii.<\/li>\n<li>Myslite aj na z\u00e1kon o cestnej prem\u00e1vke, kedy cyklista nesmie vies\u0165 psa pri jazde na ceste.<\/li>\n<li>D\u00f4le\u017eit\u00e9 je zvl\u00e1dnutie poslu\u0161nosti psa, aby ovl\u00e1dal z\u00e1kladn\u00e9 povely.<\/li>\n<li>Postroj mus\u00ed rozlo\u017ei\u0165 hmotnos\u0165 psa a nesmie ho nikde \u0161krti\u0165 ani tla\u010di\u0165.<\/li>\n<li>Na druh\u00fa stranu postroj nem\u00f4\u017ee by\u0165 vo\u013en\u00fd, aby sa po\u010das behu pes nevy\u0161mykol a nevbehol pod koleso bicykla.<\/li>\n<li>Nezabudnite na pitn\u00fd re\u017eim nielen pre v\u00e1s, ale aj pre v\u00e1\u0161ho psa.<\/li>\n<\/ul>\n<p><a href=\"https:\/\/d2p6e6u75xmxt8.cloudfront.net\/4\/2020\/04\/pes_01.jpg\"><img loading=\"lazy\" decoding=\"async\" src=\"https:\/\/d2p6e6u75xmxt8.cloudfront.net\/4\/2020\/04\/pes_01.jpg\" alt=\"\" width=\"1200\" height=\"800\" class=\"alignnone size-full wp-image-9755\" \/><\/a><\/p>\n<div style=\"margin-top:-20px;margin-bottom: 35px;\">Zdroj foto: Radovan Vr\u0161ka<\/div>\n<h2><strong>Berte oh\u013ead aj na po\u010dasie<\/strong><\/h2>\n<p>Ke\u010f\u017ee cestn\u00fd z\u00e1kon zakazuje jazdu na bicykli so psom, tak na to myslite, ve\u010f pre psov je aj tak <strong>vhodnej\u0161\u00ed m\u00e4kk\u00fd ter\u00e9n a nie asfaltov\u00e9 cesty<\/strong>. A aj vy si lep\u0161ie zajazd\u00edte v kr\u00e1snej pr\u00edrode, ako d\u00fdcha\u0165 v\u00fdfukov\u00e9 splodiny. Vzdialenos\u0165 a r\u00fdchlos\u0165 prisp\u00f4sobte v prvom rade v\u00e1\u0161mu psovi. Berte oh\u013ead aj na po\u010dasie, ter\u00e9n a tie\u017e na to, \u017ee s\u00edce v\u00e1\u0161 pes minul\u00fd t\u00fd\u017ede\u0148 zvl\u00e1dal zabehn\u00fa\u0165 ur\u010dit\u00fa trasu, ale mo\u017eno m\u00e1 dnes zl\u00fd de\u0148 a jednoducho nevl\u00e1dze. Aj pes je len \u010dlovek ?.<\/p>\n<h2><strong>Bikej\u00f6ring<\/strong><\/h2>\n<p>Ak m\u00e1te predsa len v\u00e4\u010d\u0161ieho psa, ako ja a chcete sk\u00fasi\u0165 nie\u010do viac adrenal\u00ednov\u00e9, za\u010dnite s bicyklom jazdi\u0165 bikej\u00f6ring. V takom pr\u00edpade je pes <strong>pripevnen\u00fd vpredu a bicykel \u0165ah\u00e1 podobne ako v zime sane<\/strong>. To u\u017e ale dosahujete par\u00e1dne r\u00fdchlosti a ur\u010dite sa nudi\u0165 nebudete. Prizn\u00e1m sa, \u017ee aj t\u00e1to discipl\u00edna ma l\u00e1ka a ke\u010f\u017ee nepl\u00e1nujem kupova\u0165 \u010fal\u0161ieho a v\u00e4\u010d\u0161ieho psa, prem\u00fd\u0161\u013eam, ako to spravi\u0165. Jednou z mo\u017enost\u00ed je po\u017ei\u010diava\u0165 si psa od niekoho zn\u00e1meho, ktor\u00fd bude v kone\u010dnom d\u00f4sledku r\u00e1d, \u017ee mu toho jeho havk\u00e1\u010da poriadne prevetr\u00e1m.<\/p>\n<lite-youtube videoid=Q6iEVfvBuO8 params=\"enablejsapi=1\" style=\"background-image: url('https:\/\/i.ytimg.com\/vi_webp\/Q6iEVfvBuO8\/maxresdefault.webp');\"><\/lite-youtube>\n<h2><strong>Prepravka na riadidl\u00e1<\/strong><\/h2>\n<p>S\u00fa e\u0161te aj in\u00e9 mo\u017enosti, ako vzia\u0165 ps\u00edka na bicykel a to v prepravnom boxe. Samozrejme je to mo\u017en\u00e9 len v takom pr\u00edpade, ke\u010f m\u00e1te men\u0161ieho psa a nie huskyho, ktor\u00fd je \u0165a\u017ek\u00fd, ve\u013ek\u00fd a potrebuje si zabeha\u0165 a nie sa vozi\u0165. Neodpor\u00fa\u010dam da\u0165 ps\u00edka do oby\u010dajn\u00e9ho pr\u00faten\u00e9ho ko\u0161\u00edka, s ktor\u00fdm chod\u00edte kupova\u0165 zeleninu na trh. Treba si zaobstara\u0165 <strong>prepravku \u0161peci\u00e1lne ur\u010den\u00fa pre psov<\/strong>. Tie maj\u00fa bezpe\u010dnostn\u00e9 popruhy na zaistenie psa, ale aj reflexn\u00e9 a in\u00e9 bezpe\u010dnostn\u00e9 prvky.\u00a0<\/p>\n<h2><strong>Pr\u00edvesn\u00fd voz\u00edk pre psa<\/strong><\/h2>\n<p>Ak u\u017e predsa m\u00e1te v\u00e4\u010d\u0161ieho psa a zo zdravotn\u00fdch d\u00f4vodov, alebo s oh\u013eadom na vek nem\u00f4\u017ee be\u017ea\u0165 ved\u013ea bicykla, m\u00f4\u017eete si zaobstara\u0165 pr\u00edvesn\u00fd voz\u00edk pre psa. <strong>Je to podobn\u00e1 kon\u0161trukcia ako voz\u00edky pre deti.<\/strong> Nosnos\u0165 b\u00fdva zvy\u010dajne tak do 40 kg, \u010do u\u017e je celkom dos\u0165.\u00a0<\/p>\n<p><a href=\"https:\/\/d2p6e6u75xmxt8.cloudfront.net\/4\/2020\/04\/Na-bicykli-so-psom_03.jpg\"><img loading=\"lazy\" decoding=\"async\" src=\"https:\/\/d2p6e6u75xmxt8.cloudfront.net\/4\/2020\/04\/Na-bicykli-so-psom_03.jpg\" alt=\"\" width=\"1200\" height=\"800\" class=\"alignnone size-full wp-image-9711\" \/><\/a><\/p>\n<div style=\"margin-top:-20px;margin-bottom: 35px;\">Zdroj foto: pixabay.com<\/div>\n<p>Na z\u00e1ver mi neost\u00e1va ni\u010d in\u00e9, len doda\u0165, \u017ee chv\u00edle str\u00e1ven\u00e9 so psom po\u010das niektorej z t\u00fdchto aktiv\u00edt, <strong>neuverite\u013ene upevnia vz\u00e1jomne puto medzi jazdcom a psom<\/strong>. Druh\u00e1 neocenite\u013en\u00e1 v\u00fdhoda je, \u017ee psa dokonale vyven\u010d\u00edte, vybeh\u00e1te a ako sa hovor\u00ed: <strong>unaven\u00fd pes &#8211; dobr\u00fd pes<\/strong>.<\/p>\n<p>(zdroj tituln\u00e1 fotografia: pixabay.com)<\/p>\n","protected":false},"excerpt":{"rendered":"<p>V t\u00fdchto d\u0148och je t\u00e1to t\u00e9ma e\u0161te aktu\u00e1lnejsia. \u0160portovanie v skupin\u00e1ch je zak\u00e1zan\u00e9 a ur\u010dite pom\u00f4\u017ee ma\u0165 alternat\u00edvu. \u010co si [&hellip;]<\/p>\n","protected":false},"author":81,"featured_media":9708,"comment_status":"open","ping_status":"open","sticky":false,"template":"","format":"standard","meta":{"footnotes":""},"categories":[118],"tags":[62,619,180,902,773,532,1223,824,767,1227,55,318,508,183,161,623],"global-categories":[1074],"class_list":["post-9703","post","type-post","status-publish","format-standard","has-post-thumbnail","hentry","category-zabava","tag-bezpecnost","tag-bicyklovanie","tag-horska-cyklistika","tag-horsky-bicykel","tag-hory","tag-jazdenie","tag-karantena","tag-les","tag-motivacia","tag-pes","tag-trening","tag-vyjazd","tag-vylet","tag-zabava","tag-zdravie","tag-zdravy-zivotny-styl","global-categories-cycling"],"yoast_head":"<!-- This site is optimized with the Yoast SEO Premium plugin v25.3 (Yoast SEO v25.9) - https:\/\/yoast.com\/wordpress\/plugins\/seo\/ -->\n<title>Na bicykli so psom - ako som sa k tomu dostal - \u0160koda We Love Cycling Slovensko<\/title>\n<meta name=\"robots\" content=\"index, follow, max-snippet:-1, max-image-preview:large, max-video-preview:-1\" \/>\n<link rel=\"canonical\" href=\"https:\/\/www.welovecycling.com\/sk\/2020\/04\/15\/na-bicykli-so-psom-ako-som-sa-k-tomu-dostal\/\" \/>\n<meta property=\"og:locale\" content=\"sk_SK\" \/>\n<meta property=\"og:type\" content=\"article\" \/>\n<meta property=\"og:title\" content=\"Na bicykli so psom - ako som sa k tomu dostal\" \/>\n<meta property=\"og:description\" content=\"V t\u00fdchto d\u0148och je t\u00e1to t\u00e9ma e\u0161te aktu\u00e1lnejsia. \u0160portovanie v skupin\u00e1ch je zak\u00e1zan\u00e9 a ur\u010dite pom\u00f4\u017ee ma\u0165 alternat\u00edvu. \u010co si [&hellip;]\" \/>\n<meta property=\"og:url\" content=\"https:\/\/www.welovecycling.com\/sk\/2020\/04\/15\/na-bicykli-so-psom-ako-som-sa-k-tomu-dostal\/\" \/>\n<meta property=\"og:site_name\" content=\"\u0160koda We Love Cycling Slovensko\" \/>\n<meta property=\"article:published_time\" content=\"2020-04-15T08:00:42+00:00\" \/>\n<meta property=\"article:modified_time\" content=\"2020-04-16T05:20:37+00:00\" \/>\n<meta property=\"og:image\" content=\"https:\/\/d2p6e6u75xmxt8.cloudfront.net\/4\/2020\/04\/Na-bicykli-so-psom_00.webp\" \/>\n\t<meta property=\"og:image:width\" content=\"1380\" \/>\n\t<meta property=\"og:image:height\" content=\"600\" \/>\n\t<meta property=\"og:image:type\" content=\"image\/webp\" \/>\n<meta name=\"twitter:card\" content=\"summary_large_image\" \/>\n<meta name=\"twitter:label1\" content=\"Written by\" \/>\n\t<meta name=\"twitter:data1\" content=\"Radovan Vr\u0161ka\" \/>\n\t<meta name=\"twitter:label2\" content=\"Est. reading time\" \/>\n\t<meta name=\"twitter:data2\" content=\"5\" \/>\n<script type=\"application\/ld+json\" class=\"yoast-schema-graph\">{\"@context\":\"https:\/\/schema.org\",\"@graph\":[{\"@type\":\"WebPage\",\"@id\":\"https:\/\/www.welovecycling.com\/sk\/2020\/04\/15\/na-bicykli-so-psom-ako-som-sa-k-tomu-dostal\/\",\"url\":\"https:\/\/www.welovecycling.com\/sk\/2020\/04\/15\/na-bicykli-so-psom-ako-som-sa-k-tomu-dostal\/\",\"name\":\"Na bicykli so psom - ako som sa k tomu dostal - \u0160koda We Love Cycling Slovensko\",\"isPartOf\":{\"@id\":\"https:\/\/www.welovecycling.com\/sk\/#website\"},\"primaryImageOfPage\":{\"@id\":\"https:\/\/www.welovecycling.com\/sk\/2020\/04\/15\/na-bicykli-so-psom-ako-som-sa-k-tomu-dostal\/#primaryimage\"},\"image\":{\"@id\":\"https:\/\/www.welovecycling.com\/sk\/2020\/04\/15\/na-bicykli-so-psom-ako-som-sa-k-tomu-dostal\/#primaryimage\"},\"thumbnailUrl\":\"https:\/\/d2p6e6u75xmxt8.cloudfront.net\/4\/2020\/04\/Na-bicykli-so-psom_00.webp\",\"datePublished\":\"2020-04-15T08:00:42+00:00\",\"dateModified\":\"2020-04-16T05:20:37+00:00\",\"author\":{\"@id\":\"\"},\"breadcrumb\":{\"@id\":\"https:\/\/www.welovecycling.com\/sk\/2020\/04\/15\/na-bicykli-so-psom-ako-som-sa-k-tomu-dostal\/#breadcrumb\"},\"inLanguage\":\"sk-SK\",\"potentialAction\":[{\"@type\":\"ReadAction\",\"target\":[\"https:\/\/www.welovecycling.com\/sk\/2020\/04\/15\/na-bicykli-so-psom-ako-som-sa-k-tomu-dostal\/\"]}]},{\"@type\":\"ImageObject\",\"inLanguage\":\"sk-SK\",\"@id\":\"https:\/\/www.welovecycling.com\/sk\/2020\/04\/15\/na-bicykli-so-psom-ako-som-sa-k-tomu-dostal\/#primaryimage\",\"url\":\"https:\/\/d2p6e6u75xmxt8.cloudfront.net\/4\/2020\/04\/Na-bicykli-so-psom_00.webp\",\"contentUrl\":\"https:\/\/d2p6e6u75xmxt8.cloudfront.net\/4\/2020\/04\/Na-bicykli-so-psom_00.webp\",\"width\":1380,\"height\":600},{\"@type\":\"BreadcrumbList\",\"@id\":\"https:\/\/www.welovecycling.com\/sk\/2020\/04\/15\/na-bicykli-so-psom-ako-som-sa-k-tomu-dostal\/#breadcrumb\",\"itemListElement\":[{\"@type\":\"ListItem\",\"position\":1,\"name\":\"Home\",\"item\":\"https:\/\/www.welovecycling.com\/sk\/\"},{\"@type\":\"ListItem\",\"position\":2,\"name\":\"Na bicykli so psom &#8211; ako som sa k tomu dostal\"}]},{\"@type\":\"WebSite\",\"@id\":\"https:\/\/www.welovecycling.com\/sk\/#website\",\"url\":\"https:\/\/www.welovecycling.com\/sk\/\",\"name\":\"\u0160koda We Love Cycling Slovensko\",\"description\":\"\u0160koda We Love Cycling Slovensko je v\u00e1\u0161 ka\u017edodenn\u00fd zdroj noviniek a in\u0161pir\u00e1cie z sveta cyklistiky\",\"potentialAction\":[{\"@type\":\"SearchAction\",\"target\":{\"@type\":\"EntryPoint\",\"urlTemplate\":\"https:\/\/www.welovecycling.com\/sk\/?s={search_term_string}\"},\"query-input\":{\"@type\":\"PropertyValueSpecification\",\"valueRequired\":true,\"valueName\":\"search_term_string\"}}],\"inLanguage\":\"sk-SK\"},{\"@type\":\"Person\",\"@id\":\"\",\"url\":\"https:\/\/www.welovecycling.com\/sk\/author\/\"}]}<\/script>\n<!-- \/ Yoast SEO Premium plugin. -->","yoast_head_json":{"title":"Na bicykli so psom - ako som sa k tomu dostal - \u0160koda We Love Cycling Slovensko","robots":{"index":"index","follow":"follow","max-snippet":"max-snippet:-1","max-image-preview":"max-image-preview:large","max-video-preview":"max-video-preview:-1"},"canonical":"https:\/\/www.welovecycling.com\/sk\/2020\/04\/15\/na-bicykli-so-psom-ako-som-sa-k-tomu-dostal\/","og_locale":"sk_SK","og_type":"article","og_title":"Na bicykli so psom - ako som sa k tomu dostal","og_description":"V t\u00fdchto d\u0148och je t\u00e1to t\u00e9ma e\u0161te aktu\u00e1lnejsia. \u0160portovanie v skupin\u00e1ch je zak\u00e1zan\u00e9 a ur\u010dite pom\u00f4\u017ee ma\u0165 alternat\u00edvu. \u010co si [&hellip;]","og_url":"https:\/\/www.welovecycling.com\/sk\/2020\/04\/15\/na-bicykli-so-psom-ako-som-sa-k-tomu-dostal\/","og_site_name":"\u0160koda We Love Cycling Slovensko","article_published_time":"2020-04-15T08:00:42+00:00","article_modified_time":"2020-04-16T05:20:37+00:00","og_image":[{"width":1380,"height":600,"url":"https:\/\/d2p6e6u75xmxt8.cloudfront.net\/4\/2020\/04\/Na-bicykli-so-psom_00.webp","type":"image\/webp"}],"twitter_card":"summary_large_image","twitter_misc":{"Written by":"Radovan Vr\u0161ka","Est. reading time":"5"},"schema":{"@context":"https:\/\/schema.org","@graph":[{"@type":"WebPage","@id":"https:\/\/www.welovecycling.com\/sk\/2020\/04\/15\/na-bicykli-so-psom-ako-som-sa-k-tomu-dostal\/","url":"https:\/\/www.welovecycling.com\/sk\/2020\/04\/15\/na-bicykli-so-psom-ako-som-sa-k-tomu-dostal\/","name":"Na bicykli so psom - ako som sa k tomu dostal - \u0160koda We Love Cycling Slovensko","isPartOf":{"@id":"https:\/\/www.welovecycling.com\/sk\/#website"},"primaryImageOfPage":{"@id":"https:\/\/www.welovecycling.com\/sk\/2020\/04\/15\/na-bicykli-so-psom-ako-som-sa-k-tomu-dostal\/#primaryimage"},"image":{"@id":"https:\/\/www.welovecycling.com\/sk\/2020\/04\/15\/na-bicykli-so-psom-ako-som-sa-k-tomu-dostal\/#primaryimage"},"thumbnailUrl":"https:\/\/d2p6e6u75xmxt8.cloudfront.net\/4\/2020\/04\/Na-bicykli-so-psom_00.webp","datePublished":"2020-04-15T08:00:42+00:00","dateModified":"2020-04-16T05:20:37+00:00","author":{"@id":""},"breadcrumb":{"@id":"https:\/\/www.welovecycling.com\/sk\/2020\/04\/15\/na-bicykli-so-psom-ako-som-sa-k-tomu-dostal\/#breadcrumb"},"inLanguage":"sk-SK","potentialAction":[{"@type":"ReadAction","target":["https:\/\/www.welovecycling.com\/sk\/2020\/04\/15\/na-bicykli-so-psom-ako-som-sa-k-tomu-dostal\/"]}]},{"@type":"ImageObject","inLanguage":"sk-SK","@id":"https:\/\/www.welovecycling.com\/sk\/2020\/04\/15\/na-bicykli-so-psom-ako-som-sa-k-tomu-dostal\/#primaryimage","url":"https:\/\/d2p6e6u75xmxt8.cloudfront.net\/4\/2020\/04\/Na-bicykli-so-psom_00.webp","contentUrl":"https:\/\/d2p6e6u75xmxt8.cloudfront.net\/4\/2020\/04\/Na-bicykli-so-psom_00.webp","width":1380,"height":600},{"@type":"BreadcrumbList","@id":"https:\/\/www.welovecycling.com\/sk\/2020\/04\/15\/na-bicykli-so-psom-ako-som-sa-k-tomu-dostal\/#breadcrumb","itemListElement":[{"@type":"ListItem","position":1,"name":"Home","item":"https:\/\/www.welovecycling.com\/sk\/"},{"@type":"ListItem","position":2,"name":"Na bicykli so psom &#8211; ako som sa k tomu dostal"}]},{"@type":"WebSite","@id":"https:\/\/www.welovecycling.com\/sk\/#website","url":"https:\/\/www.welovecycling.com\/sk\/","name":"\u0160koda We Love Cycling Slovensko","description":"\u0160koda We Love Cycling Slovensko je v\u00e1\u0161 ka\u017edodenn\u00fd zdroj noviniek a in\u0161pir\u00e1cie z sveta cyklistiky","potentialAction":[{"@type":"SearchAction","target":{"@type":"EntryPoint","urlTemplate":"https:\/\/www.welovecycling.com\/sk\/?s={search_term_string}"},"query-input":{"@type":"PropertyValueSpecification","valueRequired":true,"valueName":"search_term_string"}}],"inLanguage":"sk-SK"},{"@type":"Person","@id":"","url":"https:\/\/www.welovecycling.com\/sk\/author\/"}]}},"_links":{"self":[{"href":"https:\/\/www.welovecycling.com\/sk\/wp-json\/wp\/v2\/posts\/9703","targetHints":{"allow":["GET"]}}],"collection":[{"href":"https:\/\/www.welovecycling.com\/sk\/wp-json\/wp\/v2\/posts"}],"about":[{"href":"https:\/\/www.welovecycling.com\/sk\/wp-json\/wp\/v2\/types\/post"}],"author":[{"embeddable":true,"href":"https:\/\/www.welovecycling.com\/sk\/wp-json\/wp\/v2\/users\/81"}],"replies":[{"embeddable":true,"href":"https:\/\/www.welovecycling.com\/sk\/wp-json\/wp\/v2\/comments?post=9703"}],"version-history":[{"count":2,"href":"https:\/\/www.welovecycling.com\/sk\/wp-json\/wp\/v2\/posts\/9703\/revisions"}],"predecessor-version":[{"id":9756,"href":"https:\/\/www.welovecycling.com\/sk\/wp-json\/wp\/v2\/posts\/9703\/revisions\/9756"}],"wp:featuredmedia":[{"embeddable":true,"href":"https:\/\/www.welovecycling.com\/sk\/wp-json\/wp\/v2\/media\/9708"}],"wp:attachment":[{"href":"https:\/\/www.welovecycling.com\/sk\/wp-json\/wp\/v2\/media?parent=9703"}],"wp:term":[{"taxonomy":"category","embeddable":true,"href":"https:\/\/www.welovecycling.com\/sk\/wp-json\/wp\/v2\/categories?post=9703"},{"taxonomy":"post_tag","embeddable":true,"href":"https:\/\/www.welovecycling.com\/sk\/wp-json\/wp\/v2\/tags?post=9703"},{"taxonomy":"global-categories","embeddable":true,"href":"https:\/\/www.welovecycling.com\/sk\/wp-json\/wp\/v2\/global-categories?post=9703"}],"curies":[{"name":"wp","href":"https:\/\/api.w.org\/{rel}","templated":true}]}}