{"id":9638,"date":"2020-04-03T10:00:17","date_gmt":"2020-04-03T08:00:17","guid":{"rendered":"https:\/\/www.welovecycling.com\/sk\/?p=9638"},"modified":"2020-03-31T10:36:28","modified_gmt":"2020-03-31T08:36:28","slug":"mozeme-jazdit-pocas-pandemie","status":"publish","type":"post","link":"https:\/\/www.welovecycling.com\/sk\/2020\/04\/03\/mozeme-jazdit-pocas-pandemie\/","title":{"rendered":"M\u00f4\u017eeme jazdi\u0165 po\u010das pand\u00e9mie?"},"content":{"rendered":"<p><strong>Karant\u00e9na n\u00e1s obrala o\u00a0viacero aktiv\u00edt, ktor\u00e9 sme doteraz brali ako samozrejm\u00e9. V\u00a0s\u00fa\u010dasnosti dokonca siaha na mo\u017enos\u0165 pohybova\u0165 sa na bicykli v\u00a0pr\u00edrode. Ako to teda je? M\u00f4\u017eeme, nem\u00f4\u017eeme, mali by sme?<\/strong><!--more--><\/p>\n<p>Po\u010det nakazen\u00fdch v\u00a0teraj\u0161ej dobe prekra\u010duje 1 mili\u00f3n \u013eud\u00ed. Na Slovensku je to s\u00edce e\u0161te preva\u017ene mierne (oproti USA, Taliansku alebo \u0160panielsku), ale <strong>nikdy si nem\u00f4\u017eeme by\u0165 ist\u00ed zajtraj\u0161kom<\/strong>. <\/p>\n<h2><strong>Ak sme doma, ni\u010d n\u00e1m nehroz\u00ed<\/strong><\/h2>\n<p>Bicykel n\u00e1m predsa neujde. Samozrejme, po\u010das d\u0148a sa teplota \u0161plh\u00e1 nahor, slnko svieti a\u00a0<strong>n\u00e1m je \u0165a\u017eko obsedie\u0165 medzi \u0161tyrmi stenami<\/strong>. Nu\u017e, ale ak vezmeme do \u00favahy percentu\u00e1lne riziko nakazenia sa vo vn\u00fatri (doma) alebo vonku (v pr\u00edrode, na cest\u00e1ch), s\u00a0neprekonate\u013en\u00fdm rozdielom vyhr\u00e1va to zn\u00e1me \u201eosta\u0165 doma\u201c. Na jednej strane je s\u00edce pr\u00edroda \u201eotvoren\u00e1\u201c a\u00a0\u013eud\u00ed nestret\u00e1vame v\u00a0takom po\u010dte, ako je tomu napr\u00edklad v\u00a0potravin\u00e1ch. Ale sta\u010d\u00ed jeden nakazen\u00fd a\u00a0probl\u00e9m je na svete.<\/p>\n<p><a href=\"https:\/\/d2p6e6u75xmxt8.cloudfront.net\/4\/2020\/03\/WLC_M\u00f4\u017eeme-jazdi\u0165-po\u010das-pand\u00e9mie_01.jpg\"><img loading=\"lazy\" decoding=\"async\" src=\"https:\/\/d2p6e6u75xmxt8.cloudfront.net\/4\/2020\/03\/WLC_M\u00f4\u017eeme-jazdi\u0165-po\u010das-pand\u00e9mie_01.jpg\" alt=\"\" width=\"1200\" height=\"800\" class=\"alignnone size-full wp-image-9642\" \/><\/a><\/p>\n<div style=\"margin-top:-20px;margin-bottom: 35px;\">Foto: FB\/UCIMountainBike<\/div>\n<h2><strong>Lesy, chodn\u00edky a\u00a0parky zaznamen\u00e1vaj\u00fa rekordy n\u00e1v\u0161tevnosti<\/strong><\/h2>\n<p>Nejde o\u00a0\u017eiaden v\u00fdskum, sk\u00f4r o\u00a0ka\u017edodenn\u00fa sk\u00fasenos\u0165. Najm\u00e4 v\u00a0okol\u00ed ve\u013ek\u00fdch miest &#8211; Ko\u0161ice, Bratislava, \u017dilina, &#8230; sa \u013eudia vyberaj\u00fa na prech\u00e1dzku, na \u010derstv\u00fd vzduch. Probl\u00e9mom ale je, \u017ee sa z\u00a0doteraz mierne nav\u0161tevovan\u00fdch lesov a\u00a0okolit\u00fdch miest <strong>st\u00e1vaj\u00fa hojne frekventovan\u00e9 miesta<\/strong>.<\/p>\n<p><a href=\"https:\/\/d2p6e6u75xmxt8.cloudfront.net\/4\/2020\/03\/WLC_M\u00f4\u017eeme-jazdi\u0165-po\u010das-pand\u00e9mie_02.jpg\"><img loading=\"lazy\" decoding=\"async\" src=\"https:\/\/d2p6e6u75xmxt8.cloudfront.net\/4\/2020\/03\/WLC_M\u00f4\u017eeme-jazdi\u0165-po\u010das-pand\u00e9mie_02.jpg\" alt=\"\" width=\"1200\" height=\"800\" class=\"alignnone size-full wp-image-9643\" \/><\/a><\/p>\n<div style=\"margin-top:-20px;margin-bottom: 35px;\">Foto: FB\/KellysBicycles<\/div>\n<h2><strong>Sk\u00faste dom\u00e1ci trena\u017e\u00e9r &#8211; kond\u00edciu nestrat\u00edte a\u00a0m\u00f4\u017eete sa zabavi\u0165<\/strong><\/h2>\n<p>Ve\u013ekou pom\u00f4ckou pre t\u00fdch, ktor\u00ed sa v\u00a0zimnom obdob\u00ed nechc\u00fa vzda\u0165 dvoch kolies je u\u017e nieko\u013eko rokov <strong>dom\u00e1ci trena\u017e\u00e9r<\/strong>. V\u00a0s\u00fa\u010dasnosti ho ale m\u00f4\u017eete vyu\u017ei\u0165, aj ke\u010f teploty neatakuj\u00fa m\u00ednusov\u00e9 hodnoty. Pustite si zauj\u00edmav\u00fd film, ob\u013e\u00faben\u00fd seri\u00e1l, alebo len hudbu a \u201epreto\u010dte nohy\u201c aspo\u0148 na hodinku denne. Zaru\u010dene si d\u00e1te do tela.<\/p>\n<p>Aj prof\u00edci \u201esedia doma\u201c. Uk\u00e1\u017ekou je Chris Froome, ktor\u00fd nast\u00fapan\u00e9 metre absolvuje z\u00a0telocvi\u010dne.<br \/>\nhttps:\/\/www.instagram.com\/p\/B-KuDTvJJqH\/ <\/p>\n<h2><strong>Vl\u00e1da nezakazuje pohyb v\u00a0pr\u00edrode, ale&#8230;<\/strong><\/h2>\n<p>Ako zo samotn\u00e9ho n\u00e1zvu vypl\u00fdva, <strong>pohyb v\u00a0pr\u00edrode nie je zak\u00e1zan\u00fd<\/strong>. (Na rozdiel od napr. Talianska, kde v\u00e1m hroz\u00ed mastn\u00e1 pokuta len za to, \u017ee vyjdete z\u00a0domu.) V\u00a0na\u0161ich podmienkach ni\u010d tak\u00e9 zatia\u013e nie je. Av\u0161ak, ako pre ka\u017ed\u00e9ho, kto sa pohybuje mimo domova plat\u00ed, \u017ee mus\u00ed nosi\u0165 r\u00fa\u0161ko. Vlastn\u00e1 sk\u00fasenos\u0165 z\u00a0pr\u00edrody n\u00e1s ale po\u00fa\u010da, \u017ee mnoh\u00ed toto nariadenie nere\u0161pektuj\u00fa. Ohrozuj\u00fa tak nielen seba, ale aj ostatn\u00fdch. <\/p>\n<p><a href=\"https:\/\/d2p6e6u75xmxt8.cloudfront.net\/4\/2020\/03\/WLC_M\u00f4\u017eeme-jazdi\u0165-po\u010das-pand\u00e9mie_03.jpg\"><img loading=\"lazy\" decoding=\"async\" src=\"https:\/\/d2p6e6u75xmxt8.cloudfront.net\/4\/2020\/03\/WLC_M\u00f4\u017eeme-jazdi\u0165-po\u010das-pand\u00e9mie_03.jpg\" alt=\"\" width=\"1200\" height=\"800\" class=\"alignnone size-full wp-image-9644\" \/><\/a><\/p>\n<div style=\"margin-top:-20px;margin-bottom: 35px;\">Foto: FB\/UCI Tim de Waele\/Getty Images<\/div>\n<p>\u010eal\u0161ou d\u00f4le\u017eitou skuto\u010dnos\u0165ou je aj sp\u00f4sob, ak\u00fdm m\u00e1me jazdi\u0165. V\u00a0prvom rade maxim\u00e1lne v\u00a0dvojici &#8211; aj to s\u00a0niek\u00fdm, s k\u00fdm \u017eijeme v jednej dom\u00e1cnosti. Ak vyraz\u00edte sami, bude to o\u00a0to lep\u0161ie &#8211; aspo\u0148 sa odreagujete v\u00a0maxim\u00e1lnej miere a\u00a0odd\u00fdchnete si od tzv. \u201eponorky\u201c, ktor\u00e1 je \u010dast\u00fdm zjavom v\u00a0uzavret\u00fdch dom\u00e1cnostiach. Aj v\u00a0tomto pr\u00edpade <strong>v\u00eddavame nezodpovedn\u00fdch cyklistov<\/strong>, predov\u0161etk\u00fdm cestn\u00fdch, ktor\u00ed nemaj\u00fa probl\u00e9m \u00eds\u0165 vo viac\u010dlennej skupinke. Aspo\u0148 v\u00a0t\u00fdchto t\u00fd\u017ed\u0148och to, pros\u00edm, obmedzte. <\/p>\n<h2><strong>Zvy\u0161ujeme riziko \u00farazu a\u00a0jeho n\u00e1sledn\u00fdch dopadov na ostatn\u00fdch<\/strong><\/h2>\n<p>E\u0161te jedna vec, ktor\u00e1 sa s\u00a0jazden\u00edm sp\u00e1ja &#8211; \u010di u\u017e teraz, alebo kedyko\u013evek inokedy. \u00daraz sa ned\u00e1 predv\u00edda\u0165, a\u00a0preto je rizikom, ktor\u00e9 neovplyvn\u00edme. Na bicykli nemus\u00edte chodi\u0165 \u010faleko, aby ste \u201ez neho spadli\u201c. Zlomenina, otras mozgu alebo in\u00e9, menej pr\u00edjemn\u00e9 zranenia, nielen\u017ee za\u0165a\u017euj\u00fa v\u00e1s, ale aj napr. lek\u00e1rsky person\u00e1l. Aj ke\u010f t\u00edto doktori a\u00a0sestry nerie\u0161ia pr\u00e1ve situ\u00e1ciu okolo v\u00edrusu, <strong>nemus\u00edme im prid\u00e1va\u0165 pr\u00e1cu navy\u0161e<\/strong>. Nehovoriac o\u00a0tom, \u017ee sa budete pohybova\u0165 v\u00a0nemocni\u010dn\u00fdch priestoroch.<\/p>\n<p><a href=\"https:\/\/d2p6e6u75xmxt8.cloudfront.net\/4\/2020\/03\/WLC_M\u00f4\u017eeme-jazdi\u0165-po\u010das-pand\u00e9mie_04.jpg\"><img loading=\"lazy\" decoding=\"async\" src=\"https:\/\/d2p6e6u75xmxt8.cloudfront.net\/4\/2020\/03\/WLC_M\u00f4\u017eeme-jazdi\u0165-po\u010das-pand\u00e9mie_04.jpg\" alt=\"\" width=\"1200\" height=\"800\" class=\"alignnone size-full wp-image-9645\" \/><\/a><\/p>\n<div style=\"margin-top:-20px;margin-bottom: 35px;\">Foto: Simon Wilkinson\/SWpix.com <\/div>\n<p>Aby to v\u0161ak nebolo ma\u013eovan\u00e9 len temn\u00fdmi farbami, <strong>v\u017edy je fajn vyjs\u0165 sa prevetra\u0165 na vzduch<\/strong> &#8211; predov\u0161etk\u00fdm tam, kde je pokoj. Zbl\u00e1zni\u0165 sa doma tie\u017e nie je v\u00fdhra, av\u0161ak v\u00a0stave n\u00fadze mus\u00edme by\u0165 nielen kultivovan\u00ed, ale predov\u0161etk\u00fdm zodpovedn\u00ed. <strong>Sme v\u00a0tom v\u0161etci rovnako.<\/strong><\/p>\n<p>(tituln\u00e1 fotografia: FB\/UCIMountainBike)<\/p>\n","protected":false},"excerpt":{"rendered":"<p>Karant\u00e9na n\u00e1s obrala o\u00a0viacero aktiv\u00edt, ktor\u00e9 sme doteraz brali ako samozrejm\u00e9. V\u00a0s\u00fa\u010dasnosti dokonca siaha na mo\u017enos\u0165 pohybova\u0165 sa na bicykli [&hellip;]<\/p>\n","protected":false},"author":81,"featured_media":9641,"comment_status":"open","ping_status":"open","sticky":false,"template":"","format":"standard","meta":{"footnotes":""},"categories":[57],"tags":[62,559,619,115,1166,180,1191,532,1222,1208,263,55,696,161,623],"global-categories":[1074],"class_list":["post-9638","post","type-post","status-publish","format-standard","has-post-thumbnail","hentry","category-bezpecnost","tag-bezpecnost","tag-bicykel","tag-bicyklovanie","tag-cestna-cyklistika","tag-choroba","tag-horska-cyklistika","tag-jazda","tag-jazdenie","tag-pandemia","tag-riziko","tag-trenazer","tag-trening","tag-uraz","tag-zdravie","tag-zdravy-zivotny-styl","global-categories-cycling"],"yoast_head":"<!-- This site is optimized with the Yoast SEO Premium plugin v25.3 (Yoast SEO v25.9) - https:\/\/yoast.com\/wordpress\/plugins\/seo\/ -->\n<title>M\u00f4\u017eeme jazdi\u0165 po\u010das pand\u00e9mie? - \u0160koda We Love Cycling Slovensko<\/title>\n<meta name=\"robots\" content=\"index, follow, max-snippet:-1, max-image-preview:large, max-video-preview:-1\" \/>\n<link rel=\"canonical\" href=\"https:\/\/www.welovecycling.com\/sk\/2020\/04\/03\/mozeme-jazdit-pocas-pandemie\/\" \/>\n<meta property=\"og:locale\" content=\"sk_SK\" \/>\n<meta property=\"og:type\" content=\"article\" \/>\n<meta property=\"og:title\" content=\"M\u00f4\u017eeme jazdi\u0165 po\u010das pand\u00e9mie?\" \/>\n<meta property=\"og:description\" content=\"Karant\u00e9na n\u00e1s obrala o\u00a0viacero aktiv\u00edt, ktor\u00e9 sme doteraz brali ako samozrejm\u00e9. V\u00a0s\u00fa\u010dasnosti dokonca siaha na mo\u017enos\u0165 pohybova\u0165 sa na bicykli [&hellip;]\" \/>\n<meta property=\"og:url\" content=\"https:\/\/www.welovecycling.com\/sk\/2020\/04\/03\/mozeme-jazdit-pocas-pandemie\/\" \/>\n<meta property=\"og:site_name\" content=\"\u0160koda We Love Cycling Slovensko\" \/>\n<meta property=\"article:published_time\" content=\"2020-04-03T08:00:17+00:00\" \/>\n<meta property=\"og:image\" content=\"https:\/\/d2p6e6u75xmxt8.cloudfront.net\/4\/2020\/03\/WLC_M\u00f4\u017eeme-jazdi\u0165-po\u010das-pand\u00e9mie_00.webp\" \/>\n\t<meta property=\"og:image:width\" content=\"1380\" \/>\n\t<meta property=\"og:image:height\" content=\"600\" \/>\n\t<meta property=\"og:image:type\" content=\"image\/webp\" \/>\n<meta name=\"twitter:card\" content=\"summary_large_image\" \/>\n<meta name=\"twitter:label1\" content=\"Written by\" \/>\n\t<meta name=\"twitter:data1\" content=\"WeLoveCycling\" \/>\n\t<meta name=\"twitter:label2\" content=\"Est. reading time\" \/>\n\t<meta name=\"twitter:data2\" content=\"3\" \/>\n<script type=\"application\/ld+json\" class=\"yoast-schema-graph\">{\"@context\":\"https:\/\/schema.org\",\"@graph\":[{\"@type\":\"WebPage\",\"@id\":\"https:\/\/www.welovecycling.com\/sk\/2020\/04\/03\/mozeme-jazdit-pocas-pandemie\/\",\"url\":\"https:\/\/www.welovecycling.com\/sk\/2020\/04\/03\/mozeme-jazdit-pocas-pandemie\/\",\"name\":\"M\u00f4\u017eeme jazdi\u0165 po\u010das pand\u00e9mie? - \u0160koda We Love Cycling Slovensko\",\"isPartOf\":{\"@id\":\"https:\/\/www.welovecycling.com\/sk\/#website\"},\"primaryImageOfPage\":{\"@id\":\"https:\/\/www.welovecycling.com\/sk\/2020\/04\/03\/mozeme-jazdit-pocas-pandemie\/#primaryimage\"},\"image\":{\"@id\":\"https:\/\/www.welovecycling.com\/sk\/2020\/04\/03\/mozeme-jazdit-pocas-pandemie\/#primaryimage\"},\"thumbnailUrl\":\"https:\/\/d2p6e6u75xmxt8.cloudfront.net\/4\/2020\/03\/WLC_M\u00f4\u017eeme-jazdi\u0165-po\u010das-pand\u00e9mie_00.webp\",\"datePublished\":\"2020-04-03T08:00:17+00:00\",\"author\":{\"@id\":\"\"},\"breadcrumb\":{\"@id\":\"https:\/\/www.welovecycling.com\/sk\/2020\/04\/03\/mozeme-jazdit-pocas-pandemie\/#breadcrumb\"},\"inLanguage\":\"sk-SK\",\"potentialAction\":[{\"@type\":\"ReadAction\",\"target\":[\"https:\/\/www.welovecycling.com\/sk\/2020\/04\/03\/mozeme-jazdit-pocas-pandemie\/\"]}]},{\"@type\":\"ImageObject\",\"inLanguage\":\"sk-SK\",\"@id\":\"https:\/\/www.welovecycling.com\/sk\/2020\/04\/03\/mozeme-jazdit-pocas-pandemie\/#primaryimage\",\"url\":\"https:\/\/d2p6e6u75xmxt8.cloudfront.net\/4\/2020\/03\/WLC_M\u00f4\u017eeme-jazdi\u0165-po\u010das-pand\u00e9mie_00.webp\",\"contentUrl\":\"https:\/\/d2p6e6u75xmxt8.cloudfront.net\/4\/2020\/03\/WLC_M\u00f4\u017eeme-jazdi\u0165-po\u010das-pand\u00e9mie_00.webp\",\"width\":1380,\"height\":600},{\"@type\":\"BreadcrumbList\",\"@id\":\"https:\/\/www.welovecycling.com\/sk\/2020\/04\/03\/mozeme-jazdit-pocas-pandemie\/#breadcrumb\",\"itemListElement\":[{\"@type\":\"ListItem\",\"position\":1,\"name\":\"Home\",\"item\":\"https:\/\/www.welovecycling.com\/sk\/\"},{\"@type\":\"ListItem\",\"position\":2,\"name\":\"M\u00f4\u017eeme jazdi\u0165 po\u010das pand\u00e9mie?\"}]},{\"@type\":\"WebSite\",\"@id\":\"https:\/\/www.welovecycling.com\/sk\/#website\",\"url\":\"https:\/\/www.welovecycling.com\/sk\/\",\"name\":\"\u0160koda We Love Cycling Slovensko\",\"description\":\"\u0160koda We Love Cycling Slovensko je v\u00e1\u0161 ka\u017edodenn\u00fd zdroj noviniek a in\u0161pir\u00e1cie z sveta cyklistiky\",\"potentialAction\":[{\"@type\":\"SearchAction\",\"target\":{\"@type\":\"EntryPoint\",\"urlTemplate\":\"https:\/\/www.welovecycling.com\/sk\/?s={search_term_string}\"},\"query-input\":{\"@type\":\"PropertyValueSpecification\",\"valueRequired\":true,\"valueName\":\"search_term_string\"}}],\"inLanguage\":\"sk-SK\"},{\"@type\":\"Person\",\"@id\":\"\",\"url\":\"https:\/\/www.welovecycling.com\/sk\/author\/\"}]}<\/script>\n<!-- \/ Yoast SEO Premium plugin. -->","yoast_head_json":{"title":"M\u00f4\u017eeme jazdi\u0165 po\u010das pand\u00e9mie? - \u0160koda We Love Cycling Slovensko","robots":{"index":"index","follow":"follow","max-snippet":"max-snippet:-1","max-image-preview":"max-image-preview:large","max-video-preview":"max-video-preview:-1"},"canonical":"https:\/\/www.welovecycling.com\/sk\/2020\/04\/03\/mozeme-jazdit-pocas-pandemie\/","og_locale":"sk_SK","og_type":"article","og_title":"M\u00f4\u017eeme jazdi\u0165 po\u010das pand\u00e9mie?","og_description":"Karant\u00e9na n\u00e1s obrala o\u00a0viacero aktiv\u00edt, ktor\u00e9 sme doteraz brali ako samozrejm\u00e9. V\u00a0s\u00fa\u010dasnosti dokonca siaha na mo\u017enos\u0165 pohybova\u0165 sa na bicykli [&hellip;]","og_url":"https:\/\/www.welovecycling.com\/sk\/2020\/04\/03\/mozeme-jazdit-pocas-pandemie\/","og_site_name":"\u0160koda We Love Cycling Slovensko","article_published_time":"2020-04-03T08:00:17+00:00","og_image":[{"width":1380,"height":600,"url":"https:\/\/d2p6e6u75xmxt8.cloudfront.net\/4\/2020\/03\/WLC_M\u00f4\u017eeme-jazdi\u0165-po\u010das-pand\u00e9mie_00.webp","type":"image\/webp"}],"twitter_card":"summary_large_image","twitter_misc":{"Written by":"WeLoveCycling","Est. reading time":"3"},"schema":{"@context":"https:\/\/schema.org","@graph":[{"@type":"WebPage","@id":"https:\/\/www.welovecycling.com\/sk\/2020\/04\/03\/mozeme-jazdit-pocas-pandemie\/","url":"https:\/\/www.welovecycling.com\/sk\/2020\/04\/03\/mozeme-jazdit-pocas-pandemie\/","name":"M\u00f4\u017eeme jazdi\u0165 po\u010das pand\u00e9mie? - \u0160koda We Love Cycling Slovensko","isPartOf":{"@id":"https:\/\/www.welovecycling.com\/sk\/#website"},"primaryImageOfPage":{"@id":"https:\/\/www.welovecycling.com\/sk\/2020\/04\/03\/mozeme-jazdit-pocas-pandemie\/#primaryimage"},"image":{"@id":"https:\/\/www.welovecycling.com\/sk\/2020\/04\/03\/mozeme-jazdit-pocas-pandemie\/#primaryimage"},"thumbnailUrl":"https:\/\/d2p6e6u75xmxt8.cloudfront.net\/4\/2020\/03\/WLC_M\u00f4\u017eeme-jazdi\u0165-po\u010das-pand\u00e9mie_00.webp","datePublished":"2020-04-03T08:00:17+00:00","author":{"@id":""},"breadcrumb":{"@id":"https:\/\/www.welovecycling.com\/sk\/2020\/04\/03\/mozeme-jazdit-pocas-pandemie\/#breadcrumb"},"inLanguage":"sk-SK","potentialAction":[{"@type":"ReadAction","target":["https:\/\/www.welovecycling.com\/sk\/2020\/04\/03\/mozeme-jazdit-pocas-pandemie\/"]}]},{"@type":"ImageObject","inLanguage":"sk-SK","@id":"https:\/\/www.welovecycling.com\/sk\/2020\/04\/03\/mozeme-jazdit-pocas-pandemie\/#primaryimage","url":"https:\/\/d2p6e6u75xmxt8.cloudfront.net\/4\/2020\/03\/WLC_M\u00f4\u017eeme-jazdi\u0165-po\u010das-pand\u00e9mie_00.webp","contentUrl":"https:\/\/d2p6e6u75xmxt8.cloudfront.net\/4\/2020\/03\/WLC_M\u00f4\u017eeme-jazdi\u0165-po\u010das-pand\u00e9mie_00.webp","width":1380,"height":600},{"@type":"BreadcrumbList","@id":"https:\/\/www.welovecycling.com\/sk\/2020\/04\/03\/mozeme-jazdit-pocas-pandemie\/#breadcrumb","itemListElement":[{"@type":"ListItem","position":1,"name":"Home","item":"https:\/\/www.welovecycling.com\/sk\/"},{"@type":"ListItem","position":2,"name":"M\u00f4\u017eeme jazdi\u0165 po\u010das pand\u00e9mie?"}]},{"@type":"WebSite","@id":"https:\/\/www.welovecycling.com\/sk\/#website","url":"https:\/\/www.welovecycling.com\/sk\/","name":"\u0160koda We Love Cycling Slovensko","description":"\u0160koda We Love Cycling Slovensko je v\u00e1\u0161 ka\u017edodenn\u00fd zdroj noviniek a in\u0161pir\u00e1cie z sveta cyklistiky","potentialAction":[{"@type":"SearchAction","target":{"@type":"EntryPoint","urlTemplate":"https:\/\/www.welovecycling.com\/sk\/?s={search_term_string}"},"query-input":{"@type":"PropertyValueSpecification","valueRequired":true,"valueName":"search_term_string"}}],"inLanguage":"sk-SK"},{"@type":"Person","@id":"","url":"https:\/\/www.welovecycling.com\/sk\/author\/"}]}},"_links":{"self":[{"href":"https:\/\/www.welovecycling.com\/sk\/wp-json\/wp\/v2\/posts\/9638","targetHints":{"allow":["GET"]}}],"collection":[{"href":"https:\/\/www.welovecycling.com\/sk\/wp-json\/wp\/v2\/posts"}],"about":[{"href":"https:\/\/www.welovecycling.com\/sk\/wp-json\/wp\/v2\/types\/post"}],"author":[{"embeddable":true,"href":"https:\/\/www.welovecycling.com\/sk\/wp-json\/wp\/v2\/users\/81"}],"replies":[{"embeddable":true,"href":"https:\/\/www.welovecycling.com\/sk\/wp-json\/wp\/v2\/comments?post=9638"}],"version-history":[{"count":2,"href":"https:\/\/www.welovecycling.com\/sk\/wp-json\/wp\/v2\/posts\/9638\/revisions"}],"predecessor-version":[{"id":9648,"href":"https:\/\/www.welovecycling.com\/sk\/wp-json\/wp\/v2\/posts\/9638\/revisions\/9648"}],"wp:featuredmedia":[{"embeddable":true,"href":"https:\/\/www.welovecycling.com\/sk\/wp-json\/wp\/v2\/media\/9641"}],"wp:attachment":[{"href":"https:\/\/www.welovecycling.com\/sk\/wp-json\/wp\/v2\/media?parent=9638"}],"wp:term":[{"taxonomy":"category","embeddable":true,"href":"https:\/\/www.welovecycling.com\/sk\/wp-json\/wp\/v2\/categories?post=9638"},{"taxonomy":"post_tag","embeddable":true,"href":"https:\/\/www.welovecycling.com\/sk\/wp-json\/wp\/v2\/tags?post=9638"},{"taxonomy":"global-categories","embeddable":true,"href":"https:\/\/www.welovecycling.com\/sk\/wp-json\/wp\/v2\/global-categories?post=9638"}],"curies":[{"name":"wp","href":"https:\/\/api.w.org\/{rel}","templated":true}]}}