{"id":9616,"date":"2020-03-30T12:30:03","date_gmt":"2020-03-30T10:30:03","guid":{"rendered":"https:\/\/www.welovecycling.com\/sk\/?p=9616"},"modified":"2020-03-31T19:00:32","modified_gmt":"2020-03-31T17:00:32","slug":"mesacna-desiatka-je-vobec-o-com-pisat-urcite-je","status":"publish","type":"post","link":"https:\/\/www.welovecycling.com\/sk\/2020\/03\/30\/mesacna-desiatka-je-vobec-o-com-pisat-urcite-je\/","title":{"rendered":"Mesa\u010dn\u00e1 desiatka &#8211; je v\u00f4bec o\u00a0\u010dom p\u00edsa\u0165? Ur\u010dite je!"},"content":{"rendered":"<p><strong>Nepr\u00edjemn\u00fd stav, ktor\u00fd pretrv\u00e1va nielen vo svete cyklistiky, akoby pozastavoval v\u0161etko to, na \u010do sme sa te\u0161ili. Je to sklamanie? Bohu\u017eia\u013e \u00e1no. Nie je v\u0161ak koniec sveta a\u00a0aj z\u00a0tohto d\u00f4vodu tu dnes m\u00e1me desa\u0165 zauj\u00edmavost\u00ed z\u00a0uplynul\u00e9ho mesiaca.<\/strong><!--more--><\/p>\n<h2><strong>V\u0161etky ve\u013ek\u00e9 klasiky si dali vo\u013eno<\/strong><\/h2>\n<p>Z\u00a0vyjadrenia organiz\u00e1torov a\u00a0aj samotnej UCI vyplynulo, \u017ee klasiky, po\u010d\u00ednaj\u00fac Strade Bianche, <strong>boli z\u00a0dobre zn\u00e1mych pr\u00ed\u010din zru\u0161en\u00e9<\/strong>. Tento \u010dierny stav ale pozdvihla inform\u00e1cia, \u017ee viacer\u00ed usporiadatelia sa pozeraj\u00fa do bud\u00facnosti s\u00a0ru\u017eov\u00fdmi okuliarmi. To znamen\u00e1, \u017ee ke\u010f tento stav pominie, s\u00fa pripraven\u00ed zmeni\u0165 term\u00edny &#8211; <strong>bude to leto \u010di jese\u0148<\/strong>? Uvid\u00edme.<\/p>\n<p><a href=\"https:\/\/d2p6e6u75xmxt8.cloudfront.net\/4\/2020\/03\/WLC_Mesa\u010dn\u00e1-desiatka-marec_01-1.jpg\"><img loading=\"lazy\" decoding=\"async\" src=\"https:\/\/d2p6e6u75xmxt8.cloudfront.net\/4\/2020\/03\/WLC_Mesa\u010dn\u00e1-desiatka-marec_01-1.jpg\" alt=\"\" width=\"1200\" height=\"800\" class=\"alignnone size-full wp-image-9624\" \/><\/a><\/p>\n<h2><strong>Namiesto vonkaj\u0161ieho jazdenia to \u201eindoor-ov\u00e9\u201c<\/strong><\/h2>\n<p>Nariadenia s\u00fa jasn\u00e9 &#8211; <strong>osta\u0165 predov\u0161etk\u00fdm izolovan\u00fd vo svojom domove<\/strong>. Ale ako poru\u010di\u0165 nad\u0161encom pohybu, aby sa \u201eneh\u00fdbali\u201c? Na\u0161\u0165astie, existuje aj alternat\u00edva \u010di kompromis &#8211; ostanete doma a\u00a0s\u00fa\u010dasne si d\u00e1te do tela ako nikdy predt\u00fdm. Viacer\u00ed \u0161portovci a\u00a0organiz\u00e1cie podporili napr. Taliansko a\u00a0in\u00e9 krajiny <strong>charitat\u00edvnymi jazdami na trena\u017e\u00e9roch<\/strong>. Napr\u00edklad aj WeLoveCycling sa podie\u013ealo na <a href=\"https:\/\/www.welovecycling.com\/sk\/2020\/03\/25\/rouvy-a-skoda-zabojuju-pre-taliansko-charita-pre-apeninsky-polostrov-v-dobe-koronavirusu\/\" rel=\"noopener\" target=\"_blank\">jednom z\u00a0nich<\/a>. Navy\u0161e spozn\u00e1te in\u00fdch \u013eud\u00ed a\u00a0u\u0161etr\u00edte svoj bicykel od e\u0161te st\u00e1le pr\u00edtomn\u00fdch kamienkov na ceste ?.<\/p>\n<p>https:\/\/www.instagram.com\/p\/B94AQKBFIYS\/ <\/p>\n<h2><strong>Par\u00ed\u017e-Nice &#8211; Schachmann pred\u010dil aj sl\u00e1vnej\u0161\u00edch konkurentov<\/strong><\/h2>\n<p>Nemeck\u00fd pretek\u00e1r, jazdiaci po boku P. Sagana, sa po\u010das t\u00fd\u017ed\u0148ov\u00fdch etapov\u00fdch pretekov vo Franc\u00fazsku <strong>vyznamenal na jednotku<\/strong>. Nielen\u017ee vyhral \u00favodn\u00fa etapu v\u00a0Plaisir, ale s\u00fa\u010dasne nedal \u0161ancu ani Nibalimu, Pinotovi alebo Alaphilippovi v\u00a0celkovej klasifik\u00e1cii. Jeho univerz\u00e1lne kvality sa tak potvrdili aj s\u00a0prispen\u00edm s\u00edl Sagana. Po\u010das poslednej etapy na vrchol Valdeblore La Colmaine s\u00edce zaostal (ako v\u0161etci ostatn\u00ed) o\u00a0takmer min\u00fatu za Quintanom, ale v\u00a0celkovom hodnoten\u00ed <strong>mal st\u00e1le 18&nbsp;sek\u00fand pred T. Benootom<\/strong>.<\/p>\n<p><a href=\"https:\/\/d2p6e6u75xmxt8.cloudfront.net\/4\/2020\/03\/WLC_Mesa\u010dn\u00e1-desiatka-marec_02.jpg\"><img loading=\"lazy\" decoding=\"async\" src=\"https:\/\/d2p6e6u75xmxt8.cloudfront.net\/4\/2020\/03\/WLC_Mesa\u010dn\u00e1-desiatka-marec_02.jpg\" alt=\"\" width=\"1200\" height=\"800\" class=\"alignnone size-full wp-image-9625\" \/><\/a><\/p>\n<h2><strong>Ako vyzer\u00e1 cyklistika v\u00a0meste de\u0148 pred uzatvoren\u00edm?<\/strong><\/h2>\n<p>Lisabon dozaista nie je mal\u00fdm mestom. Svojou hist\u00f3riou, kult\u00farou a\u00a0najm\u00e4 geografickou situovanos\u0165ou <strong>l\u00e1ka desa\u0165tis\u00edce n\u00e1v\u0161tevn\u00edkov<\/strong>. Ale ako toto malebn\u00e9 mesto vyzer\u00e1 teraz, ke\u010f je z\u00a0bezpe\u010dnostn\u00fdch d\u00f4vodov uzatvoren\u00e9? Kan\u00e1l One Cyclist in Lisbon pon\u00faka video z\u00a0jazdy po\u010das posledn\u00e9ho \u201eleg\u00e1lneho\u201c v\u00fdjazdu v\u00a0\u0148om. Takmer pr\u00e1zdne n\u00e1mestia a\u00a0pamiatky, minimum chodcov. <strong>Nu\u017e, asi si budeme musie\u0165 zvyka\u0165.<\/strong><\/p>\n<lite-youtube videoid=oU1ANM4KHX4 params=\"enablejsapi=1\" style=\"background-image: url('https:\/\/i.ytimg.com\/vi_webp\/oU1ANM4KHX4\/maxresdefault.webp');\"><\/lite-youtube>\n<h2><strong>Ako je to s\u00a0Tour de France?<\/strong><\/h2>\n<p>Aj ke\u010f n\u00e1s od tejto Grand Tour e\u0161te delia tri mesiace, s\u00a0rozhodnut\u00edm o\u00a0jej osude sa <strong>nebude \u010daka\u0165 a\u017e do tohto momentu<\/strong>. Ak\u00fd scen\u00e1r m\u00f4\u017eeme teda o\u010dak\u00e1va\u0165? Svoj koncept m\u00e1 zn\u00e1my taliansky pretek\u00e1r, Matteo Trentin, ktor\u00fd pri\u0161iel s\u00a0n\u00e1vrhom jednej Grand Tour, ktor\u00fd by sa skladala z\u00a021 et\u00e1p, av\u0161ak po siedmych v\u00a0ka\u017edej zemi &#8211; v\u00a0Taliansku, Franc\u00fazsku a\u00a0\u0160panielsku. Tra\u0165 je \u201ejednoduch\u00e1\u201c, pod\u013ea jeho slov \u201e\u0161tart v\u00a0R\u00edme, cez Madrid k\u00a0cie\u013eu v\u00a0Par\u00ed\u017ei\u201c. Pre\u010do to nenapadlo organiz\u00e1torov sk\u00f4r?<\/p>\n<p><a href=\"https:\/\/d2p6e6u75xmxt8.cloudfront.net\/4\/2020\/03\/WLC_Mesa\u010dn\u00e1-desiatka-marec_04.png\"><img loading=\"lazy\" decoding=\"async\" src=\"https:\/\/d2p6e6u75xmxt8.cloudfront.net\/4\/2020\/03\/WLC_Mesa\u010dn\u00e1-desiatka-marec_04.png\" alt=\"\" width=\"1200\" height=\"800\" class=\"alignnone size-full wp-image-9626\" \/><\/a><\/p>\n<h2><strong>\u010caj a\u00a0su\u0161ienky. Nevinn\u00fd n\u00e1zov ukr\u00fdva prav\u00e9 anglick\u00e9 jazdenie<\/strong><\/h2>\n<p>K\u00fasok od\u013eah\u010denia n\u00e1m pon\u00fakne kr\u00e1tky film, ukazuj\u00faci to, <strong>ako sa skuto\u010dne jazd\u00ed<\/strong> v\u00a0dnes u\u017e b\u00fdvalej krajiny Eur\u00f3pskej \u00fanie. Vlhko, blato, surov\u00e9 traily a\u00a0v\u00a0neposlednom rade aj <strong>ve\u013ek\u00e1 chu\u0165 jazdi\u0165<\/strong>. Aj ke\u010f nie ka\u017ed\u00fd zo z\u00e1berov je uk\u00e1\u017ekou dokonal\u00e9ho \u0161t\u00fdlu, pr\u00e1ve padanie, chyby a\u00a0u\u010denie sa ich napr\u00e1va\u0165, je koren\u00edm radosti z\u00a0cyklistiky. Tak teda na zdravie!<\/p>\n<lite-youtube videoid=f9xfr8hRs5I params=\"enablejsapi=1\" style=\"background-image: url('https:\/\/i.ytimg.com\/vi_webp\/f9xfr8hRs5I\/maxresdefault.webp');\"><\/lite-youtube>\n<h2><strong>Cyklistick\u00e9 pozit\u00edva v\u00edrusu<\/strong><\/h2>\n<p>Asi sa sami p\u00fdtate, ak\u00e9 pozit\u00edva m\u00f4\u017ee choroba prin\u00e1\u0161a\u0165. Nu\u017e, ak sa nad t\u00fdm zamysl\u00edte, cyklistika je predsa len nebezpe\u010dn\u00fd \u0161port a\u00a0ak sa pretek\u00e1ri neh\u00fdbu, nemali by sa zrani\u0165 (\u010des\u0165 v\u00fdnimk\u00e1m). Napr\u00edklad pod\u013ea serveru procyclingstats.com zaznamenali <strong>posledn\u00fd \u00faraz profesion\u00e1la pred takmer tromi t\u00fd\u017ed\u0148ami<\/strong>! Ide tak o\u00a0jeden z\u00a0najbezpe\u010dnej\u0161\u00edch a \u201enajzdrav\u0161\u00edch\u201c mesiacov za cel\u00e9 desa\u0165ro\u010dia.<\/p>\n<p><a href=\"https:\/\/d2p6e6u75xmxt8.cloudfront.net\/4\/2020\/03\/WLC_Mesa\u010dn\u00e1-desiatka-marec_05-1.jpg\"><img loading=\"lazy\" decoding=\"async\" src=\"https:\/\/d2p6e6u75xmxt8.cloudfront.net\/4\/2020\/03\/WLC_Mesa\u010dn\u00e1-desiatka-marec_05-1.jpg\" alt=\"\" width=\"1200\" height=\"800\" class=\"alignnone size-full wp-image-9627\" \/><\/a><\/p>\n<h2><strong>Profesion\u00e1lne rakety z\u00a0pelot\u00f3nu &#8211; ktor\u00e1 z\u00a0nich je t\u00e1 v\u00ed\u0165azn\u00e1?<\/strong><\/h2>\n<p>Za v\u00fdsledkami ka\u017ed\u00e9ho z\u00a0cyklistov, \u010di u\u017e ide o\u00a0amat\u00e9ra alebo samotn\u00e9ho majstra sveta, stoj\u00ed jeho stroj, ktor\u00fd mus\u00ed by\u0165 vyladen\u00fd do posledn\u00e9ho detailu. \u010casto sa hovor\u00ed predov\u0161etk\u00fdm o\u00a0sile a\u00a0schopnostiach jazdcov, <strong>ale zab\u00fada\u0165 netreba ani na tieto rakety<\/strong>, ktor\u00e9 v\u00e1\u017eia nie\u010do vy\u0161e 6 k\u00edl (najm\u00e4 z\u00a0d\u00f4vodu hmotnostn\u00e9ho limitu UCI). Pozrite si tie, ktor\u00e9 vyu\u017e\u00edvaj\u00fa t\u00edmy WorldTour po\u010das v\u0161etk\u00fdch pretekov svetovej \u00farovne. M\u00e1te svojho favorita? Cel\u00e1 gal\u00e9ria na <a href=\"https:\/\/www.facebook.com\/pg\/UnionCyclisteInternationale\/photos\/?tab=album&#038;album_id=1513822242113826\" rel=\"noopener\" target=\"_blank\">tomto odkaze<\/a>.<\/p>\n<p><a href=\"https:\/\/d2p6e6u75xmxt8.cloudfront.net\/4\/2020\/03\/WLC_Mesa\u010dn\u00e1-desiatka-marec_06-1.jpg\"><img loading=\"lazy\" decoding=\"async\" src=\"https:\/\/d2p6e6u75xmxt8.cloudfront.net\/4\/2020\/03\/WLC_Mesa\u010dn\u00e1-desiatka-marec_06-1.jpg\" alt=\"\" width=\"1200\" height=\"800\" class=\"alignnone size-full wp-image-9628\" \/><\/a><\/p>\n<h2><strong>Bu\u010fte ako najlep\u0161\u00ed z\u00a0najlep\u0161\u00edch!<\/strong><\/h2>\n<p>\u010co v\u00a0tejto dobe robia profesion\u00e1li? <strong>\u010co asi &#8211; tr\u00e9nuj\u00fa.<\/strong> Aj ke\u010f sami nevedia, kedy sa vr\u00e1tia do koloto\u010da pretekov, formu treba udr\u017eiava\u0165 na po\u017eadovanej \u00farovni. Tak napr\u00edklad, majster sveta v\u00a0XC horsk\u00fdch bicyklov, tr\u00e1vi svoj \u010das na trena\u017e\u00e9ri. Naviac okrem kvalitn\u00e9ho posilnenia kond\u00edcie, podporuje aj nad\u00e1ciu na pomoc v\u00a0postihnut\u00fdch oblastiach. To m\u00f4\u017eete aj vy!<\/p>\n<p>https:\/\/www.instagram.com\/p\/B-QDFqFBowZ\/<\/p>\n<h2><strong>Hlavu hore! Cyklistika je predsa \u00fasmevn\u00e1<\/strong><\/h2>\n<p>Vo chv\u00ed\u013each, kedy n\u00e1s \u201eosud\u201c priprav\u00ed o\u00a0nov\u00e9 z\u00e1\u017eitky, je \u010das sa obzrie\u0165 za seba a\u00a0pripomen\u00fa\u0165 si tie minul\u00e9, <strong>ktor\u00e9 te\u0161ili na\u0161u du\u0161u<\/strong>. V\u00a0tomto pr\u00edpade si pripomenieme chv\u00edle z\u00a0roku 2019, ktor\u00fd n\u00e1m okrem ve\u013ek\u00fdch v\u00ed\u0165azstiev a\u00a0nap\u00e4t\u00fdch momentov, priniesol aj mno\u017estvo \u00fasmevn\u00fdch chv\u00ed\u013e.<\/p>\n<lite-youtube videoid=oF7L5I5iC6o params=\"enablejsapi=1\" style=\"background-image: url('https:\/\/i.ytimg.com\/vi_webp\/oF7L5I5iC6o\/maxresdefault.webp');\"><\/lite-youtube>\n<p>Ako vid\u00edte, aj ke\u010f cyklistika v\u00a0telev\u00edzii ide len zo z\u00e1znamu, <strong>pretek\u00e1ri a\u00a0cel\u00fd cyklistick\u00fd svet st\u00e1le funguje<\/strong>. Je len ot\u00e1zkou \u010dasu, kedy sa op\u00e4\u0165 vrhneme do toho, \u010do n\u00e1s rob\u00ed \u0161\u0165astn\u00fdmi.<\/p>\n<p>(zdroje fotografi\u00ed: FB\/GirodItalia, FB\/StradeBianche, FB\/ParisNice, Twitter\/MatteoTrentin, FB\/GirodItalia, FB\/UCI Tim de Waele\/Getty Images)<\/p>\n","protected":false},"excerpt":{"rendered":"<p>Nepr\u00edjemn\u00fd stav, ktor\u00fd pretrv\u00e1va nielen vo svete cyklistiky, akoby pozastavoval v\u0161etko to, na \u010do sme sa te\u0161ili. Je to sklamanie? [&hellip;]<\/p>\n","protected":false},"author":81,"featured_media":9623,"comment_status":"open","ping_status":"open","sticky":false,"template":"","format":"standard","meta":{"footnotes":""},"categories":[63],"tags":[62,559,619,115,1166,597,546,331,306,180,532,498,1040,46,179,1218,422,20,263,55,355,197,269,880,161,623,332,1221],"global-categories":[1074],"class_list":["post-9616","post","type-post","status-publish","format-standard","has-post-thumbnail","hentry","category-grand-tour","tag-bezpecnost","tag-bicykel","tag-bicyklovanie","tag-cestna-cyklistika","tag-choroba","tag-cyklista","tag-cyklistika","tag-etapove-preteky","tag-francuzsko","tag-horska-cyklistika","tag-jazdenie","tag-julian-alaphilippe","tag-mesacna-desiatka","tag-peter-sagan","tag-preteky","tag-rouvy","tag-strade-bianche","tag-tour-de-france","tag-trenazer","tag-trening","tag-uci","tag-vincenzo-nibali","tag-vitaz","tag-welovecycling","tag-zdravie","tag-zdravy-zivotny-styl","tag-zranenia","tag-zrusene-preteky","global-categories-cycling"],"yoast_head":"<!-- This site is optimized with the Yoast SEO Premium plugin v25.3 (Yoast SEO v25.9) - https:\/\/yoast.com\/wordpress\/plugins\/seo\/ -->\n<title>Mesa\u010dn\u00e1 desiatka - je v\u00f4bec o\u00a0\u010dom p\u00edsa\u0165? Ur\u010dite je! - \u0160koda We Love Cycling Slovensko<\/title>\n<meta name=\"robots\" content=\"index, follow, max-snippet:-1, max-image-preview:large, max-video-preview:-1\" \/>\n<link rel=\"canonical\" href=\"https:\/\/www.welovecycling.com\/sk\/2020\/03\/30\/mesacna-desiatka-je-vobec-o-com-pisat-urcite-je\/\" \/>\n<meta property=\"og:locale\" content=\"sk_SK\" \/>\n<meta property=\"og:type\" content=\"article\" \/>\n<meta property=\"og:title\" content=\"Mesa\u010dn\u00e1 desiatka - je v\u00f4bec o\u00a0\u010dom p\u00edsa\u0165? Ur\u010dite je!\" \/>\n<meta property=\"og:description\" content=\"Nepr\u00edjemn\u00fd stav, ktor\u00fd pretrv\u00e1va nielen vo svete cyklistiky, akoby pozastavoval v\u0161etko to, na \u010do sme sa te\u0161ili. Je to sklamanie? [&hellip;]\" \/>\n<meta property=\"og:url\" content=\"https:\/\/www.welovecycling.com\/sk\/2020\/03\/30\/mesacna-desiatka-je-vobec-o-com-pisat-urcite-je\/\" \/>\n<meta property=\"og:site_name\" content=\"\u0160koda We Love Cycling Slovensko\" \/>\n<meta property=\"article:published_time\" content=\"2020-03-30T10:30:03+00:00\" \/>\n<meta property=\"article:modified_time\" content=\"2020-03-31T17:00:32+00:00\" \/>\n<meta property=\"og:image\" content=\"https:\/\/d2p6e6u75xmxt8.cloudfront.net\/4\/2020\/03\/WLC_Mesa\u010dn\u00e1-desiatka-marec_00-1.webp\" \/>\n\t<meta property=\"og:image:width\" content=\"1380\" \/>\n\t<meta property=\"og:image:height\" content=\"600\" \/>\n\t<meta property=\"og:image:type\" content=\"image\/webp\" \/>\n<meta name=\"twitter:card\" content=\"summary_large_image\" \/>\n<meta name=\"twitter:label1\" content=\"Written by\" \/>\n\t<meta name=\"twitter:data1\" content=\"WeLoveCycling\" \/>\n\t<meta name=\"twitter:label2\" content=\"Est. reading time\" \/>\n\t<meta name=\"twitter:data2\" content=\"5\" \/>\n<script type=\"application\/ld+json\" class=\"yoast-schema-graph\">{\"@context\":\"https:\/\/schema.org\",\"@graph\":[{\"@type\":\"WebPage\",\"@id\":\"https:\/\/www.welovecycling.com\/sk\/2020\/03\/30\/mesacna-desiatka-je-vobec-o-com-pisat-urcite-je\/\",\"url\":\"https:\/\/www.welovecycling.com\/sk\/2020\/03\/30\/mesacna-desiatka-je-vobec-o-com-pisat-urcite-je\/\",\"name\":\"Mesa\u010dn\u00e1 desiatka - je v\u00f4bec o\u00a0\u010dom p\u00edsa\u0165? Ur\u010dite je! - \u0160koda We Love Cycling Slovensko\",\"isPartOf\":{\"@id\":\"https:\/\/www.welovecycling.com\/sk\/#website\"},\"primaryImageOfPage\":{\"@id\":\"https:\/\/www.welovecycling.com\/sk\/2020\/03\/30\/mesacna-desiatka-je-vobec-o-com-pisat-urcite-je\/#primaryimage\"},\"image\":{\"@id\":\"https:\/\/www.welovecycling.com\/sk\/2020\/03\/30\/mesacna-desiatka-je-vobec-o-com-pisat-urcite-je\/#primaryimage\"},\"thumbnailUrl\":\"https:\/\/d2p6e6u75xmxt8.cloudfront.net\/4\/2020\/03\/WLC_Mesa\u010dn\u00e1-desiatka-marec_00-1.webp\",\"datePublished\":\"2020-03-30T10:30:03+00:00\",\"dateModified\":\"2020-03-31T17:00:32+00:00\",\"author\":{\"@id\":\"\"},\"breadcrumb\":{\"@id\":\"https:\/\/www.welovecycling.com\/sk\/2020\/03\/30\/mesacna-desiatka-je-vobec-o-com-pisat-urcite-je\/#breadcrumb\"},\"inLanguage\":\"sk-SK\",\"potentialAction\":[{\"@type\":\"ReadAction\",\"target\":[\"https:\/\/www.welovecycling.com\/sk\/2020\/03\/30\/mesacna-desiatka-je-vobec-o-com-pisat-urcite-je\/\"]}]},{\"@type\":\"ImageObject\",\"inLanguage\":\"sk-SK\",\"@id\":\"https:\/\/www.welovecycling.com\/sk\/2020\/03\/30\/mesacna-desiatka-je-vobec-o-com-pisat-urcite-je\/#primaryimage\",\"url\":\"https:\/\/d2p6e6u75xmxt8.cloudfront.net\/4\/2020\/03\/WLC_Mesa\u010dn\u00e1-desiatka-marec_00-1.webp\",\"contentUrl\":\"https:\/\/d2p6e6u75xmxt8.cloudfront.net\/4\/2020\/03\/WLC_Mesa\u010dn\u00e1-desiatka-marec_00-1.webp\",\"width\":1380,\"height\":600},{\"@type\":\"BreadcrumbList\",\"@id\":\"https:\/\/www.welovecycling.com\/sk\/2020\/03\/30\/mesacna-desiatka-je-vobec-o-com-pisat-urcite-je\/#breadcrumb\",\"itemListElement\":[{\"@type\":\"ListItem\",\"position\":1,\"name\":\"Home\",\"item\":\"https:\/\/www.welovecycling.com\/sk\/\"},{\"@type\":\"ListItem\",\"position\":2,\"name\":\"Mesa\u010dn\u00e1 desiatka &#8211; je v\u00f4bec o\u00a0\u010dom p\u00edsa\u0165? Ur\u010dite je!\"}]},{\"@type\":\"WebSite\",\"@id\":\"https:\/\/www.welovecycling.com\/sk\/#website\",\"url\":\"https:\/\/www.welovecycling.com\/sk\/\",\"name\":\"\u0160koda We Love Cycling Slovensko\",\"description\":\"\u0160koda We Love Cycling Slovensko je v\u00e1\u0161 ka\u017edodenn\u00fd zdroj noviniek a in\u0161pir\u00e1cie z sveta cyklistiky\",\"potentialAction\":[{\"@type\":\"SearchAction\",\"target\":{\"@type\":\"EntryPoint\",\"urlTemplate\":\"https:\/\/www.welovecycling.com\/sk\/?s={search_term_string}\"},\"query-input\":{\"@type\":\"PropertyValueSpecification\",\"valueRequired\":true,\"valueName\":\"search_term_string\"}}],\"inLanguage\":\"sk-SK\"},{\"@type\":\"Person\",\"@id\":\"\",\"url\":\"https:\/\/www.welovecycling.com\/sk\/author\/\"}]}<\/script>\n<!-- \/ Yoast SEO Premium plugin. -->","yoast_head_json":{"title":"Mesa\u010dn\u00e1 desiatka - je v\u00f4bec o\u00a0\u010dom p\u00edsa\u0165? Ur\u010dite je! - \u0160koda We Love Cycling Slovensko","robots":{"index":"index","follow":"follow","max-snippet":"max-snippet:-1","max-image-preview":"max-image-preview:large","max-video-preview":"max-video-preview:-1"},"canonical":"https:\/\/www.welovecycling.com\/sk\/2020\/03\/30\/mesacna-desiatka-je-vobec-o-com-pisat-urcite-je\/","og_locale":"sk_SK","og_type":"article","og_title":"Mesa\u010dn\u00e1 desiatka - je v\u00f4bec o\u00a0\u010dom p\u00edsa\u0165? Ur\u010dite je!","og_description":"Nepr\u00edjemn\u00fd stav, ktor\u00fd pretrv\u00e1va nielen vo svete cyklistiky, akoby pozastavoval v\u0161etko to, na \u010do sme sa te\u0161ili. Je to sklamanie? [&hellip;]","og_url":"https:\/\/www.welovecycling.com\/sk\/2020\/03\/30\/mesacna-desiatka-je-vobec-o-com-pisat-urcite-je\/","og_site_name":"\u0160koda We Love Cycling Slovensko","article_published_time":"2020-03-30T10:30:03+00:00","article_modified_time":"2020-03-31T17:00:32+00:00","og_image":[{"width":1380,"height":600,"url":"https:\/\/d2p6e6u75xmxt8.cloudfront.net\/4\/2020\/03\/WLC_Mesa\u010dn\u00e1-desiatka-marec_00-1.webp","type":"image\/webp"}],"twitter_card":"summary_large_image","twitter_misc":{"Written by":"WeLoveCycling","Est. reading time":"5"},"schema":{"@context":"https:\/\/schema.org","@graph":[{"@type":"WebPage","@id":"https:\/\/www.welovecycling.com\/sk\/2020\/03\/30\/mesacna-desiatka-je-vobec-o-com-pisat-urcite-je\/","url":"https:\/\/www.welovecycling.com\/sk\/2020\/03\/30\/mesacna-desiatka-je-vobec-o-com-pisat-urcite-je\/","name":"Mesa\u010dn\u00e1 desiatka - je v\u00f4bec o\u00a0\u010dom p\u00edsa\u0165? Ur\u010dite je! - \u0160koda We Love Cycling Slovensko","isPartOf":{"@id":"https:\/\/www.welovecycling.com\/sk\/#website"},"primaryImageOfPage":{"@id":"https:\/\/www.welovecycling.com\/sk\/2020\/03\/30\/mesacna-desiatka-je-vobec-o-com-pisat-urcite-je\/#primaryimage"},"image":{"@id":"https:\/\/www.welovecycling.com\/sk\/2020\/03\/30\/mesacna-desiatka-je-vobec-o-com-pisat-urcite-je\/#primaryimage"},"thumbnailUrl":"https:\/\/d2p6e6u75xmxt8.cloudfront.net\/4\/2020\/03\/WLC_Mesa\u010dn\u00e1-desiatka-marec_00-1.webp","datePublished":"2020-03-30T10:30:03+00:00","dateModified":"2020-03-31T17:00:32+00:00","author":{"@id":""},"breadcrumb":{"@id":"https:\/\/www.welovecycling.com\/sk\/2020\/03\/30\/mesacna-desiatka-je-vobec-o-com-pisat-urcite-je\/#breadcrumb"},"inLanguage":"sk-SK","potentialAction":[{"@type":"ReadAction","target":["https:\/\/www.welovecycling.com\/sk\/2020\/03\/30\/mesacna-desiatka-je-vobec-o-com-pisat-urcite-je\/"]}]},{"@type":"ImageObject","inLanguage":"sk-SK","@id":"https:\/\/www.welovecycling.com\/sk\/2020\/03\/30\/mesacna-desiatka-je-vobec-o-com-pisat-urcite-je\/#primaryimage","url":"https:\/\/d2p6e6u75xmxt8.cloudfront.net\/4\/2020\/03\/WLC_Mesa\u010dn\u00e1-desiatka-marec_00-1.webp","contentUrl":"https:\/\/d2p6e6u75xmxt8.cloudfront.net\/4\/2020\/03\/WLC_Mesa\u010dn\u00e1-desiatka-marec_00-1.webp","width":1380,"height":600},{"@type":"BreadcrumbList","@id":"https:\/\/www.welovecycling.com\/sk\/2020\/03\/30\/mesacna-desiatka-je-vobec-o-com-pisat-urcite-je\/#breadcrumb","itemListElement":[{"@type":"ListItem","position":1,"name":"Home","item":"https:\/\/www.welovecycling.com\/sk\/"},{"@type":"ListItem","position":2,"name":"Mesa\u010dn\u00e1 desiatka &#8211; je v\u00f4bec o\u00a0\u010dom p\u00edsa\u0165? Ur\u010dite je!"}]},{"@type":"WebSite","@id":"https:\/\/www.welovecycling.com\/sk\/#website","url":"https:\/\/www.welovecycling.com\/sk\/","name":"\u0160koda We Love Cycling Slovensko","description":"\u0160koda We Love Cycling Slovensko je v\u00e1\u0161 ka\u017edodenn\u00fd zdroj noviniek a in\u0161pir\u00e1cie z sveta cyklistiky","potentialAction":[{"@type":"SearchAction","target":{"@type":"EntryPoint","urlTemplate":"https:\/\/www.welovecycling.com\/sk\/?s={search_term_string}"},"query-input":{"@type":"PropertyValueSpecification","valueRequired":true,"valueName":"search_term_string"}}],"inLanguage":"sk-SK"},{"@type":"Person","@id":"","url":"https:\/\/www.welovecycling.com\/sk\/author\/"}]}},"_links":{"self":[{"href":"https:\/\/www.welovecycling.com\/sk\/wp-json\/wp\/v2\/posts\/9616","targetHints":{"allow":["GET"]}}],"collection":[{"href":"https:\/\/www.welovecycling.com\/sk\/wp-json\/wp\/v2\/posts"}],"about":[{"href":"https:\/\/www.welovecycling.com\/sk\/wp-json\/wp\/v2\/types\/post"}],"author":[{"embeddable":true,"href":"https:\/\/www.welovecycling.com\/sk\/wp-json\/wp\/v2\/users\/81"}],"replies":[{"embeddable":true,"href":"https:\/\/www.welovecycling.com\/sk\/wp-json\/wp\/v2\/comments?post=9616"}],"version-history":[{"count":2,"href":"https:\/\/www.welovecycling.com\/sk\/wp-json\/wp\/v2\/posts\/9616\/revisions"}],"predecessor-version":[{"id":9651,"href":"https:\/\/www.welovecycling.com\/sk\/wp-json\/wp\/v2\/posts\/9616\/revisions\/9651"}],"wp:featuredmedia":[{"embeddable":true,"href":"https:\/\/www.welovecycling.com\/sk\/wp-json\/wp\/v2\/media\/9623"}],"wp:attachment":[{"href":"https:\/\/www.welovecycling.com\/sk\/wp-json\/wp\/v2\/media?parent=9616"}],"wp:term":[{"taxonomy":"category","embeddable":true,"href":"https:\/\/www.welovecycling.com\/sk\/wp-json\/wp\/v2\/categories?post=9616"},{"taxonomy":"post_tag","embeddable":true,"href":"https:\/\/www.welovecycling.com\/sk\/wp-json\/wp\/v2\/tags?post=9616"},{"taxonomy":"global-categories","embeddable":true,"href":"https:\/\/www.welovecycling.com\/sk\/wp-json\/wp\/v2\/global-categories?post=9616"}],"curies":[{"name":"wp","href":"https:\/\/api.w.org\/{rel}","templated":true}]}}