{"id":9602,"date":"2020-04-17T10:00:17","date_gmt":"2020-04-17T08:00:17","guid":{"rendered":"https:\/\/www.welovecycling.com\/sk\/?p=9602"},"modified":"2020-04-09T10:09:30","modified_gmt":"2020-04-09T08:09:30","slug":"najsialenejsie-cyklisticke-preteky-ucast-si-radsej-premyslite","status":"publish","type":"post","link":"https:\/\/www.welovecycling.com\/sk\/2020\/04\/17\/najsialenejsie-cyklisticke-preteky-ucast-si-radsej-premyslite\/","title":{"rendered":"Naj\u0161ialenej\u0161ie cyklistick\u00e9 preteky &#8211; \u00fa\u010das\u0165 si rad\u0161ej premyslite"},"content":{"rendered":"<p><strong>V\u00e4\u010d\u0161ina cyklistick\u00fdch pretekov je n\u00e1ro\u010dn\u00fdch, vy\u010derp\u00e1vaj\u00facich alebo vhodn\u00fdch pre supermanov. Ani jedna z uveden\u00fdch charakterist\u00edk sa v\u0161ak nevyskytuje v na\u0161om zozname. Tieto s\u00fa \u0161ialen\u00e9, \u00fasmevn\u00e9, zosmie\u0161\u0148uj\u00face, z\u00e1bavn\u00e9 a navy\u0161e aj extr\u00e9mne sofistikovan\u00e9. Dokonca ak sa na niektor\u00e9 z nich vyd\u00e1te, m\u00f4\u017eete z nich od\u00eds\u0165 s my\u0161lienkou zorganizova\u0165 nie\u010do podobn\u00e9.<\/strong><!--more--><\/p>\n<h2><strong>Cyklistick\u00e9 majstrovstv\u00e1 v holandskom protivetre<\/strong><\/h2>\n<p><strong>Kde:<\/strong> Oosterscheldekering &#8211; protib\u00farkov\u00e9 bari\u00e9ry, Holandsko<\/p>\n<p><strong>O \u010do ide:<\/strong> Tradi\u010dn\u00e9 Cyklistick\u00e9 majstrovstv\u00e1 v holandskom protivetre sa konaj\u00fa v ju\u017enom Holandsku, <strong>na pobre\u017e\u00ed provincie Zeeland<\/strong>. Tra\u0165 s d\u013a\u017ekou 8,5 km sa tiahne na Oosterscheldekering protib\u00farkovej bari\u00e9re, ktor\u00e1 lemuje pl\u00e1\u017e. Povolen\u00e9 s\u00fa len bicykle s jedn\u00fdm prevodn\u00edkom, ktor\u00e9 s\u00fa dodan\u00e9 organiz\u00e1tormi pretekov. Napriek mas\u00edvnemu z\u00e1ujmu medzi holandsk\u00fdmi jazdcami, <strong>\u201elen\u201c 300 jednotlivcov<\/strong> (alebo 25 t\u00edmov po 4 jazdcov) je vybran\u00fdch zo v\u0161etk\u00fdch z\u00e1ujemcov. Ka\u017edoro\u010dn\u00e1 \u010dasovka s vetrom sa kon\u00e1 u\u017e od roku 2013. Jej d\u00e1tum je vyhl\u00e1sen\u00fd 3 dni pred o\u010dak\u00e1vanou b\u00farkou, ktor\u00e9 sa objavuj\u00fa medzi decembrom a marcom.<\/p>\n<lite-youtube videoid=QvloKB9Fg58 params=\"enablejsapi=1\" style=\"background-image: url('https:\/\/i.ytimg.com\/vi_webp\/QvloKB9Fg58\/maxresdefault.webp');\"><\/lite-youtube>\n<h2><strong>Red Bull Goni Poni<\/strong><\/h2>\n<p><strong>Kde:<\/strong> Kranjska Gora, Slovinsko<\/p>\n<p><strong>O \u010do ide:<\/strong> To, \u010do sa po prv\u00fdkr\u00e1t za\u010dalo, ako forma rozpt\u00fdlenia pre h\u0155stku nad\u0161encov, sa v s\u00fa\u010dasnosti stalo <strong>podujat\u00edm s 1 200 registrovan\u00fdmi \u00fa\u010dastn\u00edkmi<\/strong>. Av\u0161ak, kone\u010dn\u00fd cie\u013e ostal rovnak\u00fd. Jazdci musia dosiahnu\u0165 cie\u013eov\u00fa p\u00e1sku v nadmorskej v\u00fd\u0161ke 1 611 m n.m. po tom, \u010do zvl\u00e1dnu n\u00e1ro\u010dn\u00e9 st\u00fapanie. Ale na bicykloch s a\u017e pr\u00edli\u0161 mal\u00fdmi kolesami. Pravidl\u00e1 povo\u013euj\u00fa len pou\u017e\u00edvanie tzv. Pony bicyklov v ich p\u00f4vodnom stave. To znamen\u00e1 &#8211; oce\u013eov\u00fd r\u00e1m, 20\u201c koles\u00e1, a aspo\u0148 \u017ee aj zadn\u00fa brzdu. Napriek uvo\u013enenej atmosf\u00e9re si \u00fa\u010dastn\u00edci siahnu a\u017e na sam\u00e9 dno svojich s\u00edl, pokia\u013e sa chc\u00fa dosta\u0165 a\u017e do cie\u013ea.<\/p>\n<p><img loading=\"lazy\" decoding=\"async\" class=\"alignnone size-full wp-image-9607\" src=\"https:\/\/d2p6e6u75xmxt8.cloudfront.net\/4\/2020\/03\/goni-pony-2.jpg\" alt=\"\" width=\"1022\" height=\"681\" \/><\/p>\n<h2><strong>Bike + \u0161norchlovanie v mo\u010diari<\/strong><\/h2>\n<p><strong>Kde:<\/strong> Llanwrtyd Wells, Wales<\/p>\n<p><strong>O \u010do ide:<\/strong> My\u0161lienka \u0161norchlovania v mo\u010diari vznikla v kr\u010dme s n\u00e1zvom Gordon Green a jeho priatelia, v roku 1985. Odvtedy skupina nad\u0161encov za\u010dala usporad\u00fava\u0165 <strong>preteky v blate<\/strong>, v r\u00e1mci \u010doho pou\u017e\u00edvali klasick\u00fa v\u00fdstroj na pot\u00e1panie. O dvadsa\u0165 rokov nesk\u00f4r zistili, \u017ee toto podujatie e\u0161te st\u00e1le nie je dostato\u010dne z\u00e1bavn\u00e9 a dodali k tomu teda aj bicykel. Vznikli tak Majstrovstv\u00e1 v \u0161norchlovan\u00ed mo\u010diarom na horskom bicykli. Ka\u017ed\u00fd z \u00fa\u010dastn\u00edkov <strong>za\u010d\u00edna s maskou, \u0161norchlom a okuliarmi, jazdiac na \u0161peci\u00e1lne upravenom bicykli<\/strong>. R\u00e1m je naplnen\u00fd olovom a pl\u00e1\u0161te s vodou, \u010d\u00edm sa zabezpe\u010d\u00ed, \u017ee bicykle ostan\u00fa pod hladinou vody a bud\u00fa sa \u201ehladko\u201c odva\u013eova\u0165 po dne. Trasa pretekov spo\u010d\u00edva v 60 metrovom p\u00e1se, ktor\u00fd pretek\u00e1ri musia absolvova\u0165 tam a aj nasp\u00e4\u0165.<\/p>\n<lite-youtube videoid=BaEOzH4K7QQ params=\"enablejsapi=1\" style=\"background-image: url('https:\/\/i.ytimg.com\/vi_webp\/BaEOzH4K7QQ\/maxresdefault.webp');\"><\/lite-youtube>\n<h2><strong>Marymoor Crawl<\/strong><\/h2>\n<p><strong>Kde:<\/strong> Lond\u00fdn, Spojen\u00e9 kr\u00e1\u013eovstvo<\/p>\n<p><strong>O \u010do ide:<\/strong> V princ\u00edpe je to druh seri\u00f3znych \u0161print\u00e9rskych pretekov, av\u0161ak s divn\u00fdm za\u010diatkom. Kon\u00e1 sa na velodr\u00f3me a za\u010d\u00edna na \u0161tvrtej obr\u00e1tke, len nieko\u013eko metrov pred \u0161tartovacou \u010diarou. Cyklisti musia vy\u010dka\u0165, sediac a citlivo balansuj\u00fac na bicykloch, <strong>pokia\u013e zaznie zvuk zvon\u010deka<\/strong>. Niekedy medzi tre\u0165ou a \u0161tvrtou min\u00fatou pretekov&#8230; Pred t\u00fdmto zvukom sa nikto z nich nesmie dotkn\u00fa\u0165 nohou zeme, alebo prejs\u0165 cez \u201ecie\u013eov\u00fa \u010diaru\u201c. Poru\u0161enie jedn\u00e9ho z nich <strong>znamen\u00e1 vyl\u00fa\u010denie z pretekov<\/strong>. Vo chv\u00edli, kedy zaznie zvuk zvon\u010deka, jazdci za\u010d\u00ednaj\u00fa preteka\u0165 naplno. \u201eZbytok\u201c pretekov je rovnak\u00fd ako jednokolov\u00fd \u0161print. Najr\u00fdchlej\u0161\u00ed zv\u00ed\u0165az\u00ed. P\u00f4vodn\u00e9 preteky sa v\u0161ak u\u017e nekonaj\u00fa. Ale viacero z nad\u0161encov je rozhodnut\u00fdch op\u00e4\u0165 pripravi\u0165 preteky s trad\u00edciou, ak\u00fa mal Myrymoor Crawl, dokonca na p\u00f4vodnom velodr\u00f3me.<\/p>\n<lite-youtube videoid=wVQNlyYXqjg params=\"enablejsapi=1\" style=\"background-image: url('https:\/\/i.ytimg.com\/vi_webp\/wVQNlyYXqjg\/maxresdefault.webp');\"><\/lite-youtube>\n<h2><strong>Prineste si svoje vlastn\u00e9 ve\u013ek\u00e9 koleso<\/strong><\/h2>\n<p><strong>Kde:<\/strong> San Francisco, USA<\/p>\n<p><strong>O \u010do ide:<\/strong> Bicykel predstaven\u00fd vyn\u00e1lezcom Louisom Marxom v roku 1969 niesol n\u00e1zov \u201ebig wheel\u201c a bol typom trojkolesov\u00e9ho \u201ebicykla\u201c s n\u00edzkym posedom a ve\u013ek\u00fdm predn\u00fdm kolesom. Ke\u010f\u017ee sa v 70-&nbsp;tych rokoch stali tieto tricykle ob\u013e\u00faben\u00fdmi n\u00e1strojmi z\u00e1bavy, mnoho \u013eud\u00ed si ich zapam\u00e4tali ako vec, s ktorou za\u017e\u00edvali pr\u00edjemn\u00e9 chv\u00edle v ich detstve. Ke\u010f jeden \u0161ialenec, Jon Brumit, vytvoril podujatie, kedy sa na nich jazdci sp\u00fa\u0161\u0165ali v roku 2000 dole Lombard Street v San Franciscu, bolo len ot\u00e1zkou nieko\u013ek\u00fdch mesiacov, pokia\u013e pril\u00e1kali stovky nad\u0161encov z\u00fa\u010dast\u0148uj\u00facich sa t\u00fdchto pretekov. Ako d\u00e1tum si vybrali Ve\u013ekono\u010dn\u00fa sobotu, kedy sa desiatky jazdcov vyd\u00e1vali na tra\u0165 utiahnut\u00fdmi z\u00e1krutami Lombard Street. Nesk\u00f4r v\u0161ak bola vymenen\u00e1 za e\u0161te \u201eto\u010divej\u0161iu\u201c ulicu &#8211; <strong>Vermont Street<\/strong>.<\/p>\n<lite-youtube videoid=-NA4PpCzP9g params=\"enablejsapi=1\" style=\"background-image: url('https:\/\/i.ytimg.com\/vi_webp\/-NA4PpCzP9g\/maxresdefault.webp');\"><\/lite-youtube>\n","protected":false},"excerpt":{"rendered":"<p>V\u00e4\u010d\u0161ina cyklistick\u00fdch pretekov je n\u00e1ro\u010dn\u00fdch, vy\u010derp\u00e1vaj\u00facich alebo vhodn\u00fdch pre supermanov. Ani jedna z uveden\u00fdch charakterist\u00edk sa v\u0161ak nevyskytuje v na\u0161om [&hellip;]<\/p>\n","protected":false},"author":81,"featured_media":9609,"comment_status":"open","ping_status":"open","sticky":false,"template":"","format":"standard","meta":{"footnotes":""},"categories":[118],"tags":[319,559,619,115,546,180,532,767,600,346,1012,269,183,161,623,475],"global-categories":[],"class_list":["post-9602","post","type-post","status-publish","format-standard","has-post-thumbnail","hentry","category-zabava","tag-adrenalin","tag-bicykel","tag-bicyklovanie","tag-cestna-cyklistika","tag-cyklistika","tag-horska-cyklistika","tag-jazdenie","tag-motivacia","tag-muzi","tag-okuliare","tag-pretekar","tag-vitaz","tag-zabava","tag-zdravie","tag-zdravy-zivotny-styl","tag-zeny"],"yoast_head":"<!-- This site is optimized with the Yoast SEO Premium plugin v25.3 (Yoast SEO v25.9) - https:\/\/yoast.com\/wordpress\/plugins\/seo\/ -->\n<title>Naj\u0161ialenej\u0161ie cyklistick\u00e9 preteky - \u00fa\u010das\u0165 si rad\u0161ej premyslite - \u0160koda We Love Cycling Slovensko<\/title>\n<meta name=\"robots\" content=\"index, follow, max-snippet:-1, max-image-preview:large, max-video-preview:-1\" \/>\n<link rel=\"canonical\" href=\"https:\/\/www.welovecycling.com\/sk\/2020\/04\/17\/najsialenejsie-cyklisticke-preteky-ucast-si-radsej-premyslite\/\" \/>\n<meta property=\"og:locale\" content=\"sk_SK\" \/>\n<meta property=\"og:type\" content=\"article\" \/>\n<meta property=\"og:title\" content=\"Naj\u0161ialenej\u0161ie cyklistick\u00e9 preteky - \u00fa\u010das\u0165 si rad\u0161ej premyslite\" \/>\n<meta property=\"og:description\" content=\"V\u00e4\u010d\u0161ina cyklistick\u00fdch pretekov je n\u00e1ro\u010dn\u00fdch, vy\u010derp\u00e1vaj\u00facich alebo vhodn\u00fdch pre supermanov. Ani jedna z uveden\u00fdch charakterist\u00edk sa v\u0161ak nevyskytuje v na\u0161om [&hellip;]\" \/>\n<meta property=\"og:url\" content=\"https:\/\/www.welovecycling.com\/sk\/2020\/04\/17\/najsialenejsie-cyklisticke-preteky-ucast-si-radsej-premyslite\/\" \/>\n<meta property=\"og:site_name\" content=\"\u0160koda We Love Cycling Slovensko\" \/>\n<meta property=\"article:published_time\" content=\"2020-04-17T08:00:17+00:00\" \/>\n<meta property=\"og:image\" content=\"https:\/\/d2p6e6u75xmxt8.cloudfront.net\/4\/2020\/03\/Bike-Bog-Snorkelling-CVR-profimedia-0223904049.webp\" \/>\n\t<meta property=\"og:image:width\" content=\"1366\" \/>\n\t<meta property=\"og:image:height\" content=\"600\" \/>\n\t<meta property=\"og:image:type\" content=\"image\/webp\" \/>\n<meta name=\"twitter:card\" content=\"summary_large_image\" \/>\n<meta name=\"twitter:label1\" content=\"Written by\" \/>\n\t<meta name=\"twitter:data1\" content=\"Adam Marsal\" \/>\n\t<meta name=\"twitter:label2\" content=\"Est. reading time\" \/>\n\t<meta name=\"twitter:data2\" content=\"7\" \/>\n<script type=\"application\/ld+json\" class=\"yoast-schema-graph\">{\"@context\":\"https:\/\/schema.org\",\"@graph\":[{\"@type\":\"WebPage\",\"@id\":\"https:\/\/www.welovecycling.com\/sk\/2020\/04\/17\/najsialenejsie-cyklisticke-preteky-ucast-si-radsej-premyslite\/\",\"url\":\"https:\/\/www.welovecycling.com\/sk\/2020\/04\/17\/najsialenejsie-cyklisticke-preteky-ucast-si-radsej-premyslite\/\",\"name\":\"Naj\u0161ialenej\u0161ie cyklistick\u00e9 preteky - \u00fa\u010das\u0165 si rad\u0161ej premyslite - \u0160koda We Love Cycling Slovensko\",\"isPartOf\":{\"@id\":\"https:\/\/www.welovecycling.com\/sk\/#website\"},\"primaryImageOfPage\":{\"@id\":\"https:\/\/www.welovecycling.com\/sk\/2020\/04\/17\/najsialenejsie-cyklisticke-preteky-ucast-si-radsej-premyslite\/#primaryimage\"},\"image\":{\"@id\":\"https:\/\/www.welovecycling.com\/sk\/2020\/04\/17\/najsialenejsie-cyklisticke-preteky-ucast-si-radsej-premyslite\/#primaryimage\"},\"thumbnailUrl\":\"https:\/\/d2p6e6u75xmxt8.cloudfront.net\/4\/2020\/03\/Bike-Bog-Snorkelling-CVR-profimedia-0223904049.webp\",\"datePublished\":\"2020-04-17T08:00:17+00:00\",\"author\":{\"@id\":\"\"},\"breadcrumb\":{\"@id\":\"https:\/\/www.welovecycling.com\/sk\/2020\/04\/17\/najsialenejsie-cyklisticke-preteky-ucast-si-radsej-premyslite\/#breadcrumb\"},\"inLanguage\":\"sk-SK\",\"potentialAction\":[{\"@type\":\"ReadAction\",\"target\":[\"https:\/\/www.welovecycling.com\/sk\/2020\/04\/17\/najsialenejsie-cyklisticke-preteky-ucast-si-radsej-premyslite\/\"]}]},{\"@type\":\"ImageObject\",\"inLanguage\":\"sk-SK\",\"@id\":\"https:\/\/www.welovecycling.com\/sk\/2020\/04\/17\/najsialenejsie-cyklisticke-preteky-ucast-si-radsej-premyslite\/#primaryimage\",\"url\":\"https:\/\/d2p6e6u75xmxt8.cloudfront.net\/4\/2020\/03\/Bike-Bog-Snorkelling-CVR-profimedia-0223904049.webp\",\"contentUrl\":\"https:\/\/d2p6e6u75xmxt8.cloudfront.net\/4\/2020\/03\/Bike-Bog-Snorkelling-CVR-profimedia-0223904049.webp\",\"width\":1366,\"height\":600},{\"@type\":\"BreadcrumbList\",\"@id\":\"https:\/\/www.welovecycling.com\/sk\/2020\/04\/17\/najsialenejsie-cyklisticke-preteky-ucast-si-radsej-premyslite\/#breadcrumb\",\"itemListElement\":[{\"@type\":\"ListItem\",\"position\":1,\"name\":\"Home\",\"item\":\"https:\/\/www.welovecycling.com\/sk\/\"},{\"@type\":\"ListItem\",\"position\":2,\"name\":\"Naj\u0161ialenej\u0161ie cyklistick\u00e9 preteky &#8211; \u00fa\u010das\u0165 si rad\u0161ej premyslite\"}]},{\"@type\":\"WebSite\",\"@id\":\"https:\/\/www.welovecycling.com\/sk\/#website\",\"url\":\"https:\/\/www.welovecycling.com\/sk\/\",\"name\":\"\u0160koda We Love Cycling Slovensko\",\"description\":\"\u0160koda We Love Cycling Slovensko je v\u00e1\u0161 ka\u017edodenn\u00fd zdroj noviniek a in\u0161pir\u00e1cie z sveta cyklistiky\",\"potentialAction\":[{\"@type\":\"SearchAction\",\"target\":{\"@type\":\"EntryPoint\",\"urlTemplate\":\"https:\/\/www.welovecycling.com\/sk\/?s={search_term_string}\"},\"query-input\":{\"@type\":\"PropertyValueSpecification\",\"valueRequired\":true,\"valueName\":\"search_term_string\"}}],\"inLanguage\":\"sk-SK\"},{\"@type\":\"Person\",\"@id\":\"\",\"url\":\"https:\/\/www.welovecycling.com\/sk\/author\/\"}]}<\/script>\n<!-- \/ Yoast SEO Premium plugin. -->","yoast_head_json":{"title":"Naj\u0161ialenej\u0161ie cyklistick\u00e9 preteky - \u00fa\u010das\u0165 si rad\u0161ej premyslite - \u0160koda We Love Cycling Slovensko","robots":{"index":"index","follow":"follow","max-snippet":"max-snippet:-1","max-image-preview":"max-image-preview:large","max-video-preview":"max-video-preview:-1"},"canonical":"https:\/\/www.welovecycling.com\/sk\/2020\/04\/17\/najsialenejsie-cyklisticke-preteky-ucast-si-radsej-premyslite\/","og_locale":"sk_SK","og_type":"article","og_title":"Naj\u0161ialenej\u0161ie cyklistick\u00e9 preteky - \u00fa\u010das\u0165 si rad\u0161ej premyslite","og_description":"V\u00e4\u010d\u0161ina cyklistick\u00fdch pretekov je n\u00e1ro\u010dn\u00fdch, vy\u010derp\u00e1vaj\u00facich alebo vhodn\u00fdch pre supermanov. Ani jedna z uveden\u00fdch charakterist\u00edk sa v\u0161ak nevyskytuje v na\u0161om [&hellip;]","og_url":"https:\/\/www.welovecycling.com\/sk\/2020\/04\/17\/najsialenejsie-cyklisticke-preteky-ucast-si-radsej-premyslite\/","og_site_name":"\u0160koda We Love Cycling Slovensko","article_published_time":"2020-04-17T08:00:17+00:00","og_image":[{"width":1366,"height":600,"url":"https:\/\/d2p6e6u75xmxt8.cloudfront.net\/4\/2020\/03\/Bike-Bog-Snorkelling-CVR-profimedia-0223904049.webp","type":"image\/webp"}],"twitter_card":"summary_large_image","twitter_misc":{"Written by":"Adam Marsal","Est. reading time":"7"},"schema":{"@context":"https:\/\/schema.org","@graph":[{"@type":"WebPage","@id":"https:\/\/www.welovecycling.com\/sk\/2020\/04\/17\/najsialenejsie-cyklisticke-preteky-ucast-si-radsej-premyslite\/","url":"https:\/\/www.welovecycling.com\/sk\/2020\/04\/17\/najsialenejsie-cyklisticke-preteky-ucast-si-radsej-premyslite\/","name":"Naj\u0161ialenej\u0161ie cyklistick\u00e9 preteky - \u00fa\u010das\u0165 si rad\u0161ej premyslite - \u0160koda We Love Cycling Slovensko","isPartOf":{"@id":"https:\/\/www.welovecycling.com\/sk\/#website"},"primaryImageOfPage":{"@id":"https:\/\/www.welovecycling.com\/sk\/2020\/04\/17\/najsialenejsie-cyklisticke-preteky-ucast-si-radsej-premyslite\/#primaryimage"},"image":{"@id":"https:\/\/www.welovecycling.com\/sk\/2020\/04\/17\/najsialenejsie-cyklisticke-preteky-ucast-si-radsej-premyslite\/#primaryimage"},"thumbnailUrl":"https:\/\/d2p6e6u75xmxt8.cloudfront.net\/4\/2020\/03\/Bike-Bog-Snorkelling-CVR-profimedia-0223904049.webp","datePublished":"2020-04-17T08:00:17+00:00","author":{"@id":""},"breadcrumb":{"@id":"https:\/\/www.welovecycling.com\/sk\/2020\/04\/17\/najsialenejsie-cyklisticke-preteky-ucast-si-radsej-premyslite\/#breadcrumb"},"inLanguage":"sk-SK","potentialAction":[{"@type":"ReadAction","target":["https:\/\/www.welovecycling.com\/sk\/2020\/04\/17\/najsialenejsie-cyklisticke-preteky-ucast-si-radsej-premyslite\/"]}]},{"@type":"ImageObject","inLanguage":"sk-SK","@id":"https:\/\/www.welovecycling.com\/sk\/2020\/04\/17\/najsialenejsie-cyklisticke-preteky-ucast-si-radsej-premyslite\/#primaryimage","url":"https:\/\/d2p6e6u75xmxt8.cloudfront.net\/4\/2020\/03\/Bike-Bog-Snorkelling-CVR-profimedia-0223904049.webp","contentUrl":"https:\/\/d2p6e6u75xmxt8.cloudfront.net\/4\/2020\/03\/Bike-Bog-Snorkelling-CVR-profimedia-0223904049.webp","width":1366,"height":600},{"@type":"BreadcrumbList","@id":"https:\/\/www.welovecycling.com\/sk\/2020\/04\/17\/najsialenejsie-cyklisticke-preteky-ucast-si-radsej-premyslite\/#breadcrumb","itemListElement":[{"@type":"ListItem","position":1,"name":"Home","item":"https:\/\/www.welovecycling.com\/sk\/"},{"@type":"ListItem","position":2,"name":"Naj\u0161ialenej\u0161ie cyklistick\u00e9 preteky &#8211; \u00fa\u010das\u0165 si rad\u0161ej premyslite"}]},{"@type":"WebSite","@id":"https:\/\/www.welovecycling.com\/sk\/#website","url":"https:\/\/www.welovecycling.com\/sk\/","name":"\u0160koda We Love Cycling Slovensko","description":"\u0160koda We Love Cycling Slovensko je v\u00e1\u0161 ka\u017edodenn\u00fd zdroj noviniek a in\u0161pir\u00e1cie z sveta cyklistiky","potentialAction":[{"@type":"SearchAction","target":{"@type":"EntryPoint","urlTemplate":"https:\/\/www.welovecycling.com\/sk\/?s={search_term_string}"},"query-input":{"@type":"PropertyValueSpecification","valueRequired":true,"valueName":"search_term_string"}}],"inLanguage":"sk-SK"},{"@type":"Person","@id":"","url":"https:\/\/www.welovecycling.com\/sk\/author\/"}]}},"_links":{"self":[{"href":"https:\/\/www.welovecycling.com\/sk\/wp-json\/wp\/v2\/posts\/9602","targetHints":{"allow":["GET"]}}],"collection":[{"href":"https:\/\/www.welovecycling.com\/sk\/wp-json\/wp\/v2\/posts"}],"about":[{"href":"https:\/\/www.welovecycling.com\/sk\/wp-json\/wp\/v2\/types\/post"}],"author":[{"embeddable":true,"href":"https:\/\/www.welovecycling.com\/sk\/wp-json\/wp\/v2\/users\/81"}],"replies":[{"embeddable":true,"href":"https:\/\/www.welovecycling.com\/sk\/wp-json\/wp\/v2\/comments?post=9602"}],"version-history":[{"count":2,"href":"https:\/\/www.welovecycling.com\/sk\/wp-json\/wp\/v2\/posts\/9602\/revisions"}],"predecessor-version":[{"id":9615,"href":"https:\/\/www.welovecycling.com\/sk\/wp-json\/wp\/v2\/posts\/9602\/revisions\/9615"}],"wp:featuredmedia":[{"embeddable":true,"href":"https:\/\/www.welovecycling.com\/sk\/wp-json\/wp\/v2\/media\/9609"}],"wp:attachment":[{"href":"https:\/\/www.welovecycling.com\/sk\/wp-json\/wp\/v2\/media?parent=9602"}],"wp:term":[{"taxonomy":"category","embeddable":true,"href":"https:\/\/www.welovecycling.com\/sk\/wp-json\/wp\/v2\/categories?post=9602"},{"taxonomy":"post_tag","embeddable":true,"href":"https:\/\/www.welovecycling.com\/sk\/wp-json\/wp\/v2\/tags?post=9602"},{"taxonomy":"global-categories","embeddable":true,"href":"https:\/\/www.welovecycling.com\/sk\/wp-json\/wp\/v2\/global-categories?post=9602"}],"curies":[{"name":"wp","href":"https:\/\/api.w.org\/{rel}","templated":true}]}}