{"id":9591,"date":"2020-04-01T10:00:51","date_gmt":"2020-04-01T08:00:51","guid":{"rendered":"https:\/\/www.welovecycling.com\/sk\/?p=9591"},"modified":"2020-03-31T10:36:04","modified_gmt":"2020-03-31T08:36:04","slug":"cyklisticka-sezona-sa-ruti-do-zahuby-znici-ju-koronavirus","status":"publish","type":"post","link":"https:\/\/www.welovecycling.com\/sk\/2020\/04\/01\/cyklisticka-sezona-sa-ruti-do-zahuby-znici-ju-koronavirus\/","title":{"rendered":"Cyklistick\u00e1 sez\u00f3na sa r\u00fati do z\u00e1huby. Zni\u010d\u00ed ju koronav\u00edrus?"},"content":{"rendered":"<p><strong>Preteky sa postupne kv\u00f4li ochoreniu Covid-19 ru\u0161ia jedny za druh\u00fdmi a cyklistick\u00e1 sez\u00f3na postupne pad\u00e1 ako dom\u010dek z kariet e\u0161te sk\u00f4r, ne\u017e v skuto\u010dnosti poriadne za\u010dala. Nikto nevie, kedy sa pretek\u00e1ri op\u00e4\u0165 postavia na \u0161tartov\u00fa \u010diaru. Niektor\u00ed dokonca hovoria o zru\u0161en\u00ed celej sez\u00f3ny.<\/strong><!--more--><\/p>\n<p><em>\u201eZatia\u013e to je tak, \u017ee riziko \u0161\u00edrenia v\u00edrusu je obrovsk\u00e9. Mus\u00edme by\u0165 pripraven\u00ed na v\u0161etko. Aj na to, \u017ee sez\u00f3na 2020 bude po odlo\u017een\u00ed viac \u010di menej d\u00f4le\u017eit\u00fdch podujat\u00ed cel\u00e1 zru\u0161en\u00e1. To v pr\u00edpade, ak by to malo by\u0165 spr\u00e1vne rozhodnutie vzh\u013eadom na zdravie n\u00e1s cyklistov a v\u0161etk\u00fdch \u013eud\u00ed nav\u00f4kol,\u201c<\/em> povedal Talian, Diego Ulissi z t\u00edmu UAE-Team Emirates.<\/p>\n<h2><strong>Izol\u00e1cia a \u0161estn\u00e1s\u0165 dn\u00ed stresu<\/strong><\/h2>\n<p>S\u00e1m Ulissi si kv\u00f4li koronav\u00edrusu pre\u017eil svoje. Po pretekoch UAE Tour (absolvovalo sa 5 zo 7 et\u00e1p), kde skon\u010dil deviaty, <strong>musel v Ab\u00fa Zab\u00ed zosta\u0165 v hotelovej karant\u00e9ne<\/strong>, rovnako ako aj po\u010detn\u00e1 skupina ostatn\u00fdch pretek\u00e1rov.<\/p>\n<p><em>\u201eU n\u00e1s to bolo hor\u0161ie, preto\u017ee Fernando Gaviria a Max Richeze mali pozit\u00edvny test na koronav\u00edrus. Dali n\u00e1s tak do okam\u017eitej izol\u00e1cie. Ka\u017ed\u00fd z n\u00e1s bol potom v \u010fal\u0161\u00edch d\u0148och trikr\u00e1t testovan\u00fd, na\u0161\u0165astie v\u0161ak boli v\u00fdsledky negat\u00edvne. Ale aj tak to bolo nesmierne stresuj\u00facich \u0161estn\u00e1s\u0165 dn\u00ed. Som r\u00e1d, \u017ee som sa mohol vr\u00e1ti\u0165 domov,\u201c<\/em> povedal Talian \u017eij\u00faci vo \u0161vaj\u010diarskom Lugane. Ke\u010f teraz v nede\u013eu kone\u010dne dorazil k svojim bl\u00edzkym, <strong>videl po prv\u00fdkr\u00e1t svoju dc\u00e9ru Annu<\/strong>, ktor\u00e1 sa narodila za\u010diatkom marca.<\/p>\n<h2><strong>Giro d&#8217;Italia je odlo\u017een\u00e9, rovnako ako aj Roubaix<\/strong><\/h2>\n<p>\u010co sa t\u00fdka bud\u00facnosti, <strong>nikto si netr\u00fafa vyn\u00e1\u0161a\u0165 s\u00fady<\/strong>. Z ve\u013ek\u00fdch pretekov boli zru\u0161en\u00e9 v\u0161etky marcov\u00e9 klasiky v Taliansku a Belgicku. Naposledy organiz\u00e1tori odp\u00edsali Okolo Fl\u00e1mska, Par\u00ed\u017e-Roubaix, Liege-Bastogne-Liege, Amstel Gold Race, Val\u00f3nsky \u0161\u00edp a \u010fal\u0161ie in\u00e9. Zatia\u013e posledn\u00fdm verdiktom je, \u017ee sa nebude preteka\u0165 do konca apr\u00edla. \u010ealej sa uvid\u00ed&#8230;<\/p>\n<figure id=\"attachment_9592\" aria-describedby=\"caption-attachment-9592\" style=\"width: 960px\" class=\"wp-caption alignnone\"><a href=\"https:\/\/d2p6e6u75xmxt8.cloudfront.net\/13\/2019\/05\/Hirt-foto-Giro-d\u00b4Italia.jpg\"><img loading=\"lazy\" decoding=\"async\" class=\"size-full wp-image-9592\" src=\"https:\/\/d2p6e6u75xmxt8.cloudfront.net\/13\/2019\/05\/Hirt-foto-Giro-d\u00b4Italia.jpg\" alt=\"\" width=\"960\" height=\"639\" \/><\/a><figcaption id=\"caption-attachment-9592\" class=\"wp-caption-text\">Jan Hirt z\u00edskal v kr\u00e1\u013eovskej etape Gira v roku 2019 po s\u00faboji s Talianom Giuliom Cicconem fantastick\u00e9 druh\u00e9 miesto. Foto: Giro d\u2019Italia.<\/figcaption><\/figure>\n<p>Zru\u0161en\u00e9 boli aj etapov\u00e9 preteky Tirreno-Adriatico (so \u0161tartom 11. 3.), Okolo Katal\u00e1nska (21. 3.), Okolo Baskicka (6. 4.) a Okolo Romandie (28. 4.). \u010co sa t\u00fdka prvej Grand Tour sez\u00f3ny, Giro d&#8217;Italia, ist\u00e9 je, <strong>\u017ee sa v p\u00f4vodnom term\u00edne 8. &#8211; 31. m\u00e1ja neuskuto\u010dn\u00ed<\/strong>. Z\u00e1stupcovia Medzin\u00e1rodnej cyklistickej \u00fanie (UCI) a organiz\u00e1tori najv\u00e4\u010d\u0161\u00edch World Tour pretekov sa nechali po\u010du\u0165, \u017ee by klasik\u00e1rske monumenty, ak\u00fdmi s\u00fa Okolo Fl\u00e1mska, Par\u00ed\u017e-Roubaix, Liege-Bastogne-Liege a Mil\u00e1no-San Remo, chceli uskuto\u010dni\u0165 v n\u00e1hradnom term\u00edne. Rovnako ako aj Giro.<\/p>\n<p>UCI rozhodla, \u017ee <strong>World Tour sez\u00f3nu pred\u013a\u017ei do 1. okt\u00f3bra<\/strong>. <em>\u201eA pr\u00e1ve na jesenn\u00fd term\u00edn by sme chceli prelo\u017ei\u0165 niektor\u00e9 klasiky. A Giro aspo\u0148 v skr\u00e1tenej a pozmenenej podobe,\u201c<\/em> prezradil prezident UCI, David Lappertient. <em>\u201eUp\u00edname n\u00e1deje k tomu, \u017ee sa Giro s niektor\u00fdmi klasikami bude kona\u0165. \u010co sa t\u00fdka Tour de France, tam sa zatia\u013e ni\u010d nemen\u00ed,\u201c<\/em> d\u00fafal, \u017ee najsl\u00e1vnej\u0161ie preteky sveta od\u0161tartuj\u00fa pod\u013ea pl\u00e1nu, a to 27. j\u00fana.<\/p>\n<p>UCI sa bude sna\u017ei\u0165 <strong>pod\u013ea v\u00fdvoja situ\u00e1cie kalend\u00e1r pozme\u0148ova\u0165<\/strong>. Situ\u00e1ciu komplikuje, alebo mo\u017eno aj zlep\u0161uje, ned\u00e1vne ofici\u00e1lne <strong>zru\u0161enie Olympijsk\u00fdch hier v Tokiu<\/strong>. <em>\u201eT\u00fdch nejasnost\u00ed je teraz obrovsk\u00e9 mno\u017estvo. A situ\u00e1cia sa m\u00f4\u017ee meni\u0165 zo d\u0148a na de\u0148,\u201c<\/em> priznal prv\u00fd mu\u017e UCI.<\/p>\n<h2><strong>Home office profesion\u00e1lneho cyklistu<\/strong><\/h2>\n<p>Pretek\u00e1ri \u017eij\u00fa v neistote. V\u00e4\u010d\u0161ina z nich je vo svojich domovoch a t<strong>r\u00e9nuj\u00fa tak, ako im podmienky dovolia<\/strong>. Taliani a \u0160panieli nesm\u00fa vych\u00e1dza\u0165 von, tak\u017ee m\u00f4\u017eu tr\u00e9nova\u0165 len doma, na trena\u017e\u00e9ri. Ostatn\u00ed maj\u00fa zatia\u013e v\u00e4\u010d\u0161ie \u0161\u0165astie, av\u0161ak dne\u0161n\u00e1 situ\u00e1cia nemus\u00ed plati\u0165 zajtra.<\/p>\n<div class=\"shortcode-ys-post-pinup\"><article class=\"loop-simple post-9562 post type-post status-publish format-standard has-post-thumbnail hentry category-zdravie-trening tag-akcia tag-aplikacia tag-bezpecnost tag-bicykel tag-bicyklovanie tag-cestna-cyklistika tag-choroba tag-cyklista tag-cyklistika tag-giro-d-italia tag-horska-cyklistika tag-jazdenie tag-lekarska-pomoc tag-motivacia tag-muzi tag-rouvy tag-skoda tag-taliansko tag-trasa tag-trenazer tag-trening tag-welovecycling tag-zdravie tag-zeny\" data-postid=\"9562\" role=\"article\" data-post-id=\"9562\" data-word-count=\"227\" data-headline-length=\"93\" data-category=\"Zdravie a tr\u00e9ning\" data-author=\"Radek Malina\" data-published=\"2020-03-25T09:00:03+01:00\" data-published-day=\"Wednesday\">\n    <div class=\"entry-thumbnail article-thumbnail\" content=\"https:\/\/d2p6e6u75xmxt8.cloudfront.net\/4\/2020\/03\/Rouvy-CVR-2-150x150.webp\"><a href=\"https:\/\/www.welovecycling.com\/sk\/2020\/03\/25\/rouvy-a-skoda-zabojuju-pre-taliansko-charita-pre-apeninsky-polostrov-v-dobe-koronavirusu\/\" class=\"image-holder\" target=\"_self\"><img decoding=\"async\" loading=\"lazy\" class=\"\" src=\"https:\/\/d2p6e6u75xmxt8.cloudfront.net\/4\/2020\/03\/Rouvy-CVR-2-1024x450.webp\" srcset=\"https:\/\/d2p6e6u75xmxt8.cloudfront.net\/4\/2020\/03\/Rouvy-CVR-2.webp 1366w, https:\/\/d2p6e6u75xmxt8.cloudfront.net\/4\/2020\/03\/Rouvy-CVR-2-300x132.webp 300w, https:\/\/d2p6e6u75xmxt8.cloudfront.net\/4\/2020\/03\/Rouvy-CVR-2-1024x450.webp 1024w, https:\/\/d2p6e6u75xmxt8.cloudfront.net\/4\/2020\/03\/Rouvy-CVR-2-768x337.webp 768w\" width=\"1024\" height=\"450\" sizes=\"auto, (min-width: 1200px) 456px, (min-width: 768px) 38vw, 100vw\" alt=\"rouvy-a-skoda-zabojuju-pre-taliansko-charita-pre-apeninsky-polostrov-v-dobe-koronavirusu\"\/><\/a><\/div>    <div class=\"entry-meta\">\n        <a class=\"label label-secondary post-category\" href=\"https:\/\/www.welovecycling.com\/sk\/category\/zdravie-trening\/\" title=\"Zdravie a tr\u00e9ning\">Zdravie a tr\u00e9ning<\/a>\n    <\/div>\n    <div class=\"entry-details\">\n        <a href=\"https:\/\/www.welovecycling.com\/sk\/2020\/03\/25\/rouvy-a-skoda-zabojuju-pre-taliansko-charita-pre-apeninsky-polostrov-v-dobe-koronavirusu\/\" class='entry-title-wrapper'>\n            <h3 class=\"entry-title\"><span>Rouvy a \u0160koda zabojuj\u00fa pre Taliansko! Charita pre Apeninsk\u00fd polostrov v dobe koronav\u00edrusu<\/span><\/h3>\n        <\/a>\n    <\/div>\n    <\/article>\n<\/div>\n<p><a href=\"https:\/\/d2p6e6u75xmxt8.cloudfront.net\/4\/2020\/03\/nmn3.jpg\"><img loading=\"lazy\" decoding=\"async\" class=\"alignnone size-full wp-image-9593\" src=\"https:\/\/d2p6e6u75xmxt8.cloudfront.net\/4\/2020\/03\/nmn3.jpg\" alt=\"\" width=\"960\" height=\"640\" \/><\/a><em><span style=\"font-size: 10pt;\">Foto: Profimedia<\/span><\/em><\/p>\n<p>Niektor\u00ed sa <strong>sna\u017eia situ\u00e1ciu trochu od\u013eah\u010di\u0165<\/strong>. Napr\u00edklad tak\u00fd Nemec, John Degenkolb, dal na soci\u00e1lne siete video, ako vezie za bicyklom pr\u00edvesn\u00fd voz\u00edk so svojou ratoles\u0165ou. <em>\u201eSte zvedav\u00ed, ako vyzer\u00e1 home office profesion\u00e1lneho cyklistu?\u201c,<\/em> nap\u00edsal pod svoj pr\u00edspevok. <em>\u201e\u0160koly s\u00fa zatvoren\u00e9, tak sme sa so \u017eenou rozhodli, \u017ee budeme tr\u00e9nova\u0165 spolo\u010dne. Deti to miluj\u00fa. Ale vyber\u00e1me si mal\u00e9 polopr\u00e1zdne cesty, aby sme sa vyhli kontaktom s \u010fal\u0161\u00edmi osobami. Doma potom pre\u010d\u00edtam de\u0165om knihu, pust\u00edm im nejak\u00fd vinyl a to je asi v\u0161etko,\u201c<\/em> prezradil Degenkolb.<\/p>\n<p>Len\u017ee v\u0161etk\u00fdch profesion\u00e1lov tr\u00e1pi neistota. <em>\u201ePreto\u017ee nie je ist\u00e9, kv\u00f4li \u010domu tr\u00e9nujeme. Preteky sa ru\u0161ia a \u010dlovek nevie, ktor\u00e9 z nich bud\u00fa prv\u00e9 spusten\u00e9. Tak\u017ee si nem\u00f4\u017ee ani stanovi\u0165 vrchol, na ktor\u00fd chce vyladi\u0165 formu. M\u00f4\u017eeme len \u010daka\u0165, \u010do sa bude dia\u0165. Je to frustruj\u00face,\u201c<\/em> kr\u010dil ramen\u00e1 holandsk\u00fd fenom\u00e9n, <strong>Mathieu van der Poel<\/strong>.<\/p>\n<p>Bohu\u017eia\u013e, <strong>stav nie je lep\u0161\u00ed<\/strong> ani v \u010ceskej \u010di Slovenskej republike. Bola zru\u0161en\u00e1 \u010desk\u00e1 jarn\u00e1 klasika a prv\u00e9 preteky \u010cesk\u00e9ho poh\u00e1ra Velk\u00e1 B\u00edte\u0161-Brno-Velk\u00e1 B\u00edte\u0161, ktor\u00e1 sa mala \u00eds\u0165 28. marca. <strong>\u010co bude \u010falej, to sa nevie.<\/strong> <em>\u201eBohu\u017eia\u013e, je to ve\u013emi zlo\u017eit\u00e9. Nem\u00f4\u017eeme absolvova\u0165 spolo\u010dn\u00e9 tr\u00e9ningy, ka\u017ed\u00fd tr\u00e9nuje individu\u00e1lne. A \u010dlovek mus\u00ed nejako t\u00fdch pretek\u00e1rov motivova\u0165, aj ke\u010f je to \u0165a\u017ek\u00e9, preto\u017ee nikto zatia\u013e nevid\u00ed svetlo na konci tunela,\u201c<\/em> priznal \u0161\u00e9ftr\u00e9ner Favorit Brno, Franti\u0161ek Trkal.<\/p>\n","protected":false},"excerpt":{"rendered":"<p>Preteky sa postupne kv\u00f4li ochoreniu Covid-19 ru\u0161ia jedny za druh\u00fdmi a cyklistick\u00e1 sez\u00f3na postupne pad\u00e1 ako dom\u010dek z kariet e\u0161te [&hellip;]<\/p>\n","protected":false},"author":81,"featured_media":9595,"comment_status":"open","ping_status":"open","sticky":false,"template":"","format":"standard","meta":{"footnotes":""},"categories":[4],"tags":[427,115,1166,546,331,65,417,418,432,704,429,428,179,885,256,251,815,703,419,263,55,355,106,1221],"global-categories":[],"class_list":["post-9591","post","type-post","status-publish","format-standard","has-post-thumbnail","hentry","category-cestna-cyklisitika","tag-amstel-gold-race","tag-cestna-cyklistika","tag-choroba","tag-cyklistika","tag-etapove-preteky","tag-giro-d-italia","tag-jar","tag-jarne-klasiky","tag-liege-bastogne-liege","tag-mathieu-van-der-poel","tag-okolo-flamska","tag-pariz-roubaix","tag-preteky","tag-profesional","tag-sezona","tag-spanielsko","tag-svet","tag-svetovy-pohar","tag-taliansko","tag-trenazer","tag-trening","tag-uci","tag-uci-worldtour","tag-zrusene-preteky"],"yoast_head":"<!-- This site is optimized with the Yoast SEO Premium plugin v25.3 (Yoast SEO v25.9) - https:\/\/yoast.com\/wordpress\/plugins\/seo\/ -->\n<title>Cyklistick\u00e1 sez\u00f3na sa r\u00fati do z\u00e1huby. Zni\u010d\u00ed ju koronav\u00edrus? - \u0160koda We Love Cycling Slovensko<\/title>\n<meta name=\"robots\" content=\"index, follow, max-snippet:-1, max-image-preview:large, max-video-preview:-1\" \/>\n<link rel=\"canonical\" href=\"https:\/\/www.welovecycling.com\/sk\/2020\/04\/01\/cyklisticka-sezona-sa-ruti-do-zahuby-znici-ju-koronavirus\/\" \/>\n<meta property=\"og:locale\" content=\"sk_SK\" \/>\n<meta property=\"og:type\" content=\"article\" \/>\n<meta property=\"og:title\" content=\"Cyklistick\u00e1 sez\u00f3na sa r\u00fati do z\u00e1huby. Zni\u010d\u00ed ju koronav\u00edrus?\" \/>\n<meta property=\"og:description\" content=\"Preteky sa postupne kv\u00f4li ochoreniu Covid-19 ru\u0161ia jedny za druh\u00fdmi a cyklistick\u00e1 sez\u00f3na postupne pad\u00e1 ako dom\u010dek z kariet e\u0161te [&hellip;]\" \/>\n<meta property=\"og:url\" content=\"https:\/\/www.welovecycling.com\/sk\/2020\/04\/01\/cyklisticka-sezona-sa-ruti-do-zahuby-znici-ju-koronavirus\/\" \/>\n<meta property=\"og:site_name\" content=\"\u0160koda We Love Cycling Slovensko\" \/>\n<meta property=\"article:published_time\" content=\"2020-04-01T08:00:51+00:00\" \/>\n<meta property=\"og:image\" content=\"https:\/\/d2p6e6u75xmxt8.cloudfront.net\/4\/2020\/03\/sisr3.webp\" \/>\n\t<meta property=\"og:image:width\" content=\"960\" \/>\n\t<meta property=\"og:image:height\" content=\"638\" \/>\n\t<meta property=\"og:image:type\" content=\"image\/webp\" \/>\n<meta name=\"twitter:card\" content=\"summary_large_image\" \/>\n<meta name=\"twitter:label1\" content=\"Written by\" \/>\n\t<meta name=\"twitter:data1\" content=\"Radek Malina\" \/>\n\t<meta name=\"twitter:label2\" content=\"Est. reading time\" \/>\n\t<meta name=\"twitter:data2\" content=\"5\" \/>\n<script type=\"application\/ld+json\" class=\"yoast-schema-graph\">{\"@context\":\"https:\/\/schema.org\",\"@graph\":[{\"@type\":\"WebPage\",\"@id\":\"https:\/\/www.welovecycling.com\/sk\/2020\/04\/01\/cyklisticka-sezona-sa-ruti-do-zahuby-znici-ju-koronavirus\/\",\"url\":\"https:\/\/www.welovecycling.com\/sk\/2020\/04\/01\/cyklisticka-sezona-sa-ruti-do-zahuby-znici-ju-koronavirus\/\",\"name\":\"Cyklistick\u00e1 sez\u00f3na sa r\u00fati do z\u00e1huby. Zni\u010d\u00ed ju koronav\u00edrus? - \u0160koda We Love Cycling Slovensko\",\"isPartOf\":{\"@id\":\"https:\/\/www.welovecycling.com\/sk\/#website\"},\"primaryImageOfPage\":{\"@id\":\"https:\/\/www.welovecycling.com\/sk\/2020\/04\/01\/cyklisticka-sezona-sa-ruti-do-zahuby-znici-ju-koronavirus\/#primaryimage\"},\"image\":{\"@id\":\"https:\/\/www.welovecycling.com\/sk\/2020\/04\/01\/cyklisticka-sezona-sa-ruti-do-zahuby-znici-ju-koronavirus\/#primaryimage\"},\"thumbnailUrl\":\"https:\/\/d2p6e6u75xmxt8.cloudfront.net\/4\/2020\/03\/sisr3.webp\",\"datePublished\":\"2020-04-01T08:00:51+00:00\",\"author\":{\"@id\":\"\"},\"breadcrumb\":{\"@id\":\"https:\/\/www.welovecycling.com\/sk\/2020\/04\/01\/cyklisticka-sezona-sa-ruti-do-zahuby-znici-ju-koronavirus\/#breadcrumb\"},\"inLanguage\":\"sk-SK\",\"potentialAction\":[{\"@type\":\"ReadAction\",\"target\":[\"https:\/\/www.welovecycling.com\/sk\/2020\/04\/01\/cyklisticka-sezona-sa-ruti-do-zahuby-znici-ju-koronavirus\/\"]}]},{\"@type\":\"ImageObject\",\"inLanguage\":\"sk-SK\",\"@id\":\"https:\/\/www.welovecycling.com\/sk\/2020\/04\/01\/cyklisticka-sezona-sa-ruti-do-zahuby-znici-ju-koronavirus\/#primaryimage\",\"url\":\"https:\/\/d2p6e6u75xmxt8.cloudfront.net\/4\/2020\/03\/sisr3.webp\",\"contentUrl\":\"https:\/\/d2p6e6u75xmxt8.cloudfront.net\/4\/2020\/03\/sisr3.webp\",\"width\":960,\"height\":638,\"caption\":\"Spole\u010dn\u00fd mistrovsk\u00fd z\u00e1vod SR a \u010cR se jel tentokr\u00e1t v Trnav\u011b. Foto: Elkov Author - Jan Brychta\/Sv\u011btcyklistiky.cz.\"},{\"@type\":\"BreadcrumbList\",\"@id\":\"https:\/\/www.welovecycling.com\/sk\/2020\/04\/01\/cyklisticka-sezona-sa-ruti-do-zahuby-znici-ju-koronavirus\/#breadcrumb\",\"itemListElement\":[{\"@type\":\"ListItem\",\"position\":1,\"name\":\"Home\",\"item\":\"https:\/\/www.welovecycling.com\/sk\/\"},{\"@type\":\"ListItem\",\"position\":2,\"name\":\"Cyklistick\u00e1 sez\u00f3na sa r\u00fati do z\u00e1huby. Zni\u010d\u00ed ju koronav\u00edrus?\"}]},{\"@type\":\"WebSite\",\"@id\":\"https:\/\/www.welovecycling.com\/sk\/#website\",\"url\":\"https:\/\/www.welovecycling.com\/sk\/\",\"name\":\"\u0160koda We Love Cycling Slovensko\",\"description\":\"\u0160koda We Love Cycling Slovensko je v\u00e1\u0161 ka\u017edodenn\u00fd zdroj noviniek a in\u0161pir\u00e1cie z sveta cyklistiky\",\"potentialAction\":[{\"@type\":\"SearchAction\",\"target\":{\"@type\":\"EntryPoint\",\"urlTemplate\":\"https:\/\/www.welovecycling.com\/sk\/?s={search_term_string}\"},\"query-input\":{\"@type\":\"PropertyValueSpecification\",\"valueRequired\":true,\"valueName\":\"search_term_string\"}}],\"inLanguage\":\"sk-SK\"},{\"@type\":\"Person\",\"@id\":\"\",\"url\":\"https:\/\/www.welovecycling.com\/sk\/author\/\"}]}<\/script>\n<!-- \/ Yoast SEO Premium plugin. -->","yoast_head_json":{"title":"Cyklistick\u00e1 sez\u00f3na sa r\u00fati do z\u00e1huby. Zni\u010d\u00ed ju koronav\u00edrus? - \u0160koda We Love Cycling Slovensko","robots":{"index":"index","follow":"follow","max-snippet":"max-snippet:-1","max-image-preview":"max-image-preview:large","max-video-preview":"max-video-preview:-1"},"canonical":"https:\/\/www.welovecycling.com\/sk\/2020\/04\/01\/cyklisticka-sezona-sa-ruti-do-zahuby-znici-ju-koronavirus\/","og_locale":"sk_SK","og_type":"article","og_title":"Cyklistick\u00e1 sez\u00f3na sa r\u00fati do z\u00e1huby. Zni\u010d\u00ed ju koronav\u00edrus?","og_description":"Preteky sa postupne kv\u00f4li ochoreniu Covid-19 ru\u0161ia jedny za druh\u00fdmi a cyklistick\u00e1 sez\u00f3na postupne pad\u00e1 ako dom\u010dek z kariet e\u0161te [&hellip;]","og_url":"https:\/\/www.welovecycling.com\/sk\/2020\/04\/01\/cyklisticka-sezona-sa-ruti-do-zahuby-znici-ju-koronavirus\/","og_site_name":"\u0160koda We Love Cycling Slovensko","article_published_time":"2020-04-01T08:00:51+00:00","og_image":[{"width":960,"height":638,"url":"https:\/\/d2p6e6u75xmxt8.cloudfront.net\/4\/2020\/03\/sisr3.webp","type":"image\/webp"}],"twitter_card":"summary_large_image","twitter_misc":{"Written by":"Radek Malina","Est. reading time":"5"},"schema":{"@context":"https:\/\/schema.org","@graph":[{"@type":"WebPage","@id":"https:\/\/www.welovecycling.com\/sk\/2020\/04\/01\/cyklisticka-sezona-sa-ruti-do-zahuby-znici-ju-koronavirus\/","url":"https:\/\/www.welovecycling.com\/sk\/2020\/04\/01\/cyklisticka-sezona-sa-ruti-do-zahuby-znici-ju-koronavirus\/","name":"Cyklistick\u00e1 sez\u00f3na sa r\u00fati do z\u00e1huby. Zni\u010d\u00ed ju koronav\u00edrus? - \u0160koda We Love Cycling Slovensko","isPartOf":{"@id":"https:\/\/www.welovecycling.com\/sk\/#website"},"primaryImageOfPage":{"@id":"https:\/\/www.welovecycling.com\/sk\/2020\/04\/01\/cyklisticka-sezona-sa-ruti-do-zahuby-znici-ju-koronavirus\/#primaryimage"},"image":{"@id":"https:\/\/www.welovecycling.com\/sk\/2020\/04\/01\/cyklisticka-sezona-sa-ruti-do-zahuby-znici-ju-koronavirus\/#primaryimage"},"thumbnailUrl":"https:\/\/d2p6e6u75xmxt8.cloudfront.net\/4\/2020\/03\/sisr3.webp","datePublished":"2020-04-01T08:00:51+00:00","author":{"@id":""},"breadcrumb":{"@id":"https:\/\/www.welovecycling.com\/sk\/2020\/04\/01\/cyklisticka-sezona-sa-ruti-do-zahuby-znici-ju-koronavirus\/#breadcrumb"},"inLanguage":"sk-SK","potentialAction":[{"@type":"ReadAction","target":["https:\/\/www.welovecycling.com\/sk\/2020\/04\/01\/cyklisticka-sezona-sa-ruti-do-zahuby-znici-ju-koronavirus\/"]}]},{"@type":"ImageObject","inLanguage":"sk-SK","@id":"https:\/\/www.welovecycling.com\/sk\/2020\/04\/01\/cyklisticka-sezona-sa-ruti-do-zahuby-znici-ju-koronavirus\/#primaryimage","url":"https:\/\/d2p6e6u75xmxt8.cloudfront.net\/4\/2020\/03\/sisr3.webp","contentUrl":"https:\/\/d2p6e6u75xmxt8.cloudfront.net\/4\/2020\/03\/sisr3.webp","width":960,"height":638,"caption":"Spole\u010dn\u00fd mistrovsk\u00fd z\u00e1vod SR a \u010cR se jel tentokr\u00e1t v Trnav\u011b. Foto: Elkov Author - Jan Brychta\/Sv\u011btcyklistiky.cz."},{"@type":"BreadcrumbList","@id":"https:\/\/www.welovecycling.com\/sk\/2020\/04\/01\/cyklisticka-sezona-sa-ruti-do-zahuby-znici-ju-koronavirus\/#breadcrumb","itemListElement":[{"@type":"ListItem","position":1,"name":"Home","item":"https:\/\/www.welovecycling.com\/sk\/"},{"@type":"ListItem","position":2,"name":"Cyklistick\u00e1 sez\u00f3na sa r\u00fati do z\u00e1huby. Zni\u010d\u00ed ju koronav\u00edrus?"}]},{"@type":"WebSite","@id":"https:\/\/www.welovecycling.com\/sk\/#website","url":"https:\/\/www.welovecycling.com\/sk\/","name":"\u0160koda We Love Cycling Slovensko","description":"\u0160koda We Love Cycling Slovensko je v\u00e1\u0161 ka\u017edodenn\u00fd zdroj noviniek a in\u0161pir\u00e1cie z sveta cyklistiky","potentialAction":[{"@type":"SearchAction","target":{"@type":"EntryPoint","urlTemplate":"https:\/\/www.welovecycling.com\/sk\/?s={search_term_string}"},"query-input":{"@type":"PropertyValueSpecification","valueRequired":true,"valueName":"search_term_string"}}],"inLanguage":"sk-SK"},{"@type":"Person","@id":"","url":"https:\/\/www.welovecycling.com\/sk\/author\/"}]}},"_links":{"self":[{"href":"https:\/\/www.welovecycling.com\/sk\/wp-json\/wp\/v2\/posts\/9591","targetHints":{"allow":["GET"]}}],"collection":[{"href":"https:\/\/www.welovecycling.com\/sk\/wp-json\/wp\/v2\/posts"}],"about":[{"href":"https:\/\/www.welovecycling.com\/sk\/wp-json\/wp\/v2\/types\/post"}],"author":[{"embeddable":true,"href":"https:\/\/www.welovecycling.com\/sk\/wp-json\/wp\/v2\/users\/81"}],"replies":[{"embeddable":true,"href":"https:\/\/www.welovecycling.com\/sk\/wp-json\/wp\/v2\/comments?post=9591"}],"version-history":[{"count":2,"href":"https:\/\/www.welovecycling.com\/sk\/wp-json\/wp\/v2\/posts\/9591\/revisions"}],"predecessor-version":[{"id":9601,"href":"https:\/\/www.welovecycling.com\/sk\/wp-json\/wp\/v2\/posts\/9591\/revisions\/9601"}],"wp:featuredmedia":[{"embeddable":true,"href":"https:\/\/www.welovecycling.com\/sk\/wp-json\/wp\/v2\/media\/9595"}],"wp:attachment":[{"href":"https:\/\/www.welovecycling.com\/sk\/wp-json\/wp\/v2\/media?parent=9591"}],"wp:term":[{"taxonomy":"category","embeddable":true,"href":"https:\/\/www.welovecycling.com\/sk\/wp-json\/wp\/v2\/categories?post=9591"},{"taxonomy":"post_tag","embeddable":true,"href":"https:\/\/www.welovecycling.com\/sk\/wp-json\/wp\/v2\/tags?post=9591"},{"taxonomy":"global-categories","embeddable":true,"href":"https:\/\/www.welovecycling.com\/sk\/wp-json\/wp\/v2\/global-categories?post=9591"}],"curies":[{"name":"wp","href":"https:\/\/api.w.org\/{rel}","templated":true}]}}