{"id":9562,"date":"2020-03-25T09:00:03","date_gmt":"2020-03-25T08:00:03","guid":{"rendered":"https:\/\/www.welovecycling.com\/sk\/?p=9562"},"modified":"2020-03-23T11:06:03","modified_gmt":"2020-03-23T10:06:03","slug":"rouvy-a-skoda-zabojuju-pre-taliansko-charita-pre-apeninsky-polostrov-v-dobe-koronavirusu","status":"publish","type":"post","link":"https:\/\/www.welovecycling.com\/sk\/2020\/03\/25\/rouvy-a-skoda-zabojuju-pre-taliansko-charita-pre-apeninsky-polostrov-v-dobe-koronavirusu\/","title":{"rendered":"Rouvy a \u0160koda zabojuj\u00fa pre Taliansko! Charita pre Apeninsk\u00fd polostrov v dobe koronav\u00edrusu"},"content":{"rendered":"<p><strong>Milujete Taliansko a chcete ho podpori\u0165 aj v dne\u0161nej dobe, kedy je Apeninsk\u00fd polostrov najviac zasiahnut\u00fd pand\u00e9miou koronav\u00edrusu? Pokia\u013e vlastn\u00edte bicykel a trena\u017e\u00e9r, nie je ni\u010d jednoduch\u0161ie. Aplik\u00e1cia Rouvy a \u0160koda WeLoveCycling pr\u00e1ve spustila projekt na podporu severn\u00e9ho Talianska v podobe virtu\u00e1lnej v\u00fdzvy #RideForItaly.<\/strong><br \/>\n<!--more--><\/p>\n<p>Rouvy odo\u0161le <strong>1 \u20ac spr\u00e1ve regi\u00f3nu Veneto<\/strong> za ka\u017ed\u00e9ho jazdca, ktor\u00fd sa do podujatia zapoj\u00ed na vopred vybran\u00fdch talianskych virtu\u00e1lnych tras\u00e1ch. K charitat\u00edvnemu projektu sa m\u00f4\u017ee pripoji\u0165 ka\u017ed\u00fd. Dom\u00e1ci tr\u00e9ning si spestr\u00edte jazdou, <strong>aj ke\u010f len vo virtu\u00e1lnych podmienkach<\/strong>, po ikonick\u00fdch talianskych lokalit\u00e1ch a s\u00fa\u010dasne tak prispejete miestnym nemocniciam alebo spr\u00e1ve regi\u00f3nu.<\/p>\n<p><a href=\"http:\/\/www.charity.rouvy.com\/?utm_source=WLC&amp;utm_campaign=rideforitaly \"><img loading=\"lazy\" decoding=\"async\" class=\"alignnone size-full wp-image-9563\" src=\"https:\/\/d2p6e6u75xmxt8.cloudfront.net\/4\/2020\/03\/WLC_RouvyItaly_900x600-768x512.jpg\" alt=\"\" width=\"900\" height=\"600\" \/><\/a><\/p>\n<h2>Euro za ka\u017ed\u00e9ho jazdca<\/h2>\n<p>Nemocnice v Taliansku, predov\u0161etk\u00fdm tie na severe \u0161t\u00e1tu, <strong>s\u00fa v stave n\u00fadze<\/strong>. Po\u010det l\u00f4\u017eok na infek\u010dn\u00fdch oddeleniach sa zvy\u0161uje, otv\u00e1raj\u00fa sa do\u010dasn\u00e9 nemocnice. Lek\u00e1ri v teraj\u0161ej dobe testuj\u00fa ka\u017ed\u00fd de\u0148 jeden\u00e1s\u0165tis\u00edc vzoriek. Zaoberaj\u00fa sa nedostatkom ochrann\u00fdch masiek a testovac\u00edch s\u00faprav.<\/p>\n<p>Taliansko je <strong>jednou z najviac postihnut\u00fdch zem\u00ed<\/strong> tejto pand\u00e9mie. Organiz\u00e1tori boli n\u00faten\u00ed zru\u0161i\u0165 na Apeninskom polostrove v\u00e4\u010d\u0161inu cyklistick\u00fdch pretekov. Neuskuto\u010dnili sa prest\u00ed\u017ene klasiky Strade Bianche, Mil\u00e1no-San Remo, etapov\u00e9 preteky Tirreno Adriatico, s istotou sa nep\u00f4jde ani \u00favodn\u00e1 Grand Tour sez\u00f3ny, Giro d\u02b9Italia. Obmedzenia sa pochopite\u013ene dotkli v\u0161etk\u00fdch cyklistick\u00fdch podujat\u00ed lok\u00e1lnej \u00farovne a miestnej cyklistickej komunity.<\/p>\n<p>Spolo\u010dnos\u0165 Rouvy sa zaviazala venova\u0165 jedno euro za ka\u017ed\u00e9ho jazdca, ktor\u00fd <strong>prijme v\u00fdzvu #RideForItaly<\/strong>. Jedin\u00e9, \u010do mus\u00edte urobi\u0165, je stiahnu\u0165 si aplik\u00e1ciu Rouvy (zadarmo na 30 dn\u00ed) a prejs\u0165 sa po talianskych cest\u00e1ch.<\/p>\n<p><img loading=\"lazy\" decoding=\"async\" class=\"alignnone size-full wp-image-9564\" src=\"https:\/\/d2p6e6u75xmxt8.cloudfront.net\/4\/2020\/03\/Cura-Nuova-Potassa-2.jpg\" alt=\"\" width=\"1920\" height=\"1080\" \/><\/p>\n<div id='gallery-1' class='gallery galleryid-9562 gallery-columns-2 gallery-size-large'><figure class='gallery-item'>\n\t\t\t<div class='gallery-icon landscape'>\n\t\t\t\t<a href='https:\/\/d2p6e6u75xmxt8.cloudfront.net\/4\/2020\/03\/Pomarance-from-Saline-9.webp'><img loading=\"lazy\" decoding=\"async\" width=\"1024\" height=\"576\" src=\"https:\/\/d2p6e6u75xmxt8.cloudfront.net\/4\/2020\/03\/Pomarance-from-Saline-9-1024x576.webp\" class=\"attachment-large size-large\" alt=\"\" srcset=\"https:\/\/d2p6e6u75xmxt8.cloudfront.net\/4\/2020\/03\/Pomarance-from-Saline-9-1024x576.webp 1024w, https:\/\/d2p6e6u75xmxt8.cloudfront.net\/4\/2020\/03\/Pomarance-from-Saline-9-300x169.webp 300w, https:\/\/d2p6e6u75xmxt8.cloudfront.net\/4\/2020\/03\/Pomarance-from-Saline-9-768x432.webp 768w, https:\/\/d2p6e6u75xmxt8.cloudfront.net\/4\/2020\/03\/Pomarance-from-Saline-9-1536x864.webp 1536w, https:\/\/d2p6e6u75xmxt8.cloudfront.net\/4\/2020\/03\/Pomarance-from-Saline-9.webp 1920w\" sizes=\"auto, (max-width: 1024px) 100vw, 1024px\" \/><\/a>\n\t\t\t<\/div><\/figure><figure class='gallery-item'>\n\t\t\t<div class='gallery-icon landscape'>\n\t\t\t\t<a href='https:\/\/d2p6e6u75xmxt8.cloudfront.net\/4\/2020\/03\/Prata-to-Sassofortino-3.webp'><img loading=\"lazy\" decoding=\"async\" width=\"1024\" height=\"576\" src=\"https:\/\/d2p6e6u75xmxt8.cloudfront.net\/4\/2020\/03\/Prata-to-Sassofortino-3-1024x576.webp\" class=\"attachment-large size-large\" alt=\"\" srcset=\"https:\/\/d2p6e6u75xmxt8.cloudfront.net\/4\/2020\/03\/Prata-to-Sassofortino-3-1024x576.webp 1024w, https:\/\/d2p6e6u75xmxt8.cloudfront.net\/4\/2020\/03\/Prata-to-Sassofortino-3-300x169.webp 300w, https:\/\/d2p6e6u75xmxt8.cloudfront.net\/4\/2020\/03\/Prata-to-Sassofortino-3-768x432.webp 768w, https:\/\/d2p6e6u75xmxt8.cloudfront.net\/4\/2020\/03\/Prata-to-Sassofortino-3-1536x864.webp 1536w, https:\/\/d2p6e6u75xmxt8.cloudfront.net\/4\/2020\/03\/Prata-to-Sassofortino-3.webp 1920w\" sizes=\"auto, (max-width: 1024px) 100vw, 1024px\" \/><\/a>\n\t\t\t<\/div><\/figure>\n\t\t<\/div>\n\n<p>M\u00f4\u017eete napr\u00edklad zdola\u0165 trasu z Cortiny d\u02b9Ampezzo na Passo Valparola, kde na v\u00e1s \u010dak\u00e1 osemn\u00e1s\u0165 kilometrov st\u00fapania s maxim\u00e1lnym sklonom 15,6 percenta alebo prebr\u00e1zdi\u0165 cesty v Tosk\u00e1nsku. Akcia potrv\u00e1 do <strong>1. apr\u00edla<\/strong> a medi\u00e1lnym partnerom akcie, zastre\u0161uj\u00facim glob\u00e1lnu podporu, je <strong>\u0160koda WeLoveCycling<\/strong>.<\/p>\n","protected":false},"excerpt":{"rendered":"<p>Milujete Taliansko a chcete ho podpori\u0165 aj v dne\u0161nej dobe, kedy je Apeninsk\u00fd polostrov najviac zasiahnut\u00fd pand\u00e9miou koronav\u00edrusu? Pokia\u013e vlastn\u00edte [&hellip;]<\/p>\n","protected":false},"author":81,"featured_media":9566,"comment_status":"open","ping_status":"open","sticky":false,"template":"","format":"standard","meta":{"footnotes":""},"categories":[2],"tags":[478,543,62,559,619,115,1166,597,546,65,180,532,512,767,600,1218,542,419,545,263,55,880,161,475],"global-categories":[],"class_list":["post-9562","post","type-post","status-publish","format-standard","has-post-thumbnail","hentry","category-zdravie-trening","tag-akcia","tag-aplikacia","tag-bezpecnost","tag-bicykel","tag-bicyklovanie","tag-cestna-cyklistika","tag-choroba","tag-cyklista","tag-cyklistika","tag-giro-d-italia","tag-horska-cyklistika","tag-jazdenie","tag-lekarska-pomoc","tag-motivacia","tag-muzi","tag-rouvy","tag-skoda","tag-taliansko","tag-trasa","tag-trenazer","tag-trening","tag-welovecycling","tag-zdravie","tag-zeny"],"yoast_head":"<!-- This site is optimized with the Yoast SEO Premium plugin v25.3 (Yoast SEO v25.9) - https:\/\/yoast.com\/wordpress\/plugins\/seo\/ -->\n<title>Rouvy a \u0160koda pojedou pro It\u00e1lii<\/title>\n<meta name=\"description\" content=\"Rouvy a \u0160koda We Love Cycling v\u011bnuj\u00ed jedno Euro za ka\u017ed\u00e9ho jezdce, kter\u00fd \u0159ijme v\u00fdzvu #RideForItaly\" \/>\n<meta name=\"robots\" content=\"index, follow, max-snippet:-1, max-image-preview:large, max-video-preview:-1\" \/>\n<link rel=\"canonical\" href=\"https:\/\/www.welovecycling.com\/sk\/2020\/03\/25\/rouvy-a-skoda-zabojuju-pre-taliansko-charita-pre-apeninsky-polostrov-v-dobe-koronavirusu\/\" \/>\n<meta property=\"og:locale\" content=\"sk_SK\" \/>\n<meta property=\"og:type\" content=\"article\" \/>\n<meta property=\"og:title\" content=\"Rouvy a \u0160koda zabojuj\u00fa pre Taliansko! Charita pre Apeninsk\u00fd polostrov v dobe koronav\u00edrusu\" \/>\n<meta property=\"og:description\" content=\"Rouvy a \u0160koda We Love Cycling v\u011bnuj\u00ed jedno Euro za ka\u017ed\u00e9ho jezdce, kter\u00fd \u0159ijme v\u00fdzvu #RideForItaly\" \/>\n<meta property=\"og:url\" content=\"https:\/\/www.welovecycling.com\/sk\/2020\/03\/25\/rouvy-a-skoda-zabojuju-pre-taliansko-charita-pre-apeninsky-polostrov-v-dobe-koronavirusu\/\" \/>\n<meta property=\"og:site_name\" content=\"\u0160koda We Love Cycling Slovensko\" \/>\n<meta property=\"article:published_time\" content=\"2020-03-25T08:00:03+00:00\" \/>\n<meta property=\"og:image\" content=\"https:\/\/d2p6e6u75xmxt8.cloudfront.net\/4\/2020\/03\/Rouvy-CVR-2.webp\" \/>\n\t<meta property=\"og:image:width\" content=\"1366\" \/>\n\t<meta property=\"og:image:height\" content=\"600\" \/>\n\t<meta property=\"og:image:type\" content=\"image\/webp\" \/>\n<meta name=\"twitter:card\" content=\"summary_large_image\" \/>\n<meta name=\"twitter:label1\" content=\"Written by\" \/>\n\t<meta name=\"twitter:data1\" content=\"Radek Malina\" \/>\n\t<meta name=\"twitter:label2\" content=\"Est. reading time\" \/>\n\t<meta name=\"twitter:data2\" content=\"5\" \/>\n<script type=\"application\/ld+json\" class=\"yoast-schema-graph\">{\"@context\":\"https:\/\/schema.org\",\"@graph\":[{\"@type\":\"WebPage\",\"@id\":\"https:\/\/www.welovecycling.com\/sk\/2020\/03\/25\/rouvy-a-skoda-zabojuju-pre-taliansko-charita-pre-apeninsky-polostrov-v-dobe-koronavirusu\/\",\"url\":\"https:\/\/www.welovecycling.com\/sk\/2020\/03\/25\/rouvy-a-skoda-zabojuju-pre-taliansko-charita-pre-apeninsky-polostrov-v-dobe-koronavirusu\/\",\"name\":\"Rouvy a \u0160koda pojedou pro It\u00e1lii\",\"isPartOf\":{\"@id\":\"https:\/\/www.welovecycling.com\/sk\/#website\"},\"primaryImageOfPage\":{\"@id\":\"https:\/\/www.welovecycling.com\/sk\/2020\/03\/25\/rouvy-a-skoda-zabojuju-pre-taliansko-charita-pre-apeninsky-polostrov-v-dobe-koronavirusu\/#primaryimage\"},\"image\":{\"@id\":\"https:\/\/www.welovecycling.com\/sk\/2020\/03\/25\/rouvy-a-skoda-zabojuju-pre-taliansko-charita-pre-apeninsky-polostrov-v-dobe-koronavirusu\/#primaryimage\"},\"thumbnailUrl\":\"https:\/\/d2p6e6u75xmxt8.cloudfront.net\/4\/2020\/03\/Rouvy-CVR-2.webp\",\"datePublished\":\"2020-03-25T08:00:03+00:00\",\"author\":{\"@id\":\"\"},\"description\":\"Rouvy a \u0160koda We Love Cycling v\u011bnuj\u00ed jedno Euro za ka\u017ed\u00e9ho jezdce, kter\u00fd \u0159ijme v\u00fdzvu #RideForItaly\",\"breadcrumb\":{\"@id\":\"https:\/\/www.welovecycling.com\/sk\/2020\/03\/25\/rouvy-a-skoda-zabojuju-pre-taliansko-charita-pre-apeninsky-polostrov-v-dobe-koronavirusu\/#breadcrumb\"},\"inLanguage\":\"sk-SK\",\"potentialAction\":[{\"@type\":\"ReadAction\",\"target\":[\"https:\/\/www.welovecycling.com\/sk\/2020\/03\/25\/rouvy-a-skoda-zabojuju-pre-taliansko-charita-pre-apeninsky-polostrov-v-dobe-koronavirusu\/\"]}]},{\"@type\":\"ImageObject\",\"inLanguage\":\"sk-SK\",\"@id\":\"https:\/\/www.welovecycling.com\/sk\/2020\/03\/25\/rouvy-a-skoda-zabojuju-pre-taliansko-charita-pre-apeninsky-polostrov-v-dobe-koronavirusu\/#primaryimage\",\"url\":\"https:\/\/d2p6e6u75xmxt8.cloudfront.net\/4\/2020\/03\/Rouvy-CVR-2.webp\",\"contentUrl\":\"https:\/\/d2p6e6u75xmxt8.cloudfront.net\/4\/2020\/03\/Rouvy-CVR-2.webp\",\"width\":1366,\"height\":600},{\"@type\":\"BreadcrumbList\",\"@id\":\"https:\/\/www.welovecycling.com\/sk\/2020\/03\/25\/rouvy-a-skoda-zabojuju-pre-taliansko-charita-pre-apeninsky-polostrov-v-dobe-koronavirusu\/#breadcrumb\",\"itemListElement\":[{\"@type\":\"ListItem\",\"position\":1,\"name\":\"Home\",\"item\":\"https:\/\/www.welovecycling.com\/sk\/\"},{\"@type\":\"ListItem\",\"position\":2,\"name\":\"Rouvy a \u0160koda zabojuj\u00fa pre Taliansko! Charita pre Apeninsk\u00fd polostrov v dobe koronav\u00edrusu\"}]},{\"@type\":\"WebSite\",\"@id\":\"https:\/\/www.welovecycling.com\/sk\/#website\",\"url\":\"https:\/\/www.welovecycling.com\/sk\/\",\"name\":\"\u0160koda We Love Cycling Slovensko\",\"description\":\"\u0160koda We Love Cycling Slovensko je v\u00e1\u0161 ka\u017edodenn\u00fd zdroj noviniek a in\u0161pir\u00e1cie z sveta cyklistiky\",\"potentialAction\":[{\"@type\":\"SearchAction\",\"target\":{\"@type\":\"EntryPoint\",\"urlTemplate\":\"https:\/\/www.welovecycling.com\/sk\/?s={search_term_string}\"},\"query-input\":{\"@type\":\"PropertyValueSpecification\",\"valueRequired\":true,\"valueName\":\"search_term_string\"}}],\"inLanguage\":\"sk-SK\"},{\"@type\":\"Person\",\"@id\":\"\",\"url\":\"https:\/\/www.welovecycling.com\/sk\/author\/\"}]}<\/script>\n<!-- \/ Yoast SEO Premium plugin. -->","yoast_head_json":{"title":"Rouvy a \u0160koda pojedou pro It\u00e1lii","description":"Rouvy a \u0160koda We Love Cycling v\u011bnuj\u00ed jedno Euro za ka\u017ed\u00e9ho jezdce, kter\u00fd \u0159ijme v\u00fdzvu #RideForItaly","robots":{"index":"index","follow":"follow","max-snippet":"max-snippet:-1","max-image-preview":"max-image-preview:large","max-video-preview":"max-video-preview:-1"},"canonical":"https:\/\/www.welovecycling.com\/sk\/2020\/03\/25\/rouvy-a-skoda-zabojuju-pre-taliansko-charita-pre-apeninsky-polostrov-v-dobe-koronavirusu\/","og_locale":"sk_SK","og_type":"article","og_title":"Rouvy a \u0160koda zabojuj\u00fa pre Taliansko! Charita pre Apeninsk\u00fd polostrov v dobe koronav\u00edrusu","og_description":"Rouvy a \u0160koda We Love Cycling v\u011bnuj\u00ed jedno Euro za ka\u017ed\u00e9ho jezdce, kter\u00fd \u0159ijme v\u00fdzvu #RideForItaly","og_url":"https:\/\/www.welovecycling.com\/sk\/2020\/03\/25\/rouvy-a-skoda-zabojuju-pre-taliansko-charita-pre-apeninsky-polostrov-v-dobe-koronavirusu\/","og_site_name":"\u0160koda We Love Cycling Slovensko","article_published_time":"2020-03-25T08:00:03+00:00","og_image":[{"width":1366,"height":600,"url":"https:\/\/d2p6e6u75xmxt8.cloudfront.net\/4\/2020\/03\/Rouvy-CVR-2.webp","type":"image\/webp"}],"twitter_card":"summary_large_image","twitter_misc":{"Written by":"Radek Malina","Est. reading time":"5"},"schema":{"@context":"https:\/\/schema.org","@graph":[{"@type":"WebPage","@id":"https:\/\/www.welovecycling.com\/sk\/2020\/03\/25\/rouvy-a-skoda-zabojuju-pre-taliansko-charita-pre-apeninsky-polostrov-v-dobe-koronavirusu\/","url":"https:\/\/www.welovecycling.com\/sk\/2020\/03\/25\/rouvy-a-skoda-zabojuju-pre-taliansko-charita-pre-apeninsky-polostrov-v-dobe-koronavirusu\/","name":"Rouvy a \u0160koda pojedou pro It\u00e1lii","isPartOf":{"@id":"https:\/\/www.welovecycling.com\/sk\/#website"},"primaryImageOfPage":{"@id":"https:\/\/www.welovecycling.com\/sk\/2020\/03\/25\/rouvy-a-skoda-zabojuju-pre-taliansko-charita-pre-apeninsky-polostrov-v-dobe-koronavirusu\/#primaryimage"},"image":{"@id":"https:\/\/www.welovecycling.com\/sk\/2020\/03\/25\/rouvy-a-skoda-zabojuju-pre-taliansko-charita-pre-apeninsky-polostrov-v-dobe-koronavirusu\/#primaryimage"},"thumbnailUrl":"https:\/\/d2p6e6u75xmxt8.cloudfront.net\/4\/2020\/03\/Rouvy-CVR-2.webp","datePublished":"2020-03-25T08:00:03+00:00","author":{"@id":""},"description":"Rouvy a \u0160koda We Love Cycling v\u011bnuj\u00ed jedno Euro za ka\u017ed\u00e9ho jezdce, kter\u00fd \u0159ijme v\u00fdzvu #RideForItaly","breadcrumb":{"@id":"https:\/\/www.welovecycling.com\/sk\/2020\/03\/25\/rouvy-a-skoda-zabojuju-pre-taliansko-charita-pre-apeninsky-polostrov-v-dobe-koronavirusu\/#breadcrumb"},"inLanguage":"sk-SK","potentialAction":[{"@type":"ReadAction","target":["https:\/\/www.welovecycling.com\/sk\/2020\/03\/25\/rouvy-a-skoda-zabojuju-pre-taliansko-charita-pre-apeninsky-polostrov-v-dobe-koronavirusu\/"]}]},{"@type":"ImageObject","inLanguage":"sk-SK","@id":"https:\/\/www.welovecycling.com\/sk\/2020\/03\/25\/rouvy-a-skoda-zabojuju-pre-taliansko-charita-pre-apeninsky-polostrov-v-dobe-koronavirusu\/#primaryimage","url":"https:\/\/d2p6e6u75xmxt8.cloudfront.net\/4\/2020\/03\/Rouvy-CVR-2.webp","contentUrl":"https:\/\/d2p6e6u75xmxt8.cloudfront.net\/4\/2020\/03\/Rouvy-CVR-2.webp","width":1366,"height":600},{"@type":"BreadcrumbList","@id":"https:\/\/www.welovecycling.com\/sk\/2020\/03\/25\/rouvy-a-skoda-zabojuju-pre-taliansko-charita-pre-apeninsky-polostrov-v-dobe-koronavirusu\/#breadcrumb","itemListElement":[{"@type":"ListItem","position":1,"name":"Home","item":"https:\/\/www.welovecycling.com\/sk\/"},{"@type":"ListItem","position":2,"name":"Rouvy a \u0160koda zabojuj\u00fa pre Taliansko! Charita pre Apeninsk\u00fd polostrov v dobe koronav\u00edrusu"}]},{"@type":"WebSite","@id":"https:\/\/www.welovecycling.com\/sk\/#website","url":"https:\/\/www.welovecycling.com\/sk\/","name":"\u0160koda We Love Cycling Slovensko","description":"\u0160koda We Love Cycling Slovensko je v\u00e1\u0161 ka\u017edodenn\u00fd zdroj noviniek a in\u0161pir\u00e1cie z sveta cyklistiky","potentialAction":[{"@type":"SearchAction","target":{"@type":"EntryPoint","urlTemplate":"https:\/\/www.welovecycling.com\/sk\/?s={search_term_string}"},"query-input":{"@type":"PropertyValueSpecification","valueRequired":true,"valueName":"search_term_string"}}],"inLanguage":"sk-SK"},{"@type":"Person","@id":"","url":"https:\/\/www.welovecycling.com\/sk\/author\/"}]}},"_links":{"self":[{"href":"https:\/\/www.welovecycling.com\/sk\/wp-json\/wp\/v2\/posts\/9562","targetHints":{"allow":["GET"]}}],"collection":[{"href":"https:\/\/www.welovecycling.com\/sk\/wp-json\/wp\/v2\/posts"}],"about":[{"href":"https:\/\/www.welovecycling.com\/sk\/wp-json\/wp\/v2\/types\/post"}],"author":[{"embeddable":true,"href":"https:\/\/www.welovecycling.com\/sk\/wp-json\/wp\/v2\/users\/81"}],"replies":[{"embeddable":true,"href":"https:\/\/www.welovecycling.com\/sk\/wp-json\/wp\/v2\/comments?post=9562"}],"version-history":[{"count":2,"href":"https:\/\/www.welovecycling.com\/sk\/wp-json\/wp\/v2\/posts\/9562\/revisions"}],"predecessor-version":[{"id":9569,"href":"https:\/\/www.welovecycling.com\/sk\/wp-json\/wp\/v2\/posts\/9562\/revisions\/9569"}],"wp:featuredmedia":[{"embeddable":true,"href":"https:\/\/www.welovecycling.com\/sk\/wp-json\/wp\/v2\/media\/9566"}],"wp:attachment":[{"href":"https:\/\/www.welovecycling.com\/sk\/wp-json\/wp\/v2\/media?parent=9562"}],"wp:term":[{"taxonomy":"category","embeddable":true,"href":"https:\/\/www.welovecycling.com\/sk\/wp-json\/wp\/v2\/categories?post=9562"},{"taxonomy":"post_tag","embeddable":true,"href":"https:\/\/www.welovecycling.com\/sk\/wp-json\/wp\/v2\/tags?post=9562"},{"taxonomy":"global-categories","embeddable":true,"href":"https:\/\/www.welovecycling.com\/sk\/wp-json\/wp\/v2\/global-categories?post=9562"}],"curies":[{"name":"wp","href":"https:\/\/api.w.org\/{rel}","templated":true}]}}