{"id":9544,"date":"2020-03-27T08:23:50","date_gmt":"2020-03-27T07:23:50","guid":{"rendered":"https:\/\/www.welovecycling.com\/sk\/?p=9544"},"modified":"2020-03-25T08:24:21","modified_gmt":"2020-03-25T07:24:21","slug":"rozhovor-marek-gajdula-slovenska-nadej-v-kontinentalnom-time","status":"publish","type":"post","link":"https:\/\/www.welovecycling.com\/sk\/2020\/03\/27\/rozhovor-marek-gajdula-slovenska-nadej-v-kontinentalnom-time\/","title":{"rendered":"Rozhovor: Marek Gajdula &#8211; slovensk\u00e1 n\u00e1dej v\u00a0kontinent\u00e1lnom t\u00edme"},"content":{"rendered":"<p><strong>Na Slovensku sa ka\u017ed\u00fdm rokom ukazuj\u00fa nov\u00e9 a\u00a0nov\u00e9 \u0161portov\u00e9 osobnosti. Jednou z\u00a0nich je aj Marek Gajdula, len 18 ro\u010dn\u00fd pretek\u00e1r, ktor\u00fd sa v\u00a0tejto sez\u00f3ne uk\u00e1\u017ee vo farb\u00e1ch t\u00edmu Topforex Lapierre Pro Cycling Team. Ide o\u00a0kontinent\u00e1lny celok, zameriavaj\u00faci sa na jazdcov do 23 rokov. Ako sami hovoria, ide o\u00a0unik\u00e1tny projekt s\u00a0cie\u013eom rozv\u00edjania mlad\u00fdch a\u00a0perspekt\u00edvnych pretek\u00e1rov.<\/strong><!--more--><\/p>\n<p>Jedn\u00fdm z\u00a0nich je aj Marek. Ak sa pozrieme na v\u0161eobecn\u00e9 \u00fadaje, <strong>jeho v\u00fd\u0161ka je na hodnote 183 cm<\/strong>, zatia\u013e \u010do hmotnos\u0165 je \u00factyhodn\u00fdch <strong>72 kg<\/strong>. Po\u010das uplynul\u00fdch dvoch sez\u00f3n sa predstavil na tak\u00fdch podujatiach, ak\u00fdmi s\u00fa Majstrovstv\u00e1 sveta, talianske Trofeo Buffoni a\u00a0etap\u00e1k Giro della Lunigiana, sl\u00e1vne Par\u00ed\u017e-Roubaix Juniorov alebo GrandPrix Luxembourg. Cit\u00e1t, ktor\u00fd svieti pri jeho mene znie: <em>\u201eV&nbsp;\u017eivote nedostane\u0161 to, \u010do si zasl\u00fa\u017ei\u0161, ale to, za \u010do bojuje\u0161.\u201c<\/em><\/p>\n<p><strong>Ahoj Marek, aj ke\u010f sme u\u017e nie\u010do o\u00a0tebe povedali, vedel by si n\u00e1m nieko\u013ek\u00fdmi vetami pribl\u00ed\u017ei\u0165 to, \u010do \u0165a pod\u013ea teba najlep\u0161ie vystihuje?<\/strong><br \/>\n<em>V s\u00favislosti s cyklistikou ma vystihuje to, \u017ee cyklistika ma ve\u013emi bav\u00ed, je pre m\u0148a ve\u013ekou motiv\u00e1ciou sta\u0165 sa profesion\u00e1lnym cyklistom. Av\u0161ak s\u00fa\u010dasne si uvedomujem, \u017ee je to pre m\u0148a e\u0161te dlh\u00e1 cesta pln\u00e1 driny. Ale na druhej strane pristupujem k nej zodpovedne a s pokorou.<\/em><\/p>\n<p><strong>Napriek svojmu mlad\u00e9mu veku m\u00e1\u0161 za sebou u\u017e desiatky \u0161tartov, a\u00a0to aj na prest\u00ed\u017enych podujatiach &#8211; boli niektor\u00e9 z\u00a0nich doslova nezabudnute\u013en\u00e9? Pre\u010do?<\/strong><br \/>\n<em>Nikdy nezabudnem na Par\u00ed\u017e-Roubaix. Ke\u010f som to pozeral v\u00a0telke, tak som si to chcel ve\u013emi sk\u00fasi\u0165 na vlastnej ko\u017ei. Pod\u013ea m\u0148a s\u00fa to najzauj\u00edmavej\u0161ie preteky sez\u00f3ny. V kateg\u00f3rii juniorov sa mi tam podarilo nominova\u0165 a vysk\u00fa\u0161a\u0165 si \u201ePeklo severu\u201c osobne. Taktie\u017e tam bola nezabudnute\u013en\u00e1 atmosf\u00e9ra. \u013dudia povzbudzovali popri celej trati. Bolo to nie\u010do neop\u00edsate\u013en\u00e9.<\/em><\/p>\n<p><strong>Vyrastal si v\u00a0Akad\u00e9mii Petra Sagana. Ak\u00e9 to bolo? Odli\u0161uje sa nie\u010d\u00edm od klasick\u00fdch \u0161portov\u00fdch klubov?<\/strong><br \/>\n<em>Neviem to ve\u013emi porovna\u0165, ke\u010f\u017ee som cel\u00fd \u010das vyrastal v Akad\u00e9mii Petra Sagana, ale odhodlanie a obeta tr\u00e9nerov pre cyklistiku je z m\u00f4jho poh\u013eadu niekedy pre be\u017en\u00fdch \u013eud\u00ed a\u017e nepredstavite\u013en\u00e1. V dne\u0161nej dobe po\u010d\u00favame, ak\u00fd je \u0161port finan\u010dne n\u00e1ro\u010dn\u00fd, ale tento klub pre ka\u017ed\u00e9ho nadan\u00e9ho cyklistu zabezpe\u010d\u00ed v\u0161etko potrebn\u00e9 tak, aby sa cyklistike mohol ka\u017ed\u00fd venova\u0165 naplno.<\/em><\/p>\n<p><img loading=\"lazy\" decoding=\"async\" src=\"https:\/\/d2p6e6u75xmxt8.cloudfront.net\/4\/2020\/03\/WLC_Rozhovor-M.-Gajdula_02.jpg\" alt=\"\" width=\"1200\" height=\"800\" class=\"alignnone size-full wp-image-9548\" \/><\/p>\n<div style=\"margin-top:-20px;margin-bottom: 35px;\">Foto: J\u00e1n Melicher\/<a href=\"https:\/\/www.jmphoto.sk\/\" rel=\"noopener\" target=\"_blank\">jmphoto.sk<\/a><\/div>\n<p><strong>Tento rok bude pre teba zaiste vyp\u00e4t\u00fdm. Ak\u00fa strat\u00e9giu vol\u00ed\u0161, aby si sa dok\u00e1zal popasova\u0165 s\u00a0tlakom a\u00a0t\u00fa\u017ebou presadi\u0165 sa? Na \u010do sa te\u0161\u00ed\u0161?<\/strong><br \/>\n<em>Najd\u00f4le\u017eitej\u0161ie je zlep\u0161ova\u0165 sa postupn\u00fdmi krokmi a\u00a0spr\u00e1vnou discipl\u00ednou. Najviac sa te\u0161\u00edm na dom\u00e1ci etap\u00e1k Okolo Slovenska. A strat\u00e9giu nech\u00e1m hlavne na tr\u00e9nerov. Vytvorili mi kvalitn\u00fd program pretekov na cel\u00fa sez\u00f3nu a spolo\u010dne sa budeme chcie\u0165 na ne \u010do najlep\u0161ie pripravi\u0165. Ver\u00edm, \u017ee sa n\u00e1m to spolo\u010dne podar\u00ed. D\u00f4le\u017eit\u00e9 je, aby som bol zdravotne v poriadku a aby sa mi vyh\u00fdbali zranenia.<\/em><\/p>\n<p><strong>Je v\u00a0cyklistike alebo v \u0161porte samotnom nie\u010do, \u010do by si, samozrejme, ak by si na to mal dostato\u010dn\u00fa moc, zmenil?<\/strong><br \/>\n<em>Mysl\u00edm si, \u017ee by mala by\u0165 zabezpe\u010den\u00e1 v\u00e4\u010d\u0161ia bezpe\u010dnos\u0165 pretek\u00e1rov na pretekoch Slovensk\u00e9ho poh\u00e1ra.<\/em><\/p>\n<p><strong>M\u00e1\u0161 v\u00a0\u017eivote (nielen cyklistickom) nejak\u00e9 ve\u013ek\u00e9 ciele?<\/strong><br \/>\n<em>Nejak\u00e9 konkr\u00e9tne ve\u013ek\u00e9 ciele nem\u00e1m. Teraz sa sna\u017e\u00edm \u010do najviac venova\u0165 cyklistike. Sprav\u00edm v\u0161etko pre to, aby som sa \u0148ou v bud\u00facnosti mohol \u017eivi\u0165. Uvid\u00edme, ako to nakoniec dopadne.<\/em><\/p>\n<p><img loading=\"lazy\" decoding=\"async\" src=\"https:\/\/d2p6e6u75xmxt8.cloudfront.net\/4\/2020\/03\/WLC_Rozhovor-M.-Gajdula_03.jpg\" alt=\"\" width=\"1200\" height=\"800\" class=\"alignnone size-full wp-image-9549\" \/><\/p>\n<div style=\"margin-top:-20px;margin-bottom: 35px;\">Foto: J\u00e1n Melicher\/<a href=\"https:\/\/www.jmphoto.sk\/\" rel=\"noopener\" target=\"_blank\">jmphoto.sk<\/a><\/div>\n<p><strong>Peter Sagan v\u00a0tomto roku osl\u00e1vil tridsiatku. Vo v\u0161etkej skromnosti, mysl\u00ed\u0161 si, \u017ee by si sa ty, alebo niekto z\u00a0tvojho cyklistick\u00e9ho okolia, dok\u00e1zal presadi\u0165 obdobn\u00fdm sp\u00f4sobom? Je to mo\u017en\u00e9?<\/strong><br \/>\n<em>\u0164a\u017eko poveda\u0165. Sagan je len jeden, ale ver\u00edm, \u017ee bude ma\u0165 n\u00e1sledovnika.<\/em> <\/p>\n<p><strong>V\u00a0\u010dom je cyklistika pod\u013ea teba ako \u0161port pr\u00ed\u0165a\u017eliv\u00e1 a\u00a0naopak, ktor\u00e9 \u00fakony alebo momenty by si najrad\u0161ej vypustil?<\/strong><br \/>\n<em>M\u0148a pri\u0165ahuj\u00fa na cyklistike ove\u013ea viac preteky ako samotn\u00fd tr\u00e9ning. Stra\u0161ne r\u00e1d pretek\u00e1m a p\u00e1\u010di sa mi, \u017ee ka\u017ed\u00e9 podujatie je in\u00e9. Ke\u010f stoj\u00edte na \u0161tarte, m\u00e1te napl\u00e1novan\u00fa nejak\u00fa taktiku, ale po\u010das pretekov sa m\u00f4\u017ee sta\u0165 hrozne ve\u013ea nepredv\u00eddan\u00fdch vec\u00ed. Taktie\u017e je cyklistika ve\u013emi zauj\u00edmav\u00e1 v tom, \u017ee v\u017edy s\u00fa dan\u00ed nejak\u00ed favoriti, ale nie v\u017edy vyhraj\u00fa iba oni. Po\u010das t\u00fdch pribli\u017ene 150 km, ktor\u00e9 musia pretek\u00e1ri absolvova\u0165, sa m\u00f4\u017ee sta\u0165 v\u0161eli\u010do.<\/em><\/p>\n<div id='gallery-1' class='gallery galleryid-9544 gallery-columns-2 gallery-size-full'><figure class='gallery-item'>\n\t\t\t<div class='gallery-icon landscape'>\n\t\t\t\t<a href='https:\/\/d2p6e6u75xmxt8.cloudfront.net\/4\/2020\/03\/WLC_Rozhovor-M.-Gajdula_04.webp'><img loading=\"lazy\" decoding=\"async\" width=\"1200\" height=\"800\" src=\"https:\/\/d2p6e6u75xmxt8.cloudfront.net\/4\/2020\/03\/WLC_Rozhovor-M.-Gajdula_04.webp\" class=\"attachment-full size-full\" alt=\"\" srcset=\"https:\/\/d2p6e6u75xmxt8.cloudfront.net\/4\/2020\/03\/WLC_Rozhovor-M.-Gajdula_04.webp 1200w, https:\/\/d2p6e6u75xmxt8.cloudfront.net\/4\/2020\/03\/WLC_Rozhovor-M.-Gajdula_04-300x200.webp 300w, https:\/\/d2p6e6u75xmxt8.cloudfront.net\/4\/2020\/03\/WLC_Rozhovor-M.-Gajdula_04-1024x683.webp 1024w, https:\/\/d2p6e6u75xmxt8.cloudfront.net\/4\/2020\/03\/WLC_Rozhovor-M.-Gajdula_04-768x512.webp 768w, https:\/\/d2p6e6u75xmxt8.cloudfront.net\/4\/2020\/03\/WLC_Rozhovor-M.-Gajdula_04-272x182.webp 272w\" sizes=\"auto, (max-width: 1200px) 100vw, 1200px\" \/><\/a>\n\t\t\t<\/div><\/figure><figure class='gallery-item'>\n\t\t\t<div class='gallery-icon landscape'>\n\t\t\t\t<a href='https:\/\/d2p6e6u75xmxt8.cloudfront.net\/4\/2020\/03\/WLC_Rozhovor-M.-Gajdula_05.webp'><img loading=\"lazy\" decoding=\"async\" width=\"1200\" height=\"800\" src=\"https:\/\/d2p6e6u75xmxt8.cloudfront.net\/4\/2020\/03\/WLC_Rozhovor-M.-Gajdula_05.webp\" class=\"attachment-full size-full\" alt=\"\" srcset=\"https:\/\/d2p6e6u75xmxt8.cloudfront.net\/4\/2020\/03\/WLC_Rozhovor-M.-Gajdula_05.webp 1200w, https:\/\/d2p6e6u75xmxt8.cloudfront.net\/4\/2020\/03\/WLC_Rozhovor-M.-Gajdula_05-300x200.webp 300w, https:\/\/d2p6e6u75xmxt8.cloudfront.net\/4\/2020\/03\/WLC_Rozhovor-M.-Gajdula_05-1024x683.webp 1024w, https:\/\/d2p6e6u75xmxt8.cloudfront.net\/4\/2020\/03\/WLC_Rozhovor-M.-Gajdula_05-768x512.webp 768w, https:\/\/d2p6e6u75xmxt8.cloudfront.net\/4\/2020\/03\/WLC_Rozhovor-M.-Gajdula_05-272x182.webp 272w\" sizes=\"auto, (max-width: 1200px) 100vw, 1200px\" \/><\/a>\n\t\t\t<\/div><\/figure>\n\t\t<\/div>\n\n<div style=\"margin-top:-20px;margin-bottom: 35px;\">Foto: Marek Gajdula<\/div>\n<p><strong>Vedel by sa s\u00a0nami podeli\u0165 o\u00a0nejak\u00fa zauj\u00edmav\u00fa pr\u00edhodu zo svojej kari\u00e9ry?<\/strong><br \/>\n<em>Raz na pretekoch pretek\u00e1r predo mnou na kraji cesty v zjazde vykon\u00e1val potrebu. Ja som si myslel, \u017ee sa oblieva vodou, lebo bolo naozaj stra\u0161n\u00e9 teplo. Pri\u0161iel som trochu bli\u017e\u0161ie za neho, aby aj m\u0148a ofrklo tro\u0161ku vody, ale to bola ve\u013ek\u00e1 chyba.<\/em><\/p>\n<p><strong>Hovor\u00ed sa, \u017ee \u017eivot \u0161portovca je sk\u00f4r rutinou &#8211; tr\u00e9ning, striktn\u00e1 \u017eivotospr\u00e1va a\u00a0preteky. Ost\u00e1va ti \u010das aj na in\u00e9 aktivity?<\/strong><br \/>\n<em>\u00c1no. Je pravda, \u017ee tr\u00e9ning zaberie ve\u013ea \u010dasu, ale ur\u010dite ost\u00e1va \u010das aj na in\u00e9 aktivity. V\u00e4\u010d\u0161inou mi tr\u00e9ning skon\u010d\u00ed okolo 16tej hodiny, tak\u017ee to viem kombinova\u0165 aj s\u00a0ostatn\u00fdmi z\u00e1ujmami.<\/em><\/p>\n<p><strong>Nieko\u013eko kr\u00e1tkych ot\u00e1zok:<\/strong><\/p>\n<p><strong>Kopce, roviny alebo \u010dasovka?<\/strong><br \/>\n<em>Viac mi sedia kopce ako rovina. Tento rok by som ale chcel viac zapracova\u0165 aj na \u010dasovke.<\/em><\/p>\n<p><strong>Elektronika alebo mechanick\u00e9 radenie?<\/strong><br \/>\n<em>Prizn\u00e1m sa, \u017ee elektrick\u00e9 radenie som si e\u0161te nevysk\u00fa\u0161al. S mechanikou som ale zatia\u013e nikdy nemal probl\u00e9m. Aspo\u0148 nemus\u00edm myslie\u0165 na nab\u00edjanie.<\/em><\/p>\n<p><strong>Cestoviny alebo vypr\u00e1\u017ean\u00fd syr? ?<\/strong><br \/>\n<em>Tak ur\u010dite rad\u0161ej vypr\u00e1\u017ean\u00fd syr. Ale cez sez\u00f3nu s\u00fa pre telo lep\u0161ie cestoviny, tak\u017ee vypr\u00e1\u017ean\u00fd syr si nech\u00e1m po sez\u00f3ne.<\/em><\/p>\n<p><strong>Tr\u00e9ning na Slovensku alebo v\u00a0zahrani\u010d\u00ed?<\/strong><br \/>\n<em>Rad tr\u00e9nujem v novom prostred\u00ed, kde e\u0161te nepozn\u00e1m ka\u017ed\u00fa jamu. Sk\u00f4r teda v zahrani\u010d\u00ed, kde to tak e\u0161te nepozn\u00e1m.<\/em><\/p>\n<p><strong>Jednor\u00e1zovky alebo etap\u00e1ky?<\/strong><br \/>\n<em>Rad\u0161ej jednor\u00e1zovky. Pod\u013ea m\u0148a s\u00fa zauj\u00edmavej\u0161ie.<\/em><\/p>\n<p><strong>S\u00f3lov\u00fd alebo tr\u00e9ning v\u00a0skupine?<\/strong><br \/>\n<em>Jednozna\u010dne tr\u00e9ning v skupine. Tr\u00e9ning v skupine zbehne ove\u013ea r\u00fdchlej\u0161ie, ke\u010f\u017ee sa dok\u00e1\u017eeme zabavi\u0165. A nemus\u00edm cel\u00fd \u010das \u0165aha\u0165.<\/em><\/p>\n<div id='gallery-2' class='gallery galleryid-9544 gallery-columns-2 gallery-size-full'><figure class='gallery-item'>\n\t\t\t<div class='gallery-icon landscape'>\n\t\t\t\t<a href='https:\/\/d2p6e6u75xmxt8.cloudfront.net\/4\/2020\/03\/WLC_Rozhovor-M.-Gajdula_06.webp'><img loading=\"lazy\" decoding=\"async\" width=\"1200\" height=\"800\" src=\"https:\/\/d2p6e6u75xmxt8.cloudfront.net\/4\/2020\/03\/WLC_Rozhovor-M.-Gajdula_06.webp\" class=\"attachment-full size-full\" alt=\"\" srcset=\"https:\/\/d2p6e6u75xmxt8.cloudfront.net\/4\/2020\/03\/WLC_Rozhovor-M.-Gajdula_06.webp 1200w, https:\/\/d2p6e6u75xmxt8.cloudfront.net\/4\/2020\/03\/WLC_Rozhovor-M.-Gajdula_06-300x200.webp 300w, https:\/\/d2p6e6u75xmxt8.cloudfront.net\/4\/2020\/03\/WLC_Rozhovor-M.-Gajdula_06-1024x683.webp 1024w, https:\/\/d2p6e6u75xmxt8.cloudfront.net\/4\/2020\/03\/WLC_Rozhovor-M.-Gajdula_06-768x512.webp 768w, https:\/\/d2p6e6u75xmxt8.cloudfront.net\/4\/2020\/03\/WLC_Rozhovor-M.-Gajdula_06-272x182.webp 272w\" sizes=\"auto, (max-width: 1200px) 100vw, 1200px\" \/><\/a>\n\t\t\t<\/div><\/figure><figure class='gallery-item'>\n\t\t\t<div class='gallery-icon landscape'>\n\t\t\t\t<a href='https:\/\/d2p6e6u75xmxt8.cloudfront.net\/4\/2020\/03\/WLC_Rozhovor-M.-Gajdula_07.webp'><img loading=\"lazy\" decoding=\"async\" width=\"1200\" height=\"800\" src=\"https:\/\/d2p6e6u75xmxt8.cloudfront.net\/4\/2020\/03\/WLC_Rozhovor-M.-Gajdula_07.webp\" class=\"attachment-full size-full\" alt=\"\" srcset=\"https:\/\/d2p6e6u75xmxt8.cloudfront.net\/4\/2020\/03\/WLC_Rozhovor-M.-Gajdula_07.webp 1200w, https:\/\/d2p6e6u75xmxt8.cloudfront.net\/4\/2020\/03\/WLC_Rozhovor-M.-Gajdula_07-300x200.webp 300w, https:\/\/d2p6e6u75xmxt8.cloudfront.net\/4\/2020\/03\/WLC_Rozhovor-M.-Gajdula_07-1024x683.webp 1024w, https:\/\/d2p6e6u75xmxt8.cloudfront.net\/4\/2020\/03\/WLC_Rozhovor-M.-Gajdula_07-768x512.webp 768w, https:\/\/d2p6e6u75xmxt8.cloudfront.net\/4\/2020\/03\/WLC_Rozhovor-M.-Gajdula_07-272x182.webp 272w\" sizes=\"auto, (max-width: 1200px) 100vw, 1200px\" \/><\/a>\n\t\t\t<\/div><\/figure>\n\t\t<\/div>\n\n<div style=\"margin-top:-20px;margin-bottom: 35px;\">Foto: Marek Gajdula<\/div>\n<p><strong>Nakoniec e\u0161te jedna z\u00e1kern\u00e1 ot\u00e1zka. V\u00a0cyklistike sa presadzuje trend elektrocyklistiky. Aj ke\u010f si sa s\u00a0n\u00edm mo\u017eno nestretol, ako ho vn\u00edma\u0161?<\/strong><br \/>\n<em>Elektrobicykel nem\u00e1m, ale je to pod\u013ea m\u0148a super vec. Hlavne star\u0161\u00edm \u013eu\u010fom to tro\u0161ku pom\u00f4\u017ee, ke\u010f u\u017e nemaj\u00fa a\u017e to\u013eko sily, aby vy\u0161lapali kopec, ktor\u00fd vedie napr\u00edklad k ich ob\u013e\u00faben\u00e9mu zjazdu. V bud\u00facnosti si ho ur\u010dite zaobstar\u00e1m aj ja.<\/em><\/p>\n<p><strong>\u010eakujeme za tvoj \u010das a\u00a0odpovede a\u00a0prajeme ti v\u0161etko dobr\u00e9!<\/strong><\/p>\n<p>(Tituln\u00e1 fotografia: <a href=\"https:\/\/www.jmphoto.sk\/\" rel=\"noopener\" target=\"_blank\">J\u00e1n Melicher\/jmphoto.sk<\/a><\/p>\n","protected":false},"excerpt":{"rendered":"<p>Na Slovensku sa ka\u017ed\u00fdm rokom ukazuj\u00fa nov\u00e9 a\u00a0nov\u00e9 \u0161portov\u00e9 osobnosti. Jednou z\u00a0nich je aj Marek Gajdula, len 18 ro\u010dn\u00fd pretek\u00e1r, [&hellip;]<\/p>\n","protected":false},"author":81,"featured_media":9547,"comment_status":"open","ping_status":"open","sticky":false,"template":"","format":"standard","meta":{"footnotes":""},"categories":[4],"tags":[227,115,597,546,331,878,1153,281,1216,767,97,428,1012,179,501,256,813,556,55,1217,161],"global-categories":[1074],"class_list":["post-9544","post","type-post","status-publish","format-standard","has-post-thumbnail","hentry","category-cestna-cyklisitika","tag-casovka","tag-cestna-cyklistika","tag-cyklista","tag-cyklistika","tag-etapove-preteky","tag-favorit","tag-kariera","tag-majstrovstva-sveta","tag-marek-gajdula","tag-motivacia","tag-okolo-slovenska","tag-pariz-roubaix","tag-pretekar","tag-preteky","tag-rozhovor","tag-sezona","tag-sport","tag-tim","tag-trening","tag-trofeo-buffoni","tag-zdravie","global-categories-cycling"],"yoast_head":"<!-- This site is optimized with the Yoast SEO Premium plugin v25.3 (Yoast SEO v25.9) - https:\/\/yoast.com\/wordpress\/plugins\/seo\/ -->\n<title>Rozhovor: Marek Gajdula - slovensk\u00e1 n\u00e1dej v\u00a0kontinent\u00e1lnom t\u00edme - \u0160koda We Love Cycling Slovensko<\/title>\n<meta name=\"robots\" content=\"index, follow, max-snippet:-1, max-image-preview:large, max-video-preview:-1\" \/>\n<link rel=\"canonical\" href=\"https:\/\/www.welovecycling.com\/sk\/2020\/03\/27\/rozhovor-marek-gajdula-slovenska-nadej-v-kontinentalnom-time\/\" \/>\n<meta property=\"og:locale\" content=\"sk_SK\" \/>\n<meta property=\"og:type\" content=\"article\" \/>\n<meta property=\"og:title\" content=\"Rozhovor: Marek Gajdula - slovensk\u00e1 n\u00e1dej v\u00a0kontinent\u00e1lnom t\u00edme\" \/>\n<meta property=\"og:description\" content=\"Na Slovensku sa ka\u017ed\u00fdm rokom ukazuj\u00fa nov\u00e9 a\u00a0nov\u00e9 \u0161portov\u00e9 osobnosti. Jednou z\u00a0nich je aj Marek Gajdula, len 18 ro\u010dn\u00fd pretek\u00e1r, [&hellip;]\" \/>\n<meta property=\"og:url\" content=\"https:\/\/www.welovecycling.com\/sk\/2020\/03\/27\/rozhovor-marek-gajdula-slovenska-nadej-v-kontinentalnom-time\/\" \/>\n<meta property=\"og:site_name\" content=\"\u0160koda We Love Cycling Slovensko\" \/>\n<meta property=\"article:published_time\" content=\"2020-03-27T07:23:50+00:00\" \/>\n<meta property=\"og:image\" content=\"https:\/\/d2p6e6u75xmxt8.cloudfront.net\/4\/2020\/03\/WLC_Rozhovor-M.-Gajdula_00.webp\" \/>\n\t<meta property=\"og:image:width\" content=\"1380\" \/>\n\t<meta property=\"og:image:height\" content=\"600\" \/>\n\t<meta property=\"og:image:type\" content=\"image\/webp\" \/>\n<meta name=\"twitter:card\" content=\"summary_large_image\" \/>\n<meta name=\"twitter:label1\" content=\"Written by\" \/>\n\t<meta name=\"twitter:data1\" content=\"WeLoveCycling\" \/>\n\t<meta name=\"twitter:label2\" content=\"Est. reading time\" \/>\n\t<meta name=\"twitter:data2\" content=\"5\" \/>\n<script type=\"application\/ld+json\" class=\"yoast-schema-graph\">{\"@context\":\"https:\/\/schema.org\",\"@graph\":[{\"@type\":\"WebPage\",\"@id\":\"https:\/\/www.welovecycling.com\/sk\/2020\/03\/27\/rozhovor-marek-gajdula-slovenska-nadej-v-kontinentalnom-time\/\",\"url\":\"https:\/\/www.welovecycling.com\/sk\/2020\/03\/27\/rozhovor-marek-gajdula-slovenska-nadej-v-kontinentalnom-time\/\",\"name\":\"Rozhovor: Marek Gajdula - slovensk\u00e1 n\u00e1dej v\u00a0kontinent\u00e1lnom t\u00edme - \u0160koda We Love Cycling Slovensko\",\"isPartOf\":{\"@id\":\"https:\/\/www.welovecycling.com\/sk\/#website\"},\"primaryImageOfPage\":{\"@id\":\"https:\/\/www.welovecycling.com\/sk\/2020\/03\/27\/rozhovor-marek-gajdula-slovenska-nadej-v-kontinentalnom-time\/#primaryimage\"},\"image\":{\"@id\":\"https:\/\/www.welovecycling.com\/sk\/2020\/03\/27\/rozhovor-marek-gajdula-slovenska-nadej-v-kontinentalnom-time\/#primaryimage\"},\"thumbnailUrl\":\"https:\/\/d2p6e6u75xmxt8.cloudfront.net\/4\/2020\/03\/WLC_Rozhovor-M.-Gajdula_00.webp\",\"datePublished\":\"2020-03-27T07:23:50+00:00\",\"author\":{\"@id\":\"\"},\"breadcrumb\":{\"@id\":\"https:\/\/www.welovecycling.com\/sk\/2020\/03\/27\/rozhovor-marek-gajdula-slovenska-nadej-v-kontinentalnom-time\/#breadcrumb\"},\"inLanguage\":\"sk-SK\",\"potentialAction\":[{\"@type\":\"ReadAction\",\"target\":[\"https:\/\/www.welovecycling.com\/sk\/2020\/03\/27\/rozhovor-marek-gajdula-slovenska-nadej-v-kontinentalnom-time\/\"]}]},{\"@type\":\"ImageObject\",\"inLanguage\":\"sk-SK\",\"@id\":\"https:\/\/www.welovecycling.com\/sk\/2020\/03\/27\/rozhovor-marek-gajdula-slovenska-nadej-v-kontinentalnom-time\/#primaryimage\",\"url\":\"https:\/\/d2p6e6u75xmxt8.cloudfront.net\/4\/2020\/03\/WLC_Rozhovor-M.-Gajdula_00.webp\",\"contentUrl\":\"https:\/\/d2p6e6u75xmxt8.cloudfront.net\/4\/2020\/03\/WLC_Rozhovor-M.-Gajdula_00.webp\",\"width\":1380,\"height\":600},{\"@type\":\"BreadcrumbList\",\"@id\":\"https:\/\/www.welovecycling.com\/sk\/2020\/03\/27\/rozhovor-marek-gajdula-slovenska-nadej-v-kontinentalnom-time\/#breadcrumb\",\"itemListElement\":[{\"@type\":\"ListItem\",\"position\":1,\"name\":\"Home\",\"item\":\"https:\/\/www.welovecycling.com\/sk\/\"},{\"@type\":\"ListItem\",\"position\":2,\"name\":\"Rozhovor: Marek Gajdula &#8211; slovensk\u00e1 n\u00e1dej v\u00a0kontinent\u00e1lnom t\u00edme\"}]},{\"@type\":\"WebSite\",\"@id\":\"https:\/\/www.welovecycling.com\/sk\/#website\",\"url\":\"https:\/\/www.welovecycling.com\/sk\/\",\"name\":\"\u0160koda We Love Cycling Slovensko\",\"description\":\"\u0160koda We Love Cycling Slovensko je v\u00e1\u0161 ka\u017edodenn\u00fd zdroj noviniek a in\u0161pir\u00e1cie z sveta cyklistiky\",\"potentialAction\":[{\"@type\":\"SearchAction\",\"target\":{\"@type\":\"EntryPoint\",\"urlTemplate\":\"https:\/\/www.welovecycling.com\/sk\/?s={search_term_string}\"},\"query-input\":{\"@type\":\"PropertyValueSpecification\",\"valueRequired\":true,\"valueName\":\"search_term_string\"}}],\"inLanguage\":\"sk-SK\"},{\"@type\":\"Person\",\"@id\":\"\",\"url\":\"https:\/\/www.welovecycling.com\/sk\/author\/\"}]}<\/script>\n<!-- \/ Yoast SEO Premium plugin. -->","yoast_head_json":{"title":"Rozhovor: Marek Gajdula - slovensk\u00e1 n\u00e1dej v\u00a0kontinent\u00e1lnom t\u00edme - \u0160koda We Love Cycling Slovensko","robots":{"index":"index","follow":"follow","max-snippet":"max-snippet:-1","max-image-preview":"max-image-preview:large","max-video-preview":"max-video-preview:-1"},"canonical":"https:\/\/www.welovecycling.com\/sk\/2020\/03\/27\/rozhovor-marek-gajdula-slovenska-nadej-v-kontinentalnom-time\/","og_locale":"sk_SK","og_type":"article","og_title":"Rozhovor: Marek Gajdula - slovensk\u00e1 n\u00e1dej v\u00a0kontinent\u00e1lnom t\u00edme","og_description":"Na Slovensku sa ka\u017ed\u00fdm rokom ukazuj\u00fa nov\u00e9 a\u00a0nov\u00e9 \u0161portov\u00e9 osobnosti. Jednou z\u00a0nich je aj Marek Gajdula, len 18 ro\u010dn\u00fd pretek\u00e1r, [&hellip;]","og_url":"https:\/\/www.welovecycling.com\/sk\/2020\/03\/27\/rozhovor-marek-gajdula-slovenska-nadej-v-kontinentalnom-time\/","og_site_name":"\u0160koda We Love Cycling Slovensko","article_published_time":"2020-03-27T07:23:50+00:00","og_image":[{"width":1380,"height":600,"url":"https:\/\/d2p6e6u75xmxt8.cloudfront.net\/4\/2020\/03\/WLC_Rozhovor-M.-Gajdula_00.webp","type":"image\/webp"}],"twitter_card":"summary_large_image","twitter_misc":{"Written by":"WeLoveCycling","Est. reading time":"5"},"schema":{"@context":"https:\/\/schema.org","@graph":[{"@type":"WebPage","@id":"https:\/\/www.welovecycling.com\/sk\/2020\/03\/27\/rozhovor-marek-gajdula-slovenska-nadej-v-kontinentalnom-time\/","url":"https:\/\/www.welovecycling.com\/sk\/2020\/03\/27\/rozhovor-marek-gajdula-slovenska-nadej-v-kontinentalnom-time\/","name":"Rozhovor: Marek Gajdula - slovensk\u00e1 n\u00e1dej v\u00a0kontinent\u00e1lnom t\u00edme - \u0160koda We Love Cycling Slovensko","isPartOf":{"@id":"https:\/\/www.welovecycling.com\/sk\/#website"},"primaryImageOfPage":{"@id":"https:\/\/www.welovecycling.com\/sk\/2020\/03\/27\/rozhovor-marek-gajdula-slovenska-nadej-v-kontinentalnom-time\/#primaryimage"},"image":{"@id":"https:\/\/www.welovecycling.com\/sk\/2020\/03\/27\/rozhovor-marek-gajdula-slovenska-nadej-v-kontinentalnom-time\/#primaryimage"},"thumbnailUrl":"https:\/\/d2p6e6u75xmxt8.cloudfront.net\/4\/2020\/03\/WLC_Rozhovor-M.-Gajdula_00.webp","datePublished":"2020-03-27T07:23:50+00:00","author":{"@id":""},"breadcrumb":{"@id":"https:\/\/www.welovecycling.com\/sk\/2020\/03\/27\/rozhovor-marek-gajdula-slovenska-nadej-v-kontinentalnom-time\/#breadcrumb"},"inLanguage":"sk-SK","potentialAction":[{"@type":"ReadAction","target":["https:\/\/www.welovecycling.com\/sk\/2020\/03\/27\/rozhovor-marek-gajdula-slovenska-nadej-v-kontinentalnom-time\/"]}]},{"@type":"ImageObject","inLanguage":"sk-SK","@id":"https:\/\/www.welovecycling.com\/sk\/2020\/03\/27\/rozhovor-marek-gajdula-slovenska-nadej-v-kontinentalnom-time\/#primaryimage","url":"https:\/\/d2p6e6u75xmxt8.cloudfront.net\/4\/2020\/03\/WLC_Rozhovor-M.-Gajdula_00.webp","contentUrl":"https:\/\/d2p6e6u75xmxt8.cloudfront.net\/4\/2020\/03\/WLC_Rozhovor-M.-Gajdula_00.webp","width":1380,"height":600},{"@type":"BreadcrumbList","@id":"https:\/\/www.welovecycling.com\/sk\/2020\/03\/27\/rozhovor-marek-gajdula-slovenska-nadej-v-kontinentalnom-time\/#breadcrumb","itemListElement":[{"@type":"ListItem","position":1,"name":"Home","item":"https:\/\/www.welovecycling.com\/sk\/"},{"@type":"ListItem","position":2,"name":"Rozhovor: Marek Gajdula &#8211; slovensk\u00e1 n\u00e1dej v\u00a0kontinent\u00e1lnom t\u00edme"}]},{"@type":"WebSite","@id":"https:\/\/www.welovecycling.com\/sk\/#website","url":"https:\/\/www.welovecycling.com\/sk\/","name":"\u0160koda We Love Cycling Slovensko","description":"\u0160koda We Love Cycling Slovensko je v\u00e1\u0161 ka\u017edodenn\u00fd zdroj noviniek a in\u0161pir\u00e1cie z sveta cyklistiky","potentialAction":[{"@type":"SearchAction","target":{"@type":"EntryPoint","urlTemplate":"https:\/\/www.welovecycling.com\/sk\/?s={search_term_string}"},"query-input":{"@type":"PropertyValueSpecification","valueRequired":true,"valueName":"search_term_string"}}],"inLanguage":"sk-SK"},{"@type":"Person","@id":"","url":"https:\/\/www.welovecycling.com\/sk\/author\/"}]}},"_links":{"self":[{"href":"https:\/\/www.welovecycling.com\/sk\/wp-json\/wp\/v2\/posts\/9544","targetHints":{"allow":["GET"]}}],"collection":[{"href":"https:\/\/www.welovecycling.com\/sk\/wp-json\/wp\/v2\/posts"}],"about":[{"href":"https:\/\/www.welovecycling.com\/sk\/wp-json\/wp\/v2\/types\/post"}],"author":[{"embeddable":true,"href":"https:\/\/www.welovecycling.com\/sk\/wp-json\/wp\/v2\/users\/81"}],"replies":[{"embeddable":true,"href":"https:\/\/www.welovecycling.com\/sk\/wp-json\/wp\/v2\/comments?post=9544"}],"version-history":[{"count":2,"href":"https:\/\/www.welovecycling.com\/sk\/wp-json\/wp\/v2\/posts\/9544\/revisions"}],"predecessor-version":[{"id":9590,"href":"https:\/\/www.welovecycling.com\/sk\/wp-json\/wp\/v2\/posts\/9544\/revisions\/9590"}],"wp:featuredmedia":[{"embeddable":true,"href":"https:\/\/www.welovecycling.com\/sk\/wp-json\/wp\/v2\/media\/9547"}],"wp:attachment":[{"href":"https:\/\/www.welovecycling.com\/sk\/wp-json\/wp\/v2\/media?parent=9544"}],"wp:term":[{"taxonomy":"category","embeddable":true,"href":"https:\/\/www.welovecycling.com\/sk\/wp-json\/wp\/v2\/categories?post=9544"},{"taxonomy":"post_tag","embeddable":true,"href":"https:\/\/www.welovecycling.com\/sk\/wp-json\/wp\/v2\/tags?post=9544"},{"taxonomy":"global-categories","embeddable":true,"href":"https:\/\/www.welovecycling.com\/sk\/wp-json\/wp\/v2\/global-categories?post=9544"}],"curies":[{"name":"wp","href":"https:\/\/api.w.org\/{rel}","templated":true}]}}