{"id":9535,"date":"2020-03-23T09:28:24","date_gmt":"2020-03-23T08:28:24","guid":{"rendered":"https:\/\/www.welovecycling.com\/sk\/?p=9535"},"modified":"2020-03-19T12:28:44","modified_gmt":"2020-03-19T11:28:44","slug":"10-veci-ktore-hovoria-len-cyklisti","status":"publish","type":"post","link":"https:\/\/www.welovecycling.com\/sk\/2020\/03\/23\/10-veci-ktore-hovoria-len-cyklisti\/","title":{"rendered":"10 vec\u00ed, ktor\u00e9 hovoria len cyklisti"},"content":{"rendered":"<p><strong>U\u017e ste niekedy po\u010duli cyklistov, ako sa rozpr\u00e1vaj\u00fa tou ich nezrozumite\u013enou re\u010dou? Jazyk sveta na dvoch koles\u00e1ch pou\u017e\u00edva mno\u017estvo slangov\u00fdch pojmov, slov a fr\u00e1z, ktor\u00fdm je \u010dastokr\u00e1t ne\u013eahk\u00e9 porozumie\u0165. Jedine, ak ste s\u00fa\u010das\u0165ou bal\u00edka. Aby to nebolo tak\u00e9 jednoduch\u00e9, tak cestn\u00ed cyklisti, ako aj horsk\u00ed maj\u00fa osobitn\u00fd dialekt. Dok\u00e1\u017eete teda z nasleduj\u00facich viet rozozna\u0165 tie, ktor\u00e9 pou\u017e\u00edvaj\u00fa ces\u0165\u00e1ci a tie, ktor\u00e9 s\u00fa zase be\u017enej\u0161ie u bikerov?<\/strong><!--more--><\/p>\n<p><strong>Kv\u00f4li siln\u00e9mu vetru som sa sna\u017eil <em>dosta\u0165 do h\u00e1ku<\/em> jazdcovi predo mnou, akoby na tom z\u00e1le\u017eal m\u00f4j \u017eivot. (ces\u0165\u00e1ci)<\/strong><\/p>\n<p>Jazdec hovor\u00ed o tom, \u017ee sa sna\u017eil dosta\u0165 \u010do najbli\u017e\u0161ie za zadn\u00e9 koleso druh\u00e9ho jazdca pred n\u00edm, aby tak minimalizoval odpor vetra, ktor\u00fd bol sp\u00f4soben\u00fd siln\u00fdm pr\u00faden\u00edm.<\/p>\n<p><img loading=\"lazy\" decoding=\"async\" class=\"alignnone size-full wp-image-9537\" src=\"https:\/\/d2p6e6u75xmxt8.cloudfront.net\/4\/2020\/03\/Headwind-Cycling-CVR-profimedia-0497339230.jpg\" alt=\"\" width=\"1366\" height=\"600\" \/><\/p>\n<p><strong>T\u00e1 <em>l\u00e1vka<\/em> vyzerala hrozivo, tak som ju rad\u0161ej nedal. (bikeri)<\/strong><\/p>\n<p>Dreven\u00fd, \u00fazky a dlh\u00fd kus dreva, pou\u017eit\u00fd ako prek\u00e1\u017eka pre horsk\u00fdch cyklistov, ktor\u00fd je \u010dasto pr\u00edli\u0161 \u00fazky a vysoko nad zemou na to, aby ste po \u0148om pre\u0161li s istotou.<\/p>\n<p><strong>Ke\u010f\u017ee podmienky sa menili a bo\u010dn\u00fd vietor sa zhor\u0161oval, jedinou mo\u017enos\u0165ou bolo vytvori\u0165 <em>terez\u00edn<\/em> (z \u010de\u0161tiny). (ces\u0165\u00e1ci)<\/strong><\/p>\n<p>Cyklista vysvet\u013euje, \u017ee jeho skupina vyu\u017eila maximum h\u00e1kovania v jazde v protivetre t\u00fdm, \u017ee vytvorila diagon\u00e1lny rad cyklistov, jazdiacich za sebou. Jazdci naj\u010dastej\u0161ie vytv\u00e1raj\u00fa terez\u00edny jemn\u00fdm vybo\u010den\u00edm z priamej l\u00ednie za jazdcom, id\u00facim pred nimi, smerom na opa\u010dn\u00fa stranu, ne\u017e z ktorej f\u00faka vietor. Teda, ak c\u00edtite odpor z pravej strany, presuniete sa za jazdca viac do\u013eava a naopak.<\/p>\n<p><strong>Kriste, mal som skuto\u010dne probl\u00e9my prejs\u0165 ten <em>rock garden<\/em>! (bikeri)<\/strong><\/p>\n<p>Jazdec mal o\u010dividne ve\u013ek\u00e9 probl\u00e9my &#8211; mor\u00e1lne, technick\u00e9, &#8230; &#8211; aby dok\u00e1zal prejs\u0165 cez t\u00fato prek\u00e1\u017eku bez p\u00e1du \u010di zranenia. Ide o krat\u0161iu \u010das\u0165, v\u00e4\u010d\u0161inou konkr\u00e9tnej trate, trailu, ktor\u00e1 je umelo vytvoren\u00e1 z naukladan\u00fdch kame\u0148ov tak, aby overila jazdeck\u00e9 schopnosti a technick\u00fa \u201evzdelanos\u0165\u201c jazdca.<\/p>\n<p>https:\/\/www.instagram.com\/p\/B9M2nxCgsLh\/<\/p>\n<p><strong>Dnes som obi\u0161iel 150 km v protivetre a mus\u00edm poveda\u0165, \u017ee som riadne <em>pre\u0161it\u00fd<\/em>. (obaja)<\/strong><\/p>\n<p>\u00daplne vy\u010derpan\u00fd po n\u00e1ro\u010dnej jazde.<\/p>\n<p><strong>Napriek m\u00f4jmu ve\u013ek\u00e9mu \u00fasiliu ma <em>urvali<\/em> e\u0161te \u010faleko pred vrcholom. (ces\u0165\u00e1ci)<\/strong><\/p>\n<p>Jazdec stratil kontakt s bal\u00edkom a musel si ost\u00e1vaj\u00facu \u010das\u0165 st\u00fapania od\u0161\u013eapa\u0165 s\u00e1m.<\/p>\n<p><strong>Nerozumiem, pre\u010do Anna pozvala toho <em>hob\u00edka<\/em> do n\u00e1\u0161ho klubu. (ces\u0165\u00e1ci)<\/strong><\/p>\n<p>Jazdec je nahnevan\u00fd na Annu, kv\u00f4li tomu, \u017ee do ich klubu priniesla nesk\u00fasen\u00e9ho nov\u00e9ho \u010dlena, ktor\u00e9ho mo\u017eno charakterizova\u0165 slab\u00fdmi jazdeck\u00fdmi schopnos\u0165ami, neoholen\u00fdmi nohami, nedostato\u010dn\u00fdmi vedomos\u0165ami o cyklistike a nosen\u00edm be\u017en\u00e9ho, necyklistick\u00e9ho oble\u010denia.<\/p>\n<p><img loading=\"lazy\" decoding=\"async\" class=\"alignnone size-full wp-image-9538\" src=\"https:\/\/d2p6e6u75xmxt8.cloudfront.net\/4\/2020\/03\/stoneman-bikepacking.jpg\" alt=\"\" width=\"2000\" height=\"1333\" \/><\/p>\n<p><strong>Zva\u017eujem prechod z 27,5\u201c na 29\u201c. (bikeri)<\/strong><\/p>\n<p>Horsk\u00fd cyklista zva\u017euje k\u00fapu nov\u00e9ho bicykla, ktor\u00e9 je vybaven\u00e9 s kolesami s v\u00e4\u010d\u0161\u00edm priemerom.<\/p>\n<p><strong>Mus\u00edm sko\u010di\u0165 do servisu. M\u00f4j <em>stred<\/em> vyd\u00e1va zvl\u00e1\u0161tne zvuky. (obaja)<\/strong><\/p>\n<p>Stred je lo\u017eisko v spodnej oblasti r\u00e1mov\u00e9ho trojuholn\u00edka, ktor\u00e9 umo\u017e\u0148uje k\u013euk\u00e1m to\u010di\u0165 sa aj napriek tomu, \u017ee s\u00fa umiestnen\u00e9 v r\u00e1me. Niekedy v\u0161ak m\u00f4\u017ee vyd\u00e1va\u0165 \u010dudesn\u00e9 zvuky, ktor\u00e9 s\u00fa bl\u00edzke v\u0155zganiu a praskaniu. D\u00f4vodom m\u00f4\u017ee by\u0165 opotrebenie alebo pr\u00edtomnos\u0165 ne\u010dist\u00f4t \u010di absencia vazel\u00edny.<\/p>\n<p><strong>Pl\u00e1nujeme str\u00e1vi\u0165 n\u00e1dhern\u00e9 pr\u00e1zdniny v <em>Kruhu smrti (Circle of death)<\/em>. (ces\u0165\u00e1ci)<\/strong><\/p>\n<p>Oblas\u0165, naz\u00fdvan\u00e1 Kruhom smrti je pova\u017eovan\u00e1 za naj\u0165a\u017e\u0161iu \u010das\u0165 Tour de France. Obsahuje toti\u017e \u0161tyri horsk\u00e9 sedl\u00e1 v Pyrenejach. Etapa, ktor\u00e1 i\u0161la skrze Peyresourde, Aspin, Tourmalet a Aubisque bola po prv\u00fdkr\u00e1t zaraden\u00e1 v roku 1910.<\/p>\n","protected":false},"excerpt":{"rendered":"<p>U\u017e ste niekedy po\u010duli cyklistov, ako sa rozpr\u00e1vaj\u00fa tou ich nezrozumite\u013enou re\u010dou? Jazyk sveta na dvoch koles\u00e1ch pou\u017e\u00edva mno\u017estvo slangov\u00fdch [&hellip;]<\/p>\n","protected":false},"author":81,"featured_media":9540,"comment_status":"open","ping_status":"open","sticky":false,"template":"","format":"standard","meta":{"footnotes":""},"categories":[118],"tags":[559,619,1182,275,115,180,412,55,183,161,623],"global-categories":[],"class_list":["post-9535","post","type-post","status-publish","format-standard","has-post-thumbnail","hentry","category-zabava","tag-bicykel","tag-bicyklovanie","tag-biker","tag-cesta","tag-cestna-cyklistika","tag-horska-cyklistika","tag-mtb","tag-trening","tag-zabava","tag-zdravie","tag-zdravy-zivotny-styl"],"yoast_head":"<!-- This site is optimized with the Yoast SEO Premium plugin v25.3 (Yoast SEO v25.9) - https:\/\/yoast.com\/wordpress\/plugins\/seo\/ -->\n<title>10 vec\u00ed, ktor\u00e9 hovoria len cyklisti - \u0160koda We Love Cycling Slovensko<\/title>\n<meta name=\"robots\" content=\"index, follow, max-snippet:-1, max-image-preview:large, max-video-preview:-1\" \/>\n<link rel=\"canonical\" href=\"https:\/\/www.welovecycling.com\/sk\/2020\/03\/23\/10-veci-ktore-hovoria-len-cyklisti\/\" \/>\n<meta property=\"og:locale\" content=\"sk_SK\" \/>\n<meta property=\"og:type\" content=\"article\" \/>\n<meta property=\"og:title\" content=\"10 vec\u00ed, ktor\u00e9 hovoria len cyklisti\" \/>\n<meta property=\"og:description\" content=\"U\u017e ste niekedy po\u010duli cyklistov, ako sa rozpr\u00e1vaj\u00fa tou ich nezrozumite\u013enou re\u010dou? Jazyk sveta na dvoch koles\u00e1ch pou\u017e\u00edva mno\u017estvo slangov\u00fdch [&hellip;]\" \/>\n<meta property=\"og:url\" content=\"https:\/\/www.welovecycling.com\/sk\/2020\/03\/23\/10-veci-ktore-hovoria-len-cyklisti\/\" \/>\n<meta property=\"og:site_name\" content=\"\u0160koda We Love Cycling Slovensko\" \/>\n<meta property=\"article:published_time\" content=\"2020-03-23T08:28:24+00:00\" \/>\n<meta property=\"og:image\" content=\"https:\/\/d2p6e6u75xmxt8.cloudfront.net\/4\/2020\/03\/Friends-CVR-profimedia-0281706490.webp\" \/>\n\t<meta property=\"og:image:width\" content=\"1366\" \/>\n\t<meta property=\"og:image:height\" content=\"600\" \/>\n\t<meta property=\"og:image:type\" content=\"image\/webp\" \/>\n<meta name=\"twitter:card\" content=\"summary_large_image\" \/>\n<meta name=\"twitter:label1\" content=\"Written by\" \/>\n\t<meta name=\"twitter:data1\" content=\"Adam Marsal\" \/>\n\t<meta name=\"twitter:label2\" content=\"Est. reading time\" \/>\n\t<meta name=\"twitter:data2\" content=\"5\" \/>\n<script type=\"application\/ld+json\" class=\"yoast-schema-graph\">{\"@context\":\"https:\/\/schema.org\",\"@graph\":[{\"@type\":\"WebPage\",\"@id\":\"https:\/\/www.welovecycling.com\/sk\/2020\/03\/23\/10-veci-ktore-hovoria-len-cyklisti\/\",\"url\":\"https:\/\/www.welovecycling.com\/sk\/2020\/03\/23\/10-veci-ktore-hovoria-len-cyklisti\/\",\"name\":\"10 vec\u00ed, ktor\u00e9 hovoria len cyklisti - \u0160koda We Love Cycling Slovensko\",\"isPartOf\":{\"@id\":\"https:\/\/www.welovecycling.com\/sk\/#website\"},\"primaryImageOfPage\":{\"@id\":\"https:\/\/www.welovecycling.com\/sk\/2020\/03\/23\/10-veci-ktore-hovoria-len-cyklisti\/#primaryimage\"},\"image\":{\"@id\":\"https:\/\/www.welovecycling.com\/sk\/2020\/03\/23\/10-veci-ktore-hovoria-len-cyklisti\/#primaryimage\"},\"thumbnailUrl\":\"https:\/\/d2p6e6u75xmxt8.cloudfront.net\/4\/2020\/03\/Friends-CVR-profimedia-0281706490.webp\",\"datePublished\":\"2020-03-23T08:28:24+00:00\",\"author\":{\"@id\":\"\"},\"breadcrumb\":{\"@id\":\"https:\/\/www.welovecycling.com\/sk\/2020\/03\/23\/10-veci-ktore-hovoria-len-cyklisti\/#breadcrumb\"},\"inLanguage\":\"sk-SK\",\"potentialAction\":[{\"@type\":\"ReadAction\",\"target\":[\"https:\/\/www.welovecycling.com\/sk\/2020\/03\/23\/10-veci-ktore-hovoria-len-cyklisti\/\"]}]},{\"@type\":\"ImageObject\",\"inLanguage\":\"sk-SK\",\"@id\":\"https:\/\/www.welovecycling.com\/sk\/2020\/03\/23\/10-veci-ktore-hovoria-len-cyklisti\/#primaryimage\",\"url\":\"https:\/\/d2p6e6u75xmxt8.cloudfront.net\/4\/2020\/03\/Friends-CVR-profimedia-0281706490.webp\",\"contentUrl\":\"https:\/\/d2p6e6u75xmxt8.cloudfront.net\/4\/2020\/03\/Friends-CVR-profimedia-0281706490.webp\",\"width\":1366,\"height\":600},{\"@type\":\"BreadcrumbList\",\"@id\":\"https:\/\/www.welovecycling.com\/sk\/2020\/03\/23\/10-veci-ktore-hovoria-len-cyklisti\/#breadcrumb\",\"itemListElement\":[{\"@type\":\"ListItem\",\"position\":1,\"name\":\"Home\",\"item\":\"https:\/\/www.welovecycling.com\/sk\/\"},{\"@type\":\"ListItem\",\"position\":2,\"name\":\"10 vec\u00ed, ktor\u00e9 hovoria len cyklisti\"}]},{\"@type\":\"WebSite\",\"@id\":\"https:\/\/www.welovecycling.com\/sk\/#website\",\"url\":\"https:\/\/www.welovecycling.com\/sk\/\",\"name\":\"\u0160koda We Love Cycling Slovensko\",\"description\":\"\u0160koda We Love Cycling Slovensko je v\u00e1\u0161 ka\u017edodenn\u00fd zdroj noviniek a in\u0161pir\u00e1cie z sveta cyklistiky\",\"potentialAction\":[{\"@type\":\"SearchAction\",\"target\":{\"@type\":\"EntryPoint\",\"urlTemplate\":\"https:\/\/www.welovecycling.com\/sk\/?s={search_term_string}\"},\"query-input\":{\"@type\":\"PropertyValueSpecification\",\"valueRequired\":true,\"valueName\":\"search_term_string\"}}],\"inLanguage\":\"sk-SK\"},{\"@type\":\"Person\",\"@id\":\"\",\"url\":\"https:\/\/www.welovecycling.com\/sk\/author\/\"}]}<\/script>\n<!-- \/ Yoast SEO Premium plugin. -->","yoast_head_json":{"title":"10 vec\u00ed, ktor\u00e9 hovoria len cyklisti - \u0160koda We Love Cycling Slovensko","robots":{"index":"index","follow":"follow","max-snippet":"max-snippet:-1","max-image-preview":"max-image-preview:large","max-video-preview":"max-video-preview:-1"},"canonical":"https:\/\/www.welovecycling.com\/sk\/2020\/03\/23\/10-veci-ktore-hovoria-len-cyklisti\/","og_locale":"sk_SK","og_type":"article","og_title":"10 vec\u00ed, ktor\u00e9 hovoria len cyklisti","og_description":"U\u017e ste niekedy po\u010duli cyklistov, ako sa rozpr\u00e1vaj\u00fa tou ich nezrozumite\u013enou re\u010dou? Jazyk sveta na dvoch koles\u00e1ch pou\u017e\u00edva mno\u017estvo slangov\u00fdch [&hellip;]","og_url":"https:\/\/www.welovecycling.com\/sk\/2020\/03\/23\/10-veci-ktore-hovoria-len-cyklisti\/","og_site_name":"\u0160koda We Love Cycling Slovensko","article_published_time":"2020-03-23T08:28:24+00:00","og_image":[{"width":1366,"height":600,"url":"https:\/\/d2p6e6u75xmxt8.cloudfront.net\/4\/2020\/03\/Friends-CVR-profimedia-0281706490.webp","type":"image\/webp"}],"twitter_card":"summary_large_image","twitter_misc":{"Written by":"Adam Marsal","Est. reading time":"5"},"schema":{"@context":"https:\/\/schema.org","@graph":[{"@type":"WebPage","@id":"https:\/\/www.welovecycling.com\/sk\/2020\/03\/23\/10-veci-ktore-hovoria-len-cyklisti\/","url":"https:\/\/www.welovecycling.com\/sk\/2020\/03\/23\/10-veci-ktore-hovoria-len-cyklisti\/","name":"10 vec\u00ed, ktor\u00e9 hovoria len cyklisti - \u0160koda We Love Cycling Slovensko","isPartOf":{"@id":"https:\/\/www.welovecycling.com\/sk\/#website"},"primaryImageOfPage":{"@id":"https:\/\/www.welovecycling.com\/sk\/2020\/03\/23\/10-veci-ktore-hovoria-len-cyklisti\/#primaryimage"},"image":{"@id":"https:\/\/www.welovecycling.com\/sk\/2020\/03\/23\/10-veci-ktore-hovoria-len-cyklisti\/#primaryimage"},"thumbnailUrl":"https:\/\/d2p6e6u75xmxt8.cloudfront.net\/4\/2020\/03\/Friends-CVR-profimedia-0281706490.webp","datePublished":"2020-03-23T08:28:24+00:00","author":{"@id":""},"breadcrumb":{"@id":"https:\/\/www.welovecycling.com\/sk\/2020\/03\/23\/10-veci-ktore-hovoria-len-cyklisti\/#breadcrumb"},"inLanguage":"sk-SK","potentialAction":[{"@type":"ReadAction","target":["https:\/\/www.welovecycling.com\/sk\/2020\/03\/23\/10-veci-ktore-hovoria-len-cyklisti\/"]}]},{"@type":"ImageObject","inLanguage":"sk-SK","@id":"https:\/\/www.welovecycling.com\/sk\/2020\/03\/23\/10-veci-ktore-hovoria-len-cyklisti\/#primaryimage","url":"https:\/\/d2p6e6u75xmxt8.cloudfront.net\/4\/2020\/03\/Friends-CVR-profimedia-0281706490.webp","contentUrl":"https:\/\/d2p6e6u75xmxt8.cloudfront.net\/4\/2020\/03\/Friends-CVR-profimedia-0281706490.webp","width":1366,"height":600},{"@type":"BreadcrumbList","@id":"https:\/\/www.welovecycling.com\/sk\/2020\/03\/23\/10-veci-ktore-hovoria-len-cyklisti\/#breadcrumb","itemListElement":[{"@type":"ListItem","position":1,"name":"Home","item":"https:\/\/www.welovecycling.com\/sk\/"},{"@type":"ListItem","position":2,"name":"10 vec\u00ed, ktor\u00e9 hovoria len cyklisti"}]},{"@type":"WebSite","@id":"https:\/\/www.welovecycling.com\/sk\/#website","url":"https:\/\/www.welovecycling.com\/sk\/","name":"\u0160koda We Love Cycling Slovensko","description":"\u0160koda We Love Cycling Slovensko je v\u00e1\u0161 ka\u017edodenn\u00fd zdroj noviniek a in\u0161pir\u00e1cie z sveta cyklistiky","potentialAction":[{"@type":"SearchAction","target":{"@type":"EntryPoint","urlTemplate":"https:\/\/www.welovecycling.com\/sk\/?s={search_term_string}"},"query-input":{"@type":"PropertyValueSpecification","valueRequired":true,"valueName":"search_term_string"}}],"inLanguage":"sk-SK"},{"@type":"Person","@id":"","url":"https:\/\/www.welovecycling.com\/sk\/author\/"}]}},"_links":{"self":[{"href":"https:\/\/www.welovecycling.com\/sk\/wp-json\/wp\/v2\/posts\/9535","targetHints":{"allow":["GET"]}}],"collection":[{"href":"https:\/\/www.welovecycling.com\/sk\/wp-json\/wp\/v2\/posts"}],"about":[{"href":"https:\/\/www.welovecycling.com\/sk\/wp-json\/wp\/v2\/types\/post"}],"author":[{"embeddable":true,"href":"https:\/\/www.welovecycling.com\/sk\/wp-json\/wp\/v2\/users\/81"}],"replies":[{"embeddable":true,"href":"https:\/\/www.welovecycling.com\/sk\/wp-json\/wp\/v2\/comments?post=9535"}],"version-history":[{"count":2,"href":"https:\/\/www.welovecycling.com\/sk\/wp-json\/wp\/v2\/posts\/9535\/revisions"}],"predecessor-version":[{"id":9542,"href":"https:\/\/www.welovecycling.com\/sk\/wp-json\/wp\/v2\/posts\/9535\/revisions\/9542"}],"wp:featuredmedia":[{"embeddable":true,"href":"https:\/\/www.welovecycling.com\/sk\/wp-json\/wp\/v2\/media\/9540"}],"wp:attachment":[{"href":"https:\/\/www.welovecycling.com\/sk\/wp-json\/wp\/v2\/media?parent=9535"}],"wp:term":[{"taxonomy":"category","embeddable":true,"href":"https:\/\/www.welovecycling.com\/sk\/wp-json\/wp\/v2\/categories?post=9535"},{"taxonomy":"post_tag","embeddable":true,"href":"https:\/\/www.welovecycling.com\/sk\/wp-json\/wp\/v2\/tags?post=9535"},{"taxonomy":"global-categories","embeddable":true,"href":"https:\/\/www.welovecycling.com\/sk\/wp-json\/wp\/v2\/global-categories?post=9535"}],"curies":[{"name":"wp","href":"https:\/\/api.w.org\/{rel}","templated":true}]}}