{"id":9434,"date":"2020-03-11T10:29:48","date_gmt":"2020-03-11T09:29:48","guid":{"rendered":"https:\/\/www.welovecycling.com\/sk\/?p=9434"},"modified":"2020-03-05T12:30:01","modified_gmt":"2020-03-05T11:30:01","slug":"novy-vyskum-vase-srdce-je-v-bezpeci-aj-pri-extremnej-zatazi","status":"publish","type":"post","link":"https:\/\/www.welovecycling.com\/sk\/2020\/03\/11\/novy-vyskum-vase-srdce-je-v-bezpeci-aj-pri-extremnej-zatazi\/","title":{"rendered":"Nov\u00fd v\u00fdskum: Va\u0161e srdce je v bezpe\u010d\u00ed aj pri extr\u00e9mnej z\u00e1\u0165a\u017ei"},"content":{"rendered":"<p><strong>Ve\u013ek\u00e9 za\u0165a\u017eenie pri \u0161porte je \u0161kodliv\u00e9 pre va\u0161e srdce! Na t\u00fato t\u00e9mu sa v posledn\u00fdch rokoch v m\u00e9di\u00e1ch ve\u013ea p\u00edsalo. To by mohlo by\u0165 trochu znepokojuj\u00face pre t\u00fdch cyklistov, ktor\u00ed tr\u00e1via v sedle ve\u013ea \u010dasu. Na\u0161\u0165astie m\u00e1me dobr\u00fa spr\u00e1vu. Existuj\u00fa nov\u00e9 \u0161t\u00fadie, ktor\u00e9 nazna\u010duj\u00fa, \u017ee ani extr\u00e9mne mno\u017estvo \u0161portovania nie je probl\u00e9mom. Pozrieme sa na to bli\u017e\u0161ie a zist\u00edme pre\u010do.<\/strong><br \/>\n<!--more--><\/p>\n<h2><strong>P\u00f4vodn\u00e1 \u0161t\u00fadia<\/strong><\/h2>\n<p>Rozsiahla \u0161t\u00fadia vykonan\u00e1 v roku 2018 sa zamerala na <strong>takmer 22 000 zdrav\u00fdch mu\u017eov<\/strong>, ktor\u00ed poznali \u00farove\u0148 svojej fyzickej aktivity. Boli to v\u00e4\u010d\u0161inou be\u017eci, cyklisti, plavci a vesl\u00e1ri. T\u00ed boli rozdelen\u00ed do troch skup\u00edn na z\u00e1klade celkov\u00e9ho objemu fyzickej aktivity. Skupina s vysok\u00fdm za\u0165a\u017een\u00edm vykon\u00e1vala ekvivalent <strong>jazdy na bicykli r\u00fdchlos\u0165ou 25 &#8211; 30 km \/ h po\u010das 4 hod\u00edn t\u00fd\u017edenne<\/strong>. Stredn\u00e1 skupina v trvan\u00ed 2 a\u017e 4 hod\u00edn a z\u00e1kladn\u00e1 skupina menej ako 2 hodiny. Autori sa potom zaoberali \u00farov\u0148ou v\u00e1penatenia koron\u00e1rnych tepien (CAC), ktor\u00e1 je ak\u00fdmsi ukazovate\u013eom zdravia n\u00e1\u0161ho srdca.<\/p>\n<figure id=\"attachment_9435\" aria-describedby=\"caption-attachment-9435\" style=\"width: 1250px\" class=\"wp-caption alignnone\"><img loading=\"lazy\" decoding=\"async\" class=\"size-full wp-image-9435\" src=\"https:\/\/d2p6e6u75xmxt8.cloudfront.net\/4\/2020\/03\/Training-profimedia-0374728737.jpg\" alt=\"\" width=\"1250\" height=\"833\" \/><figcaption id=\"caption-attachment-9435\" class=\"wp-caption-text\">\u00a9 Profimedia, Caia Image<\/figcaption><\/figure>\n<h2><strong>Skupina s vysokou z\u00e1\u0165a\u017eou je v suchu<\/strong><\/h2>\n<p>\u0160t\u00fadia zistila, \u017ee skupina s vysokou z\u00e1\u0165a\u017eou mala vy\u0161\u0161ie v\u00e1penatenie koron\u00e1rnych tepien ako in\u00e9 skupiny. To by mohlo nazna\u010dova\u0165, <strong>\u017ee s\u00fa vystaven\u00ed vy\u0161\u0161iemu riziku srdcov\u00fdch chor\u00f4b<\/strong>. Ale napriek vy\u0161\u0161\u00edm \u00farovniam CAC je len polovi\u010dn\u00e1 pravdepodobnos\u0165, \u017ee by v priebehu nasleduj\u00facich 10 rokov sledovan\u00e9 subjekty zomreli na kardiovaskul\u00e1rne choroby.<\/p>\n<p><em>\u201eS\u00fa\u010dasn\u00e1 \u0161t\u00fadia nepreuk\u00e1zala \u017eiadne zv\u00fd\u0161en\u00e9 riziko \u00famrtnosti u \u0161portovcov s vysokou intenzitou tr\u00e9ningov, ktor\u00ed maj\u00fa zv\u00fd\u0161en\u00e9 v\u00e1penatenie koron\u00e1rnej tepny,\u201c<\/em> uviedla Dr. Laura DeFina, ved\u00faca autorka \u0161t\u00fadie. <em>\u201eUr\u010dite by sa t\u00edto vysoko akt\u00edvni \u013eudia mali da\u0165 vy\u0161etri\u0165 na riziko kardiovaskul\u00e1rnych chor\u00f4b u svojho lek\u00e1ra alebo kardiol\u00f3ga, ale nie je d\u00f4vod si myslie\u0165, \u017ee nem\u00f4\u017eu pokra\u010dova\u0165 vo v\u00fdkone na vysok\u00fdch \u00farovniach.\u201c<\/em><\/p>\n<h2><strong>Skupina s extr\u00e9mnou z\u00e1\u0165a\u017eou je tie\u017e v poriadku!<\/strong><\/h2>\n<p>Ide o to, \u017ee 4 hodiny jazdy za t\u00fd\u017ede\u0148 nie s\u00fa pre mnoh\u00fdch cyklistick\u00fdch nad\u0161encov skuto\u010dne \u201eve\u013ekou\u201c z\u00e1\u0165a\u017eou. Ke\u010f autori presk\u00famali s\u00fabor \u00fadajov v novembri 2019, tak na z\u00e1klade v\u00fdsledkov vytvorili skupinu s extr\u00e9mnou z\u00e1\u0165a\u017eou, <strong>ktor\u00e1 vykonala 14 hod\u00edn jazdy na bicykli r\u00fdchlos\u0165ou 25 &#8211; 30 km\/h t\u00fd\u017edenne<\/strong>. V skupine s vysokou z\u00e1\u0165a\u017eou bolo vy\u0161e 2 100 \u013eud\u00ed, ale iba 66 z nich sa klasifikovalo do tejto novej \u201eextr\u00e9mnej\u201c skupiny. Vedci zistili, \u017ee skupina s extr\u00e9mnou z\u00e1\u0165a\u017eou nemala vy\u0161\u0161ie riziko kardiovaskul\u00e1rnych chor\u00f4b v porovnan\u00ed so skupinou s vysokou z\u00e1\u0165a\u017eou!<\/p>\n<figure id=\"attachment_9436\" aria-describedby=\"caption-attachment-9436\" style=\"width: 1366px\" class=\"wp-caption alignnone\"><img loading=\"lazy\" decoding=\"async\" class=\"wp-image-9436 size-full\" src=\"https:\/\/d2p6e6u75xmxt8.cloudfront.net\/4\/2020\/03\/training-cycling-profimedia-0303146691-CVR.jpg\" alt=\"\" width=\"1366\" height=\"600\" \/><figcaption id=\"caption-attachment-9436\" class=\"wp-caption-text\">\u00a9 Profimedia<\/figcaption><\/figure>\n<h2><strong>Z\u00e1le\u017e\u00ed na mnoh\u00fdch faktoroch, nielen na cvi\u010den\u00ed<\/strong><\/h2>\n<p>Toto je dobr\u00e1 spr\u00e1va pre v\u0161etk\u00fdch cyklistick\u00fdch nad\u0161encov, ale v\u0161etci si mus\u00edme pripomen\u00fa\u0165, \u017ee cvi\u010denie nie je jedin\u00fdm faktorom. Treba bra\u0165 oh\u013ead na genetiku, \u00farove\u0148 stresu, \u017eivotn\u00fd \u0161t\u00fdl, konzum\u00e1ciu alkoholu a drog, stravovacie n\u00e1vyky, mno\u017estvo cvi\u010denia, ktor\u00e9 ste vykon\u00e1vali v minulosti, a mnoho \u010fal\u0161\u00edch premenn\u00fdch, <strong>ktor\u00e9 prispievaj\u00fa k skuto\u010dn\u00e9mu riziku srdcov\u00fdch probl\u00e9mov<\/strong>.<\/p>\n<h2><strong>V\u00fdhody cvi\u010denia preva\u017euj\u00fa nad rizikami<\/strong><\/h2>\n<p>Jedna vec, ktor\u00fa t\u00e1to \u0161t\u00fadia potvrdila je, \u017ee <strong>pr\u00ednosy cvi\u010denia preva\u017euj\u00fa nad rizikami<\/strong>. Skupiny so stredn\u00fdm aj vysok\u00fdm za\u0165a\u017een\u00edm mali ni\u017e\u0161ie riziko \u00famrtnosti v porovnan\u00ed so skupinou s n\u00edzkym za\u0165a\u017een\u00edm. Tak\u017ee v\u0161etci m\u00f4\u017eeme jazdi\u0165 s vedom\u00edm, <strong>\u017ee jazda na bicykli je pre n\u00e1s prospe\u0161n\u00e1, bez oh\u013eadu na to, v akom mno\u017estve<\/strong>.<\/p>\n","protected":false},"excerpt":{"rendered":"<p>Ve\u013ek\u00e9 za\u0165a\u017eenie pri \u0161porte je \u0161kodliv\u00e9 pre va\u0161e srdce! Na t\u00fato t\u00e9mu sa v posledn\u00fdch rokoch v m\u00e9di\u00e1ch ve\u013ea p\u00edsalo. [&hellip;]<\/p>\n","protected":false},"author":81,"featured_media":9438,"comment_status":"open","ping_status":"open","sticky":false,"template":"","format":"standard","meta":{"footnotes":""},"categories":[2],"tags":[801,1125,62,559,115,1166,323,1004,180,890,532,1195,337,1208,991,813,1146,163,784,55,1095,785,161,623],"global-categories":[],"class_list":["post-9434","post","type-post","status-publish","format-standard","has-post-thumbnail","hentry","category-zdravie-trening","tag-alkohol","tag-beh","tag-bezpecnost","tag-bicykel","tag-cestna-cyklistika","tag-choroba","tag-cvicenie","tag-drogy","tag-horska-cyklistika","tag-jazdec","tag-jazdenie","tag-plavanie","tag-regeneracia","tag-riziko","tag-skupina","tag-sport","tag-srdce","tag-strava","tag-stres","tag-trening","tag-vyskum","tag-vyvarovat-sa-stresu","tag-zdravie","tag-zdravy-zivotny-styl"],"yoast_head":"<!-- This site is optimized with the Yoast SEO Premium plugin v25.3 (Yoast SEO v25.9) - https:\/\/yoast.com\/wordpress\/plugins\/seo\/ -->\n<title>Nov\u00fd v\u00fdskum: Va\u0161e srdce je v bezpe\u010d\u00ed aj pri extr\u00e9mnej z\u00e1\u0165a\u017ei - \u0160koda We Love Cycling Slovensko<\/title>\n<meta name=\"robots\" content=\"index, follow, max-snippet:-1, max-image-preview:large, max-video-preview:-1\" \/>\n<link rel=\"canonical\" href=\"https:\/\/www.welovecycling.com\/sk\/2020\/03\/11\/novy-vyskum-vase-srdce-je-v-bezpeci-aj-pri-extremnej-zatazi\/\" \/>\n<meta property=\"og:locale\" content=\"sk_SK\" \/>\n<meta property=\"og:type\" content=\"article\" \/>\n<meta property=\"og:title\" content=\"Nov\u00fd v\u00fdskum: Va\u0161e srdce je v bezpe\u010d\u00ed aj pri extr\u00e9mnej z\u00e1\u0165a\u017ei\" \/>\n<meta property=\"og:description\" content=\"Ve\u013ek\u00e9 za\u0165a\u017eenie pri \u0161porte je \u0161kodliv\u00e9 pre va\u0161e srdce! Na t\u00fato t\u00e9mu sa v posledn\u00fdch rokoch v m\u00e9di\u00e1ch ve\u013ea p\u00edsalo. [&hellip;]\" \/>\n<meta property=\"og:url\" content=\"https:\/\/www.welovecycling.com\/sk\/2020\/03\/11\/novy-vyskum-vase-srdce-je-v-bezpeci-aj-pri-extremnej-zatazi\/\" \/>\n<meta property=\"og:site_name\" content=\"\u0160koda We Love Cycling Slovensko\" \/>\n<meta property=\"article:published_time\" content=\"2020-03-11T09:29:48+00:00\" \/>\n<meta property=\"og:image\" content=\"https:\/\/d2p6e6u75xmxt8.cloudfront.net\/4\/2020\/03\/Catching-Breath-CVR.webp\" \/>\n\t<meta property=\"og:image:width\" content=\"1366\" \/>\n\t<meta property=\"og:image:height\" content=\"600\" \/>\n\t<meta property=\"og:image:type\" content=\"image\/webp\" \/>\n<meta name=\"twitter:card\" content=\"summary_large_image\" \/>\n<meta name=\"twitter:label1\" content=\"Written by\" \/>\n\t<meta name=\"twitter:data1\" content=\"Ji\u0159\u00ed Kalo\u010d\" \/>\n\t<meta name=\"twitter:label2\" content=\"Est. reading time\" \/>\n\t<meta name=\"twitter:data2\" content=\"5\" \/>\n<script type=\"application\/ld+json\" class=\"yoast-schema-graph\">{\"@context\":\"https:\/\/schema.org\",\"@graph\":[{\"@type\":\"WebPage\",\"@id\":\"https:\/\/www.welovecycling.com\/sk\/2020\/03\/11\/novy-vyskum-vase-srdce-je-v-bezpeci-aj-pri-extremnej-zatazi\/\",\"url\":\"https:\/\/www.welovecycling.com\/sk\/2020\/03\/11\/novy-vyskum-vase-srdce-je-v-bezpeci-aj-pri-extremnej-zatazi\/\",\"name\":\"Nov\u00fd v\u00fdskum: Va\u0161e srdce je v bezpe\u010d\u00ed aj pri extr\u00e9mnej z\u00e1\u0165a\u017ei - \u0160koda We Love Cycling Slovensko\",\"isPartOf\":{\"@id\":\"https:\/\/www.welovecycling.com\/sk\/#website\"},\"primaryImageOfPage\":{\"@id\":\"https:\/\/www.welovecycling.com\/sk\/2020\/03\/11\/novy-vyskum-vase-srdce-je-v-bezpeci-aj-pri-extremnej-zatazi\/#primaryimage\"},\"image\":{\"@id\":\"https:\/\/www.welovecycling.com\/sk\/2020\/03\/11\/novy-vyskum-vase-srdce-je-v-bezpeci-aj-pri-extremnej-zatazi\/#primaryimage\"},\"thumbnailUrl\":\"https:\/\/d2p6e6u75xmxt8.cloudfront.net\/4\/2020\/03\/Catching-Breath-CVR.webp\",\"datePublished\":\"2020-03-11T09:29:48+00:00\",\"author\":{\"@id\":\"\"},\"breadcrumb\":{\"@id\":\"https:\/\/www.welovecycling.com\/sk\/2020\/03\/11\/novy-vyskum-vase-srdce-je-v-bezpeci-aj-pri-extremnej-zatazi\/#breadcrumb\"},\"inLanguage\":\"sk-SK\",\"potentialAction\":[{\"@type\":\"ReadAction\",\"target\":[\"https:\/\/www.welovecycling.com\/sk\/2020\/03\/11\/novy-vyskum-vase-srdce-je-v-bezpeci-aj-pri-extremnej-zatazi\/\"]}]},{\"@type\":\"ImageObject\",\"inLanguage\":\"sk-SK\",\"@id\":\"https:\/\/www.welovecycling.com\/sk\/2020\/03\/11\/novy-vyskum-vase-srdce-je-v-bezpeci-aj-pri-extremnej-zatazi\/#primaryimage\",\"url\":\"https:\/\/d2p6e6u75xmxt8.cloudfront.net\/4\/2020\/03\/Catching-Breath-CVR.webp\",\"contentUrl\":\"https:\/\/d2p6e6u75xmxt8.cloudfront.net\/4\/2020\/03\/Catching-Breath-CVR.webp\",\"width\":1366,\"height\":600},{\"@type\":\"BreadcrumbList\",\"@id\":\"https:\/\/www.welovecycling.com\/sk\/2020\/03\/11\/novy-vyskum-vase-srdce-je-v-bezpeci-aj-pri-extremnej-zatazi\/#breadcrumb\",\"itemListElement\":[{\"@type\":\"ListItem\",\"position\":1,\"name\":\"Home\",\"item\":\"https:\/\/www.welovecycling.com\/sk\/\"},{\"@type\":\"ListItem\",\"position\":2,\"name\":\"Nov\u00fd v\u00fdskum: Va\u0161e srdce je v bezpe\u010d\u00ed aj pri extr\u00e9mnej z\u00e1\u0165a\u017ei\"}]},{\"@type\":\"WebSite\",\"@id\":\"https:\/\/www.welovecycling.com\/sk\/#website\",\"url\":\"https:\/\/www.welovecycling.com\/sk\/\",\"name\":\"\u0160koda We Love Cycling Slovensko\",\"description\":\"\u0160koda We Love Cycling Slovensko je v\u00e1\u0161 ka\u017edodenn\u00fd zdroj noviniek a in\u0161pir\u00e1cie z sveta cyklistiky\",\"potentialAction\":[{\"@type\":\"SearchAction\",\"target\":{\"@type\":\"EntryPoint\",\"urlTemplate\":\"https:\/\/www.welovecycling.com\/sk\/?s={search_term_string}\"},\"query-input\":{\"@type\":\"PropertyValueSpecification\",\"valueRequired\":true,\"valueName\":\"search_term_string\"}}],\"inLanguage\":\"sk-SK\"},{\"@type\":\"Person\",\"@id\":\"\",\"url\":\"https:\/\/www.welovecycling.com\/sk\/author\/\"}]}<\/script>\n<!-- \/ Yoast SEO Premium plugin. -->","yoast_head_json":{"title":"Nov\u00fd v\u00fdskum: Va\u0161e srdce je v bezpe\u010d\u00ed aj pri extr\u00e9mnej z\u00e1\u0165a\u017ei - \u0160koda We Love Cycling Slovensko","robots":{"index":"index","follow":"follow","max-snippet":"max-snippet:-1","max-image-preview":"max-image-preview:large","max-video-preview":"max-video-preview:-1"},"canonical":"https:\/\/www.welovecycling.com\/sk\/2020\/03\/11\/novy-vyskum-vase-srdce-je-v-bezpeci-aj-pri-extremnej-zatazi\/","og_locale":"sk_SK","og_type":"article","og_title":"Nov\u00fd v\u00fdskum: Va\u0161e srdce je v bezpe\u010d\u00ed aj pri extr\u00e9mnej z\u00e1\u0165a\u017ei","og_description":"Ve\u013ek\u00e9 za\u0165a\u017eenie pri \u0161porte je \u0161kodliv\u00e9 pre va\u0161e srdce! Na t\u00fato t\u00e9mu sa v posledn\u00fdch rokoch v m\u00e9di\u00e1ch ve\u013ea p\u00edsalo. [&hellip;]","og_url":"https:\/\/www.welovecycling.com\/sk\/2020\/03\/11\/novy-vyskum-vase-srdce-je-v-bezpeci-aj-pri-extremnej-zatazi\/","og_site_name":"\u0160koda We Love Cycling Slovensko","article_published_time":"2020-03-11T09:29:48+00:00","og_image":[{"width":1366,"height":600,"url":"https:\/\/d2p6e6u75xmxt8.cloudfront.net\/4\/2020\/03\/Catching-Breath-CVR.webp","type":"image\/webp"}],"twitter_card":"summary_large_image","twitter_misc":{"Written by":"Ji\u0159\u00ed Kalo\u010d","Est. reading time":"5"},"schema":{"@context":"https:\/\/schema.org","@graph":[{"@type":"WebPage","@id":"https:\/\/www.welovecycling.com\/sk\/2020\/03\/11\/novy-vyskum-vase-srdce-je-v-bezpeci-aj-pri-extremnej-zatazi\/","url":"https:\/\/www.welovecycling.com\/sk\/2020\/03\/11\/novy-vyskum-vase-srdce-je-v-bezpeci-aj-pri-extremnej-zatazi\/","name":"Nov\u00fd v\u00fdskum: Va\u0161e srdce je v bezpe\u010d\u00ed aj pri extr\u00e9mnej z\u00e1\u0165a\u017ei - \u0160koda We Love Cycling Slovensko","isPartOf":{"@id":"https:\/\/www.welovecycling.com\/sk\/#website"},"primaryImageOfPage":{"@id":"https:\/\/www.welovecycling.com\/sk\/2020\/03\/11\/novy-vyskum-vase-srdce-je-v-bezpeci-aj-pri-extremnej-zatazi\/#primaryimage"},"image":{"@id":"https:\/\/www.welovecycling.com\/sk\/2020\/03\/11\/novy-vyskum-vase-srdce-je-v-bezpeci-aj-pri-extremnej-zatazi\/#primaryimage"},"thumbnailUrl":"https:\/\/d2p6e6u75xmxt8.cloudfront.net\/4\/2020\/03\/Catching-Breath-CVR.webp","datePublished":"2020-03-11T09:29:48+00:00","author":{"@id":""},"breadcrumb":{"@id":"https:\/\/www.welovecycling.com\/sk\/2020\/03\/11\/novy-vyskum-vase-srdce-je-v-bezpeci-aj-pri-extremnej-zatazi\/#breadcrumb"},"inLanguage":"sk-SK","potentialAction":[{"@type":"ReadAction","target":["https:\/\/www.welovecycling.com\/sk\/2020\/03\/11\/novy-vyskum-vase-srdce-je-v-bezpeci-aj-pri-extremnej-zatazi\/"]}]},{"@type":"ImageObject","inLanguage":"sk-SK","@id":"https:\/\/www.welovecycling.com\/sk\/2020\/03\/11\/novy-vyskum-vase-srdce-je-v-bezpeci-aj-pri-extremnej-zatazi\/#primaryimage","url":"https:\/\/d2p6e6u75xmxt8.cloudfront.net\/4\/2020\/03\/Catching-Breath-CVR.webp","contentUrl":"https:\/\/d2p6e6u75xmxt8.cloudfront.net\/4\/2020\/03\/Catching-Breath-CVR.webp","width":1366,"height":600},{"@type":"BreadcrumbList","@id":"https:\/\/www.welovecycling.com\/sk\/2020\/03\/11\/novy-vyskum-vase-srdce-je-v-bezpeci-aj-pri-extremnej-zatazi\/#breadcrumb","itemListElement":[{"@type":"ListItem","position":1,"name":"Home","item":"https:\/\/www.welovecycling.com\/sk\/"},{"@type":"ListItem","position":2,"name":"Nov\u00fd v\u00fdskum: Va\u0161e srdce je v bezpe\u010d\u00ed aj pri extr\u00e9mnej z\u00e1\u0165a\u017ei"}]},{"@type":"WebSite","@id":"https:\/\/www.welovecycling.com\/sk\/#website","url":"https:\/\/www.welovecycling.com\/sk\/","name":"\u0160koda We Love Cycling Slovensko","description":"\u0160koda We Love Cycling Slovensko je v\u00e1\u0161 ka\u017edodenn\u00fd zdroj noviniek a in\u0161pir\u00e1cie z sveta cyklistiky","potentialAction":[{"@type":"SearchAction","target":{"@type":"EntryPoint","urlTemplate":"https:\/\/www.welovecycling.com\/sk\/?s={search_term_string}"},"query-input":{"@type":"PropertyValueSpecification","valueRequired":true,"valueName":"search_term_string"}}],"inLanguage":"sk-SK"},{"@type":"Person","@id":"","url":"https:\/\/www.welovecycling.com\/sk\/author\/"}]}},"_links":{"self":[{"href":"https:\/\/www.welovecycling.com\/sk\/wp-json\/wp\/v2\/posts\/9434","targetHints":{"allow":["GET"]}}],"collection":[{"href":"https:\/\/www.welovecycling.com\/sk\/wp-json\/wp\/v2\/posts"}],"about":[{"href":"https:\/\/www.welovecycling.com\/sk\/wp-json\/wp\/v2\/types\/post"}],"author":[{"embeddable":true,"href":"https:\/\/www.welovecycling.com\/sk\/wp-json\/wp\/v2\/users\/81"}],"replies":[{"embeddable":true,"href":"https:\/\/www.welovecycling.com\/sk\/wp-json\/wp\/v2\/comments?post=9434"}],"version-history":[{"count":2,"href":"https:\/\/www.welovecycling.com\/sk\/wp-json\/wp\/v2\/posts\/9434\/revisions"}],"predecessor-version":[{"id":9441,"href":"https:\/\/www.welovecycling.com\/sk\/wp-json\/wp\/v2\/posts\/9434\/revisions\/9441"}],"wp:featuredmedia":[{"embeddable":true,"href":"https:\/\/www.welovecycling.com\/sk\/wp-json\/wp\/v2\/media\/9438"}],"wp:attachment":[{"href":"https:\/\/www.welovecycling.com\/sk\/wp-json\/wp\/v2\/media?parent=9434"}],"wp:term":[{"taxonomy":"category","embeddable":true,"href":"https:\/\/www.welovecycling.com\/sk\/wp-json\/wp\/v2\/categories?post=9434"},{"taxonomy":"post_tag","embeddable":true,"href":"https:\/\/www.welovecycling.com\/sk\/wp-json\/wp\/v2\/tags?post=9434"},{"taxonomy":"global-categories","embeddable":true,"href":"https:\/\/www.welovecycling.com\/sk\/wp-json\/wp\/v2\/global-categories?post=9434"}],"curies":[{"name":"wp","href":"https:\/\/api.w.org\/{rel}","templated":true}]}}