{"id":9406,"date":"2020-03-06T10:07:31","date_gmt":"2020-03-06T09:07:31","guid":{"rendered":"https:\/\/www.welovecycling.com\/sk\/?p=9406"},"modified":"2020-02-28T14:07:51","modified_gmt":"2020-02-28T13:07:51","slug":"trendy-v-cyklistike-co-prinesie-rok-2020","status":"publish","type":"post","link":"https:\/\/www.welovecycling.com\/sk\/2020\/03\/06\/trendy-v-cyklistike-co-prinesie-rok-2020\/","title":{"rendered":"Trendy v cyklistike: \u010co prinesie rok 2020?"},"content":{"rendered":"<p><strong>Hovor\u00ed sa, \u017ee technol\u00f3gia nikdy nesp\u00ed. Jej \u00fa\u010delom je vyv\u00edja\u0165 sa a zdokona\u013eova\u0165, a\u017e k\u00fdm nebude nahraden\u00e1 novou, lep\u0161ou a zvy\u010dajne drah\u0161ou verziou. To samozrejme plat\u00ed aj pre bicykle. Nov\u00e9 materi\u00e1ly a digit\u00e1lna technol\u00f3gia zasiahla aj na\u0161e ob\u013e\u00faben\u00e9 dvojkolesov\u00e9 stroje, v\u010faka \u010domu s\u00fa r\u00fdchlej\u0161ie, \u013eah\u0161ie a inteligentnej\u0161ie. Najhor\u00facej\u0161\u00ed trend v cyklistike v tomto roku v\u0161ak za\u010d\u00edna p\u00edsmenom e &#8211; a nemysl\u00edm t\u00fdm ergon\u00f3miu.<\/strong><!--more--><\/p>\n<p>Milujte ich alebo nen\u00e1vi\u010fte, <strong>ebicykle s\u00fa nov\u00fdm trendom<\/strong>. Analytici o\u010dak\u00e1vaj\u00fa, \u017ee sa predaj ebikov v najbli\u017e\u0161\u00edch piatich rokoch strojn\u00e1sob\u00ed. Tim Ellenberger p\u00ed\u0161e pre ispo.com: <em>\u201eEbicykel v s\u00fa\u010dasnosti prech\u00e1dza v\u00fdvojom zn\u00e1mym z odvetvia \u0161portovej obuvi z 80. rokov! V tom \u010dase boli na v\u00fdber tri alebo \u0161tyri modely, ktor\u00e9 boli viac menej vhodn\u00e9 pre v\u0161etky \u0161portov\u00e9 discipl\u00edny. Dnes s\u00fa \u0161pecializovan\u00e9 nielen pre ka\u017ed\u00fd \u0161port, ale top\u00e1nky s\u00fa z\u00e1rove\u0148 v\u00fdrazom \u017eivotn\u00e9ho \u0161t\u00fdlu a charakteru jej nosite\u013ea.\u201c<\/em><\/p>\n<p>Ellenberger si mysl\u00ed, \u017ee tento rok bud\u00fa k dispoz\u00edcii tri alebo \u0161tyri modely ebicyklov, <strong>vr\u00e1tane rie\u0161en\u00ed pre rodiny s viac ako jedn\u00fdm die\u0165a\u0165om a samozrejme pre komer\u010dn\u00e9 \u00fa\u010dely<\/strong>. Okrem toho sa aj na kompaktn\u00fdch skladac\u00edch bicykloch objavia elektrick\u00e9 pohony, ktor\u00e9 n\u00e1m umo\u017enia prepoji\u0165 cestu z domova, verejn\u00fa dopravu a pr\u00e1cu. Navy\u0161e to bude <strong>\u0161etrn\u00e9 vo\u010di pr\u00edrode<\/strong>.<\/p>\n<p>Taktie\u017e si mysl\u00ed, \u017ee sa objavia nov\u00e9, dobre navrhnut\u00e9 modely, ktor\u00e9 bud\u00fa ma\u0165 mal\u00fd motor a tenk\u00fa bat\u00e9riu, ktor\u00e1 presved\u010d\u00ed aj zaryt\u00fdch odporcov, aby znovu zv\u00e1\u017eili ich k\u00fapu. Jedn\u00fdm z pr\u00edkladov je model Cowboy zobrazen\u00fd ni\u017e\u0161ie, <strong>ktor\u00fd m\u00e1 vymenite\u013en\u00fa bat\u00e9riu<\/strong>.<\/p>\n<p>https:\/\/www.instagram.com\/p\/B6ffBjZArDO\/<\/p>\n<p>\u010eal\u0161\u00edm (neelektrick\u00fdm) trendom v tomto roku, bude z v\u00e4\u010d\u0161ej \u010dasti <strong>zvy\u0161ovanie v\u0161estrannosti cyklistiky v d\u00f4sledku zv\u00e4\u010d\u0161ovania hr\u00fabky pneumat\u00edk<\/strong>. To znamen\u00e1, \u017ee jeden v\u0161estrann\u00fd cestn\u00fd bicykel budete m\u00f4c\u0165 pou\u017e\u00edva\u0165 prakticky v\u0161ade. Bude ma\u0165 \u0161ir\u0161ie pneumatiky, ktor\u00e9 s\u00fa rovnako pohodln\u00e9 a stabiln\u00e9 na asfalte ako aj na \u0161trku. To bude znamena\u0165, \u017ee cestn\u00e9 bicykle pon\u00faknu ve\u013ea z toho, \u010do pretek\u00e1rske modely, ale s v\u00e4\u010d\u0161\u00edm pohodl\u00edm.<\/p>\n<p>P\u00e1r tak\u00fdch modelov sa u\u017e vyr\u00e1ba, <strong>napr\u00edklad 2020 Trek Domane<\/strong>, ktor\u00fd umo\u017e\u0148uje pou\u017ei\u0165 a\u017e 38 mm pneumatiku, ktor\u00e1 je pre cestn\u00e9 bicykle u\u017e skuto\u010dne \u0161irok\u00e1.<\/p>\n<p>Jedn\u00fdm z d\u00f4sledkov toho, \u017ee sa bicykle <strong>udom\u00e1c\u0148uj\u00fa rovnako na ceste ako aj v ter\u00e9ne<\/strong> bude to, \u017ee rozdiel medzi aero, cestn\u00fdmi a gravel bicyklami sa rozplynie. Nakoniec m\u00f4\u017eeme skon\u010di\u0165 iba s nieko\u013ek\u00fdmi kateg\u00f3riami &#8211; napr\u00edklad cestn\u00e9, pretek\u00e1rske a MTB.<\/p>\n<figure id=\"attachment_9409\" aria-describedby=\"caption-attachment-9409\" style=\"width: 1920px\" class=\"wp-caption alignnone\"><img loading=\"lazy\" decoding=\"async\" class=\"size-full wp-image-9409\" src=\"https:\/\/d2p6e6u75xmxt8.cloudfront.net\/4\/2020\/02\/DomaneSL6_20_28313_C_Alt1_2000x.jpg\" alt=\"\" width=\"1920\" height=\"1440\" \/><figcaption id=\"caption-attachment-9409\" class=\"wp-caption-text\">Trek Domane SL 6 Disc 2020<\/figcaption><\/figure>\n<p>Na za\u010diatku sme spomenuli digit\u00e1lne technol\u00f3gie a pr\u00e1ve tie transformovali bicykel na skuto\u010dne <strong>\u0161ikovn\u00fd stroj<\/strong>. Vstavan\u00e9 po\u010d\u00edta\u010de si vyberaj\u00fa najlep\u0161iu trasu, predpovedaj\u00fa po\u010dasie a umo\u017e\u0148uj\u00fa v\u00e1m sledova\u0165 svoju kond\u00edciu po\u010das tr\u00e9ningu. Navy\u0161e GPS syst\u00e9my maj\u00fa pridan\u00fa funkciu zabezpe\u010denia a to tak, \u017ee v\u00e1m umo\u017e\u0148uj\u00fa <strong>sledova\u0165 bicykel v pr\u00edpade kr\u00e1de\u017ee<\/strong>.<\/p>\n<p>Pripravte sa na \u010fal\u0161\u00ed level: <strong>cyklistick\u00e9 okuliare s roz\u0161\u00edrenou realitou<\/strong> (augmented reality AR). Tieto okuliare obsahuj\u00fa v\u0161etko, \u010do poskytuje aj po\u010d\u00edta\u010d a je tu nie\u010do navy\u0161e: GPS a hlasov\u00e1 navig\u00e1cia, sledovanie v\u00fdkonu, zoznamy skladieb a hands-free komunik\u00e1cia s ostatn\u00fdmi cyklistami. A dok\u00e1\u017eu prij\u00edma\u0165 a pren\u00e1\u0161a\u0165 telef\u00f3nne hovory po\u010das jazdy na bicykli. Okuliare <strong>Everysight\u2019s Raptor<\/strong> m\u00f4\u017eu dokonca fotografova\u0165 a sn\u00edma\u0165 vide\u00e1, ktor\u00e9 m\u00f4\u017eete zdie\u013ea\u0165 na soci\u00e1lnych sie\u0165ach.<\/p>\n<lite-youtube videoid=KEDuG2r9a0g params=\"enablejsapi=1\" style=\"background-image: url('https:\/\/i.ytimg.com\/vi_webp\/KEDuG2r9a0g\/maxresdefault.webp');\"><\/lite-youtube>\n<p>Okuliare od spolo\u010dnosti SOLOS, pou\u017e\u00edvaj\u00fa virtu\u00e1lnu obrazovku, ktor\u00fa je mo\u017en\u00e9 <strong>upravi\u0165 pod\u013ea va\u0161ich osobn\u00fdch preferenci\u00ed<\/strong>. Po pripojen\u00ed cez Bluetooth m\u00f4\u017eete pomocou hlasov\u00fdch povelov s telef\u00f3nom alebo zabudovan\u00fdm naviga\u010dn\u00fdm syst\u00e9mom vybra\u0165 to, \u010do chcete po\u010du\u0165 alebo vidie\u0165 vo svojom zornom poli. To znamen\u00e1 &#8211; sp\u00e1len\u00e9 kal\u00f3rie, prejden\u00e9 kilometre alebo percento st\u00fapania. SOLOS pou\u017e\u00edva dob\u00edjacie bat\u00e9rie, ktor\u00e9 vydr\u017eia p\u00e4\u0165 hod\u00edn roz\u0161\u00edrenej reality na bicykli. Pr\u00e1ve sa na teba pozer\u00e1m, chlap\u010de.<\/p>\n","protected":false},"excerpt":{"rendered":"<p>Hovor\u00ed sa, \u017ee technol\u00f3gia nikdy nesp\u00ed. Jej \u00fa\u010delom je vyv\u00edja\u0165 sa a zdokona\u013eova\u0165, a\u017e k\u00fdm nebude nahraden\u00e1 novou, lep\u0161ou a [&hellip;]<\/p>\n","protected":false},"author":81,"featured_media":9411,"comment_status":"open","ping_status":"open","sticky":false,"template":"","format":"standard","meta":{"footnotes":""},"categories":[191],"tags":[62,559,619,275,115,597,261,610,180,532,678,257,346,625,1205,609,1207,1206,183,623],"global-categories":[],"class_list":["post-9406","post","type-post","status-publish","format-standard","has-post-thumbnail","hentry","category-odporucame","tag-bezpecnost","tag-bicykel","tag-bicyklovanie","tag-cesta","tag-cestna-cyklistika","tag-cyklista","tag-ebike","tag-gps","tag-horska-cyklistika","tag-jazdenie","tag-navigacia","tag-novinky","tag-okuliare","tag-plast","tag-solos","tag-technologie","tag-telefon","tag-trendy-2020","tag-zabava","tag-zdravy-zivotny-styl"],"yoast_head":"<!-- This site is optimized with the Yoast SEO Premium plugin v25.3 (Yoast SEO v25.9) - https:\/\/yoast.com\/wordpress\/plugins\/seo\/ -->\n<title>Trendy v cyklistike: \u010co prinesie rok 2020? - \u0160koda We Love Cycling Slovensko<\/title>\n<meta name=\"robots\" content=\"index, follow, max-snippet:-1, max-image-preview:large, max-video-preview:-1\" \/>\n<link rel=\"canonical\" href=\"https:\/\/www.welovecycling.com\/sk\/2020\/03\/06\/trendy-v-cyklistike-co-prinesie-rok-2020\/\" \/>\n<meta property=\"og:locale\" content=\"sk_SK\" \/>\n<meta property=\"og:type\" content=\"article\" \/>\n<meta property=\"og:title\" content=\"Trendy v cyklistike: \u010co prinesie rok 2020?\" \/>\n<meta property=\"og:description\" content=\"Hovor\u00ed sa, \u017ee technol\u00f3gia nikdy nesp\u00ed. Jej \u00fa\u010delom je vyv\u00edja\u0165 sa a zdokona\u013eova\u0165, a\u017e k\u00fdm nebude nahraden\u00e1 novou, lep\u0161ou a [&hellip;]\" \/>\n<meta property=\"og:url\" content=\"https:\/\/www.welovecycling.com\/sk\/2020\/03\/06\/trendy-v-cyklistike-co-prinesie-rok-2020\/\" \/>\n<meta property=\"og:site_name\" content=\"\u0160koda We Love Cycling Slovensko\" \/>\n<meta property=\"article:published_time\" content=\"2020-03-06T09:07:31+00:00\" \/>\n<meta property=\"og:image\" content=\"https:\/\/d2p6e6u75xmxt8.cloudfront.net\/4\/2020\/02\/AR-CVR-Cycling.webp\" \/>\n\t<meta property=\"og:image:width\" content=\"1366\" \/>\n\t<meta property=\"og:image:height\" content=\"600\" \/>\n\t<meta property=\"og:image:type\" content=\"image\/webp\" \/>\n<meta name=\"twitter:card\" content=\"summary_large_image\" \/>\n<meta name=\"twitter:label1\" content=\"Written by\" \/>\n\t<meta name=\"twitter:data1\" content=\"Siegfried Mortkowitz\" \/>\n\t<meta name=\"twitter:label2\" content=\"Est. reading time\" \/>\n\t<meta name=\"twitter:data2\" content=\"7\" \/>\n<script type=\"application\/ld+json\" class=\"yoast-schema-graph\">{\"@context\":\"https:\/\/schema.org\",\"@graph\":[{\"@type\":\"WebPage\",\"@id\":\"https:\/\/www.welovecycling.com\/sk\/2020\/03\/06\/trendy-v-cyklistike-co-prinesie-rok-2020\/\",\"url\":\"https:\/\/www.welovecycling.com\/sk\/2020\/03\/06\/trendy-v-cyklistike-co-prinesie-rok-2020\/\",\"name\":\"Trendy v cyklistike: \u010co prinesie rok 2020? - \u0160koda We Love Cycling Slovensko\",\"isPartOf\":{\"@id\":\"https:\/\/www.welovecycling.com\/sk\/#website\"},\"primaryImageOfPage\":{\"@id\":\"https:\/\/www.welovecycling.com\/sk\/2020\/03\/06\/trendy-v-cyklistike-co-prinesie-rok-2020\/#primaryimage\"},\"image\":{\"@id\":\"https:\/\/www.welovecycling.com\/sk\/2020\/03\/06\/trendy-v-cyklistike-co-prinesie-rok-2020\/#primaryimage\"},\"thumbnailUrl\":\"https:\/\/d2p6e6u75xmxt8.cloudfront.net\/4\/2020\/02\/AR-CVR-Cycling.webp\",\"datePublished\":\"2020-03-06T09:07:31+00:00\",\"author\":{\"@id\":\"\"},\"breadcrumb\":{\"@id\":\"https:\/\/www.welovecycling.com\/sk\/2020\/03\/06\/trendy-v-cyklistike-co-prinesie-rok-2020\/#breadcrumb\"},\"inLanguage\":\"sk-SK\",\"potentialAction\":[{\"@type\":\"ReadAction\",\"target\":[\"https:\/\/www.welovecycling.com\/sk\/2020\/03\/06\/trendy-v-cyklistike-co-prinesie-rok-2020\/\"]}]},{\"@type\":\"ImageObject\",\"inLanguage\":\"sk-SK\",\"@id\":\"https:\/\/www.welovecycling.com\/sk\/2020\/03\/06\/trendy-v-cyklistike-co-prinesie-rok-2020\/#primaryimage\",\"url\":\"https:\/\/d2p6e6u75xmxt8.cloudfront.net\/4\/2020\/02\/AR-CVR-Cycling.webp\",\"contentUrl\":\"https:\/\/d2p6e6u75xmxt8.cloudfront.net\/4\/2020\/02\/AR-CVR-Cycling.webp\",\"width\":1366,\"height\":600},{\"@type\":\"BreadcrumbList\",\"@id\":\"https:\/\/www.welovecycling.com\/sk\/2020\/03\/06\/trendy-v-cyklistike-co-prinesie-rok-2020\/#breadcrumb\",\"itemListElement\":[{\"@type\":\"ListItem\",\"position\":1,\"name\":\"Home\",\"item\":\"https:\/\/www.welovecycling.com\/sk\/\"},{\"@type\":\"ListItem\",\"position\":2,\"name\":\"Trendy v cyklistike: \u010co prinesie rok 2020?\"}]},{\"@type\":\"WebSite\",\"@id\":\"https:\/\/www.welovecycling.com\/sk\/#website\",\"url\":\"https:\/\/www.welovecycling.com\/sk\/\",\"name\":\"\u0160koda We Love Cycling Slovensko\",\"description\":\"\u0160koda We Love Cycling Slovensko je v\u00e1\u0161 ka\u017edodenn\u00fd zdroj noviniek a in\u0161pir\u00e1cie z sveta cyklistiky\",\"potentialAction\":[{\"@type\":\"SearchAction\",\"target\":{\"@type\":\"EntryPoint\",\"urlTemplate\":\"https:\/\/www.welovecycling.com\/sk\/?s={search_term_string}\"},\"query-input\":{\"@type\":\"PropertyValueSpecification\",\"valueRequired\":true,\"valueName\":\"search_term_string\"}}],\"inLanguage\":\"sk-SK\"},{\"@type\":\"Person\",\"@id\":\"\",\"url\":\"https:\/\/www.welovecycling.com\/sk\/author\/\"}]}<\/script>\n<!-- \/ Yoast SEO Premium plugin. -->","yoast_head_json":{"title":"Trendy v cyklistike: \u010co prinesie rok 2020? - \u0160koda We Love Cycling Slovensko","robots":{"index":"index","follow":"follow","max-snippet":"max-snippet:-1","max-image-preview":"max-image-preview:large","max-video-preview":"max-video-preview:-1"},"canonical":"https:\/\/www.welovecycling.com\/sk\/2020\/03\/06\/trendy-v-cyklistike-co-prinesie-rok-2020\/","og_locale":"sk_SK","og_type":"article","og_title":"Trendy v cyklistike: \u010co prinesie rok 2020?","og_description":"Hovor\u00ed sa, \u017ee technol\u00f3gia nikdy nesp\u00ed. Jej \u00fa\u010delom je vyv\u00edja\u0165 sa a zdokona\u013eova\u0165, a\u017e k\u00fdm nebude nahraden\u00e1 novou, lep\u0161ou a [&hellip;]","og_url":"https:\/\/www.welovecycling.com\/sk\/2020\/03\/06\/trendy-v-cyklistike-co-prinesie-rok-2020\/","og_site_name":"\u0160koda We Love Cycling Slovensko","article_published_time":"2020-03-06T09:07:31+00:00","og_image":[{"width":1366,"height":600,"url":"https:\/\/d2p6e6u75xmxt8.cloudfront.net\/4\/2020\/02\/AR-CVR-Cycling.webp","type":"image\/webp"}],"twitter_card":"summary_large_image","twitter_misc":{"Written by":"Siegfried Mortkowitz","Est. reading time":"7"},"schema":{"@context":"https:\/\/schema.org","@graph":[{"@type":"WebPage","@id":"https:\/\/www.welovecycling.com\/sk\/2020\/03\/06\/trendy-v-cyklistike-co-prinesie-rok-2020\/","url":"https:\/\/www.welovecycling.com\/sk\/2020\/03\/06\/trendy-v-cyklistike-co-prinesie-rok-2020\/","name":"Trendy v cyklistike: \u010co prinesie rok 2020? - \u0160koda We Love Cycling Slovensko","isPartOf":{"@id":"https:\/\/www.welovecycling.com\/sk\/#website"},"primaryImageOfPage":{"@id":"https:\/\/www.welovecycling.com\/sk\/2020\/03\/06\/trendy-v-cyklistike-co-prinesie-rok-2020\/#primaryimage"},"image":{"@id":"https:\/\/www.welovecycling.com\/sk\/2020\/03\/06\/trendy-v-cyklistike-co-prinesie-rok-2020\/#primaryimage"},"thumbnailUrl":"https:\/\/d2p6e6u75xmxt8.cloudfront.net\/4\/2020\/02\/AR-CVR-Cycling.webp","datePublished":"2020-03-06T09:07:31+00:00","author":{"@id":""},"breadcrumb":{"@id":"https:\/\/www.welovecycling.com\/sk\/2020\/03\/06\/trendy-v-cyklistike-co-prinesie-rok-2020\/#breadcrumb"},"inLanguage":"sk-SK","potentialAction":[{"@type":"ReadAction","target":["https:\/\/www.welovecycling.com\/sk\/2020\/03\/06\/trendy-v-cyklistike-co-prinesie-rok-2020\/"]}]},{"@type":"ImageObject","inLanguage":"sk-SK","@id":"https:\/\/www.welovecycling.com\/sk\/2020\/03\/06\/trendy-v-cyklistike-co-prinesie-rok-2020\/#primaryimage","url":"https:\/\/d2p6e6u75xmxt8.cloudfront.net\/4\/2020\/02\/AR-CVR-Cycling.webp","contentUrl":"https:\/\/d2p6e6u75xmxt8.cloudfront.net\/4\/2020\/02\/AR-CVR-Cycling.webp","width":1366,"height":600},{"@type":"BreadcrumbList","@id":"https:\/\/www.welovecycling.com\/sk\/2020\/03\/06\/trendy-v-cyklistike-co-prinesie-rok-2020\/#breadcrumb","itemListElement":[{"@type":"ListItem","position":1,"name":"Home","item":"https:\/\/www.welovecycling.com\/sk\/"},{"@type":"ListItem","position":2,"name":"Trendy v cyklistike: \u010co prinesie rok 2020?"}]},{"@type":"WebSite","@id":"https:\/\/www.welovecycling.com\/sk\/#website","url":"https:\/\/www.welovecycling.com\/sk\/","name":"\u0160koda We Love Cycling Slovensko","description":"\u0160koda We Love Cycling Slovensko je v\u00e1\u0161 ka\u017edodenn\u00fd zdroj noviniek a in\u0161pir\u00e1cie z sveta cyklistiky","potentialAction":[{"@type":"SearchAction","target":{"@type":"EntryPoint","urlTemplate":"https:\/\/www.welovecycling.com\/sk\/?s={search_term_string}"},"query-input":{"@type":"PropertyValueSpecification","valueRequired":true,"valueName":"search_term_string"}}],"inLanguage":"sk-SK"},{"@type":"Person","@id":"","url":"https:\/\/www.welovecycling.com\/sk\/author\/"}]}},"_links":{"self":[{"href":"https:\/\/www.welovecycling.com\/sk\/wp-json\/wp\/v2\/posts\/9406","targetHints":{"allow":["GET"]}}],"collection":[{"href":"https:\/\/www.welovecycling.com\/sk\/wp-json\/wp\/v2\/posts"}],"about":[{"href":"https:\/\/www.welovecycling.com\/sk\/wp-json\/wp\/v2\/types\/post"}],"author":[{"embeddable":true,"href":"https:\/\/www.welovecycling.com\/sk\/wp-json\/wp\/v2\/users\/81"}],"replies":[{"embeddable":true,"href":"https:\/\/www.welovecycling.com\/sk\/wp-json\/wp\/v2\/comments?post=9406"}],"version-history":[{"count":2,"href":"https:\/\/www.welovecycling.com\/sk\/wp-json\/wp\/v2\/posts\/9406\/revisions"}],"predecessor-version":[{"id":9413,"href":"https:\/\/www.welovecycling.com\/sk\/wp-json\/wp\/v2\/posts\/9406\/revisions\/9413"}],"wp:featuredmedia":[{"embeddable":true,"href":"https:\/\/www.welovecycling.com\/sk\/wp-json\/wp\/v2\/media\/9411"}],"wp:attachment":[{"href":"https:\/\/www.welovecycling.com\/sk\/wp-json\/wp\/v2\/media?parent=9406"}],"wp:term":[{"taxonomy":"category","embeddable":true,"href":"https:\/\/www.welovecycling.com\/sk\/wp-json\/wp\/v2\/categories?post=9406"},{"taxonomy":"post_tag","embeddable":true,"href":"https:\/\/www.welovecycling.com\/sk\/wp-json\/wp\/v2\/tags?post=9406"},{"taxonomy":"global-categories","embeddable":true,"href":"https:\/\/www.welovecycling.com\/sk\/wp-json\/wp\/v2\/global-categories?post=9406"}],"curies":[{"name":"wp","href":"https:\/\/api.w.org\/{rel}","templated":true}]}}