{"id":9385,"date":"2020-02-28T09:00:27","date_gmt":"2020-02-28T08:00:27","guid":{"rendered":"https:\/\/www.welovecycling.com\/sk\/?p=9385"},"modified":"2020-02-27T10:52:50","modified_gmt":"2020-02-27T09:52:50","slug":"mesacna-desiatka-burlivy-mesiac-februar-otriasol-aj-cyklistikou","status":"publish","type":"post","link":"https:\/\/www.welovecycling.com\/sk\/2020\/02\/28\/mesacna-desiatka-burlivy-mesiac-februar-otriasol-aj-cyklistikou\/","title":{"rendered":"Mesa\u010dn\u00e1 desiatka &#8211; b\u00farliv\u00fd mesiac febru\u00e1r otriasol aj cyklistikou"},"content":{"rendered":"<p><strong>Svetov\u00e9 dianie ovplyvnilo aj chod cyklistiky. Nie je to samozrejme iba o\u00a0soci\u00e1lnych a\u00a0geopolitick\u00fdch z\u00e1le\u017eitostiach, ale taktie\u017e aj o\u00a0m\u00f3dnych trendoch. Ve\u010f sami to v\u0161etko uvid\u00edte v\u00a0Mesa\u010dnej desiatke pre mesiac febru\u00e1r.<\/strong><!--more--><\/p>\n<h2><strong>Pripravte sa na Svetov\u00fd poh\u00e1r v\u00a0elektro-horskej cyklistike<\/strong><\/h2>\n<p>UCI, svetov\u00e1 cyklistick\u00e1 organiz\u00e1cia, predstavila dlho o\u010dak\u00e1van\u00fd (alebo ob\u00e1van\u00fd) zoznam Svetov\u00e9ho poh\u00e1ra, <strong>av\u0161ak pre elektrobicykle<\/strong>. Po tom, ako sa aj EWS (Enduro s\u00e9ria) poddala a\u00a0vo svojom harmonograme pridala aj kateg\u00f3riu elektro, m\u00e1me pred sebou zauj\u00edmav\u00e9 rozhodnutie, ktor\u00e9 prinesie 5 k\u00f4l, <strong>prv\u00e9 u\u017e 6. marca v\u00a0Monaku<\/strong>. Pravidl\u00e1 reguluj\u00fa v\u00fdkon motora na 250 W a\u00a0asistenciu do r\u00fdchlosti 25 km\/h.<\/p>\n<lite-youtube videoid=vcSMKWTEkcI params=\"enablejsapi=1\" style=\"background-image: url('https:\/\/i.ytimg.com\/vi_webp\/vcSMKWTEkcI\/maxresdefault.webp');\"><\/lite-youtube>\n<h2><strong>Koronavirus ohrozuje nadch\u00e1dzaj\u00face podujatia v\u00a0Taliansku<\/strong><\/h2>\n<p>Fenom\u00e9n, ktor\u00fdm je tento u\u017e nechv\u00e1lne zn\u00e1my v\u00edrus, zasiahol v\u00a0posledn\u00fdch d\u0148och aj cyklistick\u00fd svet. Ide o\u00a0jeho v\u00fdskyt na p\u00f4de Talianska, v\u00a0ktorom sa maj\u00fa odohr\u00e1va\u0165 \u00favodn\u00e9 kontinent\u00e1lne preteky z\u00a0kateg\u00f3rie World Tour. <strong>U\u017e 7. marca sa m\u00e1 kona\u0165 Strade Bianche<\/strong>, ktor\u00e9 je situovan\u00e9 v\u00a0stredozem\u00ed Talianska, tak\u017ee je mimo s\u00fa\u010dasnej z\u00f3ny \u201eohrozenia\u201c, av\u0161ak v\u00a0pr\u00edpade Milano-San Remo je to u\u017e o\u00a0nie\u010dom inom. Ve\u013ek\u00fdm ot\u00e1znikom je \u010das, ke\u010f\u017ee nikto nevie, ako dlho bude t\u00e1to karant\u00e9na trva\u0165, ot\u00e1zne je aj konanie sa Giro d\u02b9Italia. <strong>D\u00fafajme, \u017ee k\u00a0tomu ale ned\u00f4jde.<\/strong><\/p>\n<p><img loading=\"lazy\" decoding=\"async\" src=\"https:\/\/d2p6e6u75xmxt8.cloudfront.net\/4\/2020\/02\/WLC_Mesa\u010dn\u00e1-febru\u00e1r_02.jpg\" alt=\"\" width=\"1200\" height=\"800\" class=\"alignnone size-full wp-image-9393\" \/><\/p>\n<h2><strong>UAE Tour v\u00a0Spojen\u00fdch arabsk\u00fdch emir\u00e1toch je v\u00a0plnom pr\u00fade<\/strong><\/h2>\n<p>Probl\u00e9my obch\u00e1dzaj\u00fa \u201ev\u00fdchodn\u00fd\u201c etap\u00e1k, konaj\u00faci sa na Arabskom polostrove. Tu sa zi\u0161lo viacero ve\u013emi kvalitn\u00fdch pretek\u00e1rov. Po\u010das siedmych et\u00e1p sa na stupne v\u00ed\u0165azov postavili \u0161print\u00e9ri ako <strong>Ackerman<\/strong>, <strong>Ewan<\/strong> alebo <strong>Groenewegen<\/strong>. To len ukazuje, \u017ee nikto z\u00a0nich neot\u00e1\u013eal v\u00a0zimnej pr\u00edprave. V\u00a0tretej etape s\u00a0kopcovit\u00fdm dojazdom (jedin\u00fdm st\u00fapan\u00edm etapy), dominoval <strong>Simon Yates<\/strong> pred slovinsk\u00fdm mlad\u00edkom, Poga\u010darom, av\u0161ak rozdiel medzi nimi bol a\u017e min\u00fatov\u00fd. Na z\u00e1very o\u00a0priebehu sez\u00f3ny je e\u0161te skoro, ale jedno je jasn\u00e9 &#8211; <strong>bude sa na \u010do te\u0161i\u0165.<\/strong><\/p>\n<lite-youtube videoid=EUdxVPmIjtc params=\"enablejsapi=1\" style=\"background-image: url('https:\/\/i.ytimg.com\/vi_webp\/EUdxVPmIjtc\/maxresdefault.webp');\"><\/lite-youtube>\n<h2><strong>Andr\u00e9 Greipel si v\u00f4bec nevybral dobr\u00fd vstup do sez\u00f3ny<\/strong><\/h2>\n<p>O\u00a0kvalit\u00e1ch tohto 37-ro\u010dn\u00e9ho nemeck\u00e9ho \u0161print\u00e9ra ur\u010dite pochybova\u0165 nebudeme. Ale ak sa pozrieme na v\u00fdvoj jeho kari\u00e9ry v\u00a0uplynul\u00fdch rokoch, je v\u00a0\u0148om <strong>c\u00edti\u0165 v\u00fdrazn\u00fd pokles<\/strong> &#8211; teda v\u00a0pr\u00edpade po\u010dtu v\u00ed\u0165azstiev. Po minuloro\u010dnom p\u00f4soben\u00ed v\u00a0prokontinent\u00e1lnom t\u00edme Ark\u00e9a-Samsic sa op\u00e4\u0165 vr\u00e1til do <strong>kateg\u00f3rie World Tour<\/strong>. Nepr\u00edjemnou spr\u00e1vou bolo, ke\u010f sa 11. febru\u00e1ra ohl\u00e1silo, \u017ee Andr\u00e9 m\u00e1 vyk\u013aben\u00e9 rameno a\u00a0bude ho to st\u00e1\u0165 vy\u0161e 10 t\u00fd\u017ed\u0148ov lie\u010dby. To znamen\u00e1, \u017ee klas\u00edk sa s\u00a0ve\u013ekou pravdepodobnos\u0165ou nez\u00fa\u010dastn\u00ed &#8211; a\u00a0ako \u010falej? To e\u0161te nevieme. <strong>Prajeme mu teda skor\u00e9 uzdravenie.<\/strong><\/p>\n<p><img loading=\"lazy\" decoding=\"async\" src=\"https:\/\/d2p6e6u75xmxt8.cloudfront.net\/4\/2020\/02\/WLC_Mesa\u010dn\u00e1-febru\u00e1r_03.jpg\" alt=\"\" width=\"1200\" height=\"800\" class=\"alignnone size-full wp-image-9394\" \/><\/p>\n<h2><strong>Svetov\u00e9 stretnutie na t\u00e9mu bezpe\u010dnosti cyklistov na verejn\u00fdch komunik\u00e1ci\u00e1ch<\/strong><\/h2>\n<p>Cyklistika sa neodohr\u00e1va iba v\u00a0profipelot\u00f3ne, ale predov\u0161etk\u00fdm je s\u00fa\u010das\u0165ou n\u00e1\u0161ho ka\u017edodenn\u00e9ho \u017eivota. Pod\u013ea Svetovej zdravotn\u00edckej organiz\u00e1cie s\u00fa zranenia v\u00a0prem\u00e1vke ved\u00facim d\u00f4vodom smrti os\u00f4b od 5 do 29 rokov. Aj preto sa uzavrela <strong>\u0160tokholmsk\u00e1 deklar\u00e1cia<\/strong>, ktor\u00e1 okrem in\u00e9ho m\u00e1 za cie\u013e <em>\u201eur\u00fdchli\u0165 premenu k\u00a0bezpe\u010dnej\u0161\u00edm, \u010distej\u0161\u00edm a\u00a0energeticky efekt\u00edvnej\u0161\u00edm sp\u00f4sobom prepravy a\u00a0v\u00e4\u010d\u0161mi prezentova\u0165 d\u00f4le\u017eitos\u0165 zv\u00fd\u0161enej fyzickej aktivity, akou je cyklistika \u010di ch\u00f4dza. Taktie\u017e ide o\u00a0za\u010dlenenie t\u00fdchto foriem dopravy do ka\u017edodenn\u00e9ho \u017eivota.\u201c<\/em> <strong>S\u00a0t\u00fdm mo\u017eno len s\u00fahlasi\u0165.<\/strong><\/p>\n<p><img loading=\"lazy\" decoding=\"async\" src=\"https:\/\/d2p6e6u75xmxt8.cloudfront.net\/4\/2020\/02\/WLC_Mesa\u010dn\u00e1-febru\u00e1r_04.jpg\" alt=\"\" width=\"1200\" height=\"800\" class=\"alignnone size-full wp-image-9395\" \/><\/p>\n<h2><strong>Cyklokrosov\u00fdm Majstrom sveta je (op\u00e4\u0165) Mathieu van der Poel<\/strong><\/h2>\n<p>Na prelome janu\u00e1ra a febru\u00e1ra sa vo \u0161vaj\u010diarskom D\u00fcbendorfe odohralo jedno z\u00a0najzauj\u00edmavej\u0161\u00edch podujat\u00ed \u00favodu sez\u00f3ny. Aj ke\u010f o\u00a0snehu sme mohli len sn\u00edva\u0165 a\u00a0teploty vyst\u00fapili a\u017e na 11 stup\u0148ov, <strong>d\u00e1\u017e\u010f a\u00a0rozbahnen\u00e1 tr\u00e1vnat\u00e1 tra\u0165 skomplikovali \u017eivot asi v\u0161etk\u00fdm pretek\u00e1rom<\/strong>. Najlep\u0161ie na tom bol t\u00edm Holandska &#8211; v\u00a0kateg\u00f3rii \u017eien z\u00edskali hne\u010f 3 prv\u00e9 prie\u010dky a\u00a0zlato si odniesla <strong>C. C. Alvaredo<\/strong>. V\u00a0mu\u017eoch elite mal u\u017e od \u00favodu v\u00fdsadn\u00e9 slovo <strong>M. v. d. Poel<\/strong>, ktor\u00fd sa odp\u00fatal od zbytku \u0161tartov\u00e9ho po\u013ea a, ako sa hovor\u00ed, i\u0161iel si \u201esvoje\u201c. <strong>A\u00a0ako to bude na klasik\u00e1ch?<\/strong><\/p>\n<p><img loading=\"lazy\" decoding=\"async\" src=\"https:\/\/d2p6e6u75xmxt8.cloudfront.net\/4\/2020\/02\/WLC_Mesa\u010dn\u00e1-febru\u00e1r_05.jpg\" alt=\"\" width=\"1200\" height=\"800\" class=\"alignnone size-extra-large wp-image-9397\" \/><\/p>\n<h2><strong>Doteraj\u0161ie svetov\u00e9 rekordy neodolali holandsk\u00e9mu a\u00a0d\u00e1nskemu kvartetu<\/strong><\/h2>\n<p>Na dr\u00e1hov\u00fdch Majstrovstv\u00e1ch sveta sa u\u017e v\u00a0\u00favodn\u00fdch d\u0148och diali ve\u013ek\u00e9 veci. V\u00a0Berl\u00edne sa na konci febru\u00e1ra <strong>stretla elita dr\u00e1harov<\/strong>, ktor\u00ed pri\u0161li bojova\u0165 o\u00a0najcennej\u0161ie medaily sez\u00f3ny. Prv\u00fdm kolos\u00e1lnym v\u00fdsledkom bolo pokorenie rekordu v\u00a0t\u00edmovej st\u00edha\u010dke mu\u017eov, kde sa u\u017e v\u00a0kvalifik\u00e1cii (!) <strong>presadil t\u00edm D\u00e1nska<\/strong> a\u00a0ukrojil a\u017e 2 sekundy z\u00a0doteraj\u0161ieho maxima. Rovnak\u00fd v\u00fdsledok zaznamenal aj <strong>t\u00edm Holandska<\/strong>, kedy sa v\u00a0discipl\u00edne t\u00edmov\u00e9ho mu\u017esk\u00e9ho \u0161printu postarali nielen o\u00a0celkov\u00e9 v\u00ed\u0165azstvo, ale aj o\u00a0posunutie doteraj\u0161ieho rekordu.<\/p>\n<lite-youtube videoid=tQY6KOxFGYg params=\"enablejsapi=1\" style=\"background-image: url('https:\/\/i.ytimg.com\/vi_webp\/tQY6KOxFGYg\/maxresdefault.webp');\"><\/lite-youtube>\n<h2><strong>Vyrovn\u00e1vajme rozdiely ako to urobilo aj WBR<\/strong><\/h2>\n<p>Neziskov\u00e1 organiz\u00e1cia World Bicycle Relief sa v\u00a0po\u010das tohto mesiaca mohla pochv\u00e1li\u0165 neuverite\u013en\u00fdm \u010d\u00edslom, ktor\u00e9 hovor\u00ed o\u00a0p\u00e4tn\u00e1stich rokoch jej nezi\u0161tnej pomoci. V\u00a0priebehu tohto obdobia dok\u00e1zalo <strong>distribuova\u0165 bicykle pre t\u00fdch, ktor\u00ed nemali to\u013eko \u0161\u0165astia<\/strong>, aby si jeden z\u00a0nich mohli dovoli\u0165. A\u00a0\u017ee to nebolo len \u201enieko\u013eko k\u00faskov\u201c. Celkov\u00fd po\u010det sa vy\u0161plhal u\u017e na hodnotu <strong>500\u00a0000 bicyklov<\/strong>, ktor\u00e9 (d\u00fafajme) robia slu\u017ebu ich nov\u00fdm majite\u013eom po celom svete. Ako sa vyjadrila Damaela, 15 ro\u010dn\u00e1 \u017eia\u010dka z\u00a0Kene, <em>\u201ebez bicykla som doch\u00e1dzala do \u0161koly v\u017edy neskoro, teraz u\u017e budem m\u00f4c\u0165 pr\u00eds\u0165 do aj zo \u0161koly o\u00a0\u010dosi sk\u00f4r, aby som pom\u00e1hala svojim rodi\u010dom.\u201c<\/em><\/p>\n<p><img loading=\"lazy\" decoding=\"async\" src=\"https:\/\/d2p6e6u75xmxt8.cloudfront.net\/4\/2020\/02\/WLC_Mesa\u010dn\u00e1-febru\u00e1r_07.jpg\" alt=\"\" width=\"1200\" height=\"800\" class=\"alignnone size-full wp-image-9398\" \/><\/p>\n<h2><strong>Nech\u00fdbali ani heroick\u00e9 v\u00fdkony na Paracyklistick\u00fdch MS na dr\u00e1he<\/strong><\/h2>\n<p>Aj paralympionici sa \u201epobili\u201c o\u00a0cenn\u00e9 kovy. V\u00a0Kanade sa na prelome janu\u00e1ra a\u00a0febru\u00e1ra <strong>stretli najlep\u0161\u00ed z\u00a0najlep\u0161\u00edch<\/strong>, \u010doho d\u00f4kazom je aj dominancia \u010d\u00ednskych pretek\u00e1rov medzi 21 n\u00e1rodmi. Do ich zbierky pribudlo a\u017e 21 medail\u00ed (9 zlat\u00fdch), za nimi nasledovala Ve\u013ek\u00e1 Brit\u00e1nia (14) a\u00a0Austr\u00e1lia (13). Omnium vyhral Slov\u00e1k, <strong>J. Metelka<\/strong>, ktor\u00fd dominoval predov\u0161etk\u00fdm v\u00a0skre\u010di a\u00a0st\u00edha\u010dke.<\/p>\n<p><img loading=\"lazy\" decoding=\"async\" src=\"https:\/\/d2p6e6u75xmxt8.cloudfront.net\/4\/2020\/02\/WLC_Mesa\u010dn\u00e1-febru\u00e1r_08.jpg\" alt=\"\" width=\"1200\" height=\"800\" class=\"alignnone size-full wp-image-9399\" \/><\/p>\n<h2><strong>Ak\u00e9 to je, vyjs\u0165 si na \u0161vih s\u00a0World Tour t\u00edmom?<\/strong><\/h2>\n<p>To by ste sa mohli sp\u00fdta\u0165 <strong>F. Cada<\/strong>, ktor\u00fd sa s\u00a0nami podelil o\u00a0video zo \u0161tvorhodinov\u00e9ho v\u00fdjazdu s\u00a0t\u00edmom Astana na pobre\u017e\u00ed \u0160panielska. Jarn\u00e9 kilometre bolia a\u00a0predov\u0161etk\u00fdm, ak ich m\u00e1te absolvova\u0165 (aj ke\u010f len v\u00a0h\u00e1ku) s\u00a0t\u00fdmi najlep\u0161\u00edmi. Presved\u010dte sa sami, \u017ee to nie je len o\u00a0jazden\u00ed z\u00a0bodu A\u00a0do bodu B, ale aj o\u00a0pl\u00e1novan\u00ed, intervaloch, podpore a\u00a0<strong>celej \u201evede\u201c okolo toho<\/strong>.<\/p>\n<lite-youtube videoid=ghe51LnDu4A params=\"enablejsapi=1\" style=\"background-image: url('https:\/\/i.ytimg.com\/vi_webp\/ghe51LnDu4A\/maxresdefault.webp');\"><\/lite-youtube>\n<p>Prajeme v\u00e1m teda <strong>\u00faspe\u0161n\u00fd a\u00a0predov\u0161etk\u00fdm \u201ezdrav\u00fd\u201c vstup do nov\u00e9ho mesiaca<\/strong>, v\u00a0ktorom m\u00e1me napl\u00e1novan\u00e9 jedny z\u00a0najzauj\u00edmavej\u0161\u00edch podujat\u00ed sez\u00f3ny!<\/p>\n<p>(zdroje fotografi\u00ed: UCI\/ Tim de Waele\/Getty Images, FB\/UCI Alex Whitehead\/SWpix.com, FB\/AndreGreipel, UCI\/Daniel Kalisz\/Getty Images, FB\/UCICyclocross, FB\/World Bicycle Relief, FB\/UCI Alex Whitehead\/SWpix.com)<\/p>\n","protected":false},"excerpt":{"rendered":"<p>Svetov\u00e9 dianie ovplyvnilo aj chod cyklistiky. Nie je to samozrejme iba o\u00a0soci\u00e1lnych a\u00a0geopolitick\u00fdch z\u00e1le\u017eitostiach, ale taktie\u017e aj o\u00a0m\u00f3dnych trendoch. Ve\u010f [&hellip;]<\/p>\n","protected":false},"author":81,"featured_media":9392,"comment_status":"open","ping_status":"open","sticky":false,"template":"","format":"standard","meta":{"footnotes":""},"categories":[63],"tags":[148,198,115,1180,691,705,65,180,747,272,704,1040,423,254,746,152,251,419,556,355,106,269,886],"global-categories":[1074],"class_list":["post-9385","post","type-post","status-publish","format-standard","has-post-thumbnail","hentry","category-grand-tour","tag-andre-greipel","tag-caleb-ewan","tag-cestna-cyklistika","tag-draha","tag-elektrobicykel","tag-enduro-world-series","tag-giro-d-italia","tag-horska-cyklistika","tag-jozef-metelka","tag-majster-sveta","tag-mathieu-van-der-poel","tag-mesacna-desiatka","tag-milano-san-remo","tag-nemecko","tag-paracyklistika","tag-simon-yates","tag-spanielsko","tag-taliansko","tag-tim","tag-uci","tag-uci-worldtour","tag-vitaz","tag-vitazstvo","global-categories-cycling"],"yoast_head":"<!-- This site is optimized with the Yoast SEO Premium plugin v25.3 (Yoast SEO v25.9) - https:\/\/yoast.com\/wordpress\/plugins\/seo\/ -->\n<title>Mesa\u010dn\u00e1 desiatka - b\u00farliv\u00fd mesiac febru\u00e1r otriasol aj cyklistikou - \u0160koda We Love Cycling Slovensko<\/title>\n<meta name=\"robots\" content=\"index, follow, max-snippet:-1, max-image-preview:large, max-video-preview:-1\" \/>\n<link rel=\"canonical\" href=\"https:\/\/www.welovecycling.com\/sk\/2020\/02\/28\/mesacna-desiatka-burlivy-mesiac-februar-otriasol-aj-cyklistikou\/\" \/>\n<meta property=\"og:locale\" content=\"sk_SK\" \/>\n<meta property=\"og:type\" content=\"article\" \/>\n<meta property=\"og:title\" content=\"Mesa\u010dn\u00e1 desiatka - b\u00farliv\u00fd mesiac febru\u00e1r otriasol aj cyklistikou\" \/>\n<meta property=\"og:description\" content=\"Svetov\u00e9 dianie ovplyvnilo aj chod cyklistiky. Nie je to samozrejme iba o\u00a0soci\u00e1lnych a\u00a0geopolitick\u00fdch z\u00e1le\u017eitostiach, ale taktie\u017e aj o\u00a0m\u00f3dnych trendoch. Ve\u010f [&hellip;]\" \/>\n<meta property=\"og:url\" content=\"https:\/\/www.welovecycling.com\/sk\/2020\/02\/28\/mesacna-desiatka-burlivy-mesiac-februar-otriasol-aj-cyklistikou\/\" \/>\n<meta property=\"og:site_name\" content=\"\u0160koda We Love Cycling Slovensko\" \/>\n<meta property=\"article:published_time\" content=\"2020-02-28T08:00:27+00:00\" \/>\n<meta property=\"og:image\" content=\"https:\/\/d2p6e6u75xmxt8.cloudfront.net\/4\/2020\/02\/WLC_Mesa\u010dn\u00e1-febru\u00e1r_00.webp\" \/>\n\t<meta property=\"og:image:width\" content=\"1380\" \/>\n\t<meta property=\"og:image:height\" content=\"600\" \/>\n\t<meta property=\"og:image:type\" content=\"image\/webp\" \/>\n<meta name=\"twitter:card\" content=\"summary_large_image\" \/>\n<meta name=\"twitter:label1\" content=\"Written by\" \/>\n\t<meta name=\"twitter:data1\" content=\"WeLoveCycling\" \/>\n\t<meta name=\"twitter:label2\" content=\"Est. reading time\" \/>\n\t<meta name=\"twitter:data2\" content=\"6\" \/>\n<script type=\"application\/ld+json\" class=\"yoast-schema-graph\">{\"@context\":\"https:\/\/schema.org\",\"@graph\":[{\"@type\":\"WebPage\",\"@id\":\"https:\/\/www.welovecycling.com\/sk\/2020\/02\/28\/mesacna-desiatka-burlivy-mesiac-februar-otriasol-aj-cyklistikou\/\",\"url\":\"https:\/\/www.welovecycling.com\/sk\/2020\/02\/28\/mesacna-desiatka-burlivy-mesiac-februar-otriasol-aj-cyklistikou\/\",\"name\":\"Mesa\u010dn\u00e1 desiatka - b\u00farliv\u00fd mesiac febru\u00e1r otriasol aj cyklistikou - \u0160koda We Love Cycling Slovensko\",\"isPartOf\":{\"@id\":\"https:\/\/www.welovecycling.com\/sk\/#website\"},\"primaryImageOfPage\":{\"@id\":\"https:\/\/www.welovecycling.com\/sk\/2020\/02\/28\/mesacna-desiatka-burlivy-mesiac-februar-otriasol-aj-cyklistikou\/#primaryimage\"},\"image\":{\"@id\":\"https:\/\/www.welovecycling.com\/sk\/2020\/02\/28\/mesacna-desiatka-burlivy-mesiac-februar-otriasol-aj-cyklistikou\/#primaryimage\"},\"thumbnailUrl\":\"https:\/\/d2p6e6u75xmxt8.cloudfront.net\/4\/2020\/02\/WLC_Mesa\u010dn\u00e1-febru\u00e1r_00.webp\",\"datePublished\":\"2020-02-28T08:00:27+00:00\",\"author\":{\"@id\":\"\"},\"breadcrumb\":{\"@id\":\"https:\/\/www.welovecycling.com\/sk\/2020\/02\/28\/mesacna-desiatka-burlivy-mesiac-februar-otriasol-aj-cyklistikou\/#breadcrumb\"},\"inLanguage\":\"sk-SK\",\"potentialAction\":[{\"@type\":\"ReadAction\",\"target\":[\"https:\/\/www.welovecycling.com\/sk\/2020\/02\/28\/mesacna-desiatka-burlivy-mesiac-februar-otriasol-aj-cyklistikou\/\"]}]},{\"@type\":\"ImageObject\",\"inLanguage\":\"sk-SK\",\"@id\":\"https:\/\/www.welovecycling.com\/sk\/2020\/02\/28\/mesacna-desiatka-burlivy-mesiac-februar-otriasol-aj-cyklistikou\/#primaryimage\",\"url\":\"https:\/\/d2p6e6u75xmxt8.cloudfront.net\/4\/2020\/02\/WLC_Mesa\u010dn\u00e1-febru\u00e1r_00.webp\",\"contentUrl\":\"https:\/\/d2p6e6u75xmxt8.cloudfront.net\/4\/2020\/02\/WLC_Mesa\u010dn\u00e1-febru\u00e1r_00.webp\",\"width\":1380,\"height\":600},{\"@type\":\"BreadcrumbList\",\"@id\":\"https:\/\/www.welovecycling.com\/sk\/2020\/02\/28\/mesacna-desiatka-burlivy-mesiac-februar-otriasol-aj-cyklistikou\/#breadcrumb\",\"itemListElement\":[{\"@type\":\"ListItem\",\"position\":1,\"name\":\"Home\",\"item\":\"https:\/\/www.welovecycling.com\/sk\/\"},{\"@type\":\"ListItem\",\"position\":2,\"name\":\"Mesa\u010dn\u00e1 desiatka &#8211; b\u00farliv\u00fd mesiac febru\u00e1r otriasol aj cyklistikou\"}]},{\"@type\":\"WebSite\",\"@id\":\"https:\/\/www.welovecycling.com\/sk\/#website\",\"url\":\"https:\/\/www.welovecycling.com\/sk\/\",\"name\":\"\u0160koda We Love Cycling Slovensko\",\"description\":\"\u0160koda We Love Cycling Slovensko je v\u00e1\u0161 ka\u017edodenn\u00fd zdroj noviniek a in\u0161pir\u00e1cie z sveta cyklistiky\",\"potentialAction\":[{\"@type\":\"SearchAction\",\"target\":{\"@type\":\"EntryPoint\",\"urlTemplate\":\"https:\/\/www.welovecycling.com\/sk\/?s={search_term_string}\"},\"query-input\":{\"@type\":\"PropertyValueSpecification\",\"valueRequired\":true,\"valueName\":\"search_term_string\"}}],\"inLanguage\":\"sk-SK\"},{\"@type\":\"Person\",\"@id\":\"\",\"url\":\"https:\/\/www.welovecycling.com\/sk\/author\/\"}]}<\/script>\n<!-- \/ Yoast SEO Premium plugin. -->","yoast_head_json":{"title":"Mesa\u010dn\u00e1 desiatka - b\u00farliv\u00fd mesiac febru\u00e1r otriasol aj cyklistikou - \u0160koda We Love Cycling Slovensko","robots":{"index":"index","follow":"follow","max-snippet":"max-snippet:-1","max-image-preview":"max-image-preview:large","max-video-preview":"max-video-preview:-1"},"canonical":"https:\/\/www.welovecycling.com\/sk\/2020\/02\/28\/mesacna-desiatka-burlivy-mesiac-februar-otriasol-aj-cyklistikou\/","og_locale":"sk_SK","og_type":"article","og_title":"Mesa\u010dn\u00e1 desiatka - b\u00farliv\u00fd mesiac febru\u00e1r otriasol aj cyklistikou","og_description":"Svetov\u00e9 dianie ovplyvnilo aj chod cyklistiky. Nie je to samozrejme iba o\u00a0soci\u00e1lnych a\u00a0geopolitick\u00fdch z\u00e1le\u017eitostiach, ale taktie\u017e aj o\u00a0m\u00f3dnych trendoch. Ve\u010f [&hellip;]","og_url":"https:\/\/www.welovecycling.com\/sk\/2020\/02\/28\/mesacna-desiatka-burlivy-mesiac-februar-otriasol-aj-cyklistikou\/","og_site_name":"\u0160koda We Love Cycling Slovensko","article_published_time":"2020-02-28T08:00:27+00:00","og_image":[{"width":1380,"height":600,"url":"https:\/\/d2p6e6u75xmxt8.cloudfront.net\/4\/2020\/02\/WLC_Mesa\u010dn\u00e1-febru\u00e1r_00.webp","type":"image\/webp"}],"twitter_card":"summary_large_image","twitter_misc":{"Written by":"WeLoveCycling","Est. reading time":"6"},"schema":{"@context":"https:\/\/schema.org","@graph":[{"@type":"WebPage","@id":"https:\/\/www.welovecycling.com\/sk\/2020\/02\/28\/mesacna-desiatka-burlivy-mesiac-februar-otriasol-aj-cyklistikou\/","url":"https:\/\/www.welovecycling.com\/sk\/2020\/02\/28\/mesacna-desiatka-burlivy-mesiac-februar-otriasol-aj-cyklistikou\/","name":"Mesa\u010dn\u00e1 desiatka - b\u00farliv\u00fd mesiac febru\u00e1r otriasol aj cyklistikou - \u0160koda We Love Cycling Slovensko","isPartOf":{"@id":"https:\/\/www.welovecycling.com\/sk\/#website"},"primaryImageOfPage":{"@id":"https:\/\/www.welovecycling.com\/sk\/2020\/02\/28\/mesacna-desiatka-burlivy-mesiac-februar-otriasol-aj-cyklistikou\/#primaryimage"},"image":{"@id":"https:\/\/www.welovecycling.com\/sk\/2020\/02\/28\/mesacna-desiatka-burlivy-mesiac-februar-otriasol-aj-cyklistikou\/#primaryimage"},"thumbnailUrl":"https:\/\/d2p6e6u75xmxt8.cloudfront.net\/4\/2020\/02\/WLC_Mesa\u010dn\u00e1-febru\u00e1r_00.webp","datePublished":"2020-02-28T08:00:27+00:00","author":{"@id":""},"breadcrumb":{"@id":"https:\/\/www.welovecycling.com\/sk\/2020\/02\/28\/mesacna-desiatka-burlivy-mesiac-februar-otriasol-aj-cyklistikou\/#breadcrumb"},"inLanguage":"sk-SK","potentialAction":[{"@type":"ReadAction","target":["https:\/\/www.welovecycling.com\/sk\/2020\/02\/28\/mesacna-desiatka-burlivy-mesiac-februar-otriasol-aj-cyklistikou\/"]}]},{"@type":"ImageObject","inLanguage":"sk-SK","@id":"https:\/\/www.welovecycling.com\/sk\/2020\/02\/28\/mesacna-desiatka-burlivy-mesiac-februar-otriasol-aj-cyklistikou\/#primaryimage","url":"https:\/\/d2p6e6u75xmxt8.cloudfront.net\/4\/2020\/02\/WLC_Mesa\u010dn\u00e1-febru\u00e1r_00.webp","contentUrl":"https:\/\/d2p6e6u75xmxt8.cloudfront.net\/4\/2020\/02\/WLC_Mesa\u010dn\u00e1-febru\u00e1r_00.webp","width":1380,"height":600},{"@type":"BreadcrumbList","@id":"https:\/\/www.welovecycling.com\/sk\/2020\/02\/28\/mesacna-desiatka-burlivy-mesiac-februar-otriasol-aj-cyklistikou\/#breadcrumb","itemListElement":[{"@type":"ListItem","position":1,"name":"Home","item":"https:\/\/www.welovecycling.com\/sk\/"},{"@type":"ListItem","position":2,"name":"Mesa\u010dn\u00e1 desiatka &#8211; b\u00farliv\u00fd mesiac febru\u00e1r otriasol aj cyklistikou"}]},{"@type":"WebSite","@id":"https:\/\/www.welovecycling.com\/sk\/#website","url":"https:\/\/www.welovecycling.com\/sk\/","name":"\u0160koda We Love Cycling Slovensko","description":"\u0160koda We Love Cycling Slovensko je v\u00e1\u0161 ka\u017edodenn\u00fd zdroj noviniek a in\u0161pir\u00e1cie z sveta cyklistiky","potentialAction":[{"@type":"SearchAction","target":{"@type":"EntryPoint","urlTemplate":"https:\/\/www.welovecycling.com\/sk\/?s={search_term_string}"},"query-input":{"@type":"PropertyValueSpecification","valueRequired":true,"valueName":"search_term_string"}}],"inLanguage":"sk-SK"},{"@type":"Person","@id":"","url":"https:\/\/www.welovecycling.com\/sk\/author\/"}]}},"_links":{"self":[{"href":"https:\/\/www.welovecycling.com\/sk\/wp-json\/wp\/v2\/posts\/9385","targetHints":{"allow":["GET"]}}],"collection":[{"href":"https:\/\/www.welovecycling.com\/sk\/wp-json\/wp\/v2\/posts"}],"about":[{"href":"https:\/\/www.welovecycling.com\/sk\/wp-json\/wp\/v2\/types\/post"}],"author":[{"embeddable":true,"href":"https:\/\/www.welovecycling.com\/sk\/wp-json\/wp\/v2\/users\/81"}],"replies":[{"embeddable":true,"href":"https:\/\/www.welovecycling.com\/sk\/wp-json\/wp\/v2\/comments?post=9385"}],"version-history":[{"count":2,"href":"https:\/\/www.welovecycling.com\/sk\/wp-json\/wp\/v2\/posts\/9385\/revisions"}],"predecessor-version":[{"id":9405,"href":"https:\/\/www.welovecycling.com\/sk\/wp-json\/wp\/v2\/posts\/9385\/revisions\/9405"}],"wp:featuredmedia":[{"embeddable":true,"href":"https:\/\/www.welovecycling.com\/sk\/wp-json\/wp\/v2\/media\/9392"}],"wp:attachment":[{"href":"https:\/\/www.welovecycling.com\/sk\/wp-json\/wp\/v2\/media?parent=9385"}],"wp:term":[{"taxonomy":"category","embeddable":true,"href":"https:\/\/www.welovecycling.com\/sk\/wp-json\/wp\/v2\/categories?post=9385"},{"taxonomy":"post_tag","embeddable":true,"href":"https:\/\/www.welovecycling.com\/sk\/wp-json\/wp\/v2\/tags?post=9385"},{"taxonomy":"global-categories","embeddable":true,"href":"https:\/\/www.welovecycling.com\/sk\/wp-json\/wp\/v2\/global-categories?post=9385"}],"curies":[{"name":"wp","href":"https:\/\/api.w.org\/{rel}","templated":true}]}}