{"id":9356,"date":"2020-03-02T09:58:46","date_gmt":"2020-03-02T08:58:46","guid":{"rendered":"https:\/\/www.welovecycling.com\/sk\/?p=9356"},"modified":"2020-02-27T09:59:19","modified_gmt":"2020-02-27T08:59:19","slug":"zenska-uci-world-tour-5-pretekarok-ktore-sa-oplati-v-roku-2020-sledovat","status":"publish","type":"post","link":"https:\/\/www.welovecycling.com\/sk\/2020\/03\/02\/zenska-uci-world-tour-5-pretekarok-ktore-sa-oplati-v-roku-2020-sledovat\/","title":{"rendered":"\u017densk\u00e1 UCI World Tour: 5 pretek\u00e1rok, ktor\u00e9 sa oplat\u00ed v roku 2020 sledova\u0165"},"content":{"rendered":"<p><strong>Svetov\u00e1 \u017eensk\u00e1 UCI World Tour 2020 je u\u017e v plnom pr\u00fade a po\u010das tejto sez\u00f3ny pon\u00fakne a\u017e 21&nbsp;podujat\u00ed v 10 krajin\u00e1ch. V\u010faka nav\u00fd\u0161enej finan\u010dnej podpore \u017eenskej cyklistiky a zlep\u0161eniu podmienok pre telev\u00edzne vysielanie, bude ove\u013ea jednoduch\u0161ie sledova\u0165 tieto podujatia z pohodlia domova. Od povestn\u00fdch horsk\u00fdch s\u00fabojov k hektick\u00fdm r\u00fdchlostn\u00fdm \u0161printom &#8211; kalend\u00e1r je naplnen\u00fd \u0161irokou \u0161k\u00e1lou pretekov, z ktor\u00fdch si vyberie ka\u017ed\u00fd pod\u013ea svojej chuti. S tak\u00fdm mno\u017estvom \u017eivej akcie bude mo\u017eno ne\u013eahk\u00e9 vyzna\u0165 sa v tom, na koho upriami\u0165 svoj zrak.<\/strong><!--more--><\/p>\n<p>O tom, \u017ee po\u010das nasleduj\u00facich mesiacov <strong>m\u00f4\u017eeme v \u017eenskej cyklistike o\u010dak\u00e1va\u0165 ve\u013ek\u00e9 veci od ve\u013ek\u00fdch pretek\u00e1rov<\/strong>, niet poch\u00fdb. Annemiek van Vleuten, Anna van der Breggen, Marianna Vos, Katarzyna Niewiadoma a Marta Bastianelli sa nach\u00e1dzaj\u00fa na poz\u00edci\u00e1ch favoritiek, av\u0161ak kto e\u0161te dok\u00e1\u017ee zasiahnu\u0165 do bojov o prvenstv\u00e1 a sl\u00e1vu? <strong>Pon\u00fakame v\u00e1m nieko\u013eko tipov.<\/strong><\/p>\n<div class=\"shortcode-ys-post-pinup\"><article class=\"loop-simple post-9186 post type-post status-publish format-standard has-post-thumbnail hentry category-grand-tour tag-bicyklovanie tag-cestna-cyklistika tag-cestny-bicykel tag-cyklistika tag-horska-cyklistika tag-jazdenie tag-muzi tag-odmena tag-podpora tag-preteky tag-profesional tag-sport tag-svet tag-tim tag-uci tag-uci-worldtour tag-zenska-cyklistika tag-zeny\" data-postid=\"9186\" role=\"article\" data-post-id=\"9186\" data-word-count=\"751\" data-headline-length=\"59\" data-category=\"Profesion\u00e1li\" data-author=\"Megan Flottorp\" data-published=\"2020-02-03T08:48:32+01:00\" data-published-day=\"Monday\">\n    <div class=\"entry-thumbnail article-thumbnail\" content=\"https:\/\/d2p6e6u75xmxt8.cloudfront.net\/4\/2020\/01\/Sanne-Cant-CVR-profimedia-0490351606-150x150.webp\"><a href=\"https:\/\/www.welovecycling.com\/sk\/2020\/02\/03\/akym-vyzvam-bude-v-roku-2020-celit-zenska-cyklistika\/\" class=\"image-holder\" target=\"_self\"><img decoding=\"async\" loading=\"lazy\" class=\"\" src=\"https:\/\/d2p6e6u75xmxt8.cloudfront.net\/4\/2020\/01\/Sanne-Cant-CVR-profimedia-0490351606-1024x450.webp\" srcset=\"https:\/\/d2p6e6u75xmxt8.cloudfront.net\/4\/2020\/01\/Sanne-Cant-CVR-profimedia-0490351606.webp 1366w, https:\/\/d2p6e6u75xmxt8.cloudfront.net\/4\/2020\/01\/Sanne-Cant-CVR-profimedia-0490351606-300x132.webp 300w, https:\/\/d2p6e6u75xmxt8.cloudfront.net\/4\/2020\/01\/Sanne-Cant-CVR-profimedia-0490351606-1024x450.webp 1024w, https:\/\/d2p6e6u75xmxt8.cloudfront.net\/4\/2020\/01\/Sanne-Cant-CVR-profimedia-0490351606-768x337.webp 768w\" width=\"1024\" height=\"450\" sizes=\"auto, (min-width: 1200px) 456px, (min-width: 768px) 38vw, 100vw\" alt=\"akym-vyzvam-bude-v-roku-2020-celit-zenska-cyklistika\"\/><\/a><\/div>    <div class=\"entry-meta\">\n        <a class=\"label label-secondary post-category\" href=\"https:\/\/www.welovecycling.com\/sk\/category\/grand-tour\/\" title=\"Profesion\u00e1li\">Profesion\u00e1li<\/a>\n    <\/div>\n    <div class=\"entry-details\">\n        <a href=\"https:\/\/www.welovecycling.com\/sk\/2020\/02\/03\/akym-vyzvam-bude-v-roku-2020-celit-zenska-cyklistika\/\" class='entry-title-wrapper'>\n            <h3 class=\"entry-title\"><span>Ak\u00fdm v\u00fdzvam bude v roku 2020 \u010deli\u0165 \u017eensk\u00e1 cyklistika?<\/span><\/h3>\n        <\/a>\n    <\/div>\n    <\/article>\n<\/div>\n<h2><strong>Jessica Pratt<\/strong><\/h2>\n<p>Po tom, \u010do bola vybran\u00e1 z bal\u00edka 9 000 pretek\u00e1rok, sa Jessica Pratt stala poslednou jazdky\u0148ou, <strong>ktor\u00e1 \u201cvyhrala\u201d profesion\u00e1lny kontrakt pre rok 2020 v t\u00edme Canyon\/Sram<\/strong>. A to pomocou Zwift Academy programu. Po jej v\u00fdnimo\u010dn\u00fdch v\u00fdkonoch na poslednom tr\u00e9ningovom kempe v \u0160panielsku, Pratt porazila aj jej s\u00faperky z ju\u017enej pologule, Catherine Colyn z Ju\u017enej Afriky a Samaru Shepard z Nov\u00e9ho Z\u00e9landu. Bol to najtesnej\u0161\u00ed fini\u0161 v \u0161tvorro\u010dnej hist\u00f3rii pretekov. Svoj titul z\u00edskala po tom, ako si prekliesnila cestu cez 8 online cvi\u010den\u00ed a 4 skupinov\u00e9 jazdy. S ve\u013ekolep\u00fdm vstupom do tejto sez\u00f3ny opanovala \u0161tvrt\u00e9 miesto mlad\u00fdch pretek\u00e1rok na podujat\u00ed \u017eensk\u00e9ho Tour Down Under v janu\u00e1ri tohto roku. Tieto inform\u00e1cie len ukazuj\u00fa, \u017ee o nej v tomto roku e\u0161te budeme po\u010du\u0165.<\/p>\n<div class=\"embed-controller-wrapper\">\n<blockquote class=\"twitter-tweet\" data-width=\"500\" data-dnt=\"true\">\n<p lang=\"en\" dir=\"ltr\">First race with <a href=\"https:\/\/twitter.com\/WMNcycling?ref_src=twsrc%5Etfw\">@WMNcycling<\/a>, first top 10 GC for <a href=\"https:\/\/twitter.com\/jesspratt97?ref_src=twsrc%5Etfw\">@jesspratt97<\/a>. Welcome to the big leagues, Jess!<br \/>\ud83d\udcf7 <a href=\"https:\/\/twitter.com\/velofocus?ref_src=twsrc%5Etfw\">@velofocus<\/a> | <a href=\"https:\/\/twitter.com\/hashtag\/eTapAXS?src=hash&amp;ref_src=twsrc%5Etfw\">#eTapAXS<\/a> <a href=\"https:\/\/t.co\/dWsJmnomsv\">pic.twitter.com\/dWsJmnomsv<\/a><\/p>\n<p>&mdash; SRAM Road (@SRAMroad) <a href=\"https:\/\/twitter.com\/SRAMroad\/status\/1218972410998919170?ref_src=twsrc%5Etfw\">January 19, 2020<\/a><\/p><\/blockquote>\n<p><script async data-src=\"https:\/\/platform.twitter.com\/widgets.js\" charset=\"utf-8\"><\/script><\/div>\n<h2><strong>Lorena Weibes<\/strong><\/h2>\n<p>O skuto\u010dnosti, \u017ee rok 2019 bol pre Lorenu Wiebes \u0161ialen\u00fd, netreba diskutova\u0165. Sta\u010d\u00ed sa pozrie\u0165 na nieko\u013eko hlavn\u00fdch momentov: od porazenia Marianne Vos, z\u00edskania titulu holandskej \u0161ampi\u00f3nky vo veku len 20 rokov alebo prip\u00edsanie si 19 ve\u013ek\u00fdch v\u00ed\u0165azstiev. Jej vzostup k vrcholu \u017eenskej cyklistiky mal parametre rozpr\u00e1vkov\u00e9ho z\u00e1zraku. <strong>A to je e\u0161te len za\u010diatok.<\/strong> Aj ke\u010f sa v \u00favode tohto roku pot\u00fdkala s probl\u00e9mom v r\u00e1mci svojho doteraj\u0161ieho t\u00edmu, Parkhotel Valkenberg. Probl\u00e9m spo\u010d\u00edval na ot\u00e1zke ukon\u010denia kontraktu, no priebeh zimnej a jarnej \u010dasti ost\u00e1va pre Lauren nezmenen\u00fd. Po\u010das prvej polovice tohto roka bude oblieka\u0165 dres tohto zoskupenia. Av\u0161ak od 1. j\u00fana bude len na nej, pre ktor\u00fd z v\u00e4\u010d\u0161\u00edch t\u00edmov sa rozhodne. V s\u00fa\u010dasnosti je ot\u00e1zka bud\u00faceho t\u00edmu st\u00e1le neist\u00e1. Jedin\u00e9 \u010do vieme, je skuto\u010dnos\u0165, <strong>\u017ee mieri na tie najvy\u0161\u0161ie prie\u010dky<\/strong>.<\/p>\n<h2><strong>Leigh Ann Ganzar<\/strong><\/h2>\n<p>Ani v pr\u00edpade Leigh Ann Ganzar, pretek\u00e1rky UCI \u017eensk\u00e9ho kontinent\u00e1lneho t\u00edmu Rally Cycling, nebola sez\u00f3na 2019 sklaman\u00edm. T\u00e1to 30 ro\u010dn\u00e1 Ameri\u010danka sa dok\u00e1zala postavi\u0165 na p\u00f3dium podujatia World Tour, vyhra\u0165 prv\u00e9 preteky v kateg\u00f3rii UCI a v neposlednom rade aj ok\u00fasila nemilosrdn\u00e9 podmienky na eur\u00f3pskych klasik\u00e1ch. V m\u00e1ji minul\u00e9ho roku <strong>zaznamenala vrchol svojej kari\u00e9ry<\/strong>, ke\u010f sa v poslednej etape Amgen Tour of California umiestnila na 3. mieste a z\u00e1rove\u0148 vyhrala Winston-Salem Cycling Classic o t\u00fd\u017ede\u0148 nesk\u00f4r. Tieto v\u00fdkony len podtrhli jej r\u00fdchly vzostup po\u010das posledn\u00fdch 4 rokov v profesion\u00e1lnej cyklistike. Za\u010d\u00ednala v\u0161ak ako be\u017eky\u0148a. Po zranen\u00ed v roku 2015 si ale vybrala cyklistiku ako jej nov\u00e9 p\u00f4sobisko a od tohto momentu sa u\u017e nepozerala za seba. Aj za tak\u00fd kr\u00e1tky \u010das sa dok\u00e1zala prezentova\u0165 ako <strong>univerz\u00e1lna pretek\u00e1rka<\/strong>, ktor\u00e1 dok\u00e1\u017ee excelova\u0165 v \u0161printoch, klasick\u00fdch etap\u00e1ch a \u010dasovk\u00e1ch. Na Colorado Classic skon\u010dila v prvej desiatke kopcovitej \u010dasovky, a to aj navzdory tomu, \u017ee oproti svojim s\u00faperk\u00e1m, vybaven\u00fdm aerodynamick\u00fdmi strojmi, pretekala na klasickom cestnom bicykli. Zvykli sme si teda od nej o\u010dak\u00e1va\u0165 neo\u010dak\u00e1van\u00e9 &#8211; ver\u00edme, \u017ee o nej v nasleduj\u00facich mesiacoch budeme e\u0161te ve\u013ea po\u010du\u0165.<\/p>\n<div class=\"embed-controller-wrapper\">\n<blockquote class=\"twitter-tweet\" data-width=\"500\" data-dnt=\"true\">\n<p lang=\"en\" dir=\"ltr\">The ladies mean business at the <a href=\"https:\/\/twitter.com\/hashtag\/TourDownUnder?src=hash&amp;ref_src=twsrc%5Etfw\">#TourDownUnder<\/a>. On stage 3, <a href=\"https:\/\/twitter.com\/LAganzar?ref_src=twsrc%5Etfw\">@LAganzar<\/a> got caught at 1 km to go and won Most Aggressive while <a href=\"https:\/\/twitter.com\/chloe_hosking?ref_src=twsrc%5Etfw\">@chloe_hosking<\/a> sprinted to fifth and moved into fourth on GC. <\/p>\n<p>There\u2019s so much going on we wrote a story about it \ud83d\udc47<a href=\"https:\/\/t.co\/9XWH2NtdHA\">https:\/\/t.co\/9XWH2NtdHA<\/a> <a href=\"https:\/\/t.co\/12phmxMa4E\">pic.twitter.com\/12phmxMa4E<\/a><\/p>\n<p>&mdash; Human Powered Health Cycling (@hphcycling) <a href=\"https:\/\/twitter.com\/hphcycling\/status\/1218573822900822017?ref_src=twsrc%5Etfw\">January 18, 2020<\/a><\/p><\/blockquote>\n<p><script async data-src=\"https:\/\/platform.twitter.com\/widgets.js\" charset=\"utf-8\"><\/script><\/div>\n<h2><strong>Brodie Chapman<\/strong><\/h2>\n<p>Po dvoch sez\u00f3nach s americk\u00fdm t\u00edmom Tibco-SVB, austr\u00e1lska pretek\u00e1rka Brodie Chapman <strong>podp\u00edsala zmluvu s FDJ Nouvelle Aquitaine Futuroscope pre rok 2020<\/strong>. Gener\u00e1lny mana\u017e\u00e9r, Stephen Delcourt, povedal pre Cycling Tips, \u017ee <em>\u201epr\u00edchod Brodie poukazuje na amb\u00edcie t\u00edmu v sez\u00f3ne 2020. Brodie je jednou z najlep\u0161\u00edch vrch\u00e1rok na svete, ako to preuk\u00e1zala aj na Tour of California, na Colorado Classic a na Fl\u00e9che Wallonne.\u201c<\/em> Naozaj, odkedy v janu\u00e1ri 2018 vyhrala \u00favodn\u00fa \u017eensk\u00fa Herald&nbsp;Sun Tour, jej kari\u00e9rny vzostup <strong>poukazoval na jej nev\u0161edn\u00e9 kvality v profipelot\u00f3ne<\/strong>. Rok 2019 bol rovnako \u00faspe\u0161n\u00fd, \u010do potvrdzuje 5 ne\u013eahk\u00fdch v\u00ed\u0165azstiev, druh\u00e9 miesto v etape a v celkovej klasifik\u00e1cii na Colorado Classic v auguste. S nov\u00fdm t\u00edmom, ktor\u00fd ju bude podporova\u0165 ako jednu z l\u00edderiek, m\u00f4\u017eeme od tejto jazdkyne \u010daka\u0165 \u010fal\u0161\u00ed rast a posun k popredn\u00fdm prie\u010dkam svetovej cyklistiky.<\/p>\n<h2><strong>Liane Lippert<\/strong><\/h2>\n<p>Nemka, Liane Lippert za\u017eila fantastick\u00fd \u0161tart tohto roku v podobe <strong>druh\u00e9ho miesta v celkovom hodnoten\u00ed Tour Down Under<\/strong> a dozaista sa st\u00e1va pretek\u00e1rkou, na ktor\u00fa si treba d\u00e1va\u0165 pozor. V silnom da\u017edi dok\u00e1zala t\u00e1to 22-ro\u010dn\u00e1 pretek\u00e1rka, jazdiaca za t\u00edm Sunweb, pre\u0165a\u0165 cie\u013eov\u00fa p\u00e1sku s oboma rukami nad hlavou a <strong>potvrdi\u0165 tak svoj najv\u00e4\u010d\u0161\u00ed \u00faspech doteraj\u0161ej kari\u00e9ry<\/strong>. Od roku 2013 bola Liane ka\u017edoro\u010dne nominovan\u00e1 v nemeckom n\u00e1rodnom t\u00edme, a\u017e pokia\u013e nez\u00edskala jej prv\u00fa profesion\u00e1lnu zmluvu v roku 2017. Od tejto doby to bol neust\u00e1ly posun vpred. Pr\u00e1ve kv\u00f4li tohtoro\u010dn\u00e9mu grandi\u00f3znemu v\u00ed\u0165azstvu m\u00f4\u017ee z\u00edska\u0165 potrebn\u00fa odvahu a presadi\u0165 sa aj na \u010fal\u0161\u00edch podujatiach.<\/p>\n<p>https:\/\/www.instagram.com\/p\/B7gHjg3ITtE\/?utm_source=ig_embed<\/p>\n<p>Ako m\u00f4\u017eeme vidie\u0165, v s\u00fa\u010dasnosti je profesion\u00e1lny pelot\u00f3n \u017eien <strong>naplnen\u00fd desiatkami kvalitn\u00fdch pretek\u00e1rok<\/strong>. Po\u010das postupn\u00e9ho priebehu sez\u00f3ny budeme svedkami \u010fal\u0161\u00edch a \u010fal\u0161\u00edch monument\u00e1lnych chv\u00ed\u013e, ktor\u00e9 ur\u010dite prep\u00ed\u0161u hist\u00f3riu cyklistiky. Tu je cel\u00fd <strong>zoznam podujat\u00ed<\/strong>, ktor\u00e9 n\u00e1s e\u0161te len \u010dakaj\u00fa.<\/p>\n<p><strong>1.<\/strong> 7. marec &#8211; Strade Bianchi (Taliansko)<br \/>\n<strong>2.<\/strong> 15. marec &#8211; Ronde van Drenthe (Holandsko)<br \/>\n<strong>3.<\/strong> 22. marec &#8211; Trofeo Alfredo Binda &#8211; Comune di Cittiglio (Taliansko)<br \/>\n<strong>4.<\/strong> 26. marec &#8211; AG Driedaagse Brugge &#8211; De Panne (Belgicko)<br \/>\n<strong>5.<\/strong> 29. marec &#8211; Gent &#8211; Wevelgem na Fl\u00e1mskych poliach (Belgicko)<br \/>\n<strong>6.<\/strong> 5. apr\u00edl &#8211; Ronde van Vlaanderen (Belgicko)<br \/>\n<strong>7.<\/strong> 19. apr\u00edl &#8211; Amstel Gold Race Ladies (Holandsko)<br \/>\n<strong>8.<\/strong> 22. apr\u00edl &#8211; Val\u00f3nsky \u0161\u00edp (Belgicko)<br \/>\n<strong>9.<\/strong> 26. apr\u00edl &#8211; Li\u00e8ge \u2013 Bastogne \u2013 Li\u00e8ge (Belgicko)<br \/>\n<strong>10.<\/strong> 7. &#8211; 9. m\u00e1j &#8211; Tour of Chongming Island UCI (China)<br \/>\n<strong>11.<\/strong> 8. &#8211; 13. j\u00fan &#8211; OVO Energy Women Tour (Ve\u013ek\u00e1 Brit\u00e1nia)<br \/>\n<strong>12.<\/strong> 26. j\u00fan &#8211; 5. j\u00fal &#8211; Giro d\u02b9Italia Internazionale Femminile (Taliansko)<br \/>\n<strong>13.<\/strong> 10. j\u00fal &#8211; La Course by Le Tour de France (Franc\u00fazsko)<br \/>\n<strong>14.<\/strong> 8. august &#8211; Postnord UCI WWT V\u00e5rg\u00e5rda West Sweden t\u00edmov\u00e1 \u010dasovka (\u0160v\u00e9dsko)<br \/>\n<strong>15.<\/strong> 9. august &#8211; Postnord UCI WWT V\u00e5rg\u00e5rda West Sweden cestn\u00e9 preteky (\u0160v\u00e9dsko)<br \/>\n<strong>16.<\/strong> 13. &#8211; 16. august &#8211; Ladies Tour of Norway (N\u00f3rsko)<br \/>\n<strong>17.<\/strong> 22. august &#8211; GP de Plouay &#8211; Lorien Agglom\u00e9ration Troph\u00e9e WNT (Franc\u00fazsko)<br \/>\n<strong>18.<\/strong> 25. &#8211; 30. august &#8211; Boels Ladies Tour (Holandsko)<br \/>\n<strong>19.<\/strong> 5. &#8211; 6. september &#8211; CERATIZIT Madrid Challenge by La Vuelta (\u0160panielsko)<br \/>\n<strong>20.<\/strong> 20. okt\u00f3ber &#8211; Tour of Guangxi &#8211; UCI Women\u02b9s World Tour (\u010c\u00edna)<\/p>\n","protected":false},"excerpt":{"rendered":"<p>Svetov\u00e1 \u017eensk\u00e1 UCI World Tour 2020 je u\u017e v plnom pr\u00fade a po\u010das tejto sez\u00f3ny pon\u00fakne a\u017e 21&nbsp;podujat\u00ed v 10 [&hellip;]<\/p>\n","protected":false},"author":81,"featured_media":9360,"comment_status":"open","ping_status":"open","sticky":false,"template":"","format":"standard","meta":{"footnotes":""},"categories":[63],"tags":[619,115,546,331,878,532,1153,178,176,179,885,256,602,556,451,55,355,106,269,886,318,659,475],"global-categories":[],"class_list":["post-9356","post","type-post","status-publish","format-standard","has-post-thumbnail","hentry","category-grand-tour","tag-bicyklovanie","tag-cestna-cyklistika","tag-cyklistika","tag-etapove-preteky","tag-favorit","tag-jazdenie","tag-kariera","tag-maraton","tag-peloton","tag-preteky","tag-profesional","tag-sezona","tag-sunweb","tag-tim","tag-tour-of-california","tag-trening","tag-uci","tag-uci-worldtour","tag-vitaz","tag-vitazstvo","tag-vyjazd","tag-zenska-cyklistika","tag-zeny"],"yoast_head":"<!-- This site is optimized with the Yoast SEO Premium plugin v25.3 (Yoast SEO v25.9) - https:\/\/yoast.com\/wordpress\/plugins\/seo\/ -->\n<title>\u017densk\u00e1 UCI World Tour: 5 pretek\u00e1rok, ktor\u00e9 sa oplat\u00ed v roku 2020 sledova\u0165 - \u0160koda We Love Cycling Slovensko<\/title>\n<meta name=\"robots\" content=\"index, follow, max-snippet:-1, max-image-preview:large, max-video-preview:-1\" \/>\n<link rel=\"canonical\" href=\"https:\/\/www.welovecycling.com\/sk\/2020\/03\/02\/zenska-uci-world-tour-5-pretekarok-ktore-sa-oplati-v-roku-2020-sledovat\/\" \/>\n<meta property=\"og:locale\" content=\"sk_SK\" \/>\n<meta property=\"og:type\" content=\"article\" \/>\n<meta property=\"og:title\" content=\"\u017densk\u00e1 UCI World Tour: 5 pretek\u00e1rok, ktor\u00e9 sa oplat\u00ed v roku 2020 sledova\u0165\" \/>\n<meta property=\"og:description\" content=\"Svetov\u00e1 \u017eensk\u00e1 UCI World Tour 2020 je u\u017e v plnom pr\u00fade a po\u010das tejto sez\u00f3ny pon\u00fakne a\u017e 21&nbsp;podujat\u00ed v 10 [&hellip;]\" \/>\n<meta property=\"og:url\" content=\"https:\/\/www.welovecycling.com\/sk\/2020\/03\/02\/zenska-uci-world-tour-5-pretekarok-ktore-sa-oplati-v-roku-2020-sledovat\/\" \/>\n<meta property=\"og:site_name\" content=\"\u0160koda We Love Cycling Slovensko\" \/>\n<meta property=\"article:published_time\" content=\"2020-03-02T08:58:46+00:00\" \/>\n<meta property=\"og:image\" content=\"https:\/\/d2p6e6u75xmxt8.cloudfront.net\/4\/2020\/02\/Women-Cycling-CVR-profimedia-0493306541.webp\" \/>\n\t<meta property=\"og:image:width\" content=\"1366\" \/>\n\t<meta property=\"og:image:height\" content=\"600\" \/>\n\t<meta property=\"og:image:type\" content=\"image\/webp\" \/>\n<meta name=\"twitter:card\" content=\"summary_large_image\" \/>\n<meta name=\"twitter:label1\" content=\"Written by\" \/>\n\t<meta name=\"twitter:data1\" content=\"Megan Flottorp\" \/>\n\t<meta name=\"twitter:label2\" content=\"Est. reading time\" \/>\n\t<meta name=\"twitter:data2\" content=\"7\" \/>\n<script type=\"application\/ld+json\" class=\"yoast-schema-graph\">{\"@context\":\"https:\/\/schema.org\",\"@graph\":[{\"@type\":\"WebPage\",\"@id\":\"https:\/\/www.welovecycling.com\/sk\/2020\/03\/02\/zenska-uci-world-tour-5-pretekarok-ktore-sa-oplati-v-roku-2020-sledovat\/\",\"url\":\"https:\/\/www.welovecycling.com\/sk\/2020\/03\/02\/zenska-uci-world-tour-5-pretekarok-ktore-sa-oplati-v-roku-2020-sledovat\/\",\"name\":\"\u017densk\u00e1 UCI World Tour: 5 pretek\u00e1rok, ktor\u00e9 sa oplat\u00ed v roku 2020 sledova\u0165 - \u0160koda We Love Cycling Slovensko\",\"isPartOf\":{\"@id\":\"https:\/\/www.welovecycling.com\/sk\/#website\"},\"primaryImageOfPage\":{\"@id\":\"https:\/\/www.welovecycling.com\/sk\/2020\/03\/02\/zenska-uci-world-tour-5-pretekarok-ktore-sa-oplati-v-roku-2020-sledovat\/#primaryimage\"},\"image\":{\"@id\":\"https:\/\/www.welovecycling.com\/sk\/2020\/03\/02\/zenska-uci-world-tour-5-pretekarok-ktore-sa-oplati-v-roku-2020-sledovat\/#primaryimage\"},\"thumbnailUrl\":\"https:\/\/d2p6e6u75xmxt8.cloudfront.net\/4\/2020\/02\/Women-Cycling-CVR-profimedia-0493306541.webp\",\"datePublished\":\"2020-03-02T08:58:46+00:00\",\"author\":{\"@id\":\"\"},\"breadcrumb\":{\"@id\":\"https:\/\/www.welovecycling.com\/sk\/2020\/03\/02\/zenska-uci-world-tour-5-pretekarok-ktore-sa-oplati-v-roku-2020-sledovat\/#breadcrumb\"},\"inLanguage\":\"sk-SK\",\"potentialAction\":[{\"@type\":\"ReadAction\",\"target\":[\"https:\/\/www.welovecycling.com\/sk\/2020\/03\/02\/zenska-uci-world-tour-5-pretekarok-ktore-sa-oplati-v-roku-2020-sledovat\/\"]}]},{\"@type\":\"ImageObject\",\"inLanguage\":\"sk-SK\",\"@id\":\"https:\/\/www.welovecycling.com\/sk\/2020\/03\/02\/zenska-uci-world-tour-5-pretekarok-ktore-sa-oplati-v-roku-2020-sledovat\/#primaryimage\",\"url\":\"https:\/\/d2p6e6u75xmxt8.cloudfront.net\/4\/2020\/02\/Women-Cycling-CVR-profimedia-0493306541.webp\",\"contentUrl\":\"https:\/\/d2p6e6u75xmxt8.cloudfront.net\/4\/2020\/02\/Women-Cycling-CVR-profimedia-0493306541.webp\",\"width\":1366,\"height\":600},{\"@type\":\"BreadcrumbList\",\"@id\":\"https:\/\/www.welovecycling.com\/sk\/2020\/03\/02\/zenska-uci-world-tour-5-pretekarok-ktore-sa-oplati-v-roku-2020-sledovat\/#breadcrumb\",\"itemListElement\":[{\"@type\":\"ListItem\",\"position\":1,\"name\":\"Home\",\"item\":\"https:\/\/www.welovecycling.com\/sk\/\"},{\"@type\":\"ListItem\",\"position\":2,\"name\":\"\u017densk\u00e1 UCI World Tour: 5 pretek\u00e1rok, ktor\u00e9 sa oplat\u00ed v roku 2020 sledova\u0165\"}]},{\"@type\":\"WebSite\",\"@id\":\"https:\/\/www.welovecycling.com\/sk\/#website\",\"url\":\"https:\/\/www.welovecycling.com\/sk\/\",\"name\":\"\u0160koda We Love Cycling Slovensko\",\"description\":\"\u0160koda We Love Cycling Slovensko je v\u00e1\u0161 ka\u017edodenn\u00fd zdroj noviniek a in\u0161pir\u00e1cie z sveta cyklistiky\",\"potentialAction\":[{\"@type\":\"SearchAction\",\"target\":{\"@type\":\"EntryPoint\",\"urlTemplate\":\"https:\/\/www.welovecycling.com\/sk\/?s={search_term_string}\"},\"query-input\":{\"@type\":\"PropertyValueSpecification\",\"valueRequired\":true,\"valueName\":\"search_term_string\"}}],\"inLanguage\":\"sk-SK\"},{\"@type\":\"Person\",\"@id\":\"\",\"url\":\"https:\/\/www.welovecycling.com\/sk\/author\/\"}]}<\/script>\n<!-- \/ Yoast SEO Premium plugin. -->","yoast_head_json":{"title":"\u017densk\u00e1 UCI World Tour: 5 pretek\u00e1rok, ktor\u00e9 sa oplat\u00ed v roku 2020 sledova\u0165 - \u0160koda We Love Cycling Slovensko","robots":{"index":"index","follow":"follow","max-snippet":"max-snippet:-1","max-image-preview":"max-image-preview:large","max-video-preview":"max-video-preview:-1"},"canonical":"https:\/\/www.welovecycling.com\/sk\/2020\/03\/02\/zenska-uci-world-tour-5-pretekarok-ktore-sa-oplati-v-roku-2020-sledovat\/","og_locale":"sk_SK","og_type":"article","og_title":"\u017densk\u00e1 UCI World Tour: 5 pretek\u00e1rok, ktor\u00e9 sa oplat\u00ed v roku 2020 sledova\u0165","og_description":"Svetov\u00e1 \u017eensk\u00e1 UCI World Tour 2020 je u\u017e v plnom pr\u00fade a po\u010das tejto sez\u00f3ny pon\u00fakne a\u017e 21&nbsp;podujat\u00ed v 10 [&hellip;]","og_url":"https:\/\/www.welovecycling.com\/sk\/2020\/03\/02\/zenska-uci-world-tour-5-pretekarok-ktore-sa-oplati-v-roku-2020-sledovat\/","og_site_name":"\u0160koda We Love Cycling Slovensko","article_published_time":"2020-03-02T08:58:46+00:00","og_image":[{"width":1366,"height":600,"url":"https:\/\/d2p6e6u75xmxt8.cloudfront.net\/4\/2020\/02\/Women-Cycling-CVR-profimedia-0493306541.webp","type":"image\/webp"}],"twitter_card":"summary_large_image","twitter_misc":{"Written by":"Megan Flottorp","Est. reading time":"7"},"schema":{"@context":"https:\/\/schema.org","@graph":[{"@type":"WebPage","@id":"https:\/\/www.welovecycling.com\/sk\/2020\/03\/02\/zenska-uci-world-tour-5-pretekarok-ktore-sa-oplati-v-roku-2020-sledovat\/","url":"https:\/\/www.welovecycling.com\/sk\/2020\/03\/02\/zenska-uci-world-tour-5-pretekarok-ktore-sa-oplati-v-roku-2020-sledovat\/","name":"\u017densk\u00e1 UCI World Tour: 5 pretek\u00e1rok, ktor\u00e9 sa oplat\u00ed v roku 2020 sledova\u0165 - \u0160koda We Love Cycling Slovensko","isPartOf":{"@id":"https:\/\/www.welovecycling.com\/sk\/#website"},"primaryImageOfPage":{"@id":"https:\/\/www.welovecycling.com\/sk\/2020\/03\/02\/zenska-uci-world-tour-5-pretekarok-ktore-sa-oplati-v-roku-2020-sledovat\/#primaryimage"},"image":{"@id":"https:\/\/www.welovecycling.com\/sk\/2020\/03\/02\/zenska-uci-world-tour-5-pretekarok-ktore-sa-oplati-v-roku-2020-sledovat\/#primaryimage"},"thumbnailUrl":"https:\/\/d2p6e6u75xmxt8.cloudfront.net\/4\/2020\/02\/Women-Cycling-CVR-profimedia-0493306541.webp","datePublished":"2020-03-02T08:58:46+00:00","author":{"@id":""},"breadcrumb":{"@id":"https:\/\/www.welovecycling.com\/sk\/2020\/03\/02\/zenska-uci-world-tour-5-pretekarok-ktore-sa-oplati-v-roku-2020-sledovat\/#breadcrumb"},"inLanguage":"sk-SK","potentialAction":[{"@type":"ReadAction","target":["https:\/\/www.welovecycling.com\/sk\/2020\/03\/02\/zenska-uci-world-tour-5-pretekarok-ktore-sa-oplati-v-roku-2020-sledovat\/"]}]},{"@type":"ImageObject","inLanguage":"sk-SK","@id":"https:\/\/www.welovecycling.com\/sk\/2020\/03\/02\/zenska-uci-world-tour-5-pretekarok-ktore-sa-oplati-v-roku-2020-sledovat\/#primaryimage","url":"https:\/\/d2p6e6u75xmxt8.cloudfront.net\/4\/2020\/02\/Women-Cycling-CVR-profimedia-0493306541.webp","contentUrl":"https:\/\/d2p6e6u75xmxt8.cloudfront.net\/4\/2020\/02\/Women-Cycling-CVR-profimedia-0493306541.webp","width":1366,"height":600},{"@type":"BreadcrumbList","@id":"https:\/\/www.welovecycling.com\/sk\/2020\/03\/02\/zenska-uci-world-tour-5-pretekarok-ktore-sa-oplati-v-roku-2020-sledovat\/#breadcrumb","itemListElement":[{"@type":"ListItem","position":1,"name":"Home","item":"https:\/\/www.welovecycling.com\/sk\/"},{"@type":"ListItem","position":2,"name":"\u017densk\u00e1 UCI World Tour: 5 pretek\u00e1rok, ktor\u00e9 sa oplat\u00ed v roku 2020 sledova\u0165"}]},{"@type":"WebSite","@id":"https:\/\/www.welovecycling.com\/sk\/#website","url":"https:\/\/www.welovecycling.com\/sk\/","name":"\u0160koda We Love Cycling Slovensko","description":"\u0160koda We Love Cycling Slovensko je v\u00e1\u0161 ka\u017edodenn\u00fd zdroj noviniek a in\u0161pir\u00e1cie z sveta cyklistiky","potentialAction":[{"@type":"SearchAction","target":{"@type":"EntryPoint","urlTemplate":"https:\/\/www.welovecycling.com\/sk\/?s={search_term_string}"},"query-input":{"@type":"PropertyValueSpecification","valueRequired":true,"valueName":"search_term_string"}}],"inLanguage":"sk-SK"},{"@type":"Person","@id":"","url":"https:\/\/www.welovecycling.com\/sk\/author\/"}]}},"_links":{"self":[{"href":"https:\/\/www.welovecycling.com\/sk\/wp-json\/wp\/v2\/posts\/9356","targetHints":{"allow":["GET"]}}],"collection":[{"href":"https:\/\/www.welovecycling.com\/sk\/wp-json\/wp\/v2\/posts"}],"about":[{"href":"https:\/\/www.welovecycling.com\/sk\/wp-json\/wp\/v2\/types\/post"}],"author":[{"embeddable":true,"href":"https:\/\/www.welovecycling.com\/sk\/wp-json\/wp\/v2\/users\/81"}],"replies":[{"embeddable":true,"href":"https:\/\/www.welovecycling.com\/sk\/wp-json\/wp\/v2\/comments?post=9356"}],"version-history":[{"count":2,"href":"https:\/\/www.welovecycling.com\/sk\/wp-json\/wp\/v2\/posts\/9356\/revisions"}],"predecessor-version":[{"id":9372,"href":"https:\/\/www.welovecycling.com\/sk\/wp-json\/wp\/v2\/posts\/9356\/revisions\/9372"}],"wp:featuredmedia":[{"embeddable":true,"href":"https:\/\/www.welovecycling.com\/sk\/wp-json\/wp\/v2\/media\/9360"}],"wp:attachment":[{"href":"https:\/\/www.welovecycling.com\/sk\/wp-json\/wp\/v2\/media?parent=9356"}],"wp:term":[{"taxonomy":"category","embeddable":true,"href":"https:\/\/www.welovecycling.com\/sk\/wp-json\/wp\/v2\/categories?post=9356"},{"taxonomy":"post_tag","embeddable":true,"href":"https:\/\/www.welovecycling.com\/sk\/wp-json\/wp\/v2\/tags?post=9356"},{"taxonomy":"global-categories","embeddable":true,"href":"https:\/\/www.welovecycling.com\/sk\/wp-json\/wp\/v2\/global-categories?post=9356"}],"curies":[{"name":"wp","href":"https:\/\/api.w.org\/{rel}","templated":true}]}}