{"id":9343,"date":"2020-02-26T10:45:18","date_gmt":"2020-02-26T09:45:18","guid":{"rendered":"https:\/\/www.welovecycling.com\/sk\/?p=9343"},"modified":"2020-02-25T08:05:11","modified_gmt":"2020-02-25T07:05:11","slug":"ako-ebiky-pomahaju-bojovat-proti-rodovym-rozdielom-v-cyklistike","status":"publish","type":"post","link":"https:\/\/www.welovecycling.com\/sk\/2020\/02\/26\/ako-ebiky-pomahaju-bojovat-proti-rodovym-rozdielom-v-cyklistike\/","title":{"rendered":"Ako ebiky pom\u00e1haj\u00fa bojova\u0165 proti rodov\u00fdm rozdielom v cyklistike"},"content":{"rendered":"<p><strong>Hovorte si \u010di chcete o elektrobicykloch, ale ich popularita rastie a ned\u00e1vne \u0161t\u00fadie nazna\u010duj\u00fa, \u017ee pom\u00e1haj\u00fa bojova\u0165 proti jednej z najv\u00e4\u010d\u0161\u00edch v\u00fdziev, ktor\u00fdm cyklistick\u00e1 komunita v s\u00fa\u010dasnosti \u010del\u00ed. Ako sme u\u017e v minulosti spom\u00ednali, cyklistika m\u00e1 ve\u013ek\u00fd probl\u00e9m s rozmanitos\u0165ou. Ka\u017ed\u00e9mu n\u00e1hodn\u00e9mu pozorovate\u013eovi je zrejm\u00e9, \u017ee v cyklistickej komunite dominuj\u00fa najm\u00e4 mu\u017ei.<\/strong><!--more--><\/p>\n<p>To sa v\u0161ak pomaly za\u010d\u00edna meni\u0165 a zd\u00e1 sa, <strong>\u017ee elektrick\u00e9 bicykle v tom zohr\u00e1vaj\u00fa ve\u013ek\u00fa \u00falohu<\/strong>. Jedna \u0161t\u00fadia uskuto\u010dnen\u00e1 v Belgicku potvrdila, \u017ee \u017eeny v roku 2018 k\u00fapili tri \u0161tvrtiny v\u0161etk\u00fdch ebikov a \u017ee teraz tie n\u00e1kupy tvoria 45% celkov\u00e9ho trhu. Toto je skvel\u00e1 spr\u00e1va pre t\u00fdch, ktor\u00ed by radi ukon\u010dili probl\u00e9m rodov\u00fdch rozdielov v cyklistike. To znamen\u00e1, \u017ee \u0161port, ktor\u00fd v\u0161etci tak milujeme, <strong>bude teraz dostupn\u00fd celej skupine \u013eud\u00ed<\/strong>. Aj t\u00fdm, ktor\u00ed sa predt\u00fdm c\u00edtili by\u0165 mimo tejto komunity.<\/p>\n<p>Aby sme lep\u0161ie porozumeli tejto novej skupine, <strong>WeLoveCycling oslovilo nieko\u013eko \u017eien<\/strong>, ktor\u00fdm sa v\u010faka ebicyklom otvoril svet cyklistiky. D\u00fafame, \u017ee ich pr\u00edbehy a sk\u00fasenosti povzbudia ostatn\u00fdch bez oh\u013eadu na pohlavie, aby sa na tieto bicykle pozerali ako na alternat\u00edvu, alebo ako na doplnok k \u0161tandardn\u00fdm bicyklom.<\/p>\n<figure id=\"attachment_9344\" aria-describedby=\"caption-attachment-9344\" style=\"width: 1000px\" class=\"wp-caption alignnone\"><img loading=\"lazy\" decoding=\"async\" class=\"size-full wp-image-9344\" src=\"https:\/\/d2p6e6u75xmxt8.cloudfront.net\/4\/2020\/02\/E-Bike-profimedia-0412448154.jpg\" alt=\"\" width=\"1000\" height=\"563\" \/><figcaption id=\"caption-attachment-9344\" class=\"wp-caption-text\">\u00a9 Prostock \/ DPphoto \/ Profimedia<\/figcaption><\/figure>\n<p><em>&#8222;Vedela som, \u017ee nikdy nebudem schopn\u00e1 ako nov\u00e1\u010dik zvl\u00e1dnu\u0165 v\u00fdstupy.&#8220;<\/em><\/p>\n<p>Ve\u013ea \u013eudom ebicykle umo\u017e\u0148uj\u00fa zvl\u00e1dnu\u0165 jazdy, ktor\u00e9 predt\u00fdm pova\u017eovali za nedostupn\u00e9. Deborah Harkin z Derby v Anglicku, m\u00e1 v\u010faka ebicyklom <strong>mo\u017enos\u0165 pripoji\u0165 sa k man\u017eelovi na cest\u00e1ch a rozv\u00edja\u0165 svoju v\u00e1\u0161e\u0148 pre cyklistiku<\/strong>. Jej man\u017eel objavil cyklistiku u\u017e sk\u00f4r, ale jazdil s\u00e1m, a\u017e k\u00fdm nestretol cyklistov, ktor\u00ed jazdili na ebicykloch a rozpr\u00e1val o tomto z\u00e1\u017eitku svojej man\u017eelke. <em>&#8222;Ke\u010f mi o tom rozpr\u00e1val, bol to okamih, v ktorom ma osvietilo a za\u010dalo mi to v\u0155ta\u0165 v hlave.&#8220;<\/em> Deborah \u010doskoro dostala svoj vlastn\u00fd ebicykel a povedala n\u00e1m: <em>\u201eZmenilo to m\u00f4j \u017eivot. D\u00f4vod, pre\u010do som nedostala oby\u010dajn\u00fd bicykel bol ten, \u017ee m\u00f4j man\u017eel mal ve\u013ea rokov sk\u00fasenost\u00ed a vedel, \u017ee nebudem schopn\u00e1 s n\u00edm udr\u017ea\u0165 krok. Ned\u00e1vno sme sa vr\u00e1tili zo \u0160panielska, kde som zvl\u00e1dla svoje prv\u00e9 v\u00fdjazdy do pohoria Sierra Nevada. Bolo to pre m\u0148a ako zjavenie!\u201c<\/em><\/p>\n<p><em>&#8222;Budete prekvapen\u00ed, ak\u00fdm zdrav\u00fdm a siln\u00fdm sa stanete.&#8220; <\/em><\/p>\n<p>Niektor\u00ed, ktor\u00ed sa zauj\u00edmaj\u00fa o elektrick\u00e9 bicykle, s\u00fa odr\u00e1dzan\u00ed, preto\u017ee si myslia, \u017ee nedosiahnu dobr\u00e9 v\u00fdsledky a nenatr\u00e9nuj\u00fa to\u013eko ako na cestnom bicykli. Tracy S. za\u010dala na ebicykli, ale teraz jazd\u00ed oboje. Vysvetlila, \u017ee \u013eudia, ktor\u00ed si myslia, \u017ee je to podvod, na ebicykli nikdy nejazdili: <em>\u201eMysl\u00edm si, \u017ee jazdi\u0165 na \u0148om na rovn\u00fdch povrchoch je n\u00e1ro\u010dnej\u0161ie ako na cestnom bicykli. Bez oh\u013eadu na to, ak\u00fd re\u017eim zvol\u00edte, aj tak mus\u00edte st\u00e1le \u0161liapa\u0165 do ped\u00e1lov.\u201c<\/em><\/p>\n<figure id=\"attachment_8721\" aria-describedby=\"caption-attachment-8721\" style=\"width: 1250px\" class=\"wp-caption alignnone\"><img loading=\"lazy\" decoding=\"async\" class=\"size-full wp-image-8721\" src=\"https:\/\/d2p6e6u75xmxt8.cloudfront.net\/4\/2019\/11\/E-Bike-Senior-profimedia-0463020027.jpg\" alt=\"\" width=\"1250\" height=\"833\" \/><figcaption id=\"caption-attachment-8721\" class=\"wp-caption-text\">\u00a9 Profimedia, Alamy, Uwe Moser Moser \/ Alamy<\/figcaption><\/figure>\n<p><em>&#8222;Moja v\u00fdjazdy ved\u00fa cez lesn\u00e9 chodn\u00edky, v\u010faka \u010domu som sa znovu mohla spoji\u0165 s pr\u00edrodou.&#8220;<\/em><\/p>\n<p>Pre Katie Wykes z Melbourne n\u00e1kup ebicykla umo\u017enil doch\u00e1dza\u0165 do pr\u00e1ce v\u010das a \u00faplne zmenil jej \u017eivotn\u00fd \u0161t\u00fdl. <em>\u201eM\u00e1m nieko\u013eko chronick\u00fdch zdravotn\u00fdch probl\u00e9mov, ktor\u00e9 obmedzuj\u00fa be\u017en\u00e9 cvi\u010denie. Nieko\u013eko mesiacov pred t\u00fdm, ako som dostala svoj ebicykel, som vysk\u00fa\u0161ala 3 km dlh\u00fa jazdu na relat\u00edvne rovnom povrchu pomocou mestsk\u00e9ho bicykla a takmer som omdlela!\u201c<\/em> S priate\u013eom sme prem\u00fd\u0161\u013eali, ako sa dosta\u0165 do pr\u00e1ce a z pr\u00e1ce na\u010das, ale pritom sme si nechceli k\u00fapi\u0165 auto. Vysk\u00fa\u0161ali sme ebicykle a uvedomili si, \u017ee si ich mus\u00edme k\u00fapi\u0165. <em>\u201eBolo to vynikaj\u00face! Som ove\u013ea viac naklonen\u00e1 \u00eds\u0165 nielen na v\u00fdjazdy na bicykli, ale aj na turistick\u00e9 v\u00fdlety a kempovanie. To som predt\u00fdm, ako som sa dostala svoj ebicykel, len zva\u017eovala!\u201c<\/em><\/p>\n<p><em>&#8222;Schudla som takmer 14 kg a zlep\u0161ila som si kond\u00edciu. To je realita!&#8220;<\/em><\/p>\n<p>Pokia\u013e ide o Diane Pidgley, jazdenie na ebicykli jej umo\u017enilo znovu z\u00edska\u0165 silu po menopauze a <strong>v\u00fdrazne zlep\u0161i\u0165 zdravie a kond\u00edciu<\/strong>. <em>\u201ePredt\u00fdm, ako som dostala ebicykel, som \u010dasto trpela chronickou boles\u0165ou chrbta a bolestiv\u00fdm kolenom,\u201c<\/em> vysvetlila. Napriek tomu, \u017ee predt\u00fdm dlho necvi\u010dila, teraz pravidelne jazd\u00ed spolu so svoj\u00edm partnerom a tie\u017e schudla. V\u010faka bicyklu objavila nov\u00fa v\u00e1\u0161e\u0148. <em>\u201eEbicykle s\u00fa najlep\u0161ie! Je to ako by\u0165 diev\u010datkom, ktor\u00e9 sa u\u010d\u00ed jazdi\u0165 a niekto v\u00e1s nen\u00e1padne s rukou polo\u017eenou na chrbte tla\u010d\u00ed, aby v\u00e1m pomohol. Je \u0165a\u017ek\u00e9 presta\u0165 sa pri tom usmieva\u0165,\u201c<\/em> povedala n\u00e1m nad\u0161ene. <\/p>\n<p><img loading=\"lazy\" decoding=\"async\" class=\"alignnone size-full wp-image-9345\" src=\"https:\/\/d2p6e6u75xmxt8.cloudfront.net\/4\/2020\/02\/Deborah-S.jpg\" alt=\"\" width=\"1158\" height=\"869\" \/><\/p>\n<p><em>&#8222;V\u0161etci sme na dvoch koles\u00e1ch, v\u0161etci mus\u00edme \u0161liapa\u0165.&#8220;<\/em><\/p>\n<p>A pokia\u013e ide o n\u00e1zory tradicionalistov, ktor\u00ed nepova\u017euj\u00fa jazdu na elektrickom bicykli za \u201eskuto\u010dn\u00e9 bicyklovanie\u201c, Deborah sa nenech\u00e1 znechuti\u0165. <em>\u201eNikdy nezmen\u00edte predsudky v\u0161etk\u00fdch a niektor\u00ed \u013eudia si radi myslia, \u017ee s\u00fa elita. Ale som si ist\u00e1, \u017ee ak sa nad t\u00fdm poriadne zamyslia, dospej\u00fa k z\u00e1veru, \u017ee pre niekoho je lep\u0161ie jazdi\u0165 na ebicykli ako nejazdi\u0165 v\u00f4bec.\u201c<\/em> My nem\u00f4\u017eeme nes\u00fahlasi\u0165.<\/p>\n<div class=\"shortcode-ys-post-pinup\"><article class=\"loop-simple post-8720 post type-post status-publish format-standard has-post-thumbnail hentry category-e-bike tag-cesta tag-cyklochodnik tag-ebike tag-elektobicykel tag-fenomem tag-infrastruktura tag-mesto tag-motivacia tag-zabava tag-zdravie tag-zdravy-zivotny-styl\" data-postid=\"8720\" role=\"article\" data-post-id=\"8720\" data-word-count=\"490\" data-headline-length=\"55\" data-category=\"E-bike\" data-author=\"Ji\u0159\u00ed Kalo\u010d\" data-published=\"2019-11-15T12:44:55+01:00\" data-published-day=\"Friday\">\n    <div class=\"entry-thumbnail article-thumbnail\" content=\"https:\/\/d2p6e6u75xmxt8.cloudfront.net\/4\/2019\/11\/E-Bike-Trailer-profimedia-0469804335-150x150.webp\"><a href=\"https:\/\/www.welovecycling.com\/sk\/2019\/11\/15\/4-dovody-preco-by-ste-mali-mat-radi-elektrobicykle\/\" class=\"image-holder\" target=\"_self\"><img decoding=\"async\" loading=\"lazy\" class=\"\" src=\"https:\/\/d2p6e6u75xmxt8.cloudfront.net\/4\/2019\/11\/E-Bike-Trailer-profimedia-0469804335-1024x450.webp\" srcset=\"https:\/\/d2p6e6u75xmxt8.cloudfront.net\/4\/2019\/11\/E-Bike-Trailer-profimedia-0469804335.webp 1366w, https:\/\/d2p6e6u75xmxt8.cloudfront.net\/4\/2019\/11\/E-Bike-Trailer-profimedia-0469804335-300x132.webp 300w, https:\/\/d2p6e6u75xmxt8.cloudfront.net\/4\/2019\/11\/E-Bike-Trailer-profimedia-0469804335-1024x450.webp 1024w, https:\/\/d2p6e6u75xmxt8.cloudfront.net\/4\/2019\/11\/E-Bike-Trailer-profimedia-0469804335-768x337.webp 768w\" width=\"1024\" height=\"450\" sizes=\"auto, (min-width: 1200px) 456px, (min-width: 768px) 38vw, 100vw\" alt=\"4-dovody-preco-by-ste-mali-mat-radi-elektrobicykle\"\/><\/a><\/div>    <div class=\"entry-meta\">\n        <a class=\"label label-secondary post-category\" href=\"https:\/\/www.welovecycling.com\/sk\/category\/e-bike\/\" title=\"E-bike\">E-bike<\/a>\n    <\/div>\n    <div class=\"entry-details\">\n        <a href=\"https:\/\/www.welovecycling.com\/sk\/2019\/11\/15\/4-dovody-preco-by-ste-mali-mat-radi-elektrobicykle\/\" class='entry-title-wrapper'>\n            <h3 class=\"entry-title\"><span>4 d\u00f4vody, pre\u010do by ste mohli ma\u0165 radi elektrobicykle<\/span><\/h3>\n        <\/a>\n    <\/div>\n    <\/article>\n<\/div>\n<p>Ak sa zauj\u00edmate o ebicykle, pre\u010d\u00edtajte si niektor\u00e9 z na\u0161ich \u010fal\u0161\u00edch \u010dl\u00e1nkov alebo nav\u0161t\u00edvte miestnu predaj\u0148u a po\u017eiadajte o sk\u00fa\u0161obn\u00fa jazdu. D\u00fafame, \u017ee tieto bicykle bud\u00fa aj <strong>na\u010falej motivova\u0165 \u010doraz rozmanitej\u0161iu skupinu potenci\u00e1lnych cyklistov<\/strong>, aby vysk\u00fa\u0161ali nie\u010do nov\u00e9!<\/p>\n","protected":false},"excerpt":{"rendered":"<p>Hovorte si \u010di chcete o elektrobicykloch, ale ich popularita rastie a ned\u00e1vne \u0161t\u00fadie nazna\u010duj\u00fa, \u017ee pom\u00e1haj\u00fa bojova\u0165 proti jednej z [&hellip;]<\/p>\n","protected":false},"author":81,"featured_media":9347,"comment_status":"open","ping_status":"open","sticky":false,"template":"","format":"standard","meta":{"footnotes":""},"categories":[774],"tags":[619,115,394,448,1202,261,691,180,55,901,508,161,623,659,475,594,848],"global-categories":[],"class_list":["post-9343","post","type-post","status-publish","format-standard","has-post-thumbnail","hentry","category-e-bike","tag-bicyklovanie","tag-cestna-cyklistika","tag-cestovanie-s-bicyklom","tag-cyklotrasy","tag-dobrodruzstvo","tag-ebike","tag-elektrobicykel","tag-horska-cyklistika","tag-trening","tag-turistika","tag-vylet","tag-zdravie","tag-zdravy-zivotny-styl","tag-zenska-cyklistika","tag-zeny","tag-zivot","tag-zivotny-styl"],"yoast_head":"<!-- This site is optimized with the Yoast SEO Premium plugin v25.3 (Yoast SEO v25.9) - https:\/\/yoast.com\/wordpress\/plugins\/seo\/ -->\n<title>Ako ebiky pom\u00e1haj\u00fa bojova\u0165 proti rodov\u00fdm rozdielom v cyklistike - \u0160koda We Love Cycling Slovensko<\/title>\n<meta name=\"robots\" content=\"index, follow, max-snippet:-1, max-image-preview:large, max-video-preview:-1\" \/>\n<link rel=\"canonical\" href=\"https:\/\/www.welovecycling.com\/sk\/2020\/02\/26\/ako-ebiky-pomahaju-bojovat-proti-rodovym-rozdielom-v-cyklistike\/\" \/>\n<meta property=\"og:locale\" content=\"sk_SK\" \/>\n<meta property=\"og:type\" content=\"article\" \/>\n<meta property=\"og:title\" content=\"Ako ebiky pom\u00e1haj\u00fa bojova\u0165 proti rodov\u00fdm rozdielom v cyklistike\" \/>\n<meta property=\"og:description\" content=\"Hovorte si \u010di chcete o elektrobicykloch, ale ich popularita rastie a ned\u00e1vne \u0161t\u00fadie nazna\u010duj\u00fa, \u017ee pom\u00e1haj\u00fa bojova\u0165 proti jednej z [&hellip;]\" \/>\n<meta property=\"og:url\" content=\"https:\/\/www.welovecycling.com\/sk\/2020\/02\/26\/ako-ebiky-pomahaju-bojovat-proti-rodovym-rozdielom-v-cyklistike\/\" \/>\n<meta property=\"og:site_name\" content=\"\u0160koda We Love Cycling Slovensko\" \/>\n<meta property=\"article:published_time\" content=\"2020-02-26T09:45:18+00:00\" \/>\n<meta property=\"og:image\" content=\"https:\/\/d2p6e6u75xmxt8.cloudfront.net\/4\/2020\/02\/e-bike-CVR-profimedia-0425820118.webp\" \/>\n\t<meta property=\"og:image:width\" content=\"1366\" \/>\n\t<meta property=\"og:image:height\" content=\"600\" \/>\n\t<meta property=\"og:image:type\" content=\"image\/webp\" \/>\n<meta name=\"twitter:card\" content=\"summary_large_image\" \/>\n<meta name=\"twitter:label1\" content=\"Written by\" \/>\n\t<meta name=\"twitter:data1\" content=\"Ji\u0159\u00ed Kalo\u010d\" \/>\n\t<meta name=\"twitter:label2\" content=\"Est. reading time\" \/>\n\t<meta name=\"twitter:data2\" content=\"5\" \/>\n<script type=\"application\/ld+json\" class=\"yoast-schema-graph\">{\"@context\":\"https:\/\/schema.org\",\"@graph\":[{\"@type\":\"WebPage\",\"@id\":\"https:\/\/www.welovecycling.com\/sk\/2020\/02\/26\/ako-ebiky-pomahaju-bojovat-proti-rodovym-rozdielom-v-cyklistike\/\",\"url\":\"https:\/\/www.welovecycling.com\/sk\/2020\/02\/26\/ako-ebiky-pomahaju-bojovat-proti-rodovym-rozdielom-v-cyklistike\/\",\"name\":\"Ako ebiky pom\u00e1haj\u00fa bojova\u0165 proti rodov\u00fdm rozdielom v cyklistike - \u0160koda We Love Cycling Slovensko\",\"isPartOf\":{\"@id\":\"https:\/\/www.welovecycling.com\/sk\/#website\"},\"primaryImageOfPage\":{\"@id\":\"https:\/\/www.welovecycling.com\/sk\/2020\/02\/26\/ako-ebiky-pomahaju-bojovat-proti-rodovym-rozdielom-v-cyklistike\/#primaryimage\"},\"image\":{\"@id\":\"https:\/\/www.welovecycling.com\/sk\/2020\/02\/26\/ako-ebiky-pomahaju-bojovat-proti-rodovym-rozdielom-v-cyklistike\/#primaryimage\"},\"thumbnailUrl\":\"https:\/\/d2p6e6u75xmxt8.cloudfront.net\/4\/2020\/02\/e-bike-CVR-profimedia-0425820118.webp\",\"datePublished\":\"2020-02-26T09:45:18+00:00\",\"author\":{\"@id\":\"\"},\"breadcrumb\":{\"@id\":\"https:\/\/www.welovecycling.com\/sk\/2020\/02\/26\/ako-ebiky-pomahaju-bojovat-proti-rodovym-rozdielom-v-cyklistike\/#breadcrumb\"},\"inLanguage\":\"sk-SK\",\"potentialAction\":[{\"@type\":\"ReadAction\",\"target\":[\"https:\/\/www.welovecycling.com\/sk\/2020\/02\/26\/ako-ebiky-pomahaju-bojovat-proti-rodovym-rozdielom-v-cyklistike\/\"]}]},{\"@type\":\"ImageObject\",\"inLanguage\":\"sk-SK\",\"@id\":\"https:\/\/www.welovecycling.com\/sk\/2020\/02\/26\/ako-ebiky-pomahaju-bojovat-proti-rodovym-rozdielom-v-cyklistike\/#primaryimage\",\"url\":\"https:\/\/d2p6e6u75xmxt8.cloudfront.net\/4\/2020\/02\/e-bike-CVR-profimedia-0425820118.webp\",\"contentUrl\":\"https:\/\/d2p6e6u75xmxt8.cloudfront.net\/4\/2020\/02\/e-bike-CVR-profimedia-0425820118.webp\",\"width\":1366,\"height\":600},{\"@type\":\"BreadcrumbList\",\"@id\":\"https:\/\/www.welovecycling.com\/sk\/2020\/02\/26\/ako-ebiky-pomahaju-bojovat-proti-rodovym-rozdielom-v-cyklistike\/#breadcrumb\",\"itemListElement\":[{\"@type\":\"ListItem\",\"position\":1,\"name\":\"Home\",\"item\":\"https:\/\/www.welovecycling.com\/sk\/\"},{\"@type\":\"ListItem\",\"position\":2,\"name\":\"Ako ebiky pom\u00e1haj\u00fa bojova\u0165 proti rodov\u00fdm rozdielom v cyklistike\"}]},{\"@type\":\"WebSite\",\"@id\":\"https:\/\/www.welovecycling.com\/sk\/#website\",\"url\":\"https:\/\/www.welovecycling.com\/sk\/\",\"name\":\"\u0160koda We Love Cycling Slovensko\",\"description\":\"\u0160koda We Love Cycling Slovensko je v\u00e1\u0161 ka\u017edodenn\u00fd zdroj noviniek a in\u0161pir\u00e1cie z sveta cyklistiky\",\"potentialAction\":[{\"@type\":\"SearchAction\",\"target\":{\"@type\":\"EntryPoint\",\"urlTemplate\":\"https:\/\/www.welovecycling.com\/sk\/?s={search_term_string}\"},\"query-input\":{\"@type\":\"PropertyValueSpecification\",\"valueRequired\":true,\"valueName\":\"search_term_string\"}}],\"inLanguage\":\"sk-SK\"},{\"@type\":\"Person\",\"@id\":\"\",\"url\":\"https:\/\/www.welovecycling.com\/sk\/author\/\"}]}<\/script>\n<!-- \/ Yoast SEO Premium plugin. -->","yoast_head_json":{"title":"Ako ebiky pom\u00e1haj\u00fa bojova\u0165 proti rodov\u00fdm rozdielom v cyklistike - \u0160koda We Love Cycling Slovensko","robots":{"index":"index","follow":"follow","max-snippet":"max-snippet:-1","max-image-preview":"max-image-preview:large","max-video-preview":"max-video-preview:-1"},"canonical":"https:\/\/www.welovecycling.com\/sk\/2020\/02\/26\/ako-ebiky-pomahaju-bojovat-proti-rodovym-rozdielom-v-cyklistike\/","og_locale":"sk_SK","og_type":"article","og_title":"Ako ebiky pom\u00e1haj\u00fa bojova\u0165 proti rodov\u00fdm rozdielom v cyklistike","og_description":"Hovorte si \u010di chcete o elektrobicykloch, ale ich popularita rastie a ned\u00e1vne \u0161t\u00fadie nazna\u010duj\u00fa, \u017ee pom\u00e1haj\u00fa bojova\u0165 proti jednej z [&hellip;]","og_url":"https:\/\/www.welovecycling.com\/sk\/2020\/02\/26\/ako-ebiky-pomahaju-bojovat-proti-rodovym-rozdielom-v-cyklistike\/","og_site_name":"\u0160koda We Love Cycling Slovensko","article_published_time":"2020-02-26T09:45:18+00:00","og_image":[{"width":1366,"height":600,"url":"https:\/\/d2p6e6u75xmxt8.cloudfront.net\/4\/2020\/02\/e-bike-CVR-profimedia-0425820118.webp","type":"image\/webp"}],"twitter_card":"summary_large_image","twitter_misc":{"Written by":"Ji\u0159\u00ed Kalo\u010d","Est. reading time":"5"},"schema":{"@context":"https:\/\/schema.org","@graph":[{"@type":"WebPage","@id":"https:\/\/www.welovecycling.com\/sk\/2020\/02\/26\/ako-ebiky-pomahaju-bojovat-proti-rodovym-rozdielom-v-cyklistike\/","url":"https:\/\/www.welovecycling.com\/sk\/2020\/02\/26\/ako-ebiky-pomahaju-bojovat-proti-rodovym-rozdielom-v-cyklistike\/","name":"Ako ebiky pom\u00e1haj\u00fa bojova\u0165 proti rodov\u00fdm rozdielom v cyklistike - \u0160koda We Love Cycling Slovensko","isPartOf":{"@id":"https:\/\/www.welovecycling.com\/sk\/#website"},"primaryImageOfPage":{"@id":"https:\/\/www.welovecycling.com\/sk\/2020\/02\/26\/ako-ebiky-pomahaju-bojovat-proti-rodovym-rozdielom-v-cyklistike\/#primaryimage"},"image":{"@id":"https:\/\/www.welovecycling.com\/sk\/2020\/02\/26\/ako-ebiky-pomahaju-bojovat-proti-rodovym-rozdielom-v-cyklistike\/#primaryimage"},"thumbnailUrl":"https:\/\/d2p6e6u75xmxt8.cloudfront.net\/4\/2020\/02\/e-bike-CVR-profimedia-0425820118.webp","datePublished":"2020-02-26T09:45:18+00:00","author":{"@id":""},"breadcrumb":{"@id":"https:\/\/www.welovecycling.com\/sk\/2020\/02\/26\/ako-ebiky-pomahaju-bojovat-proti-rodovym-rozdielom-v-cyklistike\/#breadcrumb"},"inLanguage":"sk-SK","potentialAction":[{"@type":"ReadAction","target":["https:\/\/www.welovecycling.com\/sk\/2020\/02\/26\/ako-ebiky-pomahaju-bojovat-proti-rodovym-rozdielom-v-cyklistike\/"]}]},{"@type":"ImageObject","inLanguage":"sk-SK","@id":"https:\/\/www.welovecycling.com\/sk\/2020\/02\/26\/ako-ebiky-pomahaju-bojovat-proti-rodovym-rozdielom-v-cyklistike\/#primaryimage","url":"https:\/\/d2p6e6u75xmxt8.cloudfront.net\/4\/2020\/02\/e-bike-CVR-profimedia-0425820118.webp","contentUrl":"https:\/\/d2p6e6u75xmxt8.cloudfront.net\/4\/2020\/02\/e-bike-CVR-profimedia-0425820118.webp","width":1366,"height":600},{"@type":"BreadcrumbList","@id":"https:\/\/www.welovecycling.com\/sk\/2020\/02\/26\/ako-ebiky-pomahaju-bojovat-proti-rodovym-rozdielom-v-cyklistike\/#breadcrumb","itemListElement":[{"@type":"ListItem","position":1,"name":"Home","item":"https:\/\/www.welovecycling.com\/sk\/"},{"@type":"ListItem","position":2,"name":"Ako ebiky pom\u00e1haj\u00fa bojova\u0165 proti rodov\u00fdm rozdielom v cyklistike"}]},{"@type":"WebSite","@id":"https:\/\/www.welovecycling.com\/sk\/#website","url":"https:\/\/www.welovecycling.com\/sk\/","name":"\u0160koda We Love Cycling Slovensko","description":"\u0160koda We Love Cycling Slovensko je v\u00e1\u0161 ka\u017edodenn\u00fd zdroj noviniek a in\u0161pir\u00e1cie z sveta cyklistiky","potentialAction":[{"@type":"SearchAction","target":{"@type":"EntryPoint","urlTemplate":"https:\/\/www.welovecycling.com\/sk\/?s={search_term_string}"},"query-input":{"@type":"PropertyValueSpecification","valueRequired":true,"valueName":"search_term_string"}}],"inLanguage":"sk-SK"},{"@type":"Person","@id":"","url":"https:\/\/www.welovecycling.com\/sk\/author\/"}]}},"_links":{"self":[{"href":"https:\/\/www.welovecycling.com\/sk\/wp-json\/wp\/v2\/posts\/9343","targetHints":{"allow":["GET"]}}],"collection":[{"href":"https:\/\/www.welovecycling.com\/sk\/wp-json\/wp\/v2\/posts"}],"about":[{"href":"https:\/\/www.welovecycling.com\/sk\/wp-json\/wp\/v2\/types\/post"}],"author":[{"embeddable":true,"href":"https:\/\/www.welovecycling.com\/sk\/wp-json\/wp\/v2\/users\/81"}],"replies":[{"embeddable":true,"href":"https:\/\/www.welovecycling.com\/sk\/wp-json\/wp\/v2\/comments?post=9343"}],"version-history":[{"count":2,"href":"https:\/\/www.welovecycling.com\/sk\/wp-json\/wp\/v2\/posts\/9343\/revisions"}],"predecessor-version":[{"id":9353,"href":"https:\/\/www.welovecycling.com\/sk\/wp-json\/wp\/v2\/posts\/9343\/revisions\/9353"}],"wp:featuredmedia":[{"embeddable":true,"href":"https:\/\/www.welovecycling.com\/sk\/wp-json\/wp\/v2\/media\/9347"}],"wp:attachment":[{"href":"https:\/\/www.welovecycling.com\/sk\/wp-json\/wp\/v2\/media?parent=9343"}],"wp:term":[{"taxonomy":"category","embeddable":true,"href":"https:\/\/www.welovecycling.com\/sk\/wp-json\/wp\/v2\/categories?post=9343"},{"taxonomy":"post_tag","embeddable":true,"href":"https:\/\/www.welovecycling.com\/sk\/wp-json\/wp\/v2\/tags?post=9343"},{"taxonomy":"global-categories","embeddable":true,"href":"https:\/\/www.welovecycling.com\/sk\/wp-json\/wp\/v2\/global-categories?post=9343"}],"curies":[{"name":"wp","href":"https:\/\/api.w.org\/{rel}","templated":true}]}}